{"id":12031,"date":"2021-06-25T09:30:15","date_gmt":"2021-06-25T07:30:15","guid":{"rendered":"https:\/\/www.asajacyl.com\/salamanca\/?p=12031"},"modified":"2021-06-25T09:30:16","modified_gmt":"2021-06-25T07:30:16","slug":"la-directora-general-de-desarrollo-rural-subraya-la-relevancia-del-sector-agroalimentario-en-el-desarrollo-economico-y-la-generacion-de-empleo-en-el-medio-rural","status":"publish","type":"post","link":"https:\/\/www.asajacyl.com\/salamanca\/asaja-salamanca-informa\/la-directora-general-de-desarrollo-rural-subraya-la-relevancia-del-sector-agroalimentario-en-el-desarrollo-economico-y-la-generacion-de-empleo-en-el-medio-rural","title":{"rendered":"La directora general de Desarrollo Rural subraya la relevancia del sector agroalimentario en el desarrollo econ\u00f3mico y la generaci\u00f3n de empleo en el medio rural"},"content":{"rendered":"\n<p>La directora general de Desarrollo Rural<em>,<\/em>\u00a0Innovaci\u00f3n y Formaci\u00f3n Agroalimentaria, Isabel Bombal, clausur\u00f3, el 22 de junio, la jornada sobre los retos del sector agroalimentario, en el marco del ciclo de conferencias sobre la Europa verde y digital, que organiz\u00f3 Unidad Editorial con motivo del 25\u00ba aniversario de la edici\u00f3n en l\u00ednea del diario \u201cEl Mundo\u201d.<\/p>\n\n\n\n<p>En su intervenci\u00f3n, Isabel Bombal ha resaltado la relevancia del sector agroalimentario y de toda su cadena de valor en la articulaci\u00f3n de la econom\u00eda y la generaci\u00f3n de empleo en los territorios rurales, con lo que contribuye de manera significativa a la cohesi\u00f3n social y territorial de nuestro pa\u00eds. Se trata de un sector, ha a\u00f1adido, que representa alrededor de un 11 % del PIB nacional y tiene una fuerte vocaci\u00f3n exportadora, adem\u00e1s de proporcionar seguridad alimentaria a la poblaci\u00f3n.<\/p>\n\n\n\n<p>La directora general ha repasado las distintas iniciativas internacionales y europeas que apuestan por la producci\u00f3n sostenible de alimentos y la gesti\u00f3n eficiente de los recursos naturales, principalmente agua y suelo. Entre ellas, ha destacado la Agenda 2030 de Objetivos de Desarrollo Sostenible de Naciones Unidas y la pr\u00f3xima cumbre sobre sistemas alimentarios sostenibles, que se celebrar\u00e1 el mes de septiembre, y cuyo primer di\u00e1logo nacional estuvo organizado por el Ministerio de Agricultura, Pesca y Alimentaci\u00f3n, este mes de junio.<\/p>\n\n\n\n<p>En este contexto, tambi\u00e9n ha citado el nuevo pacto verde de la Uni\u00f3n Europea y la estrategia \u201cDe la granja a la mesa\u201d, presentada por la Comisi\u00f3n Europea, que persigue alcanzar en el a\u00f1o 2030 un sistema alimentario justo, saludable, sostenible y respetuoso con el medio ambiente y la transici\u00f3n clim\u00e1tica.<\/p>\n\n\n\n<p>Entre las herramientas e instrumentos necesarios para facilitar esta transici\u00f3n del sector agroalimentario hacia modelos de producci\u00f3n m\u00e1s sostenibles, eficientes e innovadores, que garanticen a la vez la rentabilidad de las explotaciones, Bombal ha mencionado el futuro Plan estrat\u00e9gico nacional de la PAC, donde el componente medioambiental y clim\u00e1tico se ver\u00e1 reforzado. Tambi\u00e9n ha se\u00f1alado que el Plan de Recuperaci\u00f3n, Transformaci\u00f3n y Resiliencia incluye un componente espec\u00edfico para apoyar la transformaci\u00f3n ambiental y digital del sector agroalimentario y pesquero.<\/p>\n\n\n\n<p>La directora general ha indicado que el progreso t\u00e9cnico, la innovaci\u00f3n y la digitalizaci\u00f3n juegan un papel fundamental en el proceso de sostenibilidad del sector agroalimentario, desatacando la necesidad de que todos los productores, especialmente los peque\u00f1os agricultores y las explotaciones familiares, tengan acceso a estos avances.<\/p>\n","protected":false},"excerpt":{"rendered":"<p>La directora general de Desarrollo Rural,\u00a0Innovaci\u00f3n y Formaci\u00f3n Agroalimentaria, Isabel Bombal, clausur\u00f3, el 22 de junio, la jornada sobre los retos del sector agroalimentario, en el marco del ciclo de conferencias sobre la Europa verde y digital, que organiz\u00f3 Unidad Editorial con motivo del 25\u00ba aniversario de la edici\u00f3n en l\u00ednea del diario \u201cEl Mundo\u201d. [&hellip;]<\/p>\n","protected":false},"author":10,"featured_media":12032,"comment_status":"open","ping_status":"open","sticky":false,"template":"","format":"standard","meta":{"footnotes":""},"categories":[10,510],"tags":[],"yoast_head":"<!-- This site is optimized with the Yoast SEO plugin v24.5 - https:\/\/yoast.com\/wordpress\/plugins\/seo\/ -->\n<title>La directora general de Desarrollo Rural subraya la relevancia del sector agroalimentario en el desarrollo econ\u00f3mico y la generaci\u00f3n de empleo en el medio rural - ASAJA Salamanca<\/title>\n<meta name=\"description\" content=\"La directora general de Desarrollo Rural,\u00a0Innovaci\u00f3n y Formaci\u00f3n Agroalimentaria, Isabel Bombal, clausur\u00f3, el 22 de junio, la jornada sobre los retos del\" \/>\n<meta name=\"robots\" content=\"index, follow, max-snippet:-1, max-image-preview:large, max-video-preview:-1\" \/>\n<link rel=\"canonical\" href=\"https:\/\/www.asajacyl.com\/salamanca\/asaja-salamanca-informa\/la-directora-general-de-desarrollo-rural-subraya-la-relevancia-del-sector-agroalimentario-en-el-desarrollo-economico-y-la-generacion-de-empleo-en-el-medio-rural\" \/>\n<meta property=\"og:locale\" content=\"es_ES\" \/>\n<meta property=\"og:type\" content=\"article\" \/>\n<meta property=\"og:title\" content=\"La directora general de Desarrollo Rural subraya la relevancia del sector agroalimentario en el desarrollo econ\u00f3mico y la generaci\u00f3n de empleo en el medio rural - ASAJA Salamanca\" \/>\n<meta property=\"og:description\" content=\"La directora general de Desarrollo Rural,\u00a0Innovaci\u00f3n y Formaci\u00f3n Agroalimentaria, Isabel Bombal, clausur\u00f3, el 22 de junio, la jornada sobre los retos del\" \/>\n<meta property=\"og:url\" content=\"https:\/\/www.asajacyl.com\/salamanca\/asaja-salamanca-informa\/la-directora-general-de-desarrollo-rural-subraya-la-relevancia-del-sector-agroalimentario-en-el-desarrollo-economico-y-la-generacion-de-empleo-en-el-medio-rural\" \/>\n<meta property=\"og:site_name\" content=\"ASAJA Salamanca\" \/>\n<meta property=\"article:published_time\" content=\"2021-06-25T07:30:15+00:00\" \/>\n<meta property=\"article:modified_time\" content=\"2021-06-25T07:30:16+00:00\" \/>\n<meta property=\"og:image\" content=\"https:\/\/www.asajacyl.com\/salamanca\/wp-content\/uploads\/sites\/7\/2021\/06\/isabelbombal3_tcm30-563923.jpg\" \/>\n\t<meta property=\"og:image:width\" content=\"2500\" \/>\n\t<meta property=\"og:image:height\" content=\"1664\" \/>\n\t<meta property=\"og:image:type\" content=\"image\/jpeg\" \/>\n<meta name=\"author\" content=\"Sonia\" \/>\n<meta name=\"twitter:card\" content=\"summary_large_image\" \/>\n<meta name=\"twitter:label1\" content=\"Escrito por\" \/>\n\t<meta name=\"twitter:data1\" content=\"Sonia\" \/>\n\t<meta name=\"twitter:label2\" content=\"Tiempo de lectura\" \/>\n\t<meta name=\"twitter:data2\" content=\"2 minutos\" \/>\n<script type=\"application\/ld+json\" class=\"yoast-schema-graph\">{\"@context\":\"https:\/\/schema.org\",\"@graph\":[{\"@type\":\"WebPage\",\"@id\":\"https:\/\/www.asajacyl.com\/salamanca\/asaja-salamanca-informa\/la-directora-general-de-desarrollo-rural-subraya-la-relevancia-del-sector-agroalimentario-en-el-desarrollo-economico-y-la-generacion-de-empleo-en-el-medio-rural\",\"url\":\"https:\/\/www.asajacyl.com\/salamanca\/asaja-salamanca-informa\/la-directora-general-de-desarrollo-rural-subraya-la-relevancia-del-sector-agroalimentario-en-el-desarrollo-economico-y-la-generacion-de-empleo-en-el-medio-rural\",\"name\":\"La directora general de Desarrollo Rural subraya la relevancia del sector agroalimentario en el desarrollo econ\u00f3mico y la generaci\u00f3n de empleo en el medio rural - ASAJA Salamanca\",\"isPartOf\":{\"@id\":\"https:\/\/www.asajacyl.com\/salamanca\/#website\"},\"primaryImageOfPage\":{\"@id\":\"https:\/\/www.asajacyl.com\/salamanca\/asaja-salamanca-informa\/la-directora-general-de-desarrollo-rural-subraya-la-relevancia-del-sector-agroalimentario-en-el-desarrollo-economico-y-la-generacion-de-empleo-en-el-medio-rural#primaryimage\"},\"image\":{\"@id\":\"https:\/\/www.asajacyl.com\/salamanca\/asaja-salamanca-informa\/la-directora-general-de-desarrollo-rural-subraya-la-relevancia-del-sector-agroalimentario-en-el-desarrollo-economico-y-la-generacion-de-empleo-en-el-medio-rural#primaryimage\"},\"thumbnailUrl\":\"https:\/\/www.asajacyl.com\/salamanca\/wp-content\/uploads\/sites\/7\/2021\/06\/isabelbombal3_tcm30-563923.jpg\",\"datePublished\":\"2021-06-25T07:30:15+00:00\",\"dateModified\":\"2021-06-25T07:30:16+00:00\",\"author\":{\"@id\":\"https:\/\/www.asajacyl.com\/salamanca\/#\/schema\/person\/2bfc7da09988e1087e6291fafe99b67f\"},\"description\":\"La directora general de Desarrollo Rural,\u00a0Innovaci\u00f3n y Formaci\u00f3n Agroalimentaria, Isabel Bombal, clausur\u00f3, el 22 de junio, la jornada sobre los retos del\",\"breadcrumb\":{\"@id\":\"https:\/\/www.asajacyl.com\/salamanca\/asaja-salamanca-informa\/la-directora-general-de-desarrollo-rural-subraya-la-relevancia-del-sector-agroalimentario-en-el-desarrollo-economico-y-la-generacion-de-empleo-en-el-medio-rural#breadcrumb\"},\"inLanguage\":\"es\",\"potentialAction\":[{\"@type\":\"ReadAction\",\"target\":[\"https:\/\/www.asajacyl.com\/salamanca\/asaja-salamanca-informa\/la-directora-general-de-desarrollo-rural-subraya-la-relevancia-del-sector-agroalimentario-en-el-desarrollo-economico-y-la-generacion-de-empleo-en-el-medio-rural\"]}]},{\"@type\":\"ImageObject\",\"inLanguage\":\"es\",\"@id\":\"https:\/\/www.asajacyl.com\/salamanca\/asaja-salamanca-informa\/la-directora-general-de-desarrollo-rural-subraya-la-relevancia-del-sector-agroalimentario-en-el-desarrollo-economico-y-la-generacion-de-empleo-en-el-medio-rural#primaryimage\",\"url\":\"https:\/\/www.asajacyl.com\/salamanca\/wp-content\/uploads\/sites\/7\/2021\/06\/isabelbombal3_tcm30-563923.jpg\",\"contentUrl\":\"https:\/\/www.asajacyl.com\/salamanca\/wp-content\/uploads\/sites\/7\/2021\/06\/isabelbombal3_tcm30-563923.jpg\",\"width\":2500,\"height\":1664},{\"@type\":\"BreadcrumbList\",\"@id\":\"https:\/\/www.asajacyl.com\/salamanca\/asaja-salamanca-informa\/la-directora-general-de-desarrollo-rural-subraya-la-relevancia-del-sector-agroalimentario-en-el-desarrollo-economico-y-la-generacion-de-empleo-en-el-medio-rural#breadcrumb\",\"itemListElement\":[{\"@type\":\"ListItem\",\"position\":1,\"name\":\"Portada\",\"item\":\"https:\/\/www.asajacyl.com\/salamanca\/\"},{\"@type\":\"ListItem\",\"position\":2,\"name\":\"La directora general de Desarrollo Rural subraya la relevancia del sector agroalimentario en el desarrollo econ\u00f3mico y la generaci\u00f3n de empleo en el medio rural\"}]},{\"@type\":\"WebSite\",\"@id\":\"https:\/\/www.asajacyl.com\/salamanca\/#website\",\"url\":\"https:\/\/www.asajacyl.com\/salamanca\/\",\"name\":\"ASAJA Salamanca\",\"description\":\"Otro sitio m\u00e1s de Provincias ASAJA Castilla y Le\u00f3n\",\"potentialAction\":[{\"@type\":\"SearchAction\",\"target\":{\"@type\":\"EntryPoint\",\"urlTemplate\":\"https:\/\/www.asajacyl.com\/salamanca\/?s={search_term_string}\"},\"query-input\":{\"@type\":\"PropertyValueSpecification\",\"valueRequired\":true,\"valueName\":\"search_term_string\"}}],\"inLanguage\":\"es\"},{\"@type\":\"Person\",\"@id\":\"https:\/\/www.asajacyl.com\/salamanca\/#\/schema\/person\/2bfc7da09988e1087e6291fafe99b67f\",\"name\":\"Sonia\",\"image\":{\"@type\":\"ImageObject\",\"inLanguage\":\"es\",\"@id\":\"https:\/\/www.asajacyl.com\/salamanca\/#\/schema\/person\/image\/\",\"url\":\"https:\/\/secure.gravatar.com\/avatar\/6b0d6eb461a1e3687cc023d59022ef0d?s=96&d=mm&r=g\",\"contentUrl\":\"https:\/\/secure.gravatar.com\/avatar\/6b0d6eb461a1e3687cc023d59022ef0d?s=96&d=mm&r=g\",\"caption\":\"Sonia\"},\"url\":\"https:\/\/www.asajacyl.com\/salamanca\/author\/juanluisde\"}]}<\/script>\n<!-- \/ Yoast SEO plugin. -->","yoast_head_json":{"title":"La directora general de Desarrollo Rural subraya la relevancia del sector agroalimentario en el desarrollo econ\u00f3mico y la generaci\u00f3n de empleo en el medio rural - ASAJA Salamanca","description":"La directora general de Desarrollo Rural,\u00a0Innovaci\u00f3n y Formaci\u00f3n Agroalimentaria, Isabel Bombal, clausur\u00f3, el 22 de junio, la jornada sobre los retos del","robots":{"index":"index","follow":"follow","max-snippet":"max-snippet:-1","max-image-preview":"max-image-preview:large","max-video-preview":"max-video-preview:-1"},"canonical":"https:\/\/www.asajacyl.com\/salamanca\/asaja-salamanca-informa\/la-directora-general-de-desarrollo-rural-subraya-la-relevancia-del-sector-agroalimentario-en-el-desarrollo-economico-y-la-generacion-de-empleo-en-el-medio-rural","og_locale":"es_ES","og_type":"article","og_title":"La directora general de Desarrollo Rural subraya la relevancia del sector agroalimentario en el desarrollo econ\u00f3mico y la generaci\u00f3n de empleo en el medio rural - ASAJA Salamanca","og_description":"La directora general de Desarrollo Rural,\u00a0Innovaci\u00f3n y Formaci\u00f3n Agroalimentaria, Isabel Bombal, clausur\u00f3, el 22 de junio, la jornada sobre los retos del","og_url":"https:\/\/www.asajacyl.com\/salamanca\/asaja-salamanca-informa\/la-directora-general-de-desarrollo-rural-subraya-la-relevancia-del-sector-agroalimentario-en-el-desarrollo-economico-y-la-generacion-de-empleo-en-el-medio-rural","og_site_name":"ASAJA Salamanca","article_published_time":"2021-06-25T07:30:15+00:00","article_modified_time":"2021-06-25T07:30:16+00:00","og_image":[{"width":2500,"height":1664,"url":"https:\/\/www.asajacyl.com\/salamanca\/wp-content\/uploads\/sites\/7\/2021\/06\/isabelbombal3_tcm30-563923.jpg","type":"image\/jpeg"}],"author":"Sonia","twitter_card":"summary_large_image","twitter_misc":{"Escrito por":"Sonia","Tiempo de lectura":"2 minutos"},"schema":{"@context":"https:\/\/schema.org","@graph":[{"@type":"WebPage","@id":"https:\/\/www.asajacyl.com\/salamanca\/asaja-salamanca-informa\/la-directora-general-de-desarrollo-rural-subraya-la-relevancia-del-sector-agroalimentario-en-el-desarrollo-economico-y-la-generacion-de-empleo-en-el-medio-rural","url":"https:\/\/www.asajacyl.com\/salamanca\/asaja-salamanca-informa\/la-directora-general-de-desarrollo-rural-subraya-la-relevancia-del-sector-agroalimentario-en-el-desarrollo-economico-y-la-generacion-de-empleo-en-el-medio-rural","name":"La directora general de Desarrollo Rural subraya la relevancia del sector agroalimentario en el desarrollo econ\u00f3mico y la generaci\u00f3n de empleo en el medio rural - ASAJA Salamanca","isPartOf":{"@id":"https:\/\/www.asajacyl.com\/salamanca\/#website"},"primaryImageOfPage":{"@id":"https:\/\/www.asajacyl.com\/salamanca\/asaja-salamanca-informa\/la-directora-general-de-desarrollo-rural-subraya-la-relevancia-del-sector-agroalimentario-en-el-desarrollo-economico-y-la-generacion-de-empleo-en-el-medio-rural#primaryimage"},"image":{"@id":"https:\/\/www.asajacyl.com\/salamanca\/asaja-salamanca-informa\/la-directora-general-de-desarrollo-rural-subraya-la-relevancia-del-sector-agroalimentario-en-el-desarrollo-economico-y-la-generacion-de-empleo-en-el-medio-rural#primaryimage"},"thumbnailUrl":"https:\/\/www.asajacyl.com\/salamanca\/wp-content\/uploads\/sites\/7\/2021\/06\/isabelbombal3_tcm30-563923.jpg","datePublished":"2021-06-25T07:30:15+00:00","dateModified":"2021-06-25T07:30:16+00:00","author":{"@id":"https:\/\/www.asajacyl.com\/salamanca\/#\/schema\/person\/2bfc7da09988e1087e6291fafe99b67f"},"description":"La directora general de Desarrollo Rural,\u00a0Innovaci\u00f3n y Formaci\u00f3n Agroalimentaria, Isabel Bombal, clausur\u00f3, el 22 de junio, la jornada sobre los retos del","breadcrumb":{"@id":"https:\/\/www.asajacyl.com\/salamanca\/asaja-salamanca-informa\/la-directora-general-de-desarrollo-rural-subraya-la-relevancia-del-sector-agroalimentario-en-el-desarrollo-economico-y-la-generacion-de-empleo-en-el-medio-rural#breadcrumb"},"inLanguage":"es","potentialAction":[{"@type":"ReadAction","target":["https:\/\/www.asajacyl.com\/salamanca\/asaja-salamanca-informa\/la-directora-general-de-desarrollo-rural-subraya-la-relevancia-del-sector-agroalimentario-en-el-desarrollo-economico-y-la-generacion-de-empleo-en-el-medio-rural"]}]},{"@type":"ImageObject","inLanguage":"es","@id":"https:\/\/www.asajacyl.com\/salamanca\/asaja-salamanca-informa\/la-directora-general-de-desarrollo-rural-subraya-la-relevancia-del-sector-agroalimentario-en-el-desarrollo-economico-y-la-generacion-de-empleo-en-el-medio-rural#primaryimage","url":"https:\/\/www.asajacyl.com\/salamanca\/wp-content\/uploads\/sites\/7\/2021\/06\/isabelbombal3_tcm30-563923.jpg","contentUrl":"https:\/\/www.asajacyl.com\/salamanca\/wp-content\/uploads\/sites\/7\/2021\/06\/isabelbombal3_tcm30-563923.jpg","width":2500,"height":1664},{"@type":"BreadcrumbList","@id":"https:\/\/www.asajacyl.com\/salamanca\/asaja-salamanca-informa\/la-directora-general-de-desarrollo-rural-subraya-la-relevancia-del-sector-agroalimentario-en-el-desarrollo-economico-y-la-generacion-de-empleo-en-el-medio-rural#breadcrumb","itemListElement":[{"@type":"ListItem","position":1,"name":"Portada","item":"https:\/\/www.asajacyl.com\/salamanca\/"},{"@type":"ListItem","position":2,"name":"La directora general de Desarrollo Rural subraya la relevancia del sector agroalimentario en el desarrollo econ\u00f3mico y la generaci\u00f3n de empleo en el medio rural"}]},{"@type":"WebSite","@id":"https:\/\/www.asajacyl.com\/salamanca\/#website","url":"https:\/\/www.asajacyl.com\/salamanca\/","name":"ASAJA Salamanca","description":"Otro sitio m\u00e1s de Provincias ASAJA Castilla y Le\u00f3n","potentialAction":[{"@type":"SearchAction","target":{"@type":"EntryPoint","urlTemplate":"https:\/\/www.asajacyl.com\/salamanca\/?s={search_term_string}"},"query-input":{"@type":"PropertyValueSpecification","valueRequired":true,"valueName":"search_term_string"}}],"inLanguage":"es"},{"@type":"Person","@id":"https:\/\/www.asajacyl.com\/salamanca\/#\/schema\/person\/2bfc7da09988e1087e6291fafe99b67f","name":"Sonia","image":{"@type":"ImageObject","inLanguage":"es","@id":"https:\/\/www.asajacyl.com\/salamanca\/#\/schema\/person\/image\/","url":"https:\/\/secure.gravatar.com\/avatar\/6b0d6eb461a1e3687cc023d59022ef0d?s=96&d=mm&r=g","contentUrl":"https:\/\/secure.gravatar.com\/avatar\/6b0d6eb461a1e3687cc023d59022ef0d?s=96&d=mm&r=g","caption":"Sonia"},"url":"https:\/\/www.asajacyl.com\/salamanca\/author\/juanluisde"}]}},"_links":{"self":[{"href":"https:\/\/www.asajacyl.com\/salamanca\/wp-json\/wp\/v2\/posts\/12031"}],"collection":[{"href":"https:\/\/www.asajacyl.com\/salamanca\/wp-json\/wp\/v2\/posts"}],"about":[{"href":"https:\/\/www.asajacyl.com\/salamanca\/wp-json\/wp\/v2\/types\/post"}],"author":[{"embeddable":true,"href":"https:\/\/www.asajacyl.com\/salamanca\/wp-json\/wp\/v2\/users\/10"}],"replies":[{"embeddable":true,"href":"https:\/\/www.asajacyl.com\/salamanca\/wp-json\/wp\/v2\/comments?post=12031"}],"version-history":[{"count":1,"href":"https:\/\/www.asajacyl.com\/salamanca\/wp-json\/wp\/v2\/posts\/12031\/revisions"}],"predecessor-version":[{"id":12033,"href":"https:\/\/www.asajacyl.com\/salamanca\/wp-json\/wp\/v2\/posts\/12031\/revisions\/12033"}],"wp:featuredmedia":[{"embeddable":true,"href":"https:\/\/www.asajacyl.com\/salamanca\/wp-json\/wp\/v2\/media\/12032"}],"wp:attachment":[{"href":"https:\/\/www.asajacyl.com\/salamanca\/wp-json\/wp\/v2\/media?parent=12031"}],"wp:term":[{"taxonomy":"category","embeddable":true,"href":"https:\/\/www.asajacyl.com\/salamanca\/wp-json\/wp\/v2\/categories?post=12031"},{"taxonomy":"post_tag","embeddable":true,"href":"https:\/\/www.asajacyl.com\/salamanca\/wp-json\/wp\/v2\/tags?post=12031"}],"curies":[{"name":"wp","href":"https:\/\/api.w.org\/{rel}","templated":true}]}}