{"id":12047,"date":"2021-06-28T09:21:54","date_gmt":"2021-06-28T07:21:54","guid":{"rendered":"https:\/\/www.asajacyl.com\/salamanca\/?p=12047"},"modified":"2021-06-28T09:21:55","modified_gmt":"2021-06-28T07:21:55","slug":"el-gobierno-activa-el-plan-de-modernizacion-de-regadios-con-un-primer-paquete-por-332-millones-de-euros-de-inversion-publica","status":"publish","type":"post","link":"https:\/\/www.asajacyl.com\/salamanca\/asaja-salamanca-informa\/el-gobierno-activa-el-plan-de-modernizacion-de-regadios-con-un-primer-paquete-por-332-millones-de-euros-de-inversion-publica","title":{"rendered":"El Gobierno activa el plan de modernizaci\u00f3n de regad\u00edos con un primer paquete por 332 millones de euros de inversi\u00f3n p\u00fablica"},"content":{"rendered":"\n<p>El ministro de Agricultura, Pesca y Alimentaci\u00f3n, Luis Planas, y el presidente de la Sociedad Estatal de Infraestructuras Agrarias (Seiasa), Francisco Rodr\u00edguez Mulero, han firmado, el pasado 25 de junio, dos convenios de colaboraci\u00f3n para la ejecuci\u00f3n de una serie de actuaciones en materia de modernizaci\u00f3n de regad\u00edos que suman una inversi\u00f3n p\u00fablica de 332 millones de euros, que, con la iniciativa privada, movilizar\u00e1 un total de 500 millones de euros.<\/p>\n\n\n\n<p>Uno de ellos supone la puesta en marcha de las inversiones para la mejora de la eficiencia y sostenibilidad de los regad\u00edos, incluidas en el Plan de Recuperaci\u00f3n, Transformaci\u00f3n y Resiliencia (PRTR) de la econom\u00eda espa\u00f1ola, que, en esta primera fase, abarca 45 actuaciones con una inversi\u00f3n p\u00fablica de 260 millones de euros. Con las aportaciones privadas ascender\u00e1 en total a 325 millones de euros.<\/p>\n\n\n\n<p>El segundo acuerdo de colaboraci\u00f3n es para la realizaci\u00f3n de obras contempladas en la planificaci\u00f3n del Ministerio de Agricultura, Pesca y Alimentaci\u00f3n (MAPA) de regad\u00edos declarados de inter\u00e9s general, con un gasto p\u00fablico de 72 millones de euros que movilizar\u00e1n una inversi\u00f3n total de obra ejecutada de 175 millones de euros. Este programa contempla 14 actuaciones para modernizar 29.000 hect\u00e1reas de superficie cultivable.<\/p>\n\n\n\n<p>El plan para la mejora y eficiencia de la sostenibilidad de regad\u00edos a cargo del mecanismo de recuperaci\u00f3n tendr\u00e1 una segunda fase a partir de 2022 con una inversi\u00f3n p\u00fablica de 303 millones de euros y 48 nuevas actuaciones. El total de este plan suma 563 millones de fondos p\u00fablicos, que con el 20 % de colaboraci\u00f3n privada supondr\u00e1 una inyecci\u00f3n de 704 millones de euros y supondr\u00e1 la modernizaci\u00f3n de m\u00e1s de 100.000 hect\u00e1reas de regad\u00edos.<\/p>\n\n\n\n<p>Los proyectos incluidos han sido seleccionados a propuesta de las comunidades aut\u00f3nomas, de acuerdo a los requisitos de sostenibilidad ambiental, eficiencia energ\u00e9tica, e implementaci\u00f3n de nuevas tecnolog\u00edas exigidos por la Uni\u00f3n Europea para la aplicaci\u00f3n de los fondos de recuperaci\u00f3n. Al estar financiados con \u00e9stos, las obras deben estar terminadas en el a\u00f1o 2026.<\/p>\n\n\n\n<p>Luis Planas ha destacado que se trata de \u201cla mayor inversi\u00f3n p\u00fablica en regad\u00edos sostenibles de las \u00faltimas d\u00e9cadas\u201d y que va a suponer un important\u00edsimo avance no solo en la sostenibilidad medioambiental, en la eficiencia de los recursos y en la tecnificaci\u00f3n, sino&nbsp; tambi\u00e9n en la mejora de la productividad y rentabilidad del sector agrario.<\/p>\n\n\n\n<p>Espa\u00f1a cuenta con la mayor superficie de regad\u00edos de Europa, 3,8 millones de hect\u00e1reas, y este modo de cultivo ha sido, seg\u00fan Planas, una herramienta clave para la competitividad del sector agr\u00edcola por su capacidad para generar valor. \u201cQuien quiere dedicarse a la tierra, tiene que trabajar el agua\u201d, ha asegurado el ministro, y ha precisado que el 23 % de la superficie cultivada en Espa\u00f1a es de regad\u00edo, pero en ella se genera el 65 % de la producci\u00f3n final agr\u00edcola.<\/p>\n\n\n\n<p>Los riegos m\u00e1s eficientes suponen cerca del 77 % de la superficie de riego, con m\u00e1s de 2,9 millones de hect\u00e1reas, de los que casi 2,1 millones de hect\u00e1reas se corresponden al sistema de riego localizado y cerca de 885.000 hect\u00e1reas al grupo constituido por aspersi\u00f3n y automotriz. Otras 888.094 hect\u00e1reas a\u00fan se riegan por gravedad.<\/p>\n\n\n\n<p>Planas ha reiterado el compromiso del Gobierno con la modernizaci\u00f3n de los regad\u00edos, como evidencia que sean las primeras actuaciones del plan de resiliencia, y ha asegurado que \u201cel regad\u00edo sostenible junto a la digitalizaci\u00f3n y el relevo generacional son los tres pilares sobre los que se va a sustentar el modelo de actividad agraria en el futuro pr\u00f3ximo\u201d.<\/p>\n","protected":false},"excerpt":{"rendered":"<p>El ministro de Agricultura, Pesca y Alimentaci\u00f3n, Luis Planas, y el presidente de la Sociedad Estatal de Infraestructuras Agrarias (Seiasa), Francisco Rodr\u00edguez Mulero, han firmado, el pasado 25 de junio, dos convenios de colaboraci\u00f3n para la ejecuci\u00f3n de una serie de actuaciones en materia de modernizaci\u00f3n de regad\u00edos que suman una inversi\u00f3n p\u00fablica de 332 [&hellip;]<\/p>\n","protected":false},"author":10,"featured_media":12048,"comment_status":"open","ping_status":"open","sticky":false,"template":"","format":"standard","meta":{"footnotes":""},"categories":[10,510],"tags":[],"yoast_head":"<!-- This site is optimized with the Yoast SEO plugin v24.5 - https:\/\/yoast.com\/wordpress\/plugins\/seo\/ -->\n<title>El Gobierno activa el plan de modernizaci\u00f3n de regad\u00edos con un primer paquete por 332 millones de euros de inversi\u00f3n p\u00fablica - ASAJA Salamanca<\/title>\n<meta name=\"description\" content=\"El ministro de Agricultura, Pesca y Alimentaci\u00f3n, Luis Planas, y el presidente de la Sociedad Estatal de Infraestructuras Agrarias (Seiasa), Francisco\" \/>\n<meta name=\"robots\" content=\"index, follow, max-snippet:-1, max-image-preview:large, max-video-preview:-1\" \/>\n<link rel=\"canonical\" href=\"https:\/\/www.asajacyl.com\/salamanca\/asaja-salamanca-informa\/el-gobierno-activa-el-plan-de-modernizacion-de-regadios-con-un-primer-paquete-por-332-millones-de-euros-de-inversion-publica\" \/>\n<meta property=\"og:locale\" content=\"es_ES\" \/>\n<meta property=\"og:type\" content=\"article\" \/>\n<meta property=\"og:title\" content=\"El Gobierno activa el plan de modernizaci\u00f3n de regad\u00edos con un primer paquete por 332 millones de euros de inversi\u00f3n p\u00fablica - ASAJA Salamanca\" \/>\n<meta property=\"og:description\" content=\"El ministro de Agricultura, Pesca y Alimentaci\u00f3n, Luis Planas, y el presidente de la Sociedad Estatal de Infraestructuras Agrarias (Seiasa), Francisco\" \/>\n<meta property=\"og:url\" content=\"https:\/\/www.asajacyl.com\/salamanca\/asaja-salamanca-informa\/el-gobierno-activa-el-plan-de-modernizacion-de-regadios-con-un-primer-paquete-por-332-millones-de-euros-de-inversion-publica\" \/>\n<meta property=\"og:site_name\" content=\"ASAJA Salamanca\" \/>\n<meta property=\"article:published_time\" content=\"2021-06-28T07:21:54+00:00\" \/>\n<meta property=\"article:modified_time\" content=\"2021-06-28T07:21:55+00:00\" \/>\n<meta property=\"og:image\" content=\"https:\/\/www.asajacyl.com\/salamanca\/wp-content\/uploads\/sites\/7\/2021\/06\/25062021ministroseiasa4_tcm30-564213.jpg\" \/>\n\t<meta property=\"og:image:width\" content=\"2500\" \/>\n\t<meta property=\"og:image:height\" content=\"1660\" \/>\n\t<meta property=\"og:image:type\" content=\"image\/jpeg\" \/>\n<meta name=\"author\" content=\"Sonia\" \/>\n<meta name=\"twitter:card\" content=\"summary_large_image\" \/>\n<meta name=\"twitter:label1\" content=\"Escrito por\" \/>\n\t<meta name=\"twitter:data1\" content=\"Sonia\" \/>\n\t<meta name=\"twitter:label2\" content=\"Tiempo de lectura\" \/>\n\t<meta name=\"twitter:data2\" content=\"3 minutos\" \/>\n<script type=\"application\/ld+json\" class=\"yoast-schema-graph\">{\"@context\":\"https:\/\/schema.org\",\"@graph\":[{\"@type\":\"WebPage\",\"@id\":\"https:\/\/www.asajacyl.com\/salamanca\/asaja-salamanca-informa\/el-gobierno-activa-el-plan-de-modernizacion-de-regadios-con-un-primer-paquete-por-332-millones-de-euros-de-inversion-publica\",\"url\":\"https:\/\/www.asajacyl.com\/salamanca\/asaja-salamanca-informa\/el-gobierno-activa-el-plan-de-modernizacion-de-regadios-con-un-primer-paquete-por-332-millones-de-euros-de-inversion-publica\",\"name\":\"El Gobierno activa el plan de modernizaci\u00f3n de regad\u00edos con un primer paquete por 332 millones de euros de inversi\u00f3n p\u00fablica - ASAJA Salamanca\",\"isPartOf\":{\"@id\":\"https:\/\/www.asajacyl.com\/salamanca\/#website\"},\"primaryImageOfPage\":{\"@id\":\"https:\/\/www.asajacyl.com\/salamanca\/asaja-salamanca-informa\/el-gobierno-activa-el-plan-de-modernizacion-de-regadios-con-un-primer-paquete-por-332-millones-de-euros-de-inversion-publica#primaryimage\"},\"image\":{\"@id\":\"https:\/\/www.asajacyl.com\/salamanca\/asaja-salamanca-informa\/el-gobierno-activa-el-plan-de-modernizacion-de-regadios-con-un-primer-paquete-por-332-millones-de-euros-de-inversion-publica#primaryimage\"},\"thumbnailUrl\":\"https:\/\/www.asajacyl.com\/salamanca\/wp-content\/uploads\/sites\/7\/2021\/06\/25062021ministroseiasa4_tcm30-564213.jpg\",\"datePublished\":\"2021-06-28T07:21:54+00:00\",\"dateModified\":\"2021-06-28T07:21:55+00:00\",\"author\":{\"@id\":\"https:\/\/www.asajacyl.com\/salamanca\/#\/schema\/person\/2bfc7da09988e1087e6291fafe99b67f\"},\"description\":\"El ministro de Agricultura, Pesca y Alimentaci\u00f3n, Luis Planas, y el presidente de la Sociedad Estatal de Infraestructuras Agrarias (Seiasa), Francisco\",\"breadcrumb\":{\"@id\":\"https:\/\/www.asajacyl.com\/salamanca\/asaja-salamanca-informa\/el-gobierno-activa-el-plan-de-modernizacion-de-regadios-con-un-primer-paquete-por-332-millones-de-euros-de-inversion-publica#breadcrumb\"},\"inLanguage\":\"es\",\"potentialAction\":[{\"@type\":\"ReadAction\",\"target\":[\"https:\/\/www.asajacyl.com\/salamanca\/asaja-salamanca-informa\/el-gobierno-activa-el-plan-de-modernizacion-de-regadios-con-un-primer-paquete-por-332-millones-de-euros-de-inversion-publica\"]}]},{\"@type\":\"ImageObject\",\"inLanguage\":\"es\",\"@id\":\"https:\/\/www.asajacyl.com\/salamanca\/asaja-salamanca-informa\/el-gobierno-activa-el-plan-de-modernizacion-de-regadios-con-un-primer-paquete-por-332-millones-de-euros-de-inversion-publica#primaryimage\",\"url\":\"https:\/\/www.asajacyl.com\/salamanca\/wp-content\/uploads\/sites\/7\/2021\/06\/25062021ministroseiasa4_tcm30-564213.jpg\",\"contentUrl\":\"https:\/\/www.asajacyl.com\/salamanca\/wp-content\/uploads\/sites\/7\/2021\/06\/25062021ministroseiasa4_tcm30-564213.jpg\",\"width\":2500,\"height\":1660},{\"@type\":\"BreadcrumbList\",\"@id\":\"https:\/\/www.asajacyl.com\/salamanca\/asaja-salamanca-informa\/el-gobierno-activa-el-plan-de-modernizacion-de-regadios-con-un-primer-paquete-por-332-millones-de-euros-de-inversion-publica#breadcrumb\",\"itemListElement\":[{\"@type\":\"ListItem\",\"position\":1,\"name\":\"Portada\",\"item\":\"https:\/\/www.asajacyl.com\/salamanca\/\"},{\"@type\":\"ListItem\",\"position\":2,\"name\":\"El Gobierno activa el plan de modernizaci\u00f3n de regad\u00edos con un primer paquete por 332 millones de euros de inversi\u00f3n p\u00fablica\"}]},{\"@type\":\"WebSite\",\"@id\":\"https:\/\/www.asajacyl.com\/salamanca\/#website\",\"url\":\"https:\/\/www.asajacyl.com\/salamanca\/\",\"name\":\"ASAJA Salamanca\",\"description\":\"Otro sitio m\u00e1s de Provincias ASAJA Castilla y Le\u00f3n\",\"potentialAction\":[{\"@type\":\"SearchAction\",\"target\":{\"@type\":\"EntryPoint\",\"urlTemplate\":\"https:\/\/www.asajacyl.com\/salamanca\/?s={search_term_string}\"},\"query-input\":{\"@type\":\"PropertyValueSpecification\",\"valueRequired\":true,\"valueName\":\"search_term_string\"}}],\"inLanguage\":\"es\"},{\"@type\":\"Person\",\"@id\":\"https:\/\/www.asajacyl.com\/salamanca\/#\/schema\/person\/2bfc7da09988e1087e6291fafe99b67f\",\"name\":\"Sonia\",\"image\":{\"@type\":\"ImageObject\",\"inLanguage\":\"es\",\"@id\":\"https:\/\/www.asajacyl.com\/salamanca\/#\/schema\/person\/image\/\",\"url\":\"https:\/\/secure.gravatar.com\/avatar\/6b0d6eb461a1e3687cc023d59022ef0d?s=96&d=mm&r=g\",\"contentUrl\":\"https:\/\/secure.gravatar.com\/avatar\/6b0d6eb461a1e3687cc023d59022ef0d?s=96&d=mm&r=g\",\"caption\":\"Sonia\"},\"url\":\"https:\/\/www.asajacyl.com\/salamanca\/author\/juanluisde\"}]}<\/script>\n<!-- \/ Yoast SEO plugin. -->","yoast_head_json":{"title":"El Gobierno activa el plan de modernizaci\u00f3n de regad\u00edos con un primer paquete por 332 millones de euros de inversi\u00f3n p\u00fablica - ASAJA Salamanca","description":"El ministro de Agricultura, Pesca y Alimentaci\u00f3n, Luis Planas, y el presidente de la Sociedad Estatal de Infraestructuras Agrarias (Seiasa), Francisco","robots":{"index":"index","follow":"follow","max-snippet":"max-snippet:-1","max-image-preview":"max-image-preview:large","max-video-preview":"max-video-preview:-1"},"canonical":"https:\/\/www.asajacyl.com\/salamanca\/asaja-salamanca-informa\/el-gobierno-activa-el-plan-de-modernizacion-de-regadios-con-un-primer-paquete-por-332-millones-de-euros-de-inversion-publica","og_locale":"es_ES","og_type":"article","og_title":"El Gobierno activa el plan de modernizaci\u00f3n de regad\u00edos con un primer paquete por 332 millones de euros de inversi\u00f3n p\u00fablica - ASAJA Salamanca","og_description":"El ministro de Agricultura, Pesca y Alimentaci\u00f3n, Luis Planas, y el presidente de la Sociedad Estatal de Infraestructuras Agrarias (Seiasa), Francisco","og_url":"https:\/\/www.asajacyl.com\/salamanca\/asaja-salamanca-informa\/el-gobierno-activa-el-plan-de-modernizacion-de-regadios-con-un-primer-paquete-por-332-millones-de-euros-de-inversion-publica","og_site_name":"ASAJA Salamanca","article_published_time":"2021-06-28T07:21:54+00:00","article_modified_time":"2021-06-28T07:21:55+00:00","og_image":[{"width":2500,"height":1660,"url":"https:\/\/www.asajacyl.com\/salamanca\/wp-content\/uploads\/sites\/7\/2021\/06\/25062021ministroseiasa4_tcm30-564213.jpg","type":"image\/jpeg"}],"author":"Sonia","twitter_card":"summary_large_image","twitter_misc":{"Escrito por":"Sonia","Tiempo de lectura":"3 minutos"},"schema":{"@context":"https:\/\/schema.org","@graph":[{"@type":"WebPage","@id":"https:\/\/www.asajacyl.com\/salamanca\/asaja-salamanca-informa\/el-gobierno-activa-el-plan-de-modernizacion-de-regadios-con-un-primer-paquete-por-332-millones-de-euros-de-inversion-publica","url":"https:\/\/www.asajacyl.com\/salamanca\/asaja-salamanca-informa\/el-gobierno-activa-el-plan-de-modernizacion-de-regadios-con-un-primer-paquete-por-332-millones-de-euros-de-inversion-publica","name":"El Gobierno activa el plan de modernizaci\u00f3n de regad\u00edos con un primer paquete por 332 millones de euros de inversi\u00f3n p\u00fablica - ASAJA Salamanca","isPartOf":{"@id":"https:\/\/www.asajacyl.com\/salamanca\/#website"},"primaryImageOfPage":{"@id":"https:\/\/www.asajacyl.com\/salamanca\/asaja-salamanca-informa\/el-gobierno-activa-el-plan-de-modernizacion-de-regadios-con-un-primer-paquete-por-332-millones-de-euros-de-inversion-publica#primaryimage"},"image":{"@id":"https:\/\/www.asajacyl.com\/salamanca\/asaja-salamanca-informa\/el-gobierno-activa-el-plan-de-modernizacion-de-regadios-con-un-primer-paquete-por-332-millones-de-euros-de-inversion-publica#primaryimage"},"thumbnailUrl":"https:\/\/www.asajacyl.com\/salamanca\/wp-content\/uploads\/sites\/7\/2021\/06\/25062021ministroseiasa4_tcm30-564213.jpg","datePublished":"2021-06-28T07:21:54+00:00","dateModified":"2021-06-28T07:21:55+00:00","author":{"@id":"https:\/\/www.asajacyl.com\/salamanca\/#\/schema\/person\/2bfc7da09988e1087e6291fafe99b67f"},"description":"El ministro de Agricultura, Pesca y Alimentaci\u00f3n, Luis Planas, y el presidente de la Sociedad Estatal de Infraestructuras Agrarias (Seiasa), Francisco","breadcrumb":{"@id":"https:\/\/www.asajacyl.com\/salamanca\/asaja-salamanca-informa\/el-gobierno-activa-el-plan-de-modernizacion-de-regadios-con-un-primer-paquete-por-332-millones-de-euros-de-inversion-publica#breadcrumb"},"inLanguage":"es","potentialAction":[{"@type":"ReadAction","target":["https:\/\/www.asajacyl.com\/salamanca\/asaja-salamanca-informa\/el-gobierno-activa-el-plan-de-modernizacion-de-regadios-con-un-primer-paquete-por-332-millones-de-euros-de-inversion-publica"]}]},{"@type":"ImageObject","inLanguage":"es","@id":"https:\/\/www.asajacyl.com\/salamanca\/asaja-salamanca-informa\/el-gobierno-activa-el-plan-de-modernizacion-de-regadios-con-un-primer-paquete-por-332-millones-de-euros-de-inversion-publica#primaryimage","url":"https:\/\/www.asajacyl.com\/salamanca\/wp-content\/uploads\/sites\/7\/2021\/06\/25062021ministroseiasa4_tcm30-564213.jpg","contentUrl":"https:\/\/www.asajacyl.com\/salamanca\/wp-content\/uploads\/sites\/7\/2021\/06\/25062021ministroseiasa4_tcm30-564213.jpg","width":2500,"height":1660},{"@type":"BreadcrumbList","@id":"https:\/\/www.asajacyl.com\/salamanca\/asaja-salamanca-informa\/el-gobierno-activa-el-plan-de-modernizacion-de-regadios-con-un-primer-paquete-por-332-millones-de-euros-de-inversion-publica#breadcrumb","itemListElement":[{"@type":"ListItem","position":1,"name":"Portada","item":"https:\/\/www.asajacyl.com\/salamanca\/"},{"@type":"ListItem","position":2,"name":"El Gobierno activa el plan de modernizaci\u00f3n de regad\u00edos con un primer paquete por 332 millones de euros de inversi\u00f3n p\u00fablica"}]},{"@type":"WebSite","@id":"https:\/\/www.asajacyl.com\/salamanca\/#website","url":"https:\/\/www.asajacyl.com\/salamanca\/","name":"ASAJA Salamanca","description":"Otro sitio m\u00e1s de Provincias ASAJA Castilla y Le\u00f3n","potentialAction":[{"@type":"SearchAction","target":{"@type":"EntryPoint","urlTemplate":"https:\/\/www.asajacyl.com\/salamanca\/?s={search_term_string}"},"query-input":{"@type":"PropertyValueSpecification","valueRequired":true,"valueName":"search_term_string"}}],"inLanguage":"es"},{"@type":"Person","@id":"https:\/\/www.asajacyl.com\/salamanca\/#\/schema\/person\/2bfc7da09988e1087e6291fafe99b67f","name":"Sonia","image":{"@type":"ImageObject","inLanguage":"es","@id":"https:\/\/www.asajacyl.com\/salamanca\/#\/schema\/person\/image\/","url":"https:\/\/secure.gravatar.com\/avatar\/6b0d6eb461a1e3687cc023d59022ef0d?s=96&d=mm&r=g","contentUrl":"https:\/\/secure.gravatar.com\/avatar\/6b0d6eb461a1e3687cc023d59022ef0d?s=96&d=mm&r=g","caption":"Sonia"},"url":"https:\/\/www.asajacyl.com\/salamanca\/author\/juanluisde"}]}},"_links":{"self":[{"href":"https:\/\/www.asajacyl.com\/salamanca\/wp-json\/wp\/v2\/posts\/12047"}],"collection":[{"href":"https:\/\/www.asajacyl.com\/salamanca\/wp-json\/wp\/v2\/posts"}],"about":[{"href":"https:\/\/www.asajacyl.com\/salamanca\/wp-json\/wp\/v2\/types\/post"}],"author":[{"embeddable":true,"href":"https:\/\/www.asajacyl.com\/salamanca\/wp-json\/wp\/v2\/users\/10"}],"replies":[{"embeddable":true,"href":"https:\/\/www.asajacyl.com\/salamanca\/wp-json\/wp\/v2\/comments?post=12047"}],"version-history":[{"count":1,"href":"https:\/\/www.asajacyl.com\/salamanca\/wp-json\/wp\/v2\/posts\/12047\/revisions"}],"predecessor-version":[{"id":12049,"href":"https:\/\/www.asajacyl.com\/salamanca\/wp-json\/wp\/v2\/posts\/12047\/revisions\/12049"}],"wp:featuredmedia":[{"embeddable":true,"href":"https:\/\/www.asajacyl.com\/salamanca\/wp-json\/wp\/v2\/media\/12048"}],"wp:attachment":[{"href":"https:\/\/www.asajacyl.com\/salamanca\/wp-json\/wp\/v2\/media?parent=12047"}],"wp:term":[{"taxonomy":"category","embeddable":true,"href":"https:\/\/www.asajacyl.com\/salamanca\/wp-json\/wp\/v2\/categories?post=12047"},{"taxonomy":"post_tag","embeddable":true,"href":"https:\/\/www.asajacyl.com\/salamanca\/wp-json\/wp\/v2\/tags?post=12047"}],"curies":[{"name":"wp","href":"https:\/\/api.w.org\/{rel}","templated":true}]}}