{"id":12146,"date":"2021-07-12T13:04:18","date_gmt":"2021-07-12T11:04:18","guid":{"rendered":"https:\/\/www.asajacyl.com\/salamanca\/?p=12146"},"modified":"2021-07-12T13:04:19","modified_gmt":"2021-07-12T11:04:19","slug":"la-tortola-comun-estara-exenta-de-caza-en-los-proximos-anos","status":"publish","type":"post","link":"https:\/\/www.asajacyl.com\/salamanca\/asaja-salamanca-informa\/la-tortola-comun-estara-exenta-de-caza-en-los-proximos-anos","title":{"rendered":"La t\u00f3rtola com\u00fan estar\u00e1 exenta de caza en los pr\u00f3ximos a\u00f1os"},"content":{"rendered":"\n<p><strong>Como consecuencia de un Dictamen Motivado de la Comisi\u00f3n Europea (de 3 de diciembre de 2020), dirigido al Reino de Espa\u00f1a, la Consejer\u00eda de Fomento y Medio Ambiente ha establecido un cupo cero de capturas para la t\u00f3rtola com\u00fan o europea, a trav\u00e9s de la Orden FYM\/811\/2021, de 29 de junio, por la que se establecen medidas de protecci\u00f3n para las especies cineg\u00e9ticas, que ha sido publicada en el BOCyL el pasado 7 de julio.<\/strong><\/p>\n\n\n\n<p>Dicho Dictamen Motivado de la Comisi\u00f3n Europea se basa en el presunto incumplimiento de Directiva 2009\/147\/CE del Parlamento Europeo y del Consejo, de 30 de noviembre de 2009, relativa a la conservaci\u00f3n de las aves silvestres por, entre otros aspectos, no asumir niveles de caza sostenibles, lo que conduce a una elevada extracci\u00f3n de sus poblaciones sin que existan mecanismos de control del nivel de capturas.<\/p>\n\n\n\n<p>En respuesta al Dictamen Motivado, el Reino de Espa\u00f1a comunic\u00f3 a la Comisi\u00f3n la voluntad de asumir las conclusiones que al efecto se establecieran por el consorcio cient\u00edfico al que se le encomend\u00f3 fijar los principios para la gesti\u00f3n adaptativa de la t\u00f3rtola a nivel europeo. El citado consorcio ha recomendado a los Estados Miembros del corredor migratorio occidental suspender la caza a trav\u00e9s del establecimiento de una \u00abcuota cero\u00bb reversible en funci\u00f3n de la evoluci\u00f3n de criterios poblacionales y t\u00e9cnicos.<\/p>\n\n\n\n<p>Como consecuencia de lo anterior, tanto Castilla y Le\u00f3n como el resto de comunidades aut\u00f3nomas se han visto obligadas a establecer un cupo cero de capturas para esta especie.<\/p>\n\n\n\n<p>Esta decisi\u00f3n podr\u00e1 ser revisada a la vista de la evoluci\u00f3n que experimenten las poblaciones de t\u00f3rtola com\u00fan en el futuro. Por ello, la t\u00f3rtola com\u00fan mantiene su condici\u00f3n de especie cineg\u00e9tica, pero en la pr\u00e1ctica no puede ser, al menos temporalmente, objeto de caza.<\/p>\n","protected":false},"excerpt":{"rendered":"<p>Como consecuencia de un Dictamen Motivado de la Comisi\u00f3n Europea (de 3 de diciembre de 2020), dirigido al Reino de Espa\u00f1a, la Consejer\u00eda de Fomento y Medio Ambiente ha establecido un cupo cero de capturas para la t\u00f3rtola com\u00fan o europea, a trav\u00e9s de la Orden FYM\/811\/2021, de 29 de junio, por la que se [&hellip;]<\/p>\n","protected":false},"author":10,"featured_media":12147,"comment_status":"open","ping_status":"open","sticky":false,"template":"","format":"standard","meta":{"footnotes":""},"categories":[10,510],"tags":[],"yoast_head":"<!-- This site is optimized with the Yoast SEO plugin v24.5 - https:\/\/yoast.com\/wordpress\/plugins\/seo\/ -->\n<title>La t\u00f3rtola com\u00fan estar\u00e1 exenta de caza en los pr\u00f3ximos a\u00f1os - ASAJA Salamanca<\/title>\n<meta name=\"description\" content=\"Como consecuencia de un Dictamen Motivado de la Comisi\u00f3n Europea (de 3 de diciembre de 2020), dirigido al Reino de Espa\u00f1a, la Consejer\u00eda de Fomento y\" \/>\n<meta name=\"robots\" content=\"index, follow, max-snippet:-1, max-image-preview:large, max-video-preview:-1\" \/>\n<link rel=\"canonical\" href=\"https:\/\/www.asajacyl.com\/salamanca\/asaja-salamanca-informa\/la-tortola-comun-estara-exenta-de-caza-en-los-proximos-anos\" \/>\n<meta property=\"og:locale\" content=\"es_ES\" \/>\n<meta property=\"og:type\" content=\"article\" \/>\n<meta property=\"og:title\" content=\"La t\u00f3rtola com\u00fan estar\u00e1 exenta de caza en los pr\u00f3ximos a\u00f1os - ASAJA Salamanca\" \/>\n<meta property=\"og:description\" content=\"Como consecuencia de un Dictamen Motivado de la Comisi\u00f3n Europea (de 3 de diciembre de 2020), dirigido al Reino de Espa\u00f1a, la Consejer\u00eda de Fomento y\" \/>\n<meta property=\"og:url\" content=\"https:\/\/www.asajacyl.com\/salamanca\/asaja-salamanca-informa\/la-tortola-comun-estara-exenta-de-caza-en-los-proximos-anos\" \/>\n<meta property=\"og:site_name\" content=\"ASAJA Salamanca\" \/>\n<meta property=\"article:published_time\" content=\"2021-07-12T11:04:18+00:00\" \/>\n<meta property=\"article:modified_time\" content=\"2021-07-12T11:04:19+00:00\" \/>\n<meta property=\"og:image\" content=\"https:\/\/www.asajacyl.com\/salamanca\/wp-content\/uploads\/sites\/7\/2021\/07\/5915466204_59dba1d419_c.jpg\" \/>\n\t<meta property=\"og:image:width\" content=\"800\" \/>\n\t<meta property=\"og:image:height\" content=\"534\" \/>\n\t<meta property=\"og:image:type\" content=\"image\/jpeg\" \/>\n<meta name=\"author\" content=\"Sonia\" \/>\n<meta name=\"twitter:card\" content=\"summary_large_image\" \/>\n<meta name=\"twitter:label1\" content=\"Escrito por\" \/>\n\t<meta name=\"twitter:data1\" content=\"Sonia\" \/>\n\t<meta name=\"twitter:label2\" content=\"Tiempo de lectura\" \/>\n\t<meta name=\"twitter:data2\" content=\"2 minutos\" \/>\n<script type=\"application\/ld+json\" class=\"yoast-schema-graph\">{\"@context\":\"https:\/\/schema.org\",\"@graph\":[{\"@type\":\"WebPage\",\"@id\":\"https:\/\/www.asajacyl.com\/salamanca\/asaja-salamanca-informa\/la-tortola-comun-estara-exenta-de-caza-en-los-proximos-anos\",\"url\":\"https:\/\/www.asajacyl.com\/salamanca\/asaja-salamanca-informa\/la-tortola-comun-estara-exenta-de-caza-en-los-proximos-anos\",\"name\":\"La t\u00f3rtola com\u00fan estar\u00e1 exenta de caza en los pr\u00f3ximos a\u00f1os - ASAJA Salamanca\",\"isPartOf\":{\"@id\":\"https:\/\/www.asajacyl.com\/salamanca\/#website\"},\"primaryImageOfPage\":{\"@id\":\"https:\/\/www.asajacyl.com\/salamanca\/asaja-salamanca-informa\/la-tortola-comun-estara-exenta-de-caza-en-los-proximos-anos#primaryimage\"},\"image\":{\"@id\":\"https:\/\/www.asajacyl.com\/salamanca\/asaja-salamanca-informa\/la-tortola-comun-estara-exenta-de-caza-en-los-proximos-anos#primaryimage\"},\"thumbnailUrl\":\"https:\/\/www.asajacyl.com\/salamanca\/wp-content\/uploads\/sites\/7\/2021\/07\/5915466204_59dba1d419_c.jpg\",\"datePublished\":\"2021-07-12T11:04:18+00:00\",\"dateModified\":\"2021-07-12T11:04:19+00:00\",\"author\":{\"@id\":\"https:\/\/www.asajacyl.com\/salamanca\/#\/schema\/person\/2bfc7da09988e1087e6291fafe99b67f\"},\"description\":\"Como consecuencia de un Dictamen Motivado de la Comisi\u00f3n Europea (de 3 de diciembre de 2020), dirigido al Reino de Espa\u00f1a, la Consejer\u00eda de Fomento y\",\"breadcrumb\":{\"@id\":\"https:\/\/www.asajacyl.com\/salamanca\/asaja-salamanca-informa\/la-tortola-comun-estara-exenta-de-caza-en-los-proximos-anos#breadcrumb\"},\"inLanguage\":\"es\",\"potentialAction\":[{\"@type\":\"ReadAction\",\"target\":[\"https:\/\/www.asajacyl.com\/salamanca\/asaja-salamanca-informa\/la-tortola-comun-estara-exenta-de-caza-en-los-proximos-anos\"]}]},{\"@type\":\"ImageObject\",\"inLanguage\":\"es\",\"@id\":\"https:\/\/www.asajacyl.com\/salamanca\/asaja-salamanca-informa\/la-tortola-comun-estara-exenta-de-caza-en-los-proximos-anos#primaryimage\",\"url\":\"https:\/\/www.asajacyl.com\/salamanca\/wp-content\/uploads\/sites\/7\/2021\/07\/5915466204_59dba1d419_c.jpg\",\"contentUrl\":\"https:\/\/www.asajacyl.com\/salamanca\/wp-content\/uploads\/sites\/7\/2021\/07\/5915466204_59dba1d419_c.jpg\",\"width\":800,\"height\":534},{\"@type\":\"BreadcrumbList\",\"@id\":\"https:\/\/www.asajacyl.com\/salamanca\/asaja-salamanca-informa\/la-tortola-comun-estara-exenta-de-caza-en-los-proximos-anos#breadcrumb\",\"itemListElement\":[{\"@type\":\"ListItem\",\"position\":1,\"name\":\"Portada\",\"item\":\"https:\/\/www.asajacyl.com\/salamanca\/\"},{\"@type\":\"ListItem\",\"position\":2,\"name\":\"La t\u00f3rtola com\u00fan estar\u00e1 exenta de caza en los pr\u00f3ximos a\u00f1os\"}]},{\"@type\":\"WebSite\",\"@id\":\"https:\/\/www.asajacyl.com\/salamanca\/#website\",\"url\":\"https:\/\/www.asajacyl.com\/salamanca\/\",\"name\":\"ASAJA Salamanca\",\"description\":\"Otro sitio m\u00e1s de Provincias ASAJA Castilla y Le\u00f3n\",\"potentialAction\":[{\"@type\":\"SearchAction\",\"target\":{\"@type\":\"EntryPoint\",\"urlTemplate\":\"https:\/\/www.asajacyl.com\/salamanca\/?s={search_term_string}\"},\"query-input\":{\"@type\":\"PropertyValueSpecification\",\"valueRequired\":true,\"valueName\":\"search_term_string\"}}],\"inLanguage\":\"es\"},{\"@type\":\"Person\",\"@id\":\"https:\/\/www.asajacyl.com\/salamanca\/#\/schema\/person\/2bfc7da09988e1087e6291fafe99b67f\",\"name\":\"Sonia\",\"image\":{\"@type\":\"ImageObject\",\"inLanguage\":\"es\",\"@id\":\"https:\/\/www.asajacyl.com\/salamanca\/#\/schema\/person\/image\/\",\"url\":\"https:\/\/secure.gravatar.com\/avatar\/6b0d6eb461a1e3687cc023d59022ef0d?s=96&d=mm&r=g\",\"contentUrl\":\"https:\/\/secure.gravatar.com\/avatar\/6b0d6eb461a1e3687cc023d59022ef0d?s=96&d=mm&r=g\",\"caption\":\"Sonia\"},\"url\":\"https:\/\/www.asajacyl.com\/salamanca\/author\/juanluisde\"}]}<\/script>\n<!-- \/ Yoast SEO plugin. -->","yoast_head_json":{"title":"La t\u00f3rtola com\u00fan estar\u00e1 exenta de caza en los pr\u00f3ximos a\u00f1os - ASAJA Salamanca","description":"Como consecuencia de un Dictamen Motivado de la Comisi\u00f3n Europea (de 3 de diciembre de 2020), dirigido al Reino de Espa\u00f1a, la Consejer\u00eda de Fomento y","robots":{"index":"index","follow":"follow","max-snippet":"max-snippet:-1","max-image-preview":"max-image-preview:large","max-video-preview":"max-video-preview:-1"},"canonical":"https:\/\/www.asajacyl.com\/salamanca\/asaja-salamanca-informa\/la-tortola-comun-estara-exenta-de-caza-en-los-proximos-anos","og_locale":"es_ES","og_type":"article","og_title":"La t\u00f3rtola com\u00fan estar\u00e1 exenta de caza en los pr\u00f3ximos a\u00f1os - ASAJA Salamanca","og_description":"Como consecuencia de un Dictamen Motivado de la Comisi\u00f3n Europea (de 3 de diciembre de 2020), dirigido al Reino de Espa\u00f1a, la Consejer\u00eda de Fomento y","og_url":"https:\/\/www.asajacyl.com\/salamanca\/asaja-salamanca-informa\/la-tortola-comun-estara-exenta-de-caza-en-los-proximos-anos","og_site_name":"ASAJA Salamanca","article_published_time":"2021-07-12T11:04:18+00:00","article_modified_time":"2021-07-12T11:04:19+00:00","og_image":[{"width":800,"height":534,"url":"https:\/\/www.asajacyl.com\/salamanca\/wp-content\/uploads\/sites\/7\/2021\/07\/5915466204_59dba1d419_c.jpg","type":"image\/jpeg"}],"author":"Sonia","twitter_card":"summary_large_image","twitter_misc":{"Escrito por":"Sonia","Tiempo de lectura":"2 minutos"},"schema":{"@context":"https:\/\/schema.org","@graph":[{"@type":"WebPage","@id":"https:\/\/www.asajacyl.com\/salamanca\/asaja-salamanca-informa\/la-tortola-comun-estara-exenta-de-caza-en-los-proximos-anos","url":"https:\/\/www.asajacyl.com\/salamanca\/asaja-salamanca-informa\/la-tortola-comun-estara-exenta-de-caza-en-los-proximos-anos","name":"La t\u00f3rtola com\u00fan estar\u00e1 exenta de caza en los pr\u00f3ximos a\u00f1os - ASAJA Salamanca","isPartOf":{"@id":"https:\/\/www.asajacyl.com\/salamanca\/#website"},"primaryImageOfPage":{"@id":"https:\/\/www.asajacyl.com\/salamanca\/asaja-salamanca-informa\/la-tortola-comun-estara-exenta-de-caza-en-los-proximos-anos#primaryimage"},"image":{"@id":"https:\/\/www.asajacyl.com\/salamanca\/asaja-salamanca-informa\/la-tortola-comun-estara-exenta-de-caza-en-los-proximos-anos#primaryimage"},"thumbnailUrl":"https:\/\/www.asajacyl.com\/salamanca\/wp-content\/uploads\/sites\/7\/2021\/07\/5915466204_59dba1d419_c.jpg","datePublished":"2021-07-12T11:04:18+00:00","dateModified":"2021-07-12T11:04:19+00:00","author":{"@id":"https:\/\/www.asajacyl.com\/salamanca\/#\/schema\/person\/2bfc7da09988e1087e6291fafe99b67f"},"description":"Como consecuencia de un Dictamen Motivado de la Comisi\u00f3n Europea (de 3 de diciembre de 2020), dirigido al Reino de Espa\u00f1a, la Consejer\u00eda de Fomento y","breadcrumb":{"@id":"https:\/\/www.asajacyl.com\/salamanca\/asaja-salamanca-informa\/la-tortola-comun-estara-exenta-de-caza-en-los-proximos-anos#breadcrumb"},"inLanguage":"es","potentialAction":[{"@type":"ReadAction","target":["https:\/\/www.asajacyl.com\/salamanca\/asaja-salamanca-informa\/la-tortola-comun-estara-exenta-de-caza-en-los-proximos-anos"]}]},{"@type":"ImageObject","inLanguage":"es","@id":"https:\/\/www.asajacyl.com\/salamanca\/asaja-salamanca-informa\/la-tortola-comun-estara-exenta-de-caza-en-los-proximos-anos#primaryimage","url":"https:\/\/www.asajacyl.com\/salamanca\/wp-content\/uploads\/sites\/7\/2021\/07\/5915466204_59dba1d419_c.jpg","contentUrl":"https:\/\/www.asajacyl.com\/salamanca\/wp-content\/uploads\/sites\/7\/2021\/07\/5915466204_59dba1d419_c.jpg","width":800,"height":534},{"@type":"BreadcrumbList","@id":"https:\/\/www.asajacyl.com\/salamanca\/asaja-salamanca-informa\/la-tortola-comun-estara-exenta-de-caza-en-los-proximos-anos#breadcrumb","itemListElement":[{"@type":"ListItem","position":1,"name":"Portada","item":"https:\/\/www.asajacyl.com\/salamanca\/"},{"@type":"ListItem","position":2,"name":"La t\u00f3rtola com\u00fan estar\u00e1 exenta de caza en los pr\u00f3ximos a\u00f1os"}]},{"@type":"WebSite","@id":"https:\/\/www.asajacyl.com\/salamanca\/#website","url":"https:\/\/www.asajacyl.com\/salamanca\/","name":"ASAJA Salamanca","description":"Otro sitio m\u00e1s de Provincias ASAJA Castilla y Le\u00f3n","potentialAction":[{"@type":"SearchAction","target":{"@type":"EntryPoint","urlTemplate":"https:\/\/www.asajacyl.com\/salamanca\/?s={search_term_string}"},"query-input":{"@type":"PropertyValueSpecification","valueRequired":true,"valueName":"search_term_string"}}],"inLanguage":"es"},{"@type":"Person","@id":"https:\/\/www.asajacyl.com\/salamanca\/#\/schema\/person\/2bfc7da09988e1087e6291fafe99b67f","name":"Sonia","image":{"@type":"ImageObject","inLanguage":"es","@id":"https:\/\/www.asajacyl.com\/salamanca\/#\/schema\/person\/image\/","url":"https:\/\/secure.gravatar.com\/avatar\/6b0d6eb461a1e3687cc023d59022ef0d?s=96&d=mm&r=g","contentUrl":"https:\/\/secure.gravatar.com\/avatar\/6b0d6eb461a1e3687cc023d59022ef0d?s=96&d=mm&r=g","caption":"Sonia"},"url":"https:\/\/www.asajacyl.com\/salamanca\/author\/juanluisde"}]}},"_links":{"self":[{"href":"https:\/\/www.asajacyl.com\/salamanca\/wp-json\/wp\/v2\/posts\/12146"}],"collection":[{"href":"https:\/\/www.asajacyl.com\/salamanca\/wp-json\/wp\/v2\/posts"}],"about":[{"href":"https:\/\/www.asajacyl.com\/salamanca\/wp-json\/wp\/v2\/types\/post"}],"author":[{"embeddable":true,"href":"https:\/\/www.asajacyl.com\/salamanca\/wp-json\/wp\/v2\/users\/10"}],"replies":[{"embeddable":true,"href":"https:\/\/www.asajacyl.com\/salamanca\/wp-json\/wp\/v2\/comments?post=12146"}],"version-history":[{"count":1,"href":"https:\/\/www.asajacyl.com\/salamanca\/wp-json\/wp\/v2\/posts\/12146\/revisions"}],"predecessor-version":[{"id":12148,"href":"https:\/\/www.asajacyl.com\/salamanca\/wp-json\/wp\/v2\/posts\/12146\/revisions\/12148"}],"wp:featuredmedia":[{"embeddable":true,"href":"https:\/\/www.asajacyl.com\/salamanca\/wp-json\/wp\/v2\/media\/12147"}],"wp:attachment":[{"href":"https:\/\/www.asajacyl.com\/salamanca\/wp-json\/wp\/v2\/media?parent=12146"}],"wp:term":[{"taxonomy":"category","embeddable":true,"href":"https:\/\/www.asajacyl.com\/salamanca\/wp-json\/wp\/v2\/categories?post=12146"},{"taxonomy":"post_tag","embeddable":true,"href":"https:\/\/www.asajacyl.com\/salamanca\/wp-json\/wp\/v2\/tags?post=12146"}],"curies":[{"name":"wp","href":"https:\/\/api.w.org\/{rel}","templated":true}]}}