{"id":12173,"date":"2021-07-13T10:28:08","date_gmt":"2021-07-13T08:28:08","guid":{"rendered":"https:\/\/www.asajacyl.com\/salamanca\/?p=12173"},"modified":"2021-07-15T13:10:16","modified_gmt":"2021-07-15T11:10:16","slug":"asaja-pide-al-consejero-que-no-ceda-ante-el-ministro-en-la-defensa-de-la-pac-que-necesita-castilla-y-leon","status":"publish","type":"post","link":"https:\/\/www.asajacyl.com\/salamanca\/asaja-salamanca-informa\/asaja-pide-al-consejero-que-no-ceda-ante-el-ministro-en-la-defensa-de-la-pac-que-necesita-castilla-y-leon","title":{"rendered":"ASAJA pide al consejero que no ceda ante el ministro en la defensa de la PAC que necesita Castilla y Le\u00f3n"},"content":{"rendered":"\n<p>Ante los pr\u00f3ximos encuentros, tanto bilaterales como en el seno de la Conferencia Sectorial de Agricultura y Ganader\u00eda, entre el Consejero de Agricultura y el ministro del ramo, ASAJA de Castilla y Le\u00f3n pide a Jes\u00fas Julio Carnero que marque \u201cl\u00edneas rojas\u201d y que no ceda ante cuestiones de la nueva PAC que son fundamentales para esta comunidad aut\u00f3noma.<\/p>\n\n\n\n<p>Castilla y Le\u00f3n tiene que luchar por conseguir una definici\u00f3n de \u201cagricultor activo\u201d que permita orientar las ayudas a la agricultura profesional, pues es la que genera empleo, crea riqueza, cuida del territorio y ocupa el medio rural. La propuesta que ha hecho el ministerio no excluye a nadie de la percepci\u00f3n de las ayudas, y por la v\u00eda del pago redistributivo favorece al que no es profesional, al primar m\u00e1s las primeras hect\u00e1reas que se declaran.<\/p>\n\n\n\n<p>Respecto a los apoyos adicionales a los j\u00f3venes, ASAJA los comparte siempre que se trate de proyectos serios de incorporaci\u00f3n a la profesi\u00f3n, y no una mera captaci\u00f3n temporal de fondos para despu\u00e9s abandonar el sector. Por esta raz\u00f3n, ASAJA pide que la normativa exija que los j\u00f3venes que perciban estos fondos se comprometan a ser agricultores profesionales al menos diez a\u00f1os.<\/p>\n\n\n\n<p>Una de las grandes preocupaciones de ASAJA son los compromisos medioambientales que van a exigirse tanto en la denominada \u201ccondicionalidad reforzada\u201d como en el programa de los ecoesquemas. La organizaci\u00f3n agraria espera que se apliquen las excepciones que permiten los reglamentos, sobre todo respecto a la rotaci\u00f3n de cultivos, y que los ecoesquemas respondan a pr\u00e1cticas beneficiosas para el medio ambiente, que ofrezcan una ayuda incentivadora, y que no mermen la competitividad de las explotaciones.<\/p>\n\n\n\n<p>ASAJA pide al consejero que en la reducci\u00f3n del n\u00famero de regiones productivas no haya una p\u00e9rdida de fondos para Castilla y Le\u00f3n, que la convergencia interna del valor de los derechos sea gradual para reducir su impacto en determinados sectores con explotaciones con poca superficie de tierra, y que la incorporaci\u00f3n de nuevos sectores no sea a costa de detraer ayudas a los que han venido percibi\u00e9ndolas hasta ahora.<\/p>\n\n\n\n<p>Por \u00faltimo, ASAJA no comparte que haya que vincular la PAC al cumplimiento de las obligaciones sociales, pues eso ya tiene su propia normativa y sus v\u00edas de control. Y respecto a una discriminaci\u00f3n positiva a favor de la mujer, ASAJA la comparte si se limita a la mujer agricultora profesional, y no con car\u00e1cter general a todas las mujeres agricultoras, pues un porcentaje alt\u00edsimo de estas perceptoras lo compaginan con la pensi\u00f3n de jubilaci\u00f3n o viudedad.<\/p>\n\n\n\n<p>Respecto a las intervenciones con los fondos FEADER, ASAJA pide una mayor participaci\u00f3n del Estado en la cofinanciaci\u00f3n, un proyecto ambicioso para las infraestructuras agrarias y los regad\u00edos, impulsar la modernizaci\u00f3n de las explotaciones, seguir apoyando la incorporaci\u00f3n de j\u00f3venes, dotar de mayor presupuesto las ayudas a zonas de monta\u00f1a y desfavorecidas, y dise\u00f1ar programas agroambientales para la agricultura de secano y la ganader\u00eda extensiva.<\/p>\n","protected":false},"excerpt":{"rendered":"<p>Ante los pr\u00f3ximos encuentros, tanto bilaterales como en el seno de la Conferencia Sectorial de Agricultura y Ganader\u00eda, entre el Consejero de Agricultura y el ministro del ramo, ASAJA de Castilla y Le\u00f3n pide a Jes\u00fas Julio Carnero que marque \u201cl\u00edneas rojas\u201d y que no ceda ante cuestiones de la nueva PAC que son fundamentales [&hellip;]<\/p>\n","protected":false},"author":10,"featured_media":12175,"comment_status":"open","ping_status":"open","sticky":false,"template":"","format":"standard","meta":{"footnotes":""},"categories":[10,28],"tags":[],"yoast_head":"<!-- This site is optimized with the Yoast SEO plugin v24.5 - https:\/\/yoast.com\/wordpress\/plugins\/seo\/ -->\n<title>ASAJA pide al consejero que no ceda ante el ministro en la defensa de la PAC que necesita Castilla y Le\u00f3n - ASAJA Salamanca<\/title>\n<meta name=\"description\" content=\"Ante los pr\u00f3ximos encuentros, tanto bilaterales como en el seno de la Conferencia Sectorial de Agricultura y Ganader\u00eda, entre el Consejero de Agricultura\" \/>\n<meta name=\"robots\" content=\"index, follow, max-snippet:-1, max-image-preview:large, max-video-preview:-1\" \/>\n<link rel=\"canonical\" href=\"https:\/\/www.asajacyl.com\/salamanca\/asaja-salamanca-informa\/asaja-pide-al-consejero-que-no-ceda-ante-el-ministro-en-la-defensa-de-la-pac-que-necesita-castilla-y-leon\" \/>\n<meta property=\"og:locale\" content=\"es_ES\" \/>\n<meta property=\"og:type\" content=\"article\" \/>\n<meta property=\"og:title\" content=\"ASAJA pide al consejero que no ceda ante el ministro en la defensa de la PAC que necesita Castilla y Le\u00f3n - ASAJA Salamanca\" \/>\n<meta property=\"og:description\" content=\"Ante los pr\u00f3ximos encuentros, tanto bilaterales como en el seno de la Conferencia Sectorial de Agricultura y Ganader\u00eda, entre el Consejero de Agricultura\" \/>\n<meta property=\"og:url\" content=\"https:\/\/www.asajacyl.com\/salamanca\/asaja-salamanca-informa\/asaja-pide-al-consejero-que-no-ceda-ante-el-ministro-en-la-defensa-de-la-pac-que-necesita-castilla-y-leon\" \/>\n<meta property=\"og:site_name\" content=\"ASAJA Salamanca\" \/>\n<meta property=\"article:published_time\" content=\"2021-07-13T08:28:08+00:00\" \/>\n<meta property=\"article:modified_time\" content=\"2021-07-15T11:10:16+00:00\" \/>\n<meta property=\"og:image\" content=\"https:\/\/www.asajacyl.com\/salamanca\/wp-content\/uploads\/sites\/7\/2021\/07\/donaciano-dujo.jpg\" \/>\n\t<meta property=\"og:image:width\" content=\"830\" \/>\n\t<meta property=\"og:image:height\" content=\"535\" \/>\n\t<meta property=\"og:image:type\" content=\"image\/jpeg\" \/>\n<meta name=\"author\" content=\"Sonia\" \/>\n<meta name=\"twitter:card\" content=\"summary_large_image\" \/>\n<meta name=\"twitter:label1\" content=\"Escrito por\" \/>\n\t<meta name=\"twitter:data1\" content=\"Sonia\" \/>\n\t<meta name=\"twitter:label2\" content=\"Tiempo de lectura\" \/>\n\t<meta name=\"twitter:data2\" content=\"3 minutos\" \/>\n<script type=\"application\/ld+json\" class=\"yoast-schema-graph\">{\"@context\":\"https:\/\/schema.org\",\"@graph\":[{\"@type\":\"WebPage\",\"@id\":\"https:\/\/www.asajacyl.com\/salamanca\/asaja-salamanca-informa\/asaja-pide-al-consejero-que-no-ceda-ante-el-ministro-en-la-defensa-de-la-pac-que-necesita-castilla-y-leon\",\"url\":\"https:\/\/www.asajacyl.com\/salamanca\/asaja-salamanca-informa\/asaja-pide-al-consejero-que-no-ceda-ante-el-ministro-en-la-defensa-de-la-pac-que-necesita-castilla-y-leon\",\"name\":\"ASAJA pide al consejero que no ceda ante el ministro en la defensa de la PAC que necesita Castilla y Le\u00f3n - ASAJA Salamanca\",\"isPartOf\":{\"@id\":\"https:\/\/www.asajacyl.com\/salamanca\/#website\"},\"primaryImageOfPage\":{\"@id\":\"https:\/\/www.asajacyl.com\/salamanca\/asaja-salamanca-informa\/asaja-pide-al-consejero-que-no-ceda-ante-el-ministro-en-la-defensa-de-la-pac-que-necesita-castilla-y-leon#primaryimage\"},\"image\":{\"@id\":\"https:\/\/www.asajacyl.com\/salamanca\/asaja-salamanca-informa\/asaja-pide-al-consejero-que-no-ceda-ante-el-ministro-en-la-defensa-de-la-pac-que-necesita-castilla-y-leon#primaryimage\"},\"thumbnailUrl\":\"https:\/\/www.asajacyl.com\/salamanca\/wp-content\/uploads\/sites\/7\/2021\/07\/donaciano-dujo.jpg\",\"datePublished\":\"2021-07-13T08:28:08+00:00\",\"dateModified\":\"2021-07-15T11:10:16+00:00\",\"author\":{\"@id\":\"https:\/\/www.asajacyl.com\/salamanca\/#\/schema\/person\/2bfc7da09988e1087e6291fafe99b67f\"},\"description\":\"Ante los pr\u00f3ximos encuentros, tanto bilaterales como en el seno de la Conferencia Sectorial de Agricultura y Ganader\u00eda, entre el Consejero de Agricultura\",\"breadcrumb\":{\"@id\":\"https:\/\/www.asajacyl.com\/salamanca\/asaja-salamanca-informa\/asaja-pide-al-consejero-que-no-ceda-ante-el-ministro-en-la-defensa-de-la-pac-que-necesita-castilla-y-leon#breadcrumb\"},\"inLanguage\":\"es\",\"potentialAction\":[{\"@type\":\"ReadAction\",\"target\":[\"https:\/\/www.asajacyl.com\/salamanca\/asaja-salamanca-informa\/asaja-pide-al-consejero-que-no-ceda-ante-el-ministro-en-la-defensa-de-la-pac-que-necesita-castilla-y-leon\"]}]},{\"@type\":\"ImageObject\",\"inLanguage\":\"es\",\"@id\":\"https:\/\/www.asajacyl.com\/salamanca\/asaja-salamanca-informa\/asaja-pide-al-consejero-que-no-ceda-ante-el-ministro-en-la-defensa-de-la-pac-que-necesita-castilla-y-leon#primaryimage\",\"url\":\"https:\/\/www.asajacyl.com\/salamanca\/wp-content\/uploads\/sites\/7\/2021\/07\/donaciano-dujo.jpg\",\"contentUrl\":\"https:\/\/www.asajacyl.com\/salamanca\/wp-content\/uploads\/sites\/7\/2021\/07\/donaciano-dujo.jpg\",\"width\":830,\"height\":535},{\"@type\":\"BreadcrumbList\",\"@id\":\"https:\/\/www.asajacyl.com\/salamanca\/asaja-salamanca-informa\/asaja-pide-al-consejero-que-no-ceda-ante-el-ministro-en-la-defensa-de-la-pac-que-necesita-castilla-y-leon#breadcrumb\",\"itemListElement\":[{\"@type\":\"ListItem\",\"position\":1,\"name\":\"Portada\",\"item\":\"https:\/\/www.asajacyl.com\/salamanca\/\"},{\"@type\":\"ListItem\",\"position\":2,\"name\":\"ASAJA pide al consejero que no ceda ante el ministro en la defensa de la PAC que necesita Castilla y Le\u00f3n\"}]},{\"@type\":\"WebSite\",\"@id\":\"https:\/\/www.asajacyl.com\/salamanca\/#website\",\"url\":\"https:\/\/www.asajacyl.com\/salamanca\/\",\"name\":\"ASAJA Salamanca\",\"description\":\"Otro sitio m\u00e1s de Provincias ASAJA Castilla y Le\u00f3n\",\"potentialAction\":[{\"@type\":\"SearchAction\",\"target\":{\"@type\":\"EntryPoint\",\"urlTemplate\":\"https:\/\/www.asajacyl.com\/salamanca\/?s={search_term_string}\"},\"query-input\":{\"@type\":\"PropertyValueSpecification\",\"valueRequired\":true,\"valueName\":\"search_term_string\"}}],\"inLanguage\":\"es\"},{\"@type\":\"Person\",\"@id\":\"https:\/\/www.asajacyl.com\/salamanca\/#\/schema\/person\/2bfc7da09988e1087e6291fafe99b67f\",\"name\":\"Sonia\",\"image\":{\"@type\":\"ImageObject\",\"inLanguage\":\"es\",\"@id\":\"https:\/\/www.asajacyl.com\/salamanca\/#\/schema\/person\/image\/\",\"url\":\"https:\/\/secure.gravatar.com\/avatar\/6b0d6eb461a1e3687cc023d59022ef0d?s=96&d=mm&r=g\",\"contentUrl\":\"https:\/\/secure.gravatar.com\/avatar\/6b0d6eb461a1e3687cc023d59022ef0d?s=96&d=mm&r=g\",\"caption\":\"Sonia\"},\"url\":\"https:\/\/www.asajacyl.com\/salamanca\/author\/juanluisde\"}]}<\/script>\n<!-- \/ Yoast SEO plugin. -->","yoast_head_json":{"title":"ASAJA pide al consejero que no ceda ante el ministro en la defensa de la PAC que necesita Castilla y Le\u00f3n - ASAJA Salamanca","description":"Ante los pr\u00f3ximos encuentros, tanto bilaterales como en el seno de la Conferencia Sectorial de Agricultura y Ganader\u00eda, entre el Consejero de Agricultura","robots":{"index":"index","follow":"follow","max-snippet":"max-snippet:-1","max-image-preview":"max-image-preview:large","max-video-preview":"max-video-preview:-1"},"canonical":"https:\/\/www.asajacyl.com\/salamanca\/asaja-salamanca-informa\/asaja-pide-al-consejero-que-no-ceda-ante-el-ministro-en-la-defensa-de-la-pac-que-necesita-castilla-y-leon","og_locale":"es_ES","og_type":"article","og_title":"ASAJA pide al consejero que no ceda ante el ministro en la defensa de la PAC que necesita Castilla y Le\u00f3n - ASAJA Salamanca","og_description":"Ante los pr\u00f3ximos encuentros, tanto bilaterales como en el seno de la Conferencia Sectorial de Agricultura y Ganader\u00eda, entre el Consejero de Agricultura","og_url":"https:\/\/www.asajacyl.com\/salamanca\/asaja-salamanca-informa\/asaja-pide-al-consejero-que-no-ceda-ante-el-ministro-en-la-defensa-de-la-pac-que-necesita-castilla-y-leon","og_site_name":"ASAJA Salamanca","article_published_time":"2021-07-13T08:28:08+00:00","article_modified_time":"2021-07-15T11:10:16+00:00","og_image":[{"width":830,"height":535,"url":"https:\/\/www.asajacyl.com\/salamanca\/wp-content\/uploads\/sites\/7\/2021\/07\/donaciano-dujo.jpg","type":"image\/jpeg"}],"author":"Sonia","twitter_card":"summary_large_image","twitter_misc":{"Escrito por":"Sonia","Tiempo de lectura":"3 minutos"},"schema":{"@context":"https:\/\/schema.org","@graph":[{"@type":"WebPage","@id":"https:\/\/www.asajacyl.com\/salamanca\/asaja-salamanca-informa\/asaja-pide-al-consejero-que-no-ceda-ante-el-ministro-en-la-defensa-de-la-pac-que-necesita-castilla-y-leon","url":"https:\/\/www.asajacyl.com\/salamanca\/asaja-salamanca-informa\/asaja-pide-al-consejero-que-no-ceda-ante-el-ministro-en-la-defensa-de-la-pac-que-necesita-castilla-y-leon","name":"ASAJA pide al consejero que no ceda ante el ministro en la defensa de la PAC que necesita Castilla y Le\u00f3n - ASAJA Salamanca","isPartOf":{"@id":"https:\/\/www.asajacyl.com\/salamanca\/#website"},"primaryImageOfPage":{"@id":"https:\/\/www.asajacyl.com\/salamanca\/asaja-salamanca-informa\/asaja-pide-al-consejero-que-no-ceda-ante-el-ministro-en-la-defensa-de-la-pac-que-necesita-castilla-y-leon#primaryimage"},"image":{"@id":"https:\/\/www.asajacyl.com\/salamanca\/asaja-salamanca-informa\/asaja-pide-al-consejero-que-no-ceda-ante-el-ministro-en-la-defensa-de-la-pac-que-necesita-castilla-y-leon#primaryimage"},"thumbnailUrl":"https:\/\/www.asajacyl.com\/salamanca\/wp-content\/uploads\/sites\/7\/2021\/07\/donaciano-dujo.jpg","datePublished":"2021-07-13T08:28:08+00:00","dateModified":"2021-07-15T11:10:16+00:00","author":{"@id":"https:\/\/www.asajacyl.com\/salamanca\/#\/schema\/person\/2bfc7da09988e1087e6291fafe99b67f"},"description":"Ante los pr\u00f3ximos encuentros, tanto bilaterales como en el seno de la Conferencia Sectorial de Agricultura y Ganader\u00eda, entre el Consejero de Agricultura","breadcrumb":{"@id":"https:\/\/www.asajacyl.com\/salamanca\/asaja-salamanca-informa\/asaja-pide-al-consejero-que-no-ceda-ante-el-ministro-en-la-defensa-de-la-pac-que-necesita-castilla-y-leon#breadcrumb"},"inLanguage":"es","potentialAction":[{"@type":"ReadAction","target":["https:\/\/www.asajacyl.com\/salamanca\/asaja-salamanca-informa\/asaja-pide-al-consejero-que-no-ceda-ante-el-ministro-en-la-defensa-de-la-pac-que-necesita-castilla-y-leon"]}]},{"@type":"ImageObject","inLanguage":"es","@id":"https:\/\/www.asajacyl.com\/salamanca\/asaja-salamanca-informa\/asaja-pide-al-consejero-que-no-ceda-ante-el-ministro-en-la-defensa-de-la-pac-que-necesita-castilla-y-leon#primaryimage","url":"https:\/\/www.asajacyl.com\/salamanca\/wp-content\/uploads\/sites\/7\/2021\/07\/donaciano-dujo.jpg","contentUrl":"https:\/\/www.asajacyl.com\/salamanca\/wp-content\/uploads\/sites\/7\/2021\/07\/donaciano-dujo.jpg","width":830,"height":535},{"@type":"BreadcrumbList","@id":"https:\/\/www.asajacyl.com\/salamanca\/asaja-salamanca-informa\/asaja-pide-al-consejero-que-no-ceda-ante-el-ministro-en-la-defensa-de-la-pac-que-necesita-castilla-y-leon#breadcrumb","itemListElement":[{"@type":"ListItem","position":1,"name":"Portada","item":"https:\/\/www.asajacyl.com\/salamanca\/"},{"@type":"ListItem","position":2,"name":"ASAJA pide al consejero que no ceda ante el ministro en la defensa de la PAC que necesita Castilla y Le\u00f3n"}]},{"@type":"WebSite","@id":"https:\/\/www.asajacyl.com\/salamanca\/#website","url":"https:\/\/www.asajacyl.com\/salamanca\/","name":"ASAJA Salamanca","description":"Otro sitio m\u00e1s de Provincias ASAJA Castilla y Le\u00f3n","potentialAction":[{"@type":"SearchAction","target":{"@type":"EntryPoint","urlTemplate":"https:\/\/www.asajacyl.com\/salamanca\/?s={search_term_string}"},"query-input":{"@type":"PropertyValueSpecification","valueRequired":true,"valueName":"search_term_string"}}],"inLanguage":"es"},{"@type":"Person","@id":"https:\/\/www.asajacyl.com\/salamanca\/#\/schema\/person\/2bfc7da09988e1087e6291fafe99b67f","name":"Sonia","image":{"@type":"ImageObject","inLanguage":"es","@id":"https:\/\/www.asajacyl.com\/salamanca\/#\/schema\/person\/image\/","url":"https:\/\/secure.gravatar.com\/avatar\/6b0d6eb461a1e3687cc023d59022ef0d?s=96&d=mm&r=g","contentUrl":"https:\/\/secure.gravatar.com\/avatar\/6b0d6eb461a1e3687cc023d59022ef0d?s=96&d=mm&r=g","caption":"Sonia"},"url":"https:\/\/www.asajacyl.com\/salamanca\/author\/juanluisde"}]}},"_links":{"self":[{"href":"https:\/\/www.asajacyl.com\/salamanca\/wp-json\/wp\/v2\/posts\/12173"}],"collection":[{"href":"https:\/\/www.asajacyl.com\/salamanca\/wp-json\/wp\/v2\/posts"}],"about":[{"href":"https:\/\/www.asajacyl.com\/salamanca\/wp-json\/wp\/v2\/types\/post"}],"author":[{"embeddable":true,"href":"https:\/\/www.asajacyl.com\/salamanca\/wp-json\/wp\/v2\/users\/10"}],"replies":[{"embeddable":true,"href":"https:\/\/www.asajacyl.com\/salamanca\/wp-json\/wp\/v2\/comments?post=12173"}],"version-history":[{"count":1,"href":"https:\/\/www.asajacyl.com\/salamanca\/wp-json\/wp\/v2\/posts\/12173\/revisions"}],"predecessor-version":[{"id":12176,"href":"https:\/\/www.asajacyl.com\/salamanca\/wp-json\/wp\/v2\/posts\/12173\/revisions\/12176"}],"wp:featuredmedia":[{"embeddable":true,"href":"https:\/\/www.asajacyl.com\/salamanca\/wp-json\/wp\/v2\/media\/12175"}],"wp:attachment":[{"href":"https:\/\/www.asajacyl.com\/salamanca\/wp-json\/wp\/v2\/media?parent=12173"}],"wp:term":[{"taxonomy":"category","embeddable":true,"href":"https:\/\/www.asajacyl.com\/salamanca\/wp-json\/wp\/v2\/categories?post=12173"},{"taxonomy":"post_tag","embeddable":true,"href":"https:\/\/www.asajacyl.com\/salamanca\/wp-json\/wp\/v2\/tags?post=12173"}],"curies":[{"name":"wp","href":"https:\/\/api.w.org\/{rel}","templated":true}]}}