{"id":12182,"date":"2021-07-15T10:28:59","date_gmt":"2021-07-15T08:28:59","guid":{"rendered":"https:\/\/www.asajacyl.com\/salamanca\/?p=12182"},"modified":"2021-07-15T10:29:00","modified_gmt":"2021-07-15T08:29:00","slug":"castilla-y-leon-apuesta-por-un-modelo-de-agricultura-profesional-ante-la-nueva-pac-economicamente-sostenible-que-da-vida-a-las-areas-rurales-espanolas","status":"publish","type":"post","link":"https:\/\/www.asajacyl.com\/salamanca\/asaja-salamanca-informa\/castilla-y-leon-apuesta-por-un-modelo-de-agricultura-profesional-ante-la-nueva-pac-economicamente-sostenible-que-da-vida-a-las-areas-rurales-espanolas","title":{"rendered":"Castilla y Le\u00f3n apuesta por un modelo de agricultura profesional ante la nueva PAC econ\u00f3micamente sostenible que da vida a las \u00e1reas rurales espa\u00f1olas"},"content":{"rendered":"\n<p>El consejero de Agricultura, Ganader\u00eda y Desarrollo Rural, Jes\u00fas Julio Carnero, asisti\u00f3, el 14 de julio, de manera presencial, a la Conferencia Sectorial de Agricultura y Desarrollo Rural convocada por el ministro de Agricultura Pesca y Alimentaci\u00f3n, Luis Planas, en la que participaron los responsables en materia agraria de las comunidades aut\u00f3nomas.<\/p>\n\n\n\n<p><strong>La nueva PAC y sus ambiciones<\/strong><\/p>\n\n\n\n<p>La Conferencia Sectorial se centr\u00f3 en el an\u00e1lisis de las propuestas del Ministerio de Agricultura, Pesca y Alimentaci\u00f3n para la aplicaci\u00f3n de la nueva PAC que se reflejar\u00e1n en el Plan Estrat\u00e9gico Nacional que Espa\u00f1a tendr\u00e1 que presentar a la Comisi\u00f3n Europea antes del 31 de diciembre de este a\u00f1o, para que se pueda aplicar a partir del 1 de enero de 2023.<\/p>\n\n\n\n<p>Para ello, el Ministerio ha presentado a las comunidades aut\u00f3nomas un documento denominado \u2018Propuesta de Acuerdo para la elaboraci\u00f3n del Plan Estrat\u00e9gico de la Pol\u00edtica Agr\u00edcola Com\u00fan\u2019, en el que detalla los planteamientos generales de base para poder elaborar el citado Plan. Este documento est\u00e1 dirigido a orientar el debate en la Conferencia Sectorial y poder llegar a un acuerdo en Espa\u00f1a que permita elaborar el Plan Estrat\u00e9gico referido.<\/p>\n\n\n\n<p>El consejero ha destacado que \u201cla propuesta que ha presentado el ministro aborda aspectos fundamentales de la reforma de la PAC que se acaba de acordar por las instituciones europeas. Aspectos que est\u00e1n, en mayor o menor medida, desarrollados en el documento, pero en todo caso es preciso conocer con m\u00e1s detalle algunos de ellos, especialmente los que se refieren a las medidas m\u00e1s novedosas, como son la aquitectura medioambiental y el pago redistributivo\u201d. Por eso, ha a\u00f1adido, \u201ces necesario seguir trabajando en su definici\u00f3n, sin que ello signifique retrasar la adopci\u00f3n de acuerdos en otros aspectos, puesto que la realidad es que la cuenta atr\u00e1s para la presentaci\u00f3n del Plan Estrat\u00e9gico ya ha empezado y expira el 31 de diciembre de este a\u00f1o\u201d.<\/p>\n\n\n\n<p>La nueva PAC se va a caracterizar por una mayor ambici\u00f3n medioambiental, tanto en los requisitos m\u00ednimos obligatorios para poder percibir las ayudas directas (condicionalidad reforzada), como en las ayudas que se dedicar\u00e1n para la realizaci\u00f3n de pr\u00e1cticas agrarias sostenibles con el medio ambiente en el primer pilar (los denominados ecoesquemas) y tambi\u00e9n en el segundo pilar cofinanciadas por el Feader (medidas de agroambiente y clima, agricultura ecol\u00f3gica..).<\/p>\n\n\n\n<p>El consejero, Jes\u00fas Julio Carnero, ha incidido adem\u00e1s en que \u201cno podemos perder de vista la importancia del sector agrario y agroalimentario, prueba de ello lo hemos vivido recientemente con la pandemia de COVID-19. Esta posici\u00f3n com\u00fan viene respaldada por el Gobierno de la Comunidad, las organizaciones profesionales agrarias, cooperativas agrarias, todos los partidos pol\u00edticos con representaci\u00f3n en las Cortes de Castilla y Le\u00f3n y otras entidades y asociaciones relacionadas con el medio rural, que parte del principio de que los nuevos requisitos que se exijan deben ser compensados adecuadamente. El sector agrario es un sector econ\u00f3mico esencial, su principal misi\u00f3n es la producci\u00f3n de alimentos de forma sostenible\u201d.<\/p>\n\n\n\n<p>En consecuencia, las ambiciones de la nueva PAC deben tener una triple vertiente: la medioambiental, la econ\u00f3mica y la social, y todas ellas dirigidas a mantener esta actividad, al ser la base econ\u00f3mica de las \u00e1reas rurales.<\/p>\n\n\n\n<p><strong>\u00bfA qui\u00e9n deben dirigirse las ayudas?<\/strong><\/p>\n\n\n\n<p>La propuesta del Ministerio plantea que el perceptor de las ayudas se caracterice porque sus ingresos agrarios al menos sean el 25% de sus ingresos totales, pero abre tambi\u00e9n la puerta a otros beneficiarios que, sin cumplir este requisito, est\u00e9n afiliados a la Seguridad Social Agraria, as\u00ed como aquellos que perciban anualmente un m\u00e1ximo de 5.000 euros de ayudas directas sin ninguna condici\u00f3n a\u00f1adida.<\/p>\n\n\n\n<p>El consejero ha se\u00f1alado que \u201cla agricultura de Castilla y Le\u00f3n est\u00e1 claramente identificada con un modelo profesional, que crea empleo, riqueza y es la actividad econ\u00f3mica en el medio rural\u201d, y por ello comparte que el porcentaje de ingresos agrarios m\u00ednimo propuesto es aceptable, coincide con el planteamiento del sector en Castilla y Le\u00f3n, pero, sin embargo, ha dicho, \u201cnecesitamos dar un paso m\u00e1s, de forma que el agricultor activo en cualquiera de sus modalidades sea cotizante a la Seguridad Social Agraria\u201d.<\/p>\n\n\n\n<p><strong>El relevo generacional y el apoyo a la mujer<\/strong><\/p>\n\n\n\n<p>El relevo generacional y el apoyo a la mujer son dos de las prioridades de la Junta de Castilla y Le\u00f3n, de hecho el a\u00f1o pasado la Junta aprob\u00f3 una Estrateg\u00eda de apoyo a la mujer rural y en breve se presentar\u00e1 un Plan espec\u00edfico dirigido a los j\u00f3venes agricultores y ganaderos. La Consejer\u00eda de Agricultura, Ganader\u00eda y Desarrollo Rural apoya con car\u00e1cter general la propuesta presentada, est\u00e1 de acuerdo con el incremento de la ayuda unitaria al doble respecto del modelo actual y a su vez ha reclamado el n\u00famero de hect\u00e1reas que se pueden beneficiar de las ayudas complementarias a j\u00f3venes, respecto a las 90 actuales, con un incremento de las ayudas a las mujeres que se incorporan al sector agrario.<\/p>\n\n\n\n<p><strong>La ayuda b\u00e1sica y el pago redistributivo&nbsp;<\/strong><\/p>\n\n\n\n<p>La propuesta del Ministerio contempla destinar un 60% de todas las ayudas directas a la denominada ayuda b\u00e1sica a la renta, de la cual se detraer\u00e1 un porcentaje para dotar el nuevo pago denominado redistributivo, que tiene como objetivo apoyar a las peque\u00f1as y medianas explotaciones.<\/p>\n\n\n\n<p>El consejero ha destacado que este \u00faltimo pago, si bien va a ser obligatorio implantarlo, \u201cdeber\u00edamos ser prudentes, siendo un pago nuevo, puesto que no se conocen los efectos en las diferentes explotaciones\u201d. Por eso ha defendido la posici\u00f3n de destinar el importe m\u00ednimo que reglamentariamente se ha acordado en Europa, el 10% de las ayudas directas. Y a su vez ha reclamado que este pago deber\u00eda dirigirse a las explotaciones m\u00e1s profesionales.<\/p>\n\n\n\n<p><strong>La nueva regionalizaci\u00f3n productiva&nbsp;<\/strong><\/p>\n\n\n\n<p>La propuesta del Ministerio plantea una simplificaci\u00f3n de las regiones productivas, actualmente cincuenta, para llegar a una nueva situaci\u00f3n con hasta un m\u00e1ximo de veinte regiones. Estas regiones determinar\u00e1n los importes de la ayuda b\u00e1sica a la renta as\u00ed como de otras ayudas directas ligadas a la misma. El consejero comparte la necesidad de simplificar el numero de regiones actuales y llegar a una simplificaci\u00f3n como la propuesta, no obstante ha hecho hincapi\u00e9 en que el nuevo modelo de regiones debe evitar distorsiones territoriales respecto a la financiaci\u00f3n global.<\/p>\n\n\n\n<p><strong>Los&nbsp;<\/strong><strong>ecoesquemas y las ayudas asociadas<\/strong><\/p>\n\n\n\n<p>El consejero ha ofrecido nuevamente el modelo de ecoesquema \u00fanico que fue remitido al Ministerio desde la Consejer\u00eda. Los ecoesquemas son nuevas ayudasque sustituir\u00e1n a la actual ayuda verde o greenning, para la que se propone destinar un 23% del total del importe de las ayudas directas. En este sentido, Carnero ha se\u00f1alado que \u201ces necesario desarrollar con m\u00e1s detalle la propuesta del Ministerio y apoyar la celebraci\u00f3n de grupos de trabajo espec\u00edficos para poder llegar a una definici\u00f3n m\u00e1s precisa de estas importantes ayudas en las que necesariamente se debe incorporar alg\u00fan elemento incentivador\u201d.<\/p>\n\n\n\n<p>Respecto a las ayudas asociadas, el consejero ha indicado que \u201cCastilla y Le\u00f3n apuesta por un paquete de estas ayudas que mantenga las existentes, las ganaderas y las de algunos sectores agr\u00edcolas importantes en la Comunidad como la remolacha y los cultivos proteicos. La propuesta del Ministerio va orientada a ese planteamiento y en ese sentido es apoyada por Castilla y Le\u00f3n\u201d. No obstante ha demandado que no se reduzcan las ayudas al sector del vacuno, como inicialmente se pretend\u00eda, y adem\u00e1s se incorpore un Plan Sectorial Nacional para el ovino-caprino.<\/p>\n\n\n\n<p><strong>La financiaci\u00f3n para la nueva PAC<\/strong><\/p>\n\n\n\n<p>El consejero ha planteado en la Conferencia Sectorial que la PAC es una pol\u00edtica muy importante para las Comunidades Aut\u00f3nomas, ya que es la \u00fanica pol\u00edtica europea dirigida al apoyo de las actividades econ\u00f3micas en el medio rural. Castilla y Le\u00f3n cuenta en el periodo actual con mil millones de euros anuales procedentes de fondos europeos, el Feaga y el Feader. Es importante, por tanto, mantener este nivel de apoyo y Castilla y Le\u00f3n defender\u00e1 siempre no disminuir estos apoyos en la nueva PAC.As\u00ed mismo, el consejero ha recordado que la financiaci\u00f3n del segundo pilar de la PAC est\u00e1 cofinanciada por el Feader y por aportaciones del Estado y la Comunidad Aut\u00f3noma. Aportaciones estas \u00faltimas para las que el consejero ha pedido recuperar el equilibrio de ambas, que en otros periodos exist\u00eda.<\/p>\n","protected":false},"excerpt":{"rendered":"<p>El consejero de Agricultura, Ganader\u00eda y Desarrollo Rural, Jes\u00fas Julio Carnero, asisti\u00f3, el 14 de julio, de manera presencial, a la Conferencia Sectorial de Agricultura y Desarrollo Rural convocada por el ministro de Agricultura Pesca y Alimentaci\u00f3n, Luis Planas, en la que participaron los responsables en materia agraria de las comunidades aut\u00f3nomas. La nueva PAC [&hellip;]<\/p>\n","protected":false},"author":10,"featured_media":12183,"comment_status":"open","ping_status":"open","sticky":false,"template":"","format":"standard","meta":{"footnotes":""},"categories":[10,510],"tags":[],"yoast_head":"<!-- This site is optimized with the Yoast SEO plugin v24.5 - https:\/\/yoast.com\/wordpress\/plugins\/seo\/ -->\n<title>Castilla y Le\u00f3n apuesta por un modelo de agricultura profesional ante la nueva PAC econ\u00f3micamente sostenible que da vida a las \u00e1reas rurales espa\u00f1olas - ASAJA Salamanca<\/title>\n<meta name=\"description\" content=\"El consejero de Agricultura, Ganader\u00eda y Desarrollo Rural, Jes\u00fas Julio Carnero, asisti\u00f3, el 14 de julio, de manera presencial, a la Conferencia Sectorial\" \/>\n<meta name=\"robots\" content=\"index, follow, max-snippet:-1, max-image-preview:large, max-video-preview:-1\" \/>\n<link rel=\"canonical\" href=\"https:\/\/www.asajacyl.com\/salamanca\/asaja-salamanca-informa\/castilla-y-leon-apuesta-por-un-modelo-de-agricultura-profesional-ante-la-nueva-pac-economicamente-sostenible-que-da-vida-a-las-areas-rurales-espanolas\" \/>\n<meta property=\"og:locale\" content=\"es_ES\" \/>\n<meta property=\"og:type\" content=\"article\" \/>\n<meta property=\"og:title\" content=\"Castilla y Le\u00f3n apuesta por un modelo de agricultura profesional ante la nueva PAC econ\u00f3micamente sostenible que da vida a las \u00e1reas rurales espa\u00f1olas - ASAJA Salamanca\" \/>\n<meta property=\"og:description\" content=\"El consejero de Agricultura, Ganader\u00eda y Desarrollo Rural, Jes\u00fas Julio Carnero, asisti\u00f3, el 14 de julio, de manera presencial, a la Conferencia Sectorial\" \/>\n<meta property=\"og:url\" content=\"https:\/\/www.asajacyl.com\/salamanca\/asaja-salamanca-informa\/castilla-y-leon-apuesta-por-un-modelo-de-agricultura-profesional-ante-la-nueva-pac-economicamente-sostenible-que-da-vida-a-las-areas-rurales-espanolas\" \/>\n<meta property=\"og:site_name\" content=\"ASAJA Salamanca\" \/>\n<meta property=\"article:published_time\" content=\"2021-07-15T08:28:59+00:00\" \/>\n<meta property=\"article:modified_time\" content=\"2021-07-15T08:29:00+00:00\" \/>\n<meta property=\"og:image\" content=\"https:\/\/www.asajacyl.com\/salamanca\/wp-content\/uploads\/sites\/7\/2021\/07\/20210714SectorialPAC2.jpg\" \/>\n\t<meta property=\"og:image:width\" content=\"2500\" \/>\n\t<meta property=\"og:image:height\" content=\"1790\" \/>\n\t<meta property=\"og:image:type\" content=\"image\/jpeg\" \/>\n<meta name=\"author\" content=\"Sonia\" \/>\n<meta name=\"twitter:card\" content=\"summary_large_image\" \/>\n<meta name=\"twitter:label1\" content=\"Escrito por\" \/>\n\t<meta name=\"twitter:data1\" content=\"Sonia\" \/>\n\t<meta name=\"twitter:label2\" content=\"Tiempo de lectura\" \/>\n\t<meta name=\"twitter:data2\" content=\"6 minutos\" \/>\n<script type=\"application\/ld+json\" class=\"yoast-schema-graph\">{\"@context\":\"https:\/\/schema.org\",\"@graph\":[{\"@type\":\"WebPage\",\"@id\":\"https:\/\/www.asajacyl.com\/salamanca\/asaja-salamanca-informa\/castilla-y-leon-apuesta-por-un-modelo-de-agricultura-profesional-ante-la-nueva-pac-economicamente-sostenible-que-da-vida-a-las-areas-rurales-espanolas\",\"url\":\"https:\/\/www.asajacyl.com\/salamanca\/asaja-salamanca-informa\/castilla-y-leon-apuesta-por-un-modelo-de-agricultura-profesional-ante-la-nueva-pac-economicamente-sostenible-que-da-vida-a-las-areas-rurales-espanolas\",\"name\":\"Castilla y Le\u00f3n apuesta por un modelo de agricultura profesional ante la nueva PAC econ\u00f3micamente sostenible que da vida a las \u00e1reas rurales espa\u00f1olas - ASAJA Salamanca\",\"isPartOf\":{\"@id\":\"https:\/\/www.asajacyl.com\/salamanca\/#website\"},\"primaryImageOfPage\":{\"@id\":\"https:\/\/www.asajacyl.com\/salamanca\/asaja-salamanca-informa\/castilla-y-leon-apuesta-por-un-modelo-de-agricultura-profesional-ante-la-nueva-pac-economicamente-sostenible-que-da-vida-a-las-areas-rurales-espanolas#primaryimage\"},\"image\":{\"@id\":\"https:\/\/www.asajacyl.com\/salamanca\/asaja-salamanca-informa\/castilla-y-leon-apuesta-por-un-modelo-de-agricultura-profesional-ante-la-nueva-pac-economicamente-sostenible-que-da-vida-a-las-areas-rurales-espanolas#primaryimage\"},\"thumbnailUrl\":\"https:\/\/www.asajacyl.com\/salamanca\/wp-content\/uploads\/sites\/7\/2021\/07\/20210714SectorialPAC2.jpg\",\"datePublished\":\"2021-07-15T08:28:59+00:00\",\"dateModified\":\"2021-07-15T08:29:00+00:00\",\"author\":{\"@id\":\"https:\/\/www.asajacyl.com\/salamanca\/#\/schema\/person\/2bfc7da09988e1087e6291fafe99b67f\"},\"description\":\"El consejero de Agricultura, Ganader\u00eda y Desarrollo Rural, Jes\u00fas Julio Carnero, asisti\u00f3, el 14 de julio, de manera presencial, a la Conferencia Sectorial\",\"breadcrumb\":{\"@id\":\"https:\/\/www.asajacyl.com\/salamanca\/asaja-salamanca-informa\/castilla-y-leon-apuesta-por-un-modelo-de-agricultura-profesional-ante-la-nueva-pac-economicamente-sostenible-que-da-vida-a-las-areas-rurales-espanolas#breadcrumb\"},\"inLanguage\":\"es\",\"potentialAction\":[{\"@type\":\"ReadAction\",\"target\":[\"https:\/\/www.asajacyl.com\/salamanca\/asaja-salamanca-informa\/castilla-y-leon-apuesta-por-un-modelo-de-agricultura-profesional-ante-la-nueva-pac-economicamente-sostenible-que-da-vida-a-las-areas-rurales-espanolas\"]}]},{\"@type\":\"ImageObject\",\"inLanguage\":\"es\",\"@id\":\"https:\/\/www.asajacyl.com\/salamanca\/asaja-salamanca-informa\/castilla-y-leon-apuesta-por-un-modelo-de-agricultura-profesional-ante-la-nueva-pac-economicamente-sostenible-que-da-vida-a-las-areas-rurales-espanolas#primaryimage\",\"url\":\"https:\/\/www.asajacyl.com\/salamanca\/wp-content\/uploads\/sites\/7\/2021\/07\/20210714SectorialPAC2.jpg\",\"contentUrl\":\"https:\/\/www.asajacyl.com\/salamanca\/wp-content\/uploads\/sites\/7\/2021\/07\/20210714SectorialPAC2.jpg\",\"width\":2500,\"height\":1790},{\"@type\":\"BreadcrumbList\",\"@id\":\"https:\/\/www.asajacyl.com\/salamanca\/asaja-salamanca-informa\/castilla-y-leon-apuesta-por-un-modelo-de-agricultura-profesional-ante-la-nueva-pac-economicamente-sostenible-que-da-vida-a-las-areas-rurales-espanolas#breadcrumb\",\"itemListElement\":[{\"@type\":\"ListItem\",\"position\":1,\"name\":\"Portada\",\"item\":\"https:\/\/www.asajacyl.com\/salamanca\/\"},{\"@type\":\"ListItem\",\"position\":2,\"name\":\"Castilla y Le\u00f3n apuesta por un modelo de agricultura profesional ante la nueva PAC econ\u00f3micamente sostenible que da vida a las \u00e1reas rurales espa\u00f1olas\"}]},{\"@type\":\"WebSite\",\"@id\":\"https:\/\/www.asajacyl.com\/salamanca\/#website\",\"url\":\"https:\/\/www.asajacyl.com\/salamanca\/\",\"name\":\"ASAJA Salamanca\",\"description\":\"Otro sitio m\u00e1s de Provincias ASAJA Castilla y Le\u00f3n\",\"potentialAction\":[{\"@type\":\"SearchAction\",\"target\":{\"@type\":\"EntryPoint\",\"urlTemplate\":\"https:\/\/www.asajacyl.com\/salamanca\/?s={search_term_string}\"},\"query-input\":{\"@type\":\"PropertyValueSpecification\",\"valueRequired\":true,\"valueName\":\"search_term_string\"}}],\"inLanguage\":\"es\"},{\"@type\":\"Person\",\"@id\":\"https:\/\/www.asajacyl.com\/salamanca\/#\/schema\/person\/2bfc7da09988e1087e6291fafe99b67f\",\"name\":\"Sonia\",\"image\":{\"@type\":\"ImageObject\",\"inLanguage\":\"es\",\"@id\":\"https:\/\/www.asajacyl.com\/salamanca\/#\/schema\/person\/image\/\",\"url\":\"https:\/\/secure.gravatar.com\/avatar\/6b0d6eb461a1e3687cc023d59022ef0d?s=96&d=mm&r=g\",\"contentUrl\":\"https:\/\/secure.gravatar.com\/avatar\/6b0d6eb461a1e3687cc023d59022ef0d?s=96&d=mm&r=g\",\"caption\":\"Sonia\"},\"url\":\"https:\/\/www.asajacyl.com\/salamanca\/author\/juanluisde\"}]}<\/script>\n<!-- \/ Yoast SEO plugin. -->","yoast_head_json":{"title":"Castilla y Le\u00f3n apuesta por un modelo de agricultura profesional ante la nueva PAC econ\u00f3micamente sostenible que da vida a las \u00e1reas rurales espa\u00f1olas - ASAJA Salamanca","description":"El consejero de Agricultura, Ganader\u00eda y Desarrollo Rural, Jes\u00fas Julio Carnero, asisti\u00f3, el 14 de julio, de manera presencial, a la Conferencia Sectorial","robots":{"index":"index","follow":"follow","max-snippet":"max-snippet:-1","max-image-preview":"max-image-preview:large","max-video-preview":"max-video-preview:-1"},"canonical":"https:\/\/www.asajacyl.com\/salamanca\/asaja-salamanca-informa\/castilla-y-leon-apuesta-por-un-modelo-de-agricultura-profesional-ante-la-nueva-pac-economicamente-sostenible-que-da-vida-a-las-areas-rurales-espanolas","og_locale":"es_ES","og_type":"article","og_title":"Castilla y Le\u00f3n apuesta por un modelo de agricultura profesional ante la nueva PAC econ\u00f3micamente sostenible que da vida a las \u00e1reas rurales espa\u00f1olas - ASAJA Salamanca","og_description":"El consejero de Agricultura, Ganader\u00eda y Desarrollo Rural, Jes\u00fas Julio Carnero, asisti\u00f3, el 14 de julio, de manera presencial, a la Conferencia Sectorial","og_url":"https:\/\/www.asajacyl.com\/salamanca\/asaja-salamanca-informa\/castilla-y-leon-apuesta-por-un-modelo-de-agricultura-profesional-ante-la-nueva-pac-economicamente-sostenible-que-da-vida-a-las-areas-rurales-espanolas","og_site_name":"ASAJA Salamanca","article_published_time":"2021-07-15T08:28:59+00:00","article_modified_time":"2021-07-15T08:29:00+00:00","og_image":[{"width":2500,"height":1790,"url":"https:\/\/www.asajacyl.com\/salamanca\/wp-content\/uploads\/sites\/7\/2021\/07\/20210714SectorialPAC2.jpg","type":"image\/jpeg"}],"author":"Sonia","twitter_card":"summary_large_image","twitter_misc":{"Escrito por":"Sonia","Tiempo de lectura":"6 minutos"},"schema":{"@context":"https:\/\/schema.org","@graph":[{"@type":"WebPage","@id":"https:\/\/www.asajacyl.com\/salamanca\/asaja-salamanca-informa\/castilla-y-leon-apuesta-por-un-modelo-de-agricultura-profesional-ante-la-nueva-pac-economicamente-sostenible-que-da-vida-a-las-areas-rurales-espanolas","url":"https:\/\/www.asajacyl.com\/salamanca\/asaja-salamanca-informa\/castilla-y-leon-apuesta-por-un-modelo-de-agricultura-profesional-ante-la-nueva-pac-economicamente-sostenible-que-da-vida-a-las-areas-rurales-espanolas","name":"Castilla y Le\u00f3n apuesta por un modelo de agricultura profesional ante la nueva PAC econ\u00f3micamente sostenible que da vida a las \u00e1reas rurales espa\u00f1olas - ASAJA Salamanca","isPartOf":{"@id":"https:\/\/www.asajacyl.com\/salamanca\/#website"},"primaryImageOfPage":{"@id":"https:\/\/www.asajacyl.com\/salamanca\/asaja-salamanca-informa\/castilla-y-leon-apuesta-por-un-modelo-de-agricultura-profesional-ante-la-nueva-pac-economicamente-sostenible-que-da-vida-a-las-areas-rurales-espanolas#primaryimage"},"image":{"@id":"https:\/\/www.asajacyl.com\/salamanca\/asaja-salamanca-informa\/castilla-y-leon-apuesta-por-un-modelo-de-agricultura-profesional-ante-la-nueva-pac-economicamente-sostenible-que-da-vida-a-las-areas-rurales-espanolas#primaryimage"},"thumbnailUrl":"https:\/\/www.asajacyl.com\/salamanca\/wp-content\/uploads\/sites\/7\/2021\/07\/20210714SectorialPAC2.jpg","datePublished":"2021-07-15T08:28:59+00:00","dateModified":"2021-07-15T08:29:00+00:00","author":{"@id":"https:\/\/www.asajacyl.com\/salamanca\/#\/schema\/person\/2bfc7da09988e1087e6291fafe99b67f"},"description":"El consejero de Agricultura, Ganader\u00eda y Desarrollo Rural, Jes\u00fas Julio Carnero, asisti\u00f3, el 14 de julio, de manera presencial, a la Conferencia Sectorial","breadcrumb":{"@id":"https:\/\/www.asajacyl.com\/salamanca\/asaja-salamanca-informa\/castilla-y-leon-apuesta-por-un-modelo-de-agricultura-profesional-ante-la-nueva-pac-economicamente-sostenible-que-da-vida-a-las-areas-rurales-espanolas#breadcrumb"},"inLanguage":"es","potentialAction":[{"@type":"ReadAction","target":["https:\/\/www.asajacyl.com\/salamanca\/asaja-salamanca-informa\/castilla-y-leon-apuesta-por-un-modelo-de-agricultura-profesional-ante-la-nueva-pac-economicamente-sostenible-que-da-vida-a-las-areas-rurales-espanolas"]}]},{"@type":"ImageObject","inLanguage":"es","@id":"https:\/\/www.asajacyl.com\/salamanca\/asaja-salamanca-informa\/castilla-y-leon-apuesta-por-un-modelo-de-agricultura-profesional-ante-la-nueva-pac-economicamente-sostenible-que-da-vida-a-las-areas-rurales-espanolas#primaryimage","url":"https:\/\/www.asajacyl.com\/salamanca\/wp-content\/uploads\/sites\/7\/2021\/07\/20210714SectorialPAC2.jpg","contentUrl":"https:\/\/www.asajacyl.com\/salamanca\/wp-content\/uploads\/sites\/7\/2021\/07\/20210714SectorialPAC2.jpg","width":2500,"height":1790},{"@type":"BreadcrumbList","@id":"https:\/\/www.asajacyl.com\/salamanca\/asaja-salamanca-informa\/castilla-y-leon-apuesta-por-un-modelo-de-agricultura-profesional-ante-la-nueva-pac-economicamente-sostenible-que-da-vida-a-las-areas-rurales-espanolas#breadcrumb","itemListElement":[{"@type":"ListItem","position":1,"name":"Portada","item":"https:\/\/www.asajacyl.com\/salamanca\/"},{"@type":"ListItem","position":2,"name":"Castilla y Le\u00f3n apuesta por un modelo de agricultura profesional ante la nueva PAC econ\u00f3micamente sostenible que da vida a las \u00e1reas rurales espa\u00f1olas"}]},{"@type":"WebSite","@id":"https:\/\/www.asajacyl.com\/salamanca\/#website","url":"https:\/\/www.asajacyl.com\/salamanca\/","name":"ASAJA Salamanca","description":"Otro sitio m\u00e1s de Provincias ASAJA Castilla y Le\u00f3n","potentialAction":[{"@type":"SearchAction","target":{"@type":"EntryPoint","urlTemplate":"https:\/\/www.asajacyl.com\/salamanca\/?s={search_term_string}"},"query-input":{"@type":"PropertyValueSpecification","valueRequired":true,"valueName":"search_term_string"}}],"inLanguage":"es"},{"@type":"Person","@id":"https:\/\/www.asajacyl.com\/salamanca\/#\/schema\/person\/2bfc7da09988e1087e6291fafe99b67f","name":"Sonia","image":{"@type":"ImageObject","inLanguage":"es","@id":"https:\/\/www.asajacyl.com\/salamanca\/#\/schema\/person\/image\/","url":"https:\/\/secure.gravatar.com\/avatar\/6b0d6eb461a1e3687cc023d59022ef0d?s=96&d=mm&r=g","contentUrl":"https:\/\/secure.gravatar.com\/avatar\/6b0d6eb461a1e3687cc023d59022ef0d?s=96&d=mm&r=g","caption":"Sonia"},"url":"https:\/\/www.asajacyl.com\/salamanca\/author\/juanluisde"}]}},"_links":{"self":[{"href":"https:\/\/www.asajacyl.com\/salamanca\/wp-json\/wp\/v2\/posts\/12182"}],"collection":[{"href":"https:\/\/www.asajacyl.com\/salamanca\/wp-json\/wp\/v2\/posts"}],"about":[{"href":"https:\/\/www.asajacyl.com\/salamanca\/wp-json\/wp\/v2\/types\/post"}],"author":[{"embeddable":true,"href":"https:\/\/www.asajacyl.com\/salamanca\/wp-json\/wp\/v2\/users\/10"}],"replies":[{"embeddable":true,"href":"https:\/\/www.asajacyl.com\/salamanca\/wp-json\/wp\/v2\/comments?post=12182"}],"version-history":[{"count":1,"href":"https:\/\/www.asajacyl.com\/salamanca\/wp-json\/wp\/v2\/posts\/12182\/revisions"}],"predecessor-version":[{"id":12184,"href":"https:\/\/www.asajacyl.com\/salamanca\/wp-json\/wp\/v2\/posts\/12182\/revisions\/12184"}],"wp:featuredmedia":[{"embeddable":true,"href":"https:\/\/www.asajacyl.com\/salamanca\/wp-json\/wp\/v2\/media\/12183"}],"wp:attachment":[{"href":"https:\/\/www.asajacyl.com\/salamanca\/wp-json\/wp\/v2\/media?parent=12182"}],"wp:term":[{"taxonomy":"category","embeddable":true,"href":"https:\/\/www.asajacyl.com\/salamanca\/wp-json\/wp\/v2\/categories?post=12182"},{"taxonomy":"post_tag","embeddable":true,"href":"https:\/\/www.asajacyl.com\/salamanca\/wp-json\/wp\/v2\/tags?post=12182"}],"curies":[{"name":"wp","href":"https:\/\/api.w.org\/{rel}","templated":true}]}}