{"id":12185,"date":"2021-07-15T10:32:22","date_gmt":"2021-07-15T08:32:22","guid":{"rendered":"https:\/\/www.asajacyl.com\/salamanca\/?p=12185"},"modified":"2021-07-15T10:32:23","modified_gmt":"2021-07-15T08:32:23","slug":"la-junta-apoya-a-la-interprofesional-de-la-patata-de-castilla-y-leon-y-se-pone-a-disposicion-de-la-asociacion-un-local-para-el-desarrollo-de-sus-actividades","status":"publish","type":"post","link":"https:\/\/www.asajacyl.com\/salamanca\/asaja-salamanca-informa\/la-junta-apoya-a-la-interprofesional-de-la-patata-de-castilla-y-leon-y-se-pone-a-disposicion-de-la-asociacion-un-local-para-el-desarrollo-de-sus-actividades","title":{"rendered":"La Junta apoya a la Interprofesional de la Patata de Castilla y Le\u00f3n y se pone a disposici\u00f3n de la asociaci\u00f3n un local para el desarrollo de sus actividades"},"content":{"rendered":"\n<p>El consejero de Agricultura, Ganader\u00eda y Desarrollo Rural, Jes\u00fas Julio Carnero, presidi\u00f3 la ma\u00f1ana del del 13 de julio, en el Sal\u00f3n de Escudos del Ayuntamiento de Medina del Campo, una reuni\u00f3n con la Interprofesional de la Patata de Castilla y Le\u00f3n.<\/p>\n\n\n\n<p>En ese encuentro se ha anunciado que el Consistorio de dicha localidad va a poner disposici\u00f3n de la asociaci\u00f3n un local para el desarrollo de sus actividades, situado en el Centro de Desarrollo Econ\u00f3mico Sim\u00f3n Ruiz, un edificio hist\u00f3rico de la villa. El despacho tiene unos veinte metros cuadrados, contiene todo tipo de mobiliario de oficina, aseos y acceso a internet con fibra.<\/p>\n\n\n\n<p>Recientemente, la Consejer\u00eda de Agricultura, Ganader\u00eda y Desarrollo Rural ha concedido una subvenci\u00f3n directa a esta Organizaci\u00f3n, por importe de 65.000 euros, para diversas actividades como:<\/p>\n\n\n\n<p>La inversi\u00f3n en creaci\u00f3n y desarrollo de contenidos on-line de inter\u00e9s para el sector de la patata de Castilla y Le\u00f3n.<\/p>\n\n\n\n<ul><li>Gastos relativos a la promoci\u00f3n y difusi\u00f3n de Oipacyl y de la patata de Castilla y Le\u00f3n.<\/li><li>La organizaci\u00f3n o asistencia a ferias de promoci\u00f3n, cert\u00e1menes y jornadas divulgativas, incluyendo en su caso gastos de alojamiento y manutenci\u00f3n.<\/li><li>Gastos en servicios de asistencia t\u00e9cnica y\/o asesoramiento en relaci\u00f3n con los an\u00e1lisis, estudios e informaci\u00f3n del sector de la patata.<\/li><li>Los gastos de personal, incluyendo las retenciones de IRPF y las cuotas a la seguridad social.<\/li><li>Las inversiones en equipamiento inform\u00e1tico y de comunicaciones para el desarrollo de la actividad.<\/li><li>La compra de suministros, materiales o servicios para desarrollar su actividad<\/li><\/ul>\n\n\n\n<p>Las acciones objeto de subvenci\u00f3n son las que se est\u00e1n llevando a cabo desde el 1 de enero de 2021 y habr\u00e1n de realizarse \u00edntegramente antes del 30 de octubre.<\/p>\n\n\n\n<p>Adem\u00e1s, la Interprofesional ha comenzado a trabajar, en colaboraci\u00f3n con el Instituto Tecnol\u00f3gico de Castilla y Le\u00f3n (Itacyl), en el seguimiento del cultivo de la patata mediante t\u00e9cnicas de teledetecci\u00f3n. Gracias a este trabajo, en el futuro se podr\u00e1n conocer la situaci\u00f3n, de modo real y cont\u00ednuo, de las plantaciones de patata, para as\u00ed poder conocer los aforos de producci\u00f3n y poder adaptarse con mejores resultados a la demanda del mercado.<\/p>\n\n\n\n<p>Tambi\u00e9n en colaboraci\u00f3n con el Itacyl, se han retomado los trabajos de aprobaci\u00f3n de la marca de garant\u00eda \u2018Patata de Castilla y Le\u00f3n\u2019.<\/p>\n\n\n\n<p>As\u00ed mismo, esta Organizaci\u00f3n ya ha comenzado los tr\u00e1mites para obtener la autorizaci\u00f3n de uso de un producto fitosanitario para mejorar las condiciones de conservaci\u00f3n de la patata. &nbsp;<\/p>\n\n\n\n<p><strong>An\u00e1lisis de campa\u00f1a<\/strong><\/p>\n\n\n\n<p>El periodo actual de comercializaci\u00f3n de patatas viene marcado por la an\u00f3mala campa\u00f1a anterior, en la que se sufrieron los efectos de la cuarentena impuesta por la declaraci\u00f3n de pandemia del COVID-19.<\/p>\n\n\n\n<p>En cuanto a la superficie, en Castilla y Le\u00f3n este a\u00f1o se han sembrado 17.256 hect\u00e1reas, un 6% menos que en el a\u00f1o pasado (18.372 hect\u00e1reas). La disminuci\u00f3n ha venido marcada por los resultados negativos de la campa\u00f1a anterior que han obligado a determinadas asociaciones de productores a recomendar reducir la superficie de siembra en el presente a\u00f1o. Teniendo en cuenta, adem\u00e1s, que el pasado a\u00f1o hubo un exceso de producci\u00f3n en el conjunto de Europa, y eso produjo que las principales organizaciones europeas del sector reclamasen una reducci\u00f3n de siembra de cara al actual ejercicio. &nbsp;<\/p>\n","protected":false},"excerpt":{"rendered":"<p>El consejero de Agricultura, Ganader\u00eda y Desarrollo Rural, Jes\u00fas Julio Carnero, presidi\u00f3 la ma\u00f1ana del del 13 de julio, en el Sal\u00f3n de Escudos del Ayuntamiento de Medina del Campo, una reuni\u00f3n con la Interprofesional de la Patata de Castilla y Le\u00f3n. En ese encuentro se ha anunciado que el Consistorio de dicha localidad va [&hellip;]<\/p>\n","protected":false},"author":10,"featured_media":12186,"comment_status":"open","ping_status":"open","sticky":false,"template":"","format":"standard","meta":{"footnotes":""},"categories":[10,510],"tags":[],"yoast_head":"<!-- This site is optimized with the Yoast SEO plugin v24.5 - https:\/\/yoast.com\/wordpress\/plugins\/seo\/ -->\n<title>La Junta apoya a la Interprofesional de la Patata de Castilla y Le\u00f3n y se pone a disposici\u00f3n de la asociaci\u00f3n un local para el desarrollo de sus actividades - ASAJA Salamanca<\/title>\n<meta name=\"description\" content=\"El consejero de Agricultura, Ganader\u00eda y Desarrollo Rural, Jes\u00fas Julio Carnero, presidi\u00f3 la ma\u00f1ana del del 13 de julio, en el Sal\u00f3n de Escudos del\" \/>\n<meta name=\"robots\" content=\"index, follow, max-snippet:-1, max-image-preview:large, max-video-preview:-1\" \/>\n<link rel=\"canonical\" href=\"https:\/\/www.asajacyl.com\/salamanca\/asaja-salamanca-informa\/la-junta-apoya-a-la-interprofesional-de-la-patata-de-castilla-y-leon-y-se-pone-a-disposicion-de-la-asociacion-un-local-para-el-desarrollo-de-sus-actividades\" \/>\n<meta property=\"og:locale\" content=\"es_ES\" \/>\n<meta property=\"og:type\" content=\"article\" \/>\n<meta property=\"og:title\" content=\"La Junta apoya a la Interprofesional de la Patata de Castilla y Le\u00f3n y se pone a disposici\u00f3n de la asociaci\u00f3n un local para el desarrollo de sus actividades - ASAJA Salamanca\" \/>\n<meta property=\"og:description\" content=\"El consejero de Agricultura, Ganader\u00eda y Desarrollo Rural, Jes\u00fas Julio Carnero, presidi\u00f3 la ma\u00f1ana del del 13 de julio, en el Sal\u00f3n de Escudos del\" \/>\n<meta property=\"og:url\" content=\"https:\/\/www.asajacyl.com\/salamanca\/asaja-salamanca-informa\/la-junta-apoya-a-la-interprofesional-de-la-patata-de-castilla-y-leon-y-se-pone-a-disposicion-de-la-asociacion-un-local-para-el-desarrollo-de-sus-actividades\" \/>\n<meta property=\"og:site_name\" content=\"ASAJA Salamanca\" \/>\n<meta property=\"article:published_time\" content=\"2021-07-15T08:32:22+00:00\" \/>\n<meta property=\"article:modified_time\" content=\"2021-07-15T08:32:23+00:00\" \/>\n<meta property=\"og:image\" content=\"https:\/\/www.asajacyl.com\/salamanca\/wp-content\/uploads\/sites\/7\/2021\/07\/20210713ConsejeroInterprofesionaldelaPatata3.jpg\" \/>\n\t<meta property=\"og:image:width\" content=\"1620\" \/>\n\t<meta property=\"og:image:height\" content=\"1080\" \/>\n\t<meta property=\"og:image:type\" content=\"image\/jpeg\" \/>\n<meta name=\"author\" content=\"Sonia\" \/>\n<meta name=\"twitter:card\" content=\"summary_large_image\" \/>\n<meta name=\"twitter:label1\" content=\"Escrito por\" \/>\n\t<meta name=\"twitter:data1\" content=\"Sonia\" \/>\n\t<meta name=\"twitter:label2\" content=\"Tiempo de lectura\" \/>\n\t<meta name=\"twitter:data2\" content=\"3 minutos\" \/>\n<script type=\"application\/ld+json\" class=\"yoast-schema-graph\">{\"@context\":\"https:\/\/schema.org\",\"@graph\":[{\"@type\":\"WebPage\",\"@id\":\"https:\/\/www.asajacyl.com\/salamanca\/asaja-salamanca-informa\/la-junta-apoya-a-la-interprofesional-de-la-patata-de-castilla-y-leon-y-se-pone-a-disposicion-de-la-asociacion-un-local-para-el-desarrollo-de-sus-actividades\",\"url\":\"https:\/\/www.asajacyl.com\/salamanca\/asaja-salamanca-informa\/la-junta-apoya-a-la-interprofesional-de-la-patata-de-castilla-y-leon-y-se-pone-a-disposicion-de-la-asociacion-un-local-para-el-desarrollo-de-sus-actividades\",\"name\":\"La Junta apoya a la Interprofesional de la Patata de Castilla y Le\u00f3n y se pone a disposici\u00f3n de la asociaci\u00f3n un local para el desarrollo de sus actividades - ASAJA Salamanca\",\"isPartOf\":{\"@id\":\"https:\/\/www.asajacyl.com\/salamanca\/#website\"},\"primaryImageOfPage\":{\"@id\":\"https:\/\/www.asajacyl.com\/salamanca\/asaja-salamanca-informa\/la-junta-apoya-a-la-interprofesional-de-la-patata-de-castilla-y-leon-y-se-pone-a-disposicion-de-la-asociacion-un-local-para-el-desarrollo-de-sus-actividades#primaryimage\"},\"image\":{\"@id\":\"https:\/\/www.asajacyl.com\/salamanca\/asaja-salamanca-informa\/la-junta-apoya-a-la-interprofesional-de-la-patata-de-castilla-y-leon-y-se-pone-a-disposicion-de-la-asociacion-un-local-para-el-desarrollo-de-sus-actividades#primaryimage\"},\"thumbnailUrl\":\"https:\/\/www.asajacyl.com\/salamanca\/wp-content\/uploads\/sites\/7\/2021\/07\/20210713ConsejeroInterprofesionaldelaPatata3.jpg\",\"datePublished\":\"2021-07-15T08:32:22+00:00\",\"dateModified\":\"2021-07-15T08:32:23+00:00\",\"author\":{\"@id\":\"https:\/\/www.asajacyl.com\/salamanca\/#\/schema\/person\/2bfc7da09988e1087e6291fafe99b67f\"},\"description\":\"El consejero de Agricultura, Ganader\u00eda y Desarrollo Rural, Jes\u00fas Julio Carnero, presidi\u00f3 la ma\u00f1ana del del 13 de julio, en el Sal\u00f3n de Escudos del\",\"breadcrumb\":{\"@id\":\"https:\/\/www.asajacyl.com\/salamanca\/asaja-salamanca-informa\/la-junta-apoya-a-la-interprofesional-de-la-patata-de-castilla-y-leon-y-se-pone-a-disposicion-de-la-asociacion-un-local-para-el-desarrollo-de-sus-actividades#breadcrumb\"},\"inLanguage\":\"es\",\"potentialAction\":[{\"@type\":\"ReadAction\",\"target\":[\"https:\/\/www.asajacyl.com\/salamanca\/asaja-salamanca-informa\/la-junta-apoya-a-la-interprofesional-de-la-patata-de-castilla-y-leon-y-se-pone-a-disposicion-de-la-asociacion-un-local-para-el-desarrollo-de-sus-actividades\"]}]},{\"@type\":\"ImageObject\",\"inLanguage\":\"es\",\"@id\":\"https:\/\/www.asajacyl.com\/salamanca\/asaja-salamanca-informa\/la-junta-apoya-a-la-interprofesional-de-la-patata-de-castilla-y-leon-y-se-pone-a-disposicion-de-la-asociacion-un-local-para-el-desarrollo-de-sus-actividades#primaryimage\",\"url\":\"https:\/\/www.asajacyl.com\/salamanca\/wp-content\/uploads\/sites\/7\/2021\/07\/20210713ConsejeroInterprofesionaldelaPatata3.jpg\",\"contentUrl\":\"https:\/\/www.asajacyl.com\/salamanca\/wp-content\/uploads\/sites\/7\/2021\/07\/20210713ConsejeroInterprofesionaldelaPatata3.jpg\",\"width\":1620,\"height\":1080},{\"@type\":\"BreadcrumbList\",\"@id\":\"https:\/\/www.asajacyl.com\/salamanca\/asaja-salamanca-informa\/la-junta-apoya-a-la-interprofesional-de-la-patata-de-castilla-y-leon-y-se-pone-a-disposicion-de-la-asociacion-un-local-para-el-desarrollo-de-sus-actividades#breadcrumb\",\"itemListElement\":[{\"@type\":\"ListItem\",\"position\":1,\"name\":\"Portada\",\"item\":\"https:\/\/www.asajacyl.com\/salamanca\/\"},{\"@type\":\"ListItem\",\"position\":2,\"name\":\"La Junta apoya a la Interprofesional de la Patata de Castilla y Le\u00f3n y se pone a disposici\u00f3n de la asociaci\u00f3n un local para el desarrollo de sus actividades\"}]},{\"@type\":\"WebSite\",\"@id\":\"https:\/\/www.asajacyl.com\/salamanca\/#website\",\"url\":\"https:\/\/www.asajacyl.com\/salamanca\/\",\"name\":\"ASAJA Salamanca\",\"description\":\"Otro sitio m\u00e1s de Provincias ASAJA Castilla y Le\u00f3n\",\"potentialAction\":[{\"@type\":\"SearchAction\",\"target\":{\"@type\":\"EntryPoint\",\"urlTemplate\":\"https:\/\/www.asajacyl.com\/salamanca\/?s={search_term_string}\"},\"query-input\":{\"@type\":\"PropertyValueSpecification\",\"valueRequired\":true,\"valueName\":\"search_term_string\"}}],\"inLanguage\":\"es\"},{\"@type\":\"Person\",\"@id\":\"https:\/\/www.asajacyl.com\/salamanca\/#\/schema\/person\/2bfc7da09988e1087e6291fafe99b67f\",\"name\":\"Sonia\",\"image\":{\"@type\":\"ImageObject\",\"inLanguage\":\"es\",\"@id\":\"https:\/\/www.asajacyl.com\/salamanca\/#\/schema\/person\/image\/\",\"url\":\"https:\/\/secure.gravatar.com\/avatar\/6b0d6eb461a1e3687cc023d59022ef0d?s=96&d=mm&r=g\",\"contentUrl\":\"https:\/\/secure.gravatar.com\/avatar\/6b0d6eb461a1e3687cc023d59022ef0d?s=96&d=mm&r=g\",\"caption\":\"Sonia\"},\"url\":\"https:\/\/www.asajacyl.com\/salamanca\/author\/juanluisde\"}]}<\/script>\n<!-- \/ Yoast SEO plugin. -->","yoast_head_json":{"title":"La Junta apoya a la Interprofesional de la Patata de Castilla y Le\u00f3n y se pone a disposici\u00f3n de la asociaci\u00f3n un local para el desarrollo de sus actividades - ASAJA Salamanca","description":"El consejero de Agricultura, Ganader\u00eda y Desarrollo Rural, Jes\u00fas Julio Carnero, presidi\u00f3 la ma\u00f1ana del del 13 de julio, en el Sal\u00f3n de Escudos del","robots":{"index":"index","follow":"follow","max-snippet":"max-snippet:-1","max-image-preview":"max-image-preview:large","max-video-preview":"max-video-preview:-1"},"canonical":"https:\/\/www.asajacyl.com\/salamanca\/asaja-salamanca-informa\/la-junta-apoya-a-la-interprofesional-de-la-patata-de-castilla-y-leon-y-se-pone-a-disposicion-de-la-asociacion-un-local-para-el-desarrollo-de-sus-actividades","og_locale":"es_ES","og_type":"article","og_title":"La Junta apoya a la Interprofesional de la Patata de Castilla y Le\u00f3n y se pone a disposici\u00f3n de la asociaci\u00f3n un local para el desarrollo de sus actividades - ASAJA Salamanca","og_description":"El consejero de Agricultura, Ganader\u00eda y Desarrollo Rural, Jes\u00fas Julio Carnero, presidi\u00f3 la ma\u00f1ana del del 13 de julio, en el Sal\u00f3n de Escudos del","og_url":"https:\/\/www.asajacyl.com\/salamanca\/asaja-salamanca-informa\/la-junta-apoya-a-la-interprofesional-de-la-patata-de-castilla-y-leon-y-se-pone-a-disposicion-de-la-asociacion-un-local-para-el-desarrollo-de-sus-actividades","og_site_name":"ASAJA Salamanca","article_published_time":"2021-07-15T08:32:22+00:00","article_modified_time":"2021-07-15T08:32:23+00:00","og_image":[{"width":1620,"height":1080,"url":"https:\/\/www.asajacyl.com\/salamanca\/wp-content\/uploads\/sites\/7\/2021\/07\/20210713ConsejeroInterprofesionaldelaPatata3.jpg","type":"image\/jpeg"}],"author":"Sonia","twitter_card":"summary_large_image","twitter_misc":{"Escrito por":"Sonia","Tiempo de lectura":"3 minutos"},"schema":{"@context":"https:\/\/schema.org","@graph":[{"@type":"WebPage","@id":"https:\/\/www.asajacyl.com\/salamanca\/asaja-salamanca-informa\/la-junta-apoya-a-la-interprofesional-de-la-patata-de-castilla-y-leon-y-se-pone-a-disposicion-de-la-asociacion-un-local-para-el-desarrollo-de-sus-actividades","url":"https:\/\/www.asajacyl.com\/salamanca\/asaja-salamanca-informa\/la-junta-apoya-a-la-interprofesional-de-la-patata-de-castilla-y-leon-y-se-pone-a-disposicion-de-la-asociacion-un-local-para-el-desarrollo-de-sus-actividades","name":"La Junta apoya a la Interprofesional de la Patata de Castilla y Le\u00f3n y se pone a disposici\u00f3n de la asociaci\u00f3n un local para el desarrollo de sus actividades - ASAJA Salamanca","isPartOf":{"@id":"https:\/\/www.asajacyl.com\/salamanca\/#website"},"primaryImageOfPage":{"@id":"https:\/\/www.asajacyl.com\/salamanca\/asaja-salamanca-informa\/la-junta-apoya-a-la-interprofesional-de-la-patata-de-castilla-y-leon-y-se-pone-a-disposicion-de-la-asociacion-un-local-para-el-desarrollo-de-sus-actividades#primaryimage"},"image":{"@id":"https:\/\/www.asajacyl.com\/salamanca\/asaja-salamanca-informa\/la-junta-apoya-a-la-interprofesional-de-la-patata-de-castilla-y-leon-y-se-pone-a-disposicion-de-la-asociacion-un-local-para-el-desarrollo-de-sus-actividades#primaryimage"},"thumbnailUrl":"https:\/\/www.asajacyl.com\/salamanca\/wp-content\/uploads\/sites\/7\/2021\/07\/20210713ConsejeroInterprofesionaldelaPatata3.jpg","datePublished":"2021-07-15T08:32:22+00:00","dateModified":"2021-07-15T08:32:23+00:00","author":{"@id":"https:\/\/www.asajacyl.com\/salamanca\/#\/schema\/person\/2bfc7da09988e1087e6291fafe99b67f"},"description":"El consejero de Agricultura, Ganader\u00eda y Desarrollo Rural, Jes\u00fas Julio Carnero, presidi\u00f3 la ma\u00f1ana del del 13 de julio, en el Sal\u00f3n de Escudos del","breadcrumb":{"@id":"https:\/\/www.asajacyl.com\/salamanca\/asaja-salamanca-informa\/la-junta-apoya-a-la-interprofesional-de-la-patata-de-castilla-y-leon-y-se-pone-a-disposicion-de-la-asociacion-un-local-para-el-desarrollo-de-sus-actividades#breadcrumb"},"inLanguage":"es","potentialAction":[{"@type":"ReadAction","target":["https:\/\/www.asajacyl.com\/salamanca\/asaja-salamanca-informa\/la-junta-apoya-a-la-interprofesional-de-la-patata-de-castilla-y-leon-y-se-pone-a-disposicion-de-la-asociacion-un-local-para-el-desarrollo-de-sus-actividades"]}]},{"@type":"ImageObject","inLanguage":"es","@id":"https:\/\/www.asajacyl.com\/salamanca\/asaja-salamanca-informa\/la-junta-apoya-a-la-interprofesional-de-la-patata-de-castilla-y-leon-y-se-pone-a-disposicion-de-la-asociacion-un-local-para-el-desarrollo-de-sus-actividades#primaryimage","url":"https:\/\/www.asajacyl.com\/salamanca\/wp-content\/uploads\/sites\/7\/2021\/07\/20210713ConsejeroInterprofesionaldelaPatata3.jpg","contentUrl":"https:\/\/www.asajacyl.com\/salamanca\/wp-content\/uploads\/sites\/7\/2021\/07\/20210713ConsejeroInterprofesionaldelaPatata3.jpg","width":1620,"height":1080},{"@type":"BreadcrumbList","@id":"https:\/\/www.asajacyl.com\/salamanca\/asaja-salamanca-informa\/la-junta-apoya-a-la-interprofesional-de-la-patata-de-castilla-y-leon-y-se-pone-a-disposicion-de-la-asociacion-un-local-para-el-desarrollo-de-sus-actividades#breadcrumb","itemListElement":[{"@type":"ListItem","position":1,"name":"Portada","item":"https:\/\/www.asajacyl.com\/salamanca\/"},{"@type":"ListItem","position":2,"name":"La Junta apoya a la Interprofesional de la Patata de Castilla y Le\u00f3n y se pone a disposici\u00f3n de la asociaci\u00f3n un local para el desarrollo de sus actividades"}]},{"@type":"WebSite","@id":"https:\/\/www.asajacyl.com\/salamanca\/#website","url":"https:\/\/www.asajacyl.com\/salamanca\/","name":"ASAJA Salamanca","description":"Otro sitio m\u00e1s de Provincias ASAJA Castilla y Le\u00f3n","potentialAction":[{"@type":"SearchAction","target":{"@type":"EntryPoint","urlTemplate":"https:\/\/www.asajacyl.com\/salamanca\/?s={search_term_string}"},"query-input":{"@type":"PropertyValueSpecification","valueRequired":true,"valueName":"search_term_string"}}],"inLanguage":"es"},{"@type":"Person","@id":"https:\/\/www.asajacyl.com\/salamanca\/#\/schema\/person\/2bfc7da09988e1087e6291fafe99b67f","name":"Sonia","image":{"@type":"ImageObject","inLanguage":"es","@id":"https:\/\/www.asajacyl.com\/salamanca\/#\/schema\/person\/image\/","url":"https:\/\/secure.gravatar.com\/avatar\/6b0d6eb461a1e3687cc023d59022ef0d?s=96&d=mm&r=g","contentUrl":"https:\/\/secure.gravatar.com\/avatar\/6b0d6eb461a1e3687cc023d59022ef0d?s=96&d=mm&r=g","caption":"Sonia"},"url":"https:\/\/www.asajacyl.com\/salamanca\/author\/juanluisde"}]}},"_links":{"self":[{"href":"https:\/\/www.asajacyl.com\/salamanca\/wp-json\/wp\/v2\/posts\/12185"}],"collection":[{"href":"https:\/\/www.asajacyl.com\/salamanca\/wp-json\/wp\/v2\/posts"}],"about":[{"href":"https:\/\/www.asajacyl.com\/salamanca\/wp-json\/wp\/v2\/types\/post"}],"author":[{"embeddable":true,"href":"https:\/\/www.asajacyl.com\/salamanca\/wp-json\/wp\/v2\/users\/10"}],"replies":[{"embeddable":true,"href":"https:\/\/www.asajacyl.com\/salamanca\/wp-json\/wp\/v2\/comments?post=12185"}],"version-history":[{"count":1,"href":"https:\/\/www.asajacyl.com\/salamanca\/wp-json\/wp\/v2\/posts\/12185\/revisions"}],"predecessor-version":[{"id":12187,"href":"https:\/\/www.asajacyl.com\/salamanca\/wp-json\/wp\/v2\/posts\/12185\/revisions\/12187"}],"wp:featuredmedia":[{"embeddable":true,"href":"https:\/\/www.asajacyl.com\/salamanca\/wp-json\/wp\/v2\/media\/12186"}],"wp:attachment":[{"href":"https:\/\/www.asajacyl.com\/salamanca\/wp-json\/wp\/v2\/media?parent=12185"}],"wp:term":[{"taxonomy":"category","embeddable":true,"href":"https:\/\/www.asajacyl.com\/salamanca\/wp-json\/wp\/v2\/categories?post=12185"},{"taxonomy":"post_tag","embeddable":true,"href":"https:\/\/www.asajacyl.com\/salamanca\/wp-json\/wp\/v2\/tags?post=12185"}],"curies":[{"name":"wp","href":"https:\/\/api.w.org\/{rel}","templated":true}]}}