{"id":12238,"date":"2021-07-21T10:01:06","date_gmt":"2021-07-21T08:01:06","guid":{"rendered":"https:\/\/www.asajacyl.com\/salamanca\/?p=12238"},"modified":"2021-07-21T10:01:07","modified_gmt":"2021-07-21T08:01:07","slug":"autorizados-317-489-euros-para-organizaciones-y-programas-internacionales-relacionados-con-la-agricultura-y-la-pesca","status":"publish","type":"post","link":"https:\/\/www.asajacyl.com\/salamanca\/asaja-salamanca-informa\/autorizados-317-489-euros-para-organizaciones-y-programas-internacionales-relacionados-con-la-agricultura-y-la-pesca","title":{"rendered":"Autorizados 317.489 euros para organizaciones y programas internacionales relacionados con la agricultura y la pesca"},"content":{"rendered":"\n<p>El Consejo de Ministros autoriz\u00f3 al Ministerio de Agricultura, Pesca y Alimentaci\u00f3n (MAPA) a realizar una serie de cinco contribuciones que suman un total de 317.489 euros a distintos organismos y programas internacionales que se consideran de inter\u00e9s para Espa\u00f1a y que forman parte de las prioridades de este departamento en el exterior.<\/p>\n\n\n\n<p>El ministerio realiza regularmente contribuciones voluntarias a diversas organizaciones, programas y fondos internacionales dedicadas al desarrollo de recursos agr\u00edcolas, ganaderos, pesqueros y de la industria agroalimentaria y de la alimentaci\u00f3n. Estas contribuciones se justifican por su conveniencia y oportunidad para apoyar la actividad de estas organizaciones que son de inter\u00e9s para Espa\u00f1a porque constituyen herramientas para el impulso de las prioridades del ministerio en el exterior y de su posici\u00f3n en las mismas.<\/p>\n\n\n\n<p>Seg\u00fan la Ley de Tratados y Otros Acuerdos Internacionales, las contribuciones o aportaciones voluntarias que realice la Administraci\u00f3n General del Estado que no est\u00e9n previstas en \u00e9stos, como sucede con estas aportaciones voluntarias, deber\u00e1n ser autorizadas por el Consejo de Ministros.<\/p>\n\n\n\n<p>La contribuci\u00f3n de mayor cuant\u00eda de las cinco aprobadas, 225.000 euros, ser\u00e1 para la Organizaci\u00f3n Mundial de Sanidad Animal, en concreto para el programa \u201cLa buena gobernanza como medio de prevenci\u00f3n y control de las enfermedades animales emergentes y reemergentes\u201d. La principal misi\u00f3n de este organismo internacional es combatir las enfermedades animales desde los objetivos de transparencia, informaci\u00f3n cient\u00edfica, solidaridad internacional, seguridad alimentaria y promoci\u00f3n de los servicios veterinarios y la sanidad de los alimentos y el bienestar animal.<\/p>\n\n\n\n<p>El MAPA contribuir\u00e1 con 75.000 euros a los Sistemas Importantes del Patrimonio Agr\u00edcola Mundial (SIPAM), una iniciativa de la Organizaci\u00f3n de las Naciones Unidas para la Alimentaci\u00f3n y la Agricultura (FAO) para promover y garantizar el futuro de estos sistemas que proporcionan una combinaci\u00f3n de servicios sociales, culturales, ecol\u00f3gicos y econ\u00f3micos a la humanidad.<\/p>\n\n\n\n<p>En materia pesquera, se ha aprobado una aportaci\u00f3n de 10.000 euros al Consejo Consultivo para las Regiones Ultraperif\u00e9ricas, un ente contemplado en el reglamento de la Pol\u00edtica Pesquera Com\u00fan de la Uni\u00f3n Europea, al igual que el Consejo Consultivo para los Mercados, para el que se ha autorizado un pago de 2.000 euros.<\/p>\n\n\n\n<p>El Consejo de Ministros ha aprobado adem\u00e1s una aportaci\u00f3n de 5.489 euros a la Comisi\u00f3n Internacional de Riegos y Drenajes, una organizaci\u00f3n internacional cient\u00edfico-t\u00e9cnica no gubernamental constituida por una red expertos en esta materia y en la gesti\u00f3n de inundaciones.&nbsp;<\/p>\n","protected":false},"excerpt":{"rendered":"<p>El Consejo de Ministros autoriz\u00f3 al Ministerio de Agricultura, Pesca y Alimentaci\u00f3n (MAPA) a realizar una serie de cinco contribuciones que suman un total de 317.489 euros a distintos organismos y programas internacionales que se consideran de inter\u00e9s para Espa\u00f1a y que forman parte de las prioridades de este departamento en el exterior. El ministerio [&hellip;]<\/p>\n","protected":false},"author":10,"featured_media":12239,"comment_status":"open","ping_status":"open","sticky":false,"template":"","format":"standard","meta":{"footnotes":""},"categories":[10,510],"tags":[],"yoast_head":"<!-- This site is optimized with the Yoast SEO plugin v24.5 - https:\/\/yoast.com\/wordpress\/plugins\/seo\/ -->\n<title>Autorizados 317.489 euros para organizaciones y programas internacionales relacionados con la agricultura y la pesca - ASAJA Salamanca<\/title>\n<meta name=\"description\" content=\"El Consejo de Ministros autoriz\u00f3 al Ministerio de Agricultura, Pesca y Alimentaci\u00f3n (MAPA) a realizar una serie de cinco contribuciones que suman un total\" \/>\n<meta name=\"robots\" content=\"index, follow, max-snippet:-1, max-image-preview:large, max-video-preview:-1\" \/>\n<link rel=\"canonical\" href=\"https:\/\/www.asajacyl.com\/salamanca\/asaja-salamanca-informa\/autorizados-317-489-euros-para-organizaciones-y-programas-internacionales-relacionados-con-la-agricultura-y-la-pesca\" \/>\n<meta property=\"og:locale\" content=\"es_ES\" \/>\n<meta property=\"og:type\" content=\"article\" \/>\n<meta property=\"og:title\" content=\"Autorizados 317.489 euros para organizaciones y programas internacionales relacionados con la agricultura y la pesca - ASAJA Salamanca\" \/>\n<meta property=\"og:description\" content=\"El Consejo de Ministros autoriz\u00f3 al Ministerio de Agricultura, Pesca y Alimentaci\u00f3n (MAPA) a realizar una serie de cinco contribuciones que suman un total\" \/>\n<meta property=\"og:url\" content=\"https:\/\/www.asajacyl.com\/salamanca\/asaja-salamanca-informa\/autorizados-317-489-euros-para-organizaciones-y-programas-internacionales-relacionados-con-la-agricultura-y-la-pesca\" \/>\n<meta property=\"og:site_name\" content=\"ASAJA Salamanca\" \/>\n<meta property=\"article:published_time\" content=\"2021-07-21T08:01:06+00:00\" \/>\n<meta property=\"article:modified_time\" content=\"2021-07-21T08:01:07+00:00\" \/>\n<meta property=\"og:image\" content=\"https:\/\/www.asajacyl.com\/salamanca\/wp-content\/uploads\/sites\/7\/2021\/07\/2019fachadaministerio10_tcm30-508995.jpg\" \/>\n\t<meta property=\"og:image:width\" content=\"2500\" \/>\n\t<meta property=\"og:image:height\" content=\"1664\" \/>\n\t<meta property=\"og:image:type\" content=\"image\/jpeg\" \/>\n<meta name=\"author\" content=\"Sonia\" \/>\n<meta name=\"twitter:card\" content=\"summary_large_image\" \/>\n<meta name=\"twitter:label1\" content=\"Escrito por\" \/>\n\t<meta name=\"twitter:data1\" content=\"Sonia\" \/>\n\t<meta name=\"twitter:label2\" content=\"Tiempo de lectura\" \/>\n\t<meta name=\"twitter:data2\" content=\"2 minutos\" \/>\n<script type=\"application\/ld+json\" class=\"yoast-schema-graph\">{\"@context\":\"https:\/\/schema.org\",\"@graph\":[{\"@type\":\"WebPage\",\"@id\":\"https:\/\/www.asajacyl.com\/salamanca\/asaja-salamanca-informa\/autorizados-317-489-euros-para-organizaciones-y-programas-internacionales-relacionados-con-la-agricultura-y-la-pesca\",\"url\":\"https:\/\/www.asajacyl.com\/salamanca\/asaja-salamanca-informa\/autorizados-317-489-euros-para-organizaciones-y-programas-internacionales-relacionados-con-la-agricultura-y-la-pesca\",\"name\":\"Autorizados 317.489 euros para organizaciones y programas internacionales relacionados con la agricultura y la pesca - ASAJA Salamanca\",\"isPartOf\":{\"@id\":\"https:\/\/www.asajacyl.com\/salamanca\/#website\"},\"primaryImageOfPage\":{\"@id\":\"https:\/\/www.asajacyl.com\/salamanca\/asaja-salamanca-informa\/autorizados-317-489-euros-para-organizaciones-y-programas-internacionales-relacionados-con-la-agricultura-y-la-pesca#primaryimage\"},\"image\":{\"@id\":\"https:\/\/www.asajacyl.com\/salamanca\/asaja-salamanca-informa\/autorizados-317-489-euros-para-organizaciones-y-programas-internacionales-relacionados-con-la-agricultura-y-la-pesca#primaryimage\"},\"thumbnailUrl\":\"https:\/\/www.asajacyl.com\/salamanca\/wp-content\/uploads\/sites\/7\/2021\/07\/2019fachadaministerio10_tcm30-508995.jpg\",\"datePublished\":\"2021-07-21T08:01:06+00:00\",\"dateModified\":\"2021-07-21T08:01:07+00:00\",\"author\":{\"@id\":\"https:\/\/www.asajacyl.com\/salamanca\/#\/schema\/person\/2bfc7da09988e1087e6291fafe99b67f\"},\"description\":\"El Consejo de Ministros autoriz\u00f3 al Ministerio de Agricultura, Pesca y Alimentaci\u00f3n (MAPA) a realizar una serie de cinco contribuciones que suman un total\",\"breadcrumb\":{\"@id\":\"https:\/\/www.asajacyl.com\/salamanca\/asaja-salamanca-informa\/autorizados-317-489-euros-para-organizaciones-y-programas-internacionales-relacionados-con-la-agricultura-y-la-pesca#breadcrumb\"},\"inLanguage\":\"es\",\"potentialAction\":[{\"@type\":\"ReadAction\",\"target\":[\"https:\/\/www.asajacyl.com\/salamanca\/asaja-salamanca-informa\/autorizados-317-489-euros-para-organizaciones-y-programas-internacionales-relacionados-con-la-agricultura-y-la-pesca\"]}]},{\"@type\":\"ImageObject\",\"inLanguage\":\"es\",\"@id\":\"https:\/\/www.asajacyl.com\/salamanca\/asaja-salamanca-informa\/autorizados-317-489-euros-para-organizaciones-y-programas-internacionales-relacionados-con-la-agricultura-y-la-pesca#primaryimage\",\"url\":\"https:\/\/www.asajacyl.com\/salamanca\/wp-content\/uploads\/sites\/7\/2021\/07\/2019fachadaministerio10_tcm30-508995.jpg\",\"contentUrl\":\"https:\/\/www.asajacyl.com\/salamanca\/wp-content\/uploads\/sites\/7\/2021\/07\/2019fachadaministerio10_tcm30-508995.jpg\",\"width\":2500,\"height\":1664},{\"@type\":\"BreadcrumbList\",\"@id\":\"https:\/\/www.asajacyl.com\/salamanca\/asaja-salamanca-informa\/autorizados-317-489-euros-para-organizaciones-y-programas-internacionales-relacionados-con-la-agricultura-y-la-pesca#breadcrumb\",\"itemListElement\":[{\"@type\":\"ListItem\",\"position\":1,\"name\":\"Portada\",\"item\":\"https:\/\/www.asajacyl.com\/salamanca\/\"},{\"@type\":\"ListItem\",\"position\":2,\"name\":\"Autorizados 317.489 euros para organizaciones y programas internacionales relacionados con la agricultura y la pesca\"}]},{\"@type\":\"WebSite\",\"@id\":\"https:\/\/www.asajacyl.com\/salamanca\/#website\",\"url\":\"https:\/\/www.asajacyl.com\/salamanca\/\",\"name\":\"ASAJA Salamanca\",\"description\":\"Otro sitio m\u00e1s de Provincias ASAJA Castilla y Le\u00f3n\",\"potentialAction\":[{\"@type\":\"SearchAction\",\"target\":{\"@type\":\"EntryPoint\",\"urlTemplate\":\"https:\/\/www.asajacyl.com\/salamanca\/?s={search_term_string}\"},\"query-input\":{\"@type\":\"PropertyValueSpecification\",\"valueRequired\":true,\"valueName\":\"search_term_string\"}}],\"inLanguage\":\"es\"},{\"@type\":\"Person\",\"@id\":\"https:\/\/www.asajacyl.com\/salamanca\/#\/schema\/person\/2bfc7da09988e1087e6291fafe99b67f\",\"name\":\"Sonia\",\"image\":{\"@type\":\"ImageObject\",\"inLanguage\":\"es\",\"@id\":\"https:\/\/www.asajacyl.com\/salamanca\/#\/schema\/person\/image\/\",\"url\":\"https:\/\/secure.gravatar.com\/avatar\/6b0d6eb461a1e3687cc023d59022ef0d?s=96&d=mm&r=g\",\"contentUrl\":\"https:\/\/secure.gravatar.com\/avatar\/6b0d6eb461a1e3687cc023d59022ef0d?s=96&d=mm&r=g\",\"caption\":\"Sonia\"},\"url\":\"https:\/\/www.asajacyl.com\/salamanca\/author\/juanluisde\"}]}<\/script>\n<!-- \/ Yoast SEO plugin. -->","yoast_head_json":{"title":"Autorizados 317.489 euros para organizaciones y programas internacionales relacionados con la agricultura y la pesca - ASAJA Salamanca","description":"El Consejo de Ministros autoriz\u00f3 al Ministerio de Agricultura, Pesca y Alimentaci\u00f3n (MAPA) a realizar una serie de cinco contribuciones que suman un total","robots":{"index":"index","follow":"follow","max-snippet":"max-snippet:-1","max-image-preview":"max-image-preview:large","max-video-preview":"max-video-preview:-1"},"canonical":"https:\/\/www.asajacyl.com\/salamanca\/asaja-salamanca-informa\/autorizados-317-489-euros-para-organizaciones-y-programas-internacionales-relacionados-con-la-agricultura-y-la-pesca","og_locale":"es_ES","og_type":"article","og_title":"Autorizados 317.489 euros para organizaciones y programas internacionales relacionados con la agricultura y la pesca - ASAJA Salamanca","og_description":"El Consejo de Ministros autoriz\u00f3 al Ministerio de Agricultura, Pesca y Alimentaci\u00f3n (MAPA) a realizar una serie de cinco contribuciones que suman un total","og_url":"https:\/\/www.asajacyl.com\/salamanca\/asaja-salamanca-informa\/autorizados-317-489-euros-para-organizaciones-y-programas-internacionales-relacionados-con-la-agricultura-y-la-pesca","og_site_name":"ASAJA Salamanca","article_published_time":"2021-07-21T08:01:06+00:00","article_modified_time":"2021-07-21T08:01:07+00:00","og_image":[{"width":2500,"height":1664,"url":"https:\/\/www.asajacyl.com\/salamanca\/wp-content\/uploads\/sites\/7\/2021\/07\/2019fachadaministerio10_tcm30-508995.jpg","type":"image\/jpeg"}],"author":"Sonia","twitter_card":"summary_large_image","twitter_misc":{"Escrito por":"Sonia","Tiempo de lectura":"2 minutos"},"schema":{"@context":"https:\/\/schema.org","@graph":[{"@type":"WebPage","@id":"https:\/\/www.asajacyl.com\/salamanca\/asaja-salamanca-informa\/autorizados-317-489-euros-para-organizaciones-y-programas-internacionales-relacionados-con-la-agricultura-y-la-pesca","url":"https:\/\/www.asajacyl.com\/salamanca\/asaja-salamanca-informa\/autorizados-317-489-euros-para-organizaciones-y-programas-internacionales-relacionados-con-la-agricultura-y-la-pesca","name":"Autorizados 317.489 euros para organizaciones y programas internacionales relacionados con la agricultura y la pesca - ASAJA Salamanca","isPartOf":{"@id":"https:\/\/www.asajacyl.com\/salamanca\/#website"},"primaryImageOfPage":{"@id":"https:\/\/www.asajacyl.com\/salamanca\/asaja-salamanca-informa\/autorizados-317-489-euros-para-organizaciones-y-programas-internacionales-relacionados-con-la-agricultura-y-la-pesca#primaryimage"},"image":{"@id":"https:\/\/www.asajacyl.com\/salamanca\/asaja-salamanca-informa\/autorizados-317-489-euros-para-organizaciones-y-programas-internacionales-relacionados-con-la-agricultura-y-la-pesca#primaryimage"},"thumbnailUrl":"https:\/\/www.asajacyl.com\/salamanca\/wp-content\/uploads\/sites\/7\/2021\/07\/2019fachadaministerio10_tcm30-508995.jpg","datePublished":"2021-07-21T08:01:06+00:00","dateModified":"2021-07-21T08:01:07+00:00","author":{"@id":"https:\/\/www.asajacyl.com\/salamanca\/#\/schema\/person\/2bfc7da09988e1087e6291fafe99b67f"},"description":"El Consejo de Ministros autoriz\u00f3 al Ministerio de Agricultura, Pesca y Alimentaci\u00f3n (MAPA) a realizar una serie de cinco contribuciones que suman un total","breadcrumb":{"@id":"https:\/\/www.asajacyl.com\/salamanca\/asaja-salamanca-informa\/autorizados-317-489-euros-para-organizaciones-y-programas-internacionales-relacionados-con-la-agricultura-y-la-pesca#breadcrumb"},"inLanguage":"es","potentialAction":[{"@type":"ReadAction","target":["https:\/\/www.asajacyl.com\/salamanca\/asaja-salamanca-informa\/autorizados-317-489-euros-para-organizaciones-y-programas-internacionales-relacionados-con-la-agricultura-y-la-pesca"]}]},{"@type":"ImageObject","inLanguage":"es","@id":"https:\/\/www.asajacyl.com\/salamanca\/asaja-salamanca-informa\/autorizados-317-489-euros-para-organizaciones-y-programas-internacionales-relacionados-con-la-agricultura-y-la-pesca#primaryimage","url":"https:\/\/www.asajacyl.com\/salamanca\/wp-content\/uploads\/sites\/7\/2021\/07\/2019fachadaministerio10_tcm30-508995.jpg","contentUrl":"https:\/\/www.asajacyl.com\/salamanca\/wp-content\/uploads\/sites\/7\/2021\/07\/2019fachadaministerio10_tcm30-508995.jpg","width":2500,"height":1664},{"@type":"BreadcrumbList","@id":"https:\/\/www.asajacyl.com\/salamanca\/asaja-salamanca-informa\/autorizados-317-489-euros-para-organizaciones-y-programas-internacionales-relacionados-con-la-agricultura-y-la-pesca#breadcrumb","itemListElement":[{"@type":"ListItem","position":1,"name":"Portada","item":"https:\/\/www.asajacyl.com\/salamanca\/"},{"@type":"ListItem","position":2,"name":"Autorizados 317.489 euros para organizaciones y programas internacionales relacionados con la agricultura y la pesca"}]},{"@type":"WebSite","@id":"https:\/\/www.asajacyl.com\/salamanca\/#website","url":"https:\/\/www.asajacyl.com\/salamanca\/","name":"ASAJA Salamanca","description":"Otro sitio m\u00e1s de Provincias ASAJA Castilla y Le\u00f3n","potentialAction":[{"@type":"SearchAction","target":{"@type":"EntryPoint","urlTemplate":"https:\/\/www.asajacyl.com\/salamanca\/?s={search_term_string}"},"query-input":{"@type":"PropertyValueSpecification","valueRequired":true,"valueName":"search_term_string"}}],"inLanguage":"es"},{"@type":"Person","@id":"https:\/\/www.asajacyl.com\/salamanca\/#\/schema\/person\/2bfc7da09988e1087e6291fafe99b67f","name":"Sonia","image":{"@type":"ImageObject","inLanguage":"es","@id":"https:\/\/www.asajacyl.com\/salamanca\/#\/schema\/person\/image\/","url":"https:\/\/secure.gravatar.com\/avatar\/6b0d6eb461a1e3687cc023d59022ef0d?s=96&d=mm&r=g","contentUrl":"https:\/\/secure.gravatar.com\/avatar\/6b0d6eb461a1e3687cc023d59022ef0d?s=96&d=mm&r=g","caption":"Sonia"},"url":"https:\/\/www.asajacyl.com\/salamanca\/author\/juanluisde"}]}},"_links":{"self":[{"href":"https:\/\/www.asajacyl.com\/salamanca\/wp-json\/wp\/v2\/posts\/12238"}],"collection":[{"href":"https:\/\/www.asajacyl.com\/salamanca\/wp-json\/wp\/v2\/posts"}],"about":[{"href":"https:\/\/www.asajacyl.com\/salamanca\/wp-json\/wp\/v2\/types\/post"}],"author":[{"embeddable":true,"href":"https:\/\/www.asajacyl.com\/salamanca\/wp-json\/wp\/v2\/users\/10"}],"replies":[{"embeddable":true,"href":"https:\/\/www.asajacyl.com\/salamanca\/wp-json\/wp\/v2\/comments?post=12238"}],"version-history":[{"count":1,"href":"https:\/\/www.asajacyl.com\/salamanca\/wp-json\/wp\/v2\/posts\/12238\/revisions"}],"predecessor-version":[{"id":12240,"href":"https:\/\/www.asajacyl.com\/salamanca\/wp-json\/wp\/v2\/posts\/12238\/revisions\/12240"}],"wp:featuredmedia":[{"embeddable":true,"href":"https:\/\/www.asajacyl.com\/salamanca\/wp-json\/wp\/v2\/media\/12239"}],"wp:attachment":[{"href":"https:\/\/www.asajacyl.com\/salamanca\/wp-json\/wp\/v2\/media?parent=12238"}],"wp:term":[{"taxonomy":"category","embeddable":true,"href":"https:\/\/www.asajacyl.com\/salamanca\/wp-json\/wp\/v2\/categories?post=12238"},{"taxonomy":"post_tag","embeddable":true,"href":"https:\/\/www.asajacyl.com\/salamanca\/wp-json\/wp\/v2\/tags?post=12238"}],"curies":[{"name":"wp","href":"https:\/\/api.w.org\/{rel}","templated":true}]}}