{"id":12579,"date":"2021-09-07T13:14:13","date_gmt":"2021-09-07T11:14:13","guid":{"rendered":"https:\/\/www.asajacyl.com\/salamanca\/?p=12579"},"modified":"2021-09-09T08:29:17","modified_gmt":"2021-09-09T06:29:17","slug":"la-junta-y-las-organizaciones-profesionales-agrarias-coinciden-en-reivindicar-al-gobierno-una-pac-que-respalde-y-favorezca-al-verdadero-agricultor-profesional","status":"publish","type":"post","link":"https:\/\/www.asajacyl.com\/salamanca\/asaja-salamanca-informa\/la-junta-y-las-organizaciones-profesionales-agrarias-coinciden-en-reivindicar-al-gobierno-una-pac-que-respalde-y-favorezca-al-verdadero-agricultor-profesional","title":{"rendered":"La Junta y las organizaciones profesionales agrarias coinciden en reivindicar al Gobierno una PAC que respalde y favorezca al verdadero agricultor profesional"},"content":{"rendered":"\n<p>La Consejer\u00eda de Agricultura, Ganader\u00eda y Desarrollo Rural ha vuelto a unir fuerzas con las organizaciones profesionales agrarias, en el marco del Consejo Agrario Regional, celebrado en el recinto ferial de Salamanca, como expresi\u00f3n de apoyo a esta feria de referencia nacional del sector agropecuario. En la reuni\u00f3n se ha instado al Gobierno de Espa\u00f1a a que la agricultura familiar profesional sea el icono de la nueva PAC.<\/p>\n\n\n\n<p>As\u00ed, ha remarcado Carnero, \u201cla PAC debe de estar protagonizada a trav\u00e9s de la figura del agricultor activo que desde la Junta defendemos de la mano de las organizaciones profesionales agrarias, las cooperativas y los grupos pol\u00edticos, frente a una aplicaci\u00f3n que no se est\u00e1 viendo en la fase final de la negociaci\u00f3n\u201d.<\/p>\n\n\n\n<p>Y ha enfatizado que \u201cqueremos una agricultura profesional de agricultores profesionales no solo por el presente del sector, sino por el futuro y por la incorporaci\u00f3n de j\u00f3venes, porque esa es la mejor manera de garantizarles el acceso, con certidumbre y con las l\u00edneas marcadas de hacia donde tienen que ir\u201d.<\/p>\n\n\n\n<p><strong>Castilla y Le\u00f3n defiende un \u2018ecoesquema \u00fanico\u2019<\/strong><\/p>\n\n\n\n<p>El consejero ha manifestado que \u201cel \u00e9xito de la aplicaci\u00f3n de los ecoesquemas en la nueva PAC estar\u00e1 en los principios de simplificaci\u00f3n, universalidad y de ser atractivos, que incorporen un pago incentivador, para atraer a los agricultores a este tipo de pr\u00e1cticas, acompa\u00f1ado de pagos compensatorios\u201d.<\/p>\n\n\n\n<p>Ese es el modelo que la Junta de Castilla y Le\u00f3n ya present\u00f3 al Ministerio en mayo, y que permitir\u00eda que cualquier agricultor de Espa\u00f1a se acogiera a estas pr\u00e1cticas. Es el denominado \u2018ecoesquema \u00fanico\u2019 a partir del cual encajen los distintos tipos de agricultura que hay en Espa\u00f1a.<\/p>\n\n\n\n<p>Adem\u00e1s desde la Consejer\u00eda se defiende que estas pr\u00e1cticas se apliquen con prudencia, con moderaci\u00f3n y de forma progresiva.<\/p>\n\n\n\n<p><strong>Las ayudas asociadas<\/strong><\/p>\n\n\n\n<p>Respecto a las ayudas asociadas la Junta apuesta por mantener, y si es posible aumentar, las ayudas asociadas actuales, especialmente las ganaderas, incluyendo a la ganader\u00eda de lidia, y la de los sectores de la remolacha y cultivos proteicos. Y se pretende tambi\u00e9n que se ponga en marcha un Programa Sectorial Nacional para el ovino-caprino para mejorar la competitividad y la comercializaci\u00f3n de un producto tan caracter\u00edstico de la agricultura mediterr\u00e1nea europea.<\/p>\n\n\n\n<p><strong>Pago redistributivo<\/strong><\/p>\n\n\n\n<p>En este apartado, Jes\u00fas Julio Carnero, ha explicado que, \u201csi consideramos que la PAC tiene que cuidar a los agricultores y ganaderos profesionales, este nuevo pago redistributivo, como complemento de la ayuda b\u00e1sica a la renta, tiene que identificarse con ellos e ir dirigido al agricultor activo\u201d.<\/p>\n\n\n\n<p><strong>Orden de cebaderos<\/strong><\/p>\n\n\n\n<p>En el Consejo Agrario Regional se ha analizado tambi\u00e9n el proyecto de Orden que establece las bases reguladoras para la concesi\u00f3n de subvenciones destinadas a la construcci\u00f3n o ampliaci\u00f3n de cebaderos, con el objetivo de facilitar la comercializaci\u00f3n de animales nacidos en explotaciones ganaderas ubicadas en el territorio de la Comunidad Aut\u00f3noma.<\/p>\n\n\n\n<p>La norma, que atiende a las consideraciones establecidas en la legislaci\u00f3n europea y nacional, contiene que a estas ayudas podr\u00e1n acceder los titulares de explotaciones ganaderas, cooperativas, asociaciones u organizaciones de productores que est\u00e9n interesados en construir o ampliar cebaderos y en adaptar instalaciones preexistentes para cebaderos. Se fomenta de ese modo el estatus sanitario de la caba\u00f1a ganadera minimizando el riesgo de trasmisi\u00f3n de enfermedades entre ganader\u00edas y fauna silvestre.<\/p>\n\n\n\n<p>La cuant\u00eda individualizada a percibir ser\u00e1 como m\u00e1ximo del 40% de la inversi\u00f3n subvencionable y el importe m\u00e1ximo de la subvenci\u00f3n por beneficiario no superar\u00e1 los 300.000 euros. En este sentido, el consejero ha detallado que \u201cla concesi\u00f3n de estas subvenciones se realizar\u00e1 en r\u00e9gimen de concurrencia competitiva, es decir, se otorgar\u00e1n a aquellos solicitantes que cumpliendo los requisitos exigidos, hayan obtenido un orden preferente como resultado de comparar las solicitudes presentadas aplicando los criterios previstos tanto para el ganado bovino, como para el ganado ovino y caprino\u201d.<\/p>\n","protected":false},"excerpt":{"rendered":"<p>La Consejer\u00eda de Agricultura, Ganader\u00eda y Desarrollo Rural ha vuelto a unir fuerzas con las organizaciones profesionales agrarias, en el marco del Consejo Agrario Regional, celebrado en el recinto ferial de Salamanca, como expresi\u00f3n de apoyo a esta feria de referencia nacional del sector agropecuario. En la reuni\u00f3n se ha instado al Gobierno de Espa\u00f1a [&hellip;]<\/p>\n","protected":false},"author":10,"featured_media":12580,"comment_status":"open","ping_status":"open","sticky":false,"template":"","format":"standard","meta":{"footnotes":""},"categories":[10,510],"tags":[],"yoast_head":"<!-- This site is optimized with the Yoast SEO plugin v24.5 - https:\/\/yoast.com\/wordpress\/plugins\/seo\/ -->\n<title>La Junta y las organizaciones profesionales agrarias coinciden en reivindicar al Gobierno una PAC que respalde y favorezca al verdadero agricultor profesional - ASAJA Salamanca<\/title>\n<meta name=\"description\" content=\"La Consejer\u00eda de Agricultura, Ganader\u00eda y Desarrollo Rural ha vuelto a unir fuerzas con las organizaciones profesionales agrarias, en el marco del Consejo\" \/>\n<meta name=\"robots\" content=\"index, follow, max-snippet:-1, max-image-preview:large, max-video-preview:-1\" \/>\n<link rel=\"canonical\" href=\"https:\/\/www.asajacyl.com\/salamanca\/asaja-salamanca-informa\/la-junta-y-las-organizaciones-profesionales-agrarias-coinciden-en-reivindicar-al-gobierno-una-pac-que-respalde-y-favorezca-al-verdadero-agricultor-profesional\" \/>\n<meta property=\"og:locale\" content=\"es_ES\" \/>\n<meta property=\"og:type\" content=\"article\" \/>\n<meta property=\"og:title\" content=\"La Junta y las organizaciones profesionales agrarias coinciden en reivindicar al Gobierno una PAC que respalde y favorezca al verdadero agricultor profesional - ASAJA Salamanca\" \/>\n<meta property=\"og:description\" content=\"La Consejer\u00eda de Agricultura, Ganader\u00eda y Desarrollo Rural ha vuelto a unir fuerzas con las organizaciones profesionales agrarias, en el marco del Consejo\" \/>\n<meta property=\"og:url\" content=\"https:\/\/www.asajacyl.com\/salamanca\/asaja-salamanca-informa\/la-junta-y-las-organizaciones-profesionales-agrarias-coinciden-en-reivindicar-al-gobierno-una-pac-que-respalde-y-favorezca-al-verdadero-agricultor-profesional\" \/>\n<meta property=\"og:site_name\" content=\"ASAJA Salamanca\" \/>\n<meta property=\"article:published_time\" content=\"2021-09-07T11:14:13+00:00\" \/>\n<meta property=\"article:modified_time\" content=\"2021-09-09T06:29:17+00:00\" \/>\n<meta property=\"og:image\" content=\"https:\/\/www.asajacyl.com\/salamanca\/wp-content\/uploads\/sites\/7\/2021\/09\/20210904_120132.jpg\" \/>\n\t<meta property=\"og:image:width\" content=\"1500\" \/>\n\t<meta property=\"og:image:height\" content=\"843\" \/>\n\t<meta property=\"og:image:type\" content=\"image\/jpeg\" \/>\n<meta name=\"author\" content=\"Sonia\" \/>\n<meta name=\"twitter:card\" content=\"summary_large_image\" \/>\n<meta name=\"twitter:label1\" content=\"Escrito por\" \/>\n\t<meta name=\"twitter:data1\" content=\"Sonia\" \/>\n\t<meta name=\"twitter:label2\" content=\"Tiempo de lectura\" \/>\n\t<meta name=\"twitter:data2\" content=\"3 minutos\" \/>\n<script type=\"application\/ld+json\" class=\"yoast-schema-graph\">{\"@context\":\"https:\/\/schema.org\",\"@graph\":[{\"@type\":\"WebPage\",\"@id\":\"https:\/\/www.asajacyl.com\/salamanca\/asaja-salamanca-informa\/la-junta-y-las-organizaciones-profesionales-agrarias-coinciden-en-reivindicar-al-gobierno-una-pac-que-respalde-y-favorezca-al-verdadero-agricultor-profesional\",\"url\":\"https:\/\/www.asajacyl.com\/salamanca\/asaja-salamanca-informa\/la-junta-y-las-organizaciones-profesionales-agrarias-coinciden-en-reivindicar-al-gobierno-una-pac-que-respalde-y-favorezca-al-verdadero-agricultor-profesional\",\"name\":\"La Junta y las organizaciones profesionales agrarias coinciden en reivindicar al Gobierno una PAC que respalde y favorezca al verdadero agricultor profesional - ASAJA Salamanca\",\"isPartOf\":{\"@id\":\"https:\/\/www.asajacyl.com\/salamanca\/#website\"},\"primaryImageOfPage\":{\"@id\":\"https:\/\/www.asajacyl.com\/salamanca\/asaja-salamanca-informa\/la-junta-y-las-organizaciones-profesionales-agrarias-coinciden-en-reivindicar-al-gobierno-una-pac-que-respalde-y-favorezca-al-verdadero-agricultor-profesional#primaryimage\"},\"image\":{\"@id\":\"https:\/\/www.asajacyl.com\/salamanca\/asaja-salamanca-informa\/la-junta-y-las-organizaciones-profesionales-agrarias-coinciden-en-reivindicar-al-gobierno-una-pac-que-respalde-y-favorezca-al-verdadero-agricultor-profesional#primaryimage\"},\"thumbnailUrl\":\"https:\/\/www.asajacyl.com\/salamanca\/wp-content\/uploads\/sites\/7\/2021\/09\/20210904_120132.jpg\",\"datePublished\":\"2021-09-07T11:14:13+00:00\",\"dateModified\":\"2021-09-09T06:29:17+00:00\",\"author\":{\"@id\":\"https:\/\/www.asajacyl.com\/salamanca\/#\/schema\/person\/2bfc7da09988e1087e6291fafe99b67f\"},\"description\":\"La Consejer\u00eda de Agricultura, Ganader\u00eda y Desarrollo Rural ha vuelto a unir fuerzas con las organizaciones profesionales agrarias, en el marco del Consejo\",\"breadcrumb\":{\"@id\":\"https:\/\/www.asajacyl.com\/salamanca\/asaja-salamanca-informa\/la-junta-y-las-organizaciones-profesionales-agrarias-coinciden-en-reivindicar-al-gobierno-una-pac-que-respalde-y-favorezca-al-verdadero-agricultor-profesional#breadcrumb\"},\"inLanguage\":\"es\",\"potentialAction\":[{\"@type\":\"ReadAction\",\"target\":[\"https:\/\/www.asajacyl.com\/salamanca\/asaja-salamanca-informa\/la-junta-y-las-organizaciones-profesionales-agrarias-coinciden-en-reivindicar-al-gobierno-una-pac-que-respalde-y-favorezca-al-verdadero-agricultor-profesional\"]}]},{\"@type\":\"ImageObject\",\"inLanguage\":\"es\",\"@id\":\"https:\/\/www.asajacyl.com\/salamanca\/asaja-salamanca-informa\/la-junta-y-las-organizaciones-profesionales-agrarias-coinciden-en-reivindicar-al-gobierno-una-pac-que-respalde-y-favorezca-al-verdadero-agricultor-profesional#primaryimage\",\"url\":\"https:\/\/www.asajacyl.com\/salamanca\/wp-content\/uploads\/sites\/7\/2021\/09\/20210904_120132.jpg\",\"contentUrl\":\"https:\/\/www.asajacyl.com\/salamanca\/wp-content\/uploads\/sites\/7\/2021\/09\/20210904_120132.jpg\",\"width\":1500,\"height\":843},{\"@type\":\"BreadcrumbList\",\"@id\":\"https:\/\/www.asajacyl.com\/salamanca\/asaja-salamanca-informa\/la-junta-y-las-organizaciones-profesionales-agrarias-coinciden-en-reivindicar-al-gobierno-una-pac-que-respalde-y-favorezca-al-verdadero-agricultor-profesional#breadcrumb\",\"itemListElement\":[{\"@type\":\"ListItem\",\"position\":1,\"name\":\"Portada\",\"item\":\"https:\/\/www.asajacyl.com\/salamanca\/\"},{\"@type\":\"ListItem\",\"position\":2,\"name\":\"La Junta y las organizaciones profesionales agrarias coinciden en reivindicar al Gobierno una PAC que respalde y favorezca al verdadero agricultor profesional\"}]},{\"@type\":\"WebSite\",\"@id\":\"https:\/\/www.asajacyl.com\/salamanca\/#website\",\"url\":\"https:\/\/www.asajacyl.com\/salamanca\/\",\"name\":\"ASAJA Salamanca\",\"description\":\"Otro sitio m\u00e1s de Provincias ASAJA Castilla y Le\u00f3n\",\"potentialAction\":[{\"@type\":\"SearchAction\",\"target\":{\"@type\":\"EntryPoint\",\"urlTemplate\":\"https:\/\/www.asajacyl.com\/salamanca\/?s={search_term_string}\"},\"query-input\":{\"@type\":\"PropertyValueSpecification\",\"valueRequired\":true,\"valueName\":\"search_term_string\"}}],\"inLanguage\":\"es\"},{\"@type\":\"Person\",\"@id\":\"https:\/\/www.asajacyl.com\/salamanca\/#\/schema\/person\/2bfc7da09988e1087e6291fafe99b67f\",\"name\":\"Sonia\",\"image\":{\"@type\":\"ImageObject\",\"inLanguage\":\"es\",\"@id\":\"https:\/\/www.asajacyl.com\/salamanca\/#\/schema\/person\/image\/\",\"url\":\"https:\/\/secure.gravatar.com\/avatar\/6b0d6eb461a1e3687cc023d59022ef0d?s=96&d=mm&r=g\",\"contentUrl\":\"https:\/\/secure.gravatar.com\/avatar\/6b0d6eb461a1e3687cc023d59022ef0d?s=96&d=mm&r=g\",\"caption\":\"Sonia\"},\"url\":\"https:\/\/www.asajacyl.com\/salamanca\/author\/juanluisde\"}]}<\/script>\n<!-- \/ Yoast SEO plugin. -->","yoast_head_json":{"title":"La Junta y las organizaciones profesionales agrarias coinciden en reivindicar al Gobierno una PAC que respalde y favorezca al verdadero agricultor profesional - ASAJA Salamanca","description":"La Consejer\u00eda de Agricultura, Ganader\u00eda y Desarrollo Rural ha vuelto a unir fuerzas con las organizaciones profesionales agrarias, en el marco del Consejo","robots":{"index":"index","follow":"follow","max-snippet":"max-snippet:-1","max-image-preview":"max-image-preview:large","max-video-preview":"max-video-preview:-1"},"canonical":"https:\/\/www.asajacyl.com\/salamanca\/asaja-salamanca-informa\/la-junta-y-las-organizaciones-profesionales-agrarias-coinciden-en-reivindicar-al-gobierno-una-pac-que-respalde-y-favorezca-al-verdadero-agricultor-profesional","og_locale":"es_ES","og_type":"article","og_title":"La Junta y las organizaciones profesionales agrarias coinciden en reivindicar al Gobierno una PAC que respalde y favorezca al verdadero agricultor profesional - ASAJA Salamanca","og_description":"La Consejer\u00eda de Agricultura, Ganader\u00eda y Desarrollo Rural ha vuelto a unir fuerzas con las organizaciones profesionales agrarias, en el marco del Consejo","og_url":"https:\/\/www.asajacyl.com\/salamanca\/asaja-salamanca-informa\/la-junta-y-las-organizaciones-profesionales-agrarias-coinciden-en-reivindicar-al-gobierno-una-pac-que-respalde-y-favorezca-al-verdadero-agricultor-profesional","og_site_name":"ASAJA Salamanca","article_published_time":"2021-09-07T11:14:13+00:00","article_modified_time":"2021-09-09T06:29:17+00:00","og_image":[{"width":1500,"height":843,"url":"https:\/\/www.asajacyl.com\/salamanca\/wp-content\/uploads\/sites\/7\/2021\/09\/20210904_120132.jpg","type":"image\/jpeg"}],"author":"Sonia","twitter_card":"summary_large_image","twitter_misc":{"Escrito por":"Sonia","Tiempo de lectura":"3 minutos"},"schema":{"@context":"https:\/\/schema.org","@graph":[{"@type":"WebPage","@id":"https:\/\/www.asajacyl.com\/salamanca\/asaja-salamanca-informa\/la-junta-y-las-organizaciones-profesionales-agrarias-coinciden-en-reivindicar-al-gobierno-una-pac-que-respalde-y-favorezca-al-verdadero-agricultor-profesional","url":"https:\/\/www.asajacyl.com\/salamanca\/asaja-salamanca-informa\/la-junta-y-las-organizaciones-profesionales-agrarias-coinciden-en-reivindicar-al-gobierno-una-pac-que-respalde-y-favorezca-al-verdadero-agricultor-profesional","name":"La Junta y las organizaciones profesionales agrarias coinciden en reivindicar al Gobierno una PAC que respalde y favorezca al verdadero agricultor profesional - ASAJA Salamanca","isPartOf":{"@id":"https:\/\/www.asajacyl.com\/salamanca\/#website"},"primaryImageOfPage":{"@id":"https:\/\/www.asajacyl.com\/salamanca\/asaja-salamanca-informa\/la-junta-y-las-organizaciones-profesionales-agrarias-coinciden-en-reivindicar-al-gobierno-una-pac-que-respalde-y-favorezca-al-verdadero-agricultor-profesional#primaryimage"},"image":{"@id":"https:\/\/www.asajacyl.com\/salamanca\/asaja-salamanca-informa\/la-junta-y-las-organizaciones-profesionales-agrarias-coinciden-en-reivindicar-al-gobierno-una-pac-que-respalde-y-favorezca-al-verdadero-agricultor-profesional#primaryimage"},"thumbnailUrl":"https:\/\/www.asajacyl.com\/salamanca\/wp-content\/uploads\/sites\/7\/2021\/09\/20210904_120132.jpg","datePublished":"2021-09-07T11:14:13+00:00","dateModified":"2021-09-09T06:29:17+00:00","author":{"@id":"https:\/\/www.asajacyl.com\/salamanca\/#\/schema\/person\/2bfc7da09988e1087e6291fafe99b67f"},"description":"La Consejer\u00eda de Agricultura, Ganader\u00eda y Desarrollo Rural ha vuelto a unir fuerzas con las organizaciones profesionales agrarias, en el marco del Consejo","breadcrumb":{"@id":"https:\/\/www.asajacyl.com\/salamanca\/asaja-salamanca-informa\/la-junta-y-las-organizaciones-profesionales-agrarias-coinciden-en-reivindicar-al-gobierno-una-pac-que-respalde-y-favorezca-al-verdadero-agricultor-profesional#breadcrumb"},"inLanguage":"es","potentialAction":[{"@type":"ReadAction","target":["https:\/\/www.asajacyl.com\/salamanca\/asaja-salamanca-informa\/la-junta-y-las-organizaciones-profesionales-agrarias-coinciden-en-reivindicar-al-gobierno-una-pac-que-respalde-y-favorezca-al-verdadero-agricultor-profesional"]}]},{"@type":"ImageObject","inLanguage":"es","@id":"https:\/\/www.asajacyl.com\/salamanca\/asaja-salamanca-informa\/la-junta-y-las-organizaciones-profesionales-agrarias-coinciden-en-reivindicar-al-gobierno-una-pac-que-respalde-y-favorezca-al-verdadero-agricultor-profesional#primaryimage","url":"https:\/\/www.asajacyl.com\/salamanca\/wp-content\/uploads\/sites\/7\/2021\/09\/20210904_120132.jpg","contentUrl":"https:\/\/www.asajacyl.com\/salamanca\/wp-content\/uploads\/sites\/7\/2021\/09\/20210904_120132.jpg","width":1500,"height":843},{"@type":"BreadcrumbList","@id":"https:\/\/www.asajacyl.com\/salamanca\/asaja-salamanca-informa\/la-junta-y-las-organizaciones-profesionales-agrarias-coinciden-en-reivindicar-al-gobierno-una-pac-que-respalde-y-favorezca-al-verdadero-agricultor-profesional#breadcrumb","itemListElement":[{"@type":"ListItem","position":1,"name":"Portada","item":"https:\/\/www.asajacyl.com\/salamanca\/"},{"@type":"ListItem","position":2,"name":"La Junta y las organizaciones profesionales agrarias coinciden en reivindicar al Gobierno una PAC que respalde y favorezca al verdadero agricultor profesional"}]},{"@type":"WebSite","@id":"https:\/\/www.asajacyl.com\/salamanca\/#website","url":"https:\/\/www.asajacyl.com\/salamanca\/","name":"ASAJA Salamanca","description":"Otro sitio m\u00e1s de Provincias ASAJA Castilla y Le\u00f3n","potentialAction":[{"@type":"SearchAction","target":{"@type":"EntryPoint","urlTemplate":"https:\/\/www.asajacyl.com\/salamanca\/?s={search_term_string}"},"query-input":{"@type":"PropertyValueSpecification","valueRequired":true,"valueName":"search_term_string"}}],"inLanguage":"es"},{"@type":"Person","@id":"https:\/\/www.asajacyl.com\/salamanca\/#\/schema\/person\/2bfc7da09988e1087e6291fafe99b67f","name":"Sonia","image":{"@type":"ImageObject","inLanguage":"es","@id":"https:\/\/www.asajacyl.com\/salamanca\/#\/schema\/person\/image\/","url":"https:\/\/secure.gravatar.com\/avatar\/6b0d6eb461a1e3687cc023d59022ef0d?s=96&d=mm&r=g","contentUrl":"https:\/\/secure.gravatar.com\/avatar\/6b0d6eb461a1e3687cc023d59022ef0d?s=96&d=mm&r=g","caption":"Sonia"},"url":"https:\/\/www.asajacyl.com\/salamanca\/author\/juanluisde"}]}},"_links":{"self":[{"href":"https:\/\/www.asajacyl.com\/salamanca\/wp-json\/wp\/v2\/posts\/12579"}],"collection":[{"href":"https:\/\/www.asajacyl.com\/salamanca\/wp-json\/wp\/v2\/posts"}],"about":[{"href":"https:\/\/www.asajacyl.com\/salamanca\/wp-json\/wp\/v2\/types\/post"}],"author":[{"embeddable":true,"href":"https:\/\/www.asajacyl.com\/salamanca\/wp-json\/wp\/v2\/users\/10"}],"replies":[{"embeddable":true,"href":"https:\/\/www.asajacyl.com\/salamanca\/wp-json\/wp\/v2\/comments?post=12579"}],"version-history":[{"count":1,"href":"https:\/\/www.asajacyl.com\/salamanca\/wp-json\/wp\/v2\/posts\/12579\/revisions"}],"predecessor-version":[{"id":12581,"href":"https:\/\/www.asajacyl.com\/salamanca\/wp-json\/wp\/v2\/posts\/12579\/revisions\/12581"}],"wp:featuredmedia":[{"embeddable":true,"href":"https:\/\/www.asajacyl.com\/salamanca\/wp-json\/wp\/v2\/media\/12580"}],"wp:attachment":[{"href":"https:\/\/www.asajacyl.com\/salamanca\/wp-json\/wp\/v2\/media?parent=12579"}],"wp:term":[{"taxonomy":"category","embeddable":true,"href":"https:\/\/www.asajacyl.com\/salamanca\/wp-json\/wp\/v2\/categories?post=12579"},{"taxonomy":"post_tag","embeddable":true,"href":"https:\/\/www.asajacyl.com\/salamanca\/wp-json\/wp\/v2\/tags?post=12579"}],"curies":[{"name":"wp","href":"https:\/\/api.w.org\/{rel}","templated":true}]}}