{"id":12591,"date":"2021-09-09T09:08:51","date_gmt":"2021-09-09T07:08:51","guid":{"rendered":"https:\/\/www.asajacyl.com\/salamanca\/?p=12591"},"modified":"2021-09-09T09:08:53","modified_gmt":"2021-09-09T07:08:53","slug":"luis-planas-destaca-las-grandes-posibilidades-de-comercializacion-del-aceite-de-oliva-en-el-mundo","status":"publish","type":"post","link":"https:\/\/www.asajacyl.com\/salamanca\/asaja-salamanca-informa\/luis-planas-destaca-las-grandes-posibilidades-de-comercializacion-del-aceite-de-oliva-en-el-mundo","title":{"rendered":"Luis Planas destaca las grandes posibilidades de comercializaci\u00f3n del aceite de oliva en el mundo"},"content":{"rendered":"\n\n\n<h2>El ministro de Agricultura, Pesca y Alimentaci\u00f3n considera que la nueva norma de calidad del aceite de oliva va a marcar un antes y un despu\u00e9s en la valorizaci\u00f3n del producto y redundar\u00e1 en mayores garant\u00edas para el consumidor y mejores remuneraciones al sector<\/h2>\n<p class=\"Rpido\"><span lang=\"ES-TRAD\" xml:lang=\"ES-TRAD\">El ministro de Agricultura, Pesca y Alimentaci\u00f3n, Luis Planas, particip\u00f3, el 8 de septiembre, en la presentaci\u00f3n de <strong>Expoliva 2021<\/strong>, que ha considerado \u00a0como el gran encuentro del mundo del olivar y la \u201cgran ventana\u201d del aceite de oliva al mundo, escaparate de uno de los alimentos espa\u00f1oles m\u00e1s ic\u00f3nicos e internacionales.<\/span><\/p>\n<p class=\"Rpido\"><span lang=\"ES-TRAD\" xml:lang=\"ES-TRAD\">En su intervenci\u00f3n, ha destacado el gran futuro del olivar espa\u00f1ol, un sector prioritario para el Gobierno, que adem\u00e1s tiene <strong>grandes posibilidades de comercializaci\u00f3n<\/strong> y de llegar a nuevos mercados, ya que actualmente apenas representa el 3 % de las grasas vegetales que se consumen en el planeta.<\/span><\/p>\n<p class=\"Rpido\"><span lang=\"ES-TRAD\" xml:lang=\"ES-TRAD\">La presentaci\u00f3n de la vig\u00e9sima edici\u00f3n de la Feria Internacional del Aceite de Oliva Virgen Extra e Industrias Afines, que se celebrar\u00e1 entre el 22 y el 25 de septiembre en Ja\u00e9n, ha tenido lugar hoy en los jardines de la sede del Ministerio de Agricultura, Pesca y Alimentaci\u00f3n (MAPA), y en ella han tomado parte tambi\u00e9n la consejera de Agricultura, Pesca y Desarrollo Sostenible de Andaluc\u00eda, Carmen Crespo, y el presidente de la Diputaci\u00f3n de Ja\u00e9n, Francisco Reyes.<\/span><\/p>\n<p class=\"Rpido\"><span lang=\"ES-TRAD\" xml:lang=\"ES-TRAD\">El ministro Planas se ha mostrado optimista en relaci\u00f3n al futuro del sector ole\u00edcola espa\u00f1ol y a su capacidad de crecimiento, y por ello ha destacado la importancia de que el sector avance de forma decidida en la revalorizaci\u00f3n y calidad del aceite de oliva. Expoliva se presenta como una oportunidad de dar un salto cualitativo en su desarrollo y comercializaci\u00f3n.<\/span><\/p>\n<p class=\"Rpido\"><span lang=\"ES-TRAD\" xml:lang=\"ES-TRAD\">Adem\u00e1s, se ha referido a la reci\u00e9n aprobada<strong> norma de calidad<\/strong> del aceite de oliva y del orujo de oliva con la que el Gobierno de Espa\u00f1a ha venido a satisfacer una demanda hist\u00f3rica del sector y a progresar en ese doble objetivo de revalorizar el producto y responder a las nuevas demandas de transparencia de los consumidores. La norma abre nuevas oportunidades para mejorar en la calidad y trazabilidad del producto.<\/span><\/p>\n<p class=\"Rpido\"><span lang=\"ES-TRAD\" xml:lang=\"ES-TRAD\">Luis Planas ha recordado tambi\u00e9n que esta nueva norma forma parte de las medidas de la Hoja de Ruta del Olivar que present\u00f3 en junio del a\u00f1o pasado y que, junto a la recuperaci\u00f3n de los niveles de comercializaci\u00f3n, est\u00e1 contribuyendo a un <strong>balance muy positivo<\/strong> en la \u00faltima campa\u00f1a 2020-2021. En concreto, los tres bloques de objetivos de la Hoja de Ruta son favorecer el ajuste entre oferta y demanda; mejorar la trazabilidad, la informaci\u00f3n al consumidor y la segmentaci\u00f3n del mercado; y conseguir una l\u00ednea espec\u00edfica en la nueva Pol\u00edtica Agraria Com\u00fan (PAC).<\/span><\/p>\n<p class=\"Rpido\"><span lang=\"ES-TRAD\" xml:lang=\"ES-TRAD\">Ha habido avances en los tres aspectos, incluido un programa sectorial para el olivar tradicional en la nueva PAC dotado con 30 millones de euros anuales, concebido para responder a las particularidades del sector olivarero, en especial, al olivar tradicional.<\/span><\/p>\n<p class=\"Rpido\"><span lang=\"ES-TRAD\" xml:lang=\"ES-TRAD\">El ministro de Agricultura, Pesca y Alimentaci\u00f3n tambi\u00e9n se ha referido a las campa\u00f1as de promoci\u00f3n y a la necesidad de \u201cexpandir los beneficios del aceite de oliva\u201d a otros mercados y se ha referido a su vocaci\u00f3n exportadora.<\/span><\/p>\n<p>Las <strong>exportaciones del aceite de oliva suponen un 67% del total de las ventas del producto<\/strong>. Espa\u00f1a, l\u00edder mundial en producci\u00f3n de aceite de oliva, exporta a m\u00e1s de 160 pa\u00edses por un valor de 2.800 millones de euros anuales y una balanza comercial positiva.<\/p>\n","protected":false},"excerpt":{"rendered":"<p>El ministro de Agricultura, Pesca y Alimentaci\u00f3n considera que la nueva norma de calidad del aceite de oliva va a marcar un antes y un despu\u00e9s en la valorizaci\u00f3n del producto y redundar\u00e1 en mayores garant\u00edas para el consumidor y mejores remuneraciones al sector El ministro de Agricultura, Pesca y Alimentaci\u00f3n, Luis Planas, particip\u00f3, el [&hellip;]<\/p>\n","protected":false},"author":10,"featured_media":12592,"comment_status":"open","ping_status":"open","sticky":false,"template":"","format":"standard","meta":{"footnotes":""},"categories":[10,510],"tags":[],"yoast_head":"<!-- This site is optimized with the Yoast SEO plugin v24.5 - https:\/\/yoast.com\/wordpress\/plugins\/seo\/ -->\n<title>Luis Planas destaca las grandes posibilidades de comercializaci\u00f3n del aceite de oliva en el mundo - ASAJA Salamanca<\/title>\n<meta name=\"description\" content=\"El ministro de Agricultura, Pesca y Alimentaci\u00f3n considera que la nueva norma de calidad del aceite de oliva va a marcar un antes y un despu\u00e9s en la\" \/>\n<meta name=\"robots\" content=\"index, follow, max-snippet:-1, max-image-preview:large, max-video-preview:-1\" \/>\n<link rel=\"canonical\" href=\"https:\/\/www.asajacyl.com\/salamanca\/asaja-salamanca-informa\/luis-planas-destaca-las-grandes-posibilidades-de-comercializacion-del-aceite-de-oliva-en-el-mundo\" \/>\n<meta property=\"og:locale\" content=\"es_ES\" \/>\n<meta property=\"og:type\" content=\"article\" \/>\n<meta property=\"og:title\" content=\"Luis Planas destaca las grandes posibilidades de comercializaci\u00f3n del aceite de oliva en el mundo - ASAJA Salamanca\" \/>\n<meta property=\"og:description\" content=\"El ministro de Agricultura, Pesca y Alimentaci\u00f3n considera que la nueva norma de calidad del aceite de oliva va a marcar un antes y un despu\u00e9s en la\" \/>\n<meta property=\"og:url\" content=\"https:\/\/www.asajacyl.com\/salamanca\/asaja-salamanca-informa\/luis-planas-destaca-las-grandes-posibilidades-de-comercializacion-del-aceite-de-oliva-en-el-mundo\" \/>\n<meta property=\"og:site_name\" content=\"ASAJA Salamanca\" \/>\n<meta property=\"article:published_time\" content=\"2021-09-09T07:08:51+00:00\" \/>\n<meta property=\"article:modified_time\" content=\"2021-09-09T07:08:53+00:00\" \/>\n<meta property=\"og:image\" content=\"https:\/\/www.asajacyl.com\/salamanca\/wp-content\/uploads\/sites\/7\/2021\/09\/08092021ministroexpoliva4_tcm30-575863.jpg\" \/>\n\t<meta property=\"og:image:width\" content=\"2500\" \/>\n\t<meta property=\"og:image:height\" content=\"1660\" \/>\n\t<meta property=\"og:image:type\" content=\"image\/jpeg\" \/>\n<meta name=\"author\" content=\"Sonia\" \/>\n<meta name=\"twitter:card\" content=\"summary_large_image\" \/>\n<meta name=\"twitter:label1\" content=\"Escrito por\" \/>\n\t<meta name=\"twitter:data1\" content=\"Sonia\" \/>\n\t<meta name=\"twitter:label2\" content=\"Tiempo de lectura\" \/>\n\t<meta name=\"twitter:data2\" content=\"3 minutos\" \/>\n<script type=\"application\/ld+json\" class=\"yoast-schema-graph\">{\"@context\":\"https:\/\/schema.org\",\"@graph\":[{\"@type\":\"WebPage\",\"@id\":\"https:\/\/www.asajacyl.com\/salamanca\/asaja-salamanca-informa\/luis-planas-destaca-las-grandes-posibilidades-de-comercializacion-del-aceite-de-oliva-en-el-mundo\",\"url\":\"https:\/\/www.asajacyl.com\/salamanca\/asaja-salamanca-informa\/luis-planas-destaca-las-grandes-posibilidades-de-comercializacion-del-aceite-de-oliva-en-el-mundo\",\"name\":\"Luis Planas destaca las grandes posibilidades de comercializaci\u00f3n del aceite de oliva en el mundo - ASAJA Salamanca\",\"isPartOf\":{\"@id\":\"https:\/\/www.asajacyl.com\/salamanca\/#website\"},\"primaryImageOfPage\":{\"@id\":\"https:\/\/www.asajacyl.com\/salamanca\/asaja-salamanca-informa\/luis-planas-destaca-las-grandes-posibilidades-de-comercializacion-del-aceite-de-oliva-en-el-mundo#primaryimage\"},\"image\":{\"@id\":\"https:\/\/www.asajacyl.com\/salamanca\/asaja-salamanca-informa\/luis-planas-destaca-las-grandes-posibilidades-de-comercializacion-del-aceite-de-oliva-en-el-mundo#primaryimage\"},\"thumbnailUrl\":\"https:\/\/www.asajacyl.com\/salamanca\/wp-content\/uploads\/sites\/7\/2021\/09\/08092021ministroexpoliva4_tcm30-575863.jpg\",\"datePublished\":\"2021-09-09T07:08:51+00:00\",\"dateModified\":\"2021-09-09T07:08:53+00:00\",\"author\":{\"@id\":\"https:\/\/www.asajacyl.com\/salamanca\/#\/schema\/person\/2bfc7da09988e1087e6291fafe99b67f\"},\"description\":\"El ministro de Agricultura, Pesca y Alimentaci\u00f3n considera que la nueva norma de calidad del aceite de oliva va a marcar un antes y un despu\u00e9s en la\",\"breadcrumb\":{\"@id\":\"https:\/\/www.asajacyl.com\/salamanca\/asaja-salamanca-informa\/luis-planas-destaca-las-grandes-posibilidades-de-comercializacion-del-aceite-de-oliva-en-el-mundo#breadcrumb\"},\"inLanguage\":\"es\",\"potentialAction\":[{\"@type\":\"ReadAction\",\"target\":[\"https:\/\/www.asajacyl.com\/salamanca\/asaja-salamanca-informa\/luis-planas-destaca-las-grandes-posibilidades-de-comercializacion-del-aceite-de-oliva-en-el-mundo\"]}]},{\"@type\":\"ImageObject\",\"inLanguage\":\"es\",\"@id\":\"https:\/\/www.asajacyl.com\/salamanca\/asaja-salamanca-informa\/luis-planas-destaca-las-grandes-posibilidades-de-comercializacion-del-aceite-de-oliva-en-el-mundo#primaryimage\",\"url\":\"https:\/\/www.asajacyl.com\/salamanca\/wp-content\/uploads\/sites\/7\/2021\/09\/08092021ministroexpoliva4_tcm30-575863.jpg\",\"contentUrl\":\"https:\/\/www.asajacyl.com\/salamanca\/wp-content\/uploads\/sites\/7\/2021\/09\/08092021ministroexpoliva4_tcm30-575863.jpg\",\"width\":2500,\"height\":1660},{\"@type\":\"BreadcrumbList\",\"@id\":\"https:\/\/www.asajacyl.com\/salamanca\/asaja-salamanca-informa\/luis-planas-destaca-las-grandes-posibilidades-de-comercializacion-del-aceite-de-oliva-en-el-mundo#breadcrumb\",\"itemListElement\":[{\"@type\":\"ListItem\",\"position\":1,\"name\":\"Portada\",\"item\":\"https:\/\/www.asajacyl.com\/salamanca\/\"},{\"@type\":\"ListItem\",\"position\":2,\"name\":\"Luis Planas destaca las grandes posibilidades de comercializaci\u00f3n del aceite de oliva en el mundo\"}]},{\"@type\":\"WebSite\",\"@id\":\"https:\/\/www.asajacyl.com\/salamanca\/#website\",\"url\":\"https:\/\/www.asajacyl.com\/salamanca\/\",\"name\":\"ASAJA Salamanca\",\"description\":\"Otro sitio m\u00e1s de Provincias ASAJA Castilla y Le\u00f3n\",\"potentialAction\":[{\"@type\":\"SearchAction\",\"target\":{\"@type\":\"EntryPoint\",\"urlTemplate\":\"https:\/\/www.asajacyl.com\/salamanca\/?s={search_term_string}\"},\"query-input\":{\"@type\":\"PropertyValueSpecification\",\"valueRequired\":true,\"valueName\":\"search_term_string\"}}],\"inLanguage\":\"es\"},{\"@type\":\"Person\",\"@id\":\"https:\/\/www.asajacyl.com\/salamanca\/#\/schema\/person\/2bfc7da09988e1087e6291fafe99b67f\",\"name\":\"Sonia\",\"image\":{\"@type\":\"ImageObject\",\"inLanguage\":\"es\",\"@id\":\"https:\/\/www.asajacyl.com\/salamanca\/#\/schema\/person\/image\/\",\"url\":\"https:\/\/secure.gravatar.com\/avatar\/6b0d6eb461a1e3687cc023d59022ef0d?s=96&d=mm&r=g\",\"contentUrl\":\"https:\/\/secure.gravatar.com\/avatar\/6b0d6eb461a1e3687cc023d59022ef0d?s=96&d=mm&r=g\",\"caption\":\"Sonia\"},\"url\":\"https:\/\/www.asajacyl.com\/salamanca\/author\/juanluisde\"}]}<\/script>\n<!-- \/ Yoast SEO plugin. -->","yoast_head_json":{"title":"Luis Planas destaca las grandes posibilidades de comercializaci\u00f3n del aceite de oliva en el mundo - ASAJA Salamanca","description":"El ministro de Agricultura, Pesca y Alimentaci\u00f3n considera que la nueva norma de calidad del aceite de oliva va a marcar un antes y un despu\u00e9s en la","robots":{"index":"index","follow":"follow","max-snippet":"max-snippet:-1","max-image-preview":"max-image-preview:large","max-video-preview":"max-video-preview:-1"},"canonical":"https:\/\/www.asajacyl.com\/salamanca\/asaja-salamanca-informa\/luis-planas-destaca-las-grandes-posibilidades-de-comercializacion-del-aceite-de-oliva-en-el-mundo","og_locale":"es_ES","og_type":"article","og_title":"Luis Planas destaca las grandes posibilidades de comercializaci\u00f3n del aceite de oliva en el mundo - ASAJA Salamanca","og_description":"El ministro de Agricultura, Pesca y Alimentaci\u00f3n considera que la nueva norma de calidad del aceite de oliva va a marcar un antes y un despu\u00e9s en la","og_url":"https:\/\/www.asajacyl.com\/salamanca\/asaja-salamanca-informa\/luis-planas-destaca-las-grandes-posibilidades-de-comercializacion-del-aceite-de-oliva-en-el-mundo","og_site_name":"ASAJA Salamanca","article_published_time":"2021-09-09T07:08:51+00:00","article_modified_time":"2021-09-09T07:08:53+00:00","og_image":[{"width":2500,"height":1660,"url":"https:\/\/www.asajacyl.com\/salamanca\/wp-content\/uploads\/sites\/7\/2021\/09\/08092021ministroexpoliva4_tcm30-575863.jpg","type":"image\/jpeg"}],"author":"Sonia","twitter_card":"summary_large_image","twitter_misc":{"Escrito por":"Sonia","Tiempo de lectura":"3 minutos"},"schema":{"@context":"https:\/\/schema.org","@graph":[{"@type":"WebPage","@id":"https:\/\/www.asajacyl.com\/salamanca\/asaja-salamanca-informa\/luis-planas-destaca-las-grandes-posibilidades-de-comercializacion-del-aceite-de-oliva-en-el-mundo","url":"https:\/\/www.asajacyl.com\/salamanca\/asaja-salamanca-informa\/luis-planas-destaca-las-grandes-posibilidades-de-comercializacion-del-aceite-de-oliva-en-el-mundo","name":"Luis Planas destaca las grandes posibilidades de comercializaci\u00f3n del aceite de oliva en el mundo - ASAJA Salamanca","isPartOf":{"@id":"https:\/\/www.asajacyl.com\/salamanca\/#website"},"primaryImageOfPage":{"@id":"https:\/\/www.asajacyl.com\/salamanca\/asaja-salamanca-informa\/luis-planas-destaca-las-grandes-posibilidades-de-comercializacion-del-aceite-de-oliva-en-el-mundo#primaryimage"},"image":{"@id":"https:\/\/www.asajacyl.com\/salamanca\/asaja-salamanca-informa\/luis-planas-destaca-las-grandes-posibilidades-de-comercializacion-del-aceite-de-oliva-en-el-mundo#primaryimage"},"thumbnailUrl":"https:\/\/www.asajacyl.com\/salamanca\/wp-content\/uploads\/sites\/7\/2021\/09\/08092021ministroexpoliva4_tcm30-575863.jpg","datePublished":"2021-09-09T07:08:51+00:00","dateModified":"2021-09-09T07:08:53+00:00","author":{"@id":"https:\/\/www.asajacyl.com\/salamanca\/#\/schema\/person\/2bfc7da09988e1087e6291fafe99b67f"},"description":"El ministro de Agricultura, Pesca y Alimentaci\u00f3n considera que la nueva norma de calidad del aceite de oliva va a marcar un antes y un despu\u00e9s en la","breadcrumb":{"@id":"https:\/\/www.asajacyl.com\/salamanca\/asaja-salamanca-informa\/luis-planas-destaca-las-grandes-posibilidades-de-comercializacion-del-aceite-de-oliva-en-el-mundo#breadcrumb"},"inLanguage":"es","potentialAction":[{"@type":"ReadAction","target":["https:\/\/www.asajacyl.com\/salamanca\/asaja-salamanca-informa\/luis-planas-destaca-las-grandes-posibilidades-de-comercializacion-del-aceite-de-oliva-en-el-mundo"]}]},{"@type":"ImageObject","inLanguage":"es","@id":"https:\/\/www.asajacyl.com\/salamanca\/asaja-salamanca-informa\/luis-planas-destaca-las-grandes-posibilidades-de-comercializacion-del-aceite-de-oliva-en-el-mundo#primaryimage","url":"https:\/\/www.asajacyl.com\/salamanca\/wp-content\/uploads\/sites\/7\/2021\/09\/08092021ministroexpoliva4_tcm30-575863.jpg","contentUrl":"https:\/\/www.asajacyl.com\/salamanca\/wp-content\/uploads\/sites\/7\/2021\/09\/08092021ministroexpoliva4_tcm30-575863.jpg","width":2500,"height":1660},{"@type":"BreadcrumbList","@id":"https:\/\/www.asajacyl.com\/salamanca\/asaja-salamanca-informa\/luis-planas-destaca-las-grandes-posibilidades-de-comercializacion-del-aceite-de-oliva-en-el-mundo#breadcrumb","itemListElement":[{"@type":"ListItem","position":1,"name":"Portada","item":"https:\/\/www.asajacyl.com\/salamanca\/"},{"@type":"ListItem","position":2,"name":"Luis Planas destaca las grandes posibilidades de comercializaci\u00f3n del aceite de oliva en el mundo"}]},{"@type":"WebSite","@id":"https:\/\/www.asajacyl.com\/salamanca\/#website","url":"https:\/\/www.asajacyl.com\/salamanca\/","name":"ASAJA Salamanca","description":"Otro sitio m\u00e1s de Provincias ASAJA Castilla y Le\u00f3n","potentialAction":[{"@type":"SearchAction","target":{"@type":"EntryPoint","urlTemplate":"https:\/\/www.asajacyl.com\/salamanca\/?s={search_term_string}"},"query-input":{"@type":"PropertyValueSpecification","valueRequired":true,"valueName":"search_term_string"}}],"inLanguage":"es"},{"@type":"Person","@id":"https:\/\/www.asajacyl.com\/salamanca\/#\/schema\/person\/2bfc7da09988e1087e6291fafe99b67f","name":"Sonia","image":{"@type":"ImageObject","inLanguage":"es","@id":"https:\/\/www.asajacyl.com\/salamanca\/#\/schema\/person\/image\/","url":"https:\/\/secure.gravatar.com\/avatar\/6b0d6eb461a1e3687cc023d59022ef0d?s=96&d=mm&r=g","contentUrl":"https:\/\/secure.gravatar.com\/avatar\/6b0d6eb461a1e3687cc023d59022ef0d?s=96&d=mm&r=g","caption":"Sonia"},"url":"https:\/\/www.asajacyl.com\/salamanca\/author\/juanluisde"}]}},"_links":{"self":[{"href":"https:\/\/www.asajacyl.com\/salamanca\/wp-json\/wp\/v2\/posts\/12591"}],"collection":[{"href":"https:\/\/www.asajacyl.com\/salamanca\/wp-json\/wp\/v2\/posts"}],"about":[{"href":"https:\/\/www.asajacyl.com\/salamanca\/wp-json\/wp\/v2\/types\/post"}],"author":[{"embeddable":true,"href":"https:\/\/www.asajacyl.com\/salamanca\/wp-json\/wp\/v2\/users\/10"}],"replies":[{"embeddable":true,"href":"https:\/\/www.asajacyl.com\/salamanca\/wp-json\/wp\/v2\/comments?post=12591"}],"version-history":[{"count":1,"href":"https:\/\/www.asajacyl.com\/salamanca\/wp-json\/wp\/v2\/posts\/12591\/revisions"}],"predecessor-version":[{"id":12593,"href":"https:\/\/www.asajacyl.com\/salamanca\/wp-json\/wp\/v2\/posts\/12591\/revisions\/12593"}],"wp:featuredmedia":[{"embeddable":true,"href":"https:\/\/www.asajacyl.com\/salamanca\/wp-json\/wp\/v2\/media\/12592"}],"wp:attachment":[{"href":"https:\/\/www.asajacyl.com\/salamanca\/wp-json\/wp\/v2\/media?parent=12591"}],"wp:term":[{"taxonomy":"category","embeddable":true,"href":"https:\/\/www.asajacyl.com\/salamanca\/wp-json\/wp\/v2\/categories?post=12591"},{"taxonomy":"post_tag","embeddable":true,"href":"https:\/\/www.asajacyl.com\/salamanca\/wp-json\/wp\/v2\/tags?post=12591"}],"curies":[{"name":"wp","href":"https:\/\/api.w.org\/{rel}","templated":true}]}}