{"id":12687,"date":"2021-09-22T10:55:01","date_gmt":"2021-09-22T08:55:01","guid":{"rendered":"https:\/\/www.asajacyl.com\/salamanca\/?p=12687"},"modified":"2021-09-22T10:55:02","modified_gmt":"2021-09-22T08:55:02","slug":"asaja-critica-la-prepotencia-de-la-ministra-ribera-y-pide-su-dimision-por-atentar-contra-lo-que-presume-de-defender-la-poblacion-rural","status":"publish","type":"post","link":"https:\/\/www.asajacyl.com\/salamanca\/asaja-salamanca-informa\/asaja-critica-la-prepotencia-de-la-ministra-ribera-y-pide-su-dimision-por-atentar-contra-lo-que-presume-de-defender-la-poblacion-rural","title":{"rendered":"ASAJA critica la prepotencia de la ministra Ribera y pide su dimisi\u00f3n por atentar contra lo que presume de defender, la poblaci\u00f3n rural"},"content":{"rendered":"\n<p>ASAJA de Castilla y Le\u00f3n ha expresado su indignaci\u00f3n tras conocerse la publicaci\u00f3n en el BOE de la inclusi\u00f3n del lobo en el Listado de Especies Silvestres en R\u00e9gimen de Protecci\u00f3n Especial (LESPRE), prohibiendo totalmente su control cineg\u00e9tico, para todo el territorio espa\u00f1ol. La ministra de Transici\u00f3n Ecol\u00f3gica, Teresa Ribera, demuestra as\u00ed su nula voluntad de escuchar al sector que soporta d\u00eda a d\u00eda los ataques que causa esta especie en expansi\u00f3n \u201ces m\u00e1s, Ribera redobla su prepotencia, entrando en vigor antes de lo previsto esta sobreprotecci\u00f3n de la especie que es un ataque en toda regla contra los ganaderos, a los que se invita directamente a abandonar el territorio\u201d.<\/p>\n\n\n\n<p>Por ello, ASAJA pide la fulminante dimisi\u00f3n o cese de la ministra, \u201cpor atentar contra lo que presume de defender en su departamento, la poblaci\u00f3n rural, tomando una medida unilateral que socava la continuidad de explotaciones familiares ganaderas vinculadas tradicionalmente al territorio, en pueblos con muy escasas posibilidades de encontrar alternativas econ\u00f3micas\u201d.<\/p>\n\n\n\n<p>ASAJA Castilla y Le\u00f3n va a seguir peleando para frenar esta normativa arbitraria, que obedece a alineamientos ideol\u00f3gicos y no a razones de conservaci\u00f3n, puesto que las poblaciones de lobo est\u00e1n en aumento desde hace a\u00f1os. \u201cLo haremos tanto en Madrid, de forma coordinada con todas las organizaciones de ASAJA de Espa\u00f1a, que mantienen una postura sin fisuras a favor del ganadero, como en la Comunidad Aut\u00f3noma, ofreciendo nuestro apoyo a las consejer\u00edas de Medio Ambiente y Agricultura y Ganader\u00eda, en cuantas medidas decidan para parar este atropello\u201d.<\/p>\n","protected":false},"excerpt":{"rendered":"<p>ASAJA de Castilla y Le\u00f3n ha expresado su indignaci\u00f3n tras conocerse la publicaci\u00f3n en el BOE de la inclusi\u00f3n del lobo en el Listado de Especies Silvestres en R\u00e9gimen de Protecci\u00f3n Especial (LESPRE), prohibiendo totalmente su control cineg\u00e9tico, para todo el territorio espa\u00f1ol. La ministra de Transici\u00f3n Ecol\u00f3gica, Teresa Ribera, demuestra as\u00ed su nula voluntad [&hellip;]<\/p>\n","protected":false},"author":10,"featured_media":12688,"comment_status":"open","ping_status":"open","sticky":false,"template":"","format":"standard","meta":{"footnotes":""},"categories":[10,28],"tags":[],"yoast_head":"<!-- This site is optimized with the Yoast SEO plugin v24.5 - https:\/\/yoast.com\/wordpress\/plugins\/seo\/ -->\n<title>ASAJA critica la prepotencia de la ministra Ribera y pide su dimisi\u00f3n por atentar contra lo que presume de defender, la poblaci\u00f3n rural - ASAJA Salamanca<\/title>\n<meta name=\"description\" content=\"ASAJA de Castilla y Le\u00f3n ha expresado su indignaci\u00f3n tras conocerse la publicaci\u00f3n en el BOE de la inclusi\u00f3n del lobo en el Listado de Especies Silvestres\" \/>\n<meta name=\"robots\" content=\"index, follow, max-snippet:-1, max-image-preview:large, max-video-preview:-1\" \/>\n<link rel=\"canonical\" href=\"https:\/\/www.asajacyl.com\/salamanca\/asaja-salamanca-informa\/asaja-critica-la-prepotencia-de-la-ministra-ribera-y-pide-su-dimision-por-atentar-contra-lo-que-presume-de-defender-la-poblacion-rural\" \/>\n<meta property=\"og:locale\" content=\"es_ES\" \/>\n<meta property=\"og:type\" content=\"article\" \/>\n<meta property=\"og:title\" content=\"ASAJA critica la prepotencia de la ministra Ribera y pide su dimisi\u00f3n por atentar contra lo que presume de defender, la poblaci\u00f3n rural - ASAJA Salamanca\" \/>\n<meta property=\"og:description\" content=\"ASAJA de Castilla y Le\u00f3n ha expresado su indignaci\u00f3n tras conocerse la publicaci\u00f3n en el BOE de la inclusi\u00f3n del lobo en el Listado de Especies Silvestres\" \/>\n<meta property=\"og:url\" content=\"https:\/\/www.asajacyl.com\/salamanca\/asaja-salamanca-informa\/asaja-critica-la-prepotencia-de-la-ministra-ribera-y-pide-su-dimision-por-atentar-contra-lo-que-presume-de-defender-la-poblacion-rural\" \/>\n<meta property=\"og:site_name\" content=\"ASAJA Salamanca\" \/>\n<meta property=\"article:published_time\" content=\"2021-09-22T08:55:01+00:00\" \/>\n<meta property=\"article:modified_time\" content=\"2021-09-22T08:55:02+00:00\" \/>\n<meta property=\"og:image\" content=\"https:\/\/www.asajacyl.com\/salamanca\/wp-content\/uploads\/sites\/7\/2021\/09\/ataque-lobo-avila-navalmoral-de-la-sierra.jpg\" \/>\n\t<meta property=\"og:image:width\" content=\"1200\" \/>\n\t<meta property=\"og:image:height\" content=\"1600\" \/>\n\t<meta property=\"og:image:type\" content=\"image\/jpeg\" \/>\n<meta name=\"author\" content=\"Sonia\" \/>\n<meta name=\"twitter:card\" content=\"summary_large_image\" \/>\n<meta name=\"twitter:label1\" content=\"Escrito por\" \/>\n\t<meta name=\"twitter:data1\" content=\"Sonia\" \/>\n\t<meta name=\"twitter:label2\" content=\"Tiempo de lectura\" \/>\n\t<meta name=\"twitter:data2\" content=\"2 minutos\" \/>\n<script type=\"application\/ld+json\" class=\"yoast-schema-graph\">{\"@context\":\"https:\/\/schema.org\",\"@graph\":[{\"@type\":\"WebPage\",\"@id\":\"https:\/\/www.asajacyl.com\/salamanca\/asaja-salamanca-informa\/asaja-critica-la-prepotencia-de-la-ministra-ribera-y-pide-su-dimision-por-atentar-contra-lo-que-presume-de-defender-la-poblacion-rural\",\"url\":\"https:\/\/www.asajacyl.com\/salamanca\/asaja-salamanca-informa\/asaja-critica-la-prepotencia-de-la-ministra-ribera-y-pide-su-dimision-por-atentar-contra-lo-que-presume-de-defender-la-poblacion-rural\",\"name\":\"ASAJA critica la prepotencia de la ministra Ribera y pide su dimisi\u00f3n por atentar contra lo que presume de defender, la poblaci\u00f3n rural - ASAJA Salamanca\",\"isPartOf\":{\"@id\":\"https:\/\/www.asajacyl.com\/salamanca\/#website\"},\"primaryImageOfPage\":{\"@id\":\"https:\/\/www.asajacyl.com\/salamanca\/asaja-salamanca-informa\/asaja-critica-la-prepotencia-de-la-ministra-ribera-y-pide-su-dimision-por-atentar-contra-lo-que-presume-de-defender-la-poblacion-rural#primaryimage\"},\"image\":{\"@id\":\"https:\/\/www.asajacyl.com\/salamanca\/asaja-salamanca-informa\/asaja-critica-la-prepotencia-de-la-ministra-ribera-y-pide-su-dimision-por-atentar-contra-lo-que-presume-de-defender-la-poblacion-rural#primaryimage\"},\"thumbnailUrl\":\"https:\/\/www.asajacyl.com\/salamanca\/wp-content\/uploads\/sites\/7\/2021\/09\/ataque-lobo-avila-navalmoral-de-la-sierra.jpg\",\"datePublished\":\"2021-09-22T08:55:01+00:00\",\"dateModified\":\"2021-09-22T08:55:02+00:00\",\"author\":{\"@id\":\"https:\/\/www.asajacyl.com\/salamanca\/#\/schema\/person\/2bfc7da09988e1087e6291fafe99b67f\"},\"description\":\"ASAJA de Castilla y Le\u00f3n ha expresado su indignaci\u00f3n tras conocerse la publicaci\u00f3n en el BOE de la inclusi\u00f3n del lobo en el Listado de Especies Silvestres\",\"breadcrumb\":{\"@id\":\"https:\/\/www.asajacyl.com\/salamanca\/asaja-salamanca-informa\/asaja-critica-la-prepotencia-de-la-ministra-ribera-y-pide-su-dimision-por-atentar-contra-lo-que-presume-de-defender-la-poblacion-rural#breadcrumb\"},\"inLanguage\":\"es\",\"potentialAction\":[{\"@type\":\"ReadAction\",\"target\":[\"https:\/\/www.asajacyl.com\/salamanca\/asaja-salamanca-informa\/asaja-critica-la-prepotencia-de-la-ministra-ribera-y-pide-su-dimision-por-atentar-contra-lo-que-presume-de-defender-la-poblacion-rural\"]}]},{\"@type\":\"ImageObject\",\"inLanguage\":\"es\",\"@id\":\"https:\/\/www.asajacyl.com\/salamanca\/asaja-salamanca-informa\/asaja-critica-la-prepotencia-de-la-ministra-ribera-y-pide-su-dimision-por-atentar-contra-lo-que-presume-de-defender-la-poblacion-rural#primaryimage\",\"url\":\"https:\/\/www.asajacyl.com\/salamanca\/wp-content\/uploads\/sites\/7\/2021\/09\/ataque-lobo-avila-navalmoral-de-la-sierra.jpg\",\"contentUrl\":\"https:\/\/www.asajacyl.com\/salamanca\/wp-content\/uploads\/sites\/7\/2021\/09\/ataque-lobo-avila-navalmoral-de-la-sierra.jpg\",\"width\":1200,\"height\":1600},{\"@type\":\"BreadcrumbList\",\"@id\":\"https:\/\/www.asajacyl.com\/salamanca\/asaja-salamanca-informa\/asaja-critica-la-prepotencia-de-la-ministra-ribera-y-pide-su-dimision-por-atentar-contra-lo-que-presume-de-defender-la-poblacion-rural#breadcrumb\",\"itemListElement\":[{\"@type\":\"ListItem\",\"position\":1,\"name\":\"Portada\",\"item\":\"https:\/\/www.asajacyl.com\/salamanca\/\"},{\"@type\":\"ListItem\",\"position\":2,\"name\":\"ASAJA critica la prepotencia de la ministra Ribera y pide su dimisi\u00f3n por atentar contra lo que presume de defender, la poblaci\u00f3n rural\"}]},{\"@type\":\"WebSite\",\"@id\":\"https:\/\/www.asajacyl.com\/salamanca\/#website\",\"url\":\"https:\/\/www.asajacyl.com\/salamanca\/\",\"name\":\"ASAJA Salamanca\",\"description\":\"Otro sitio m\u00e1s de Provincias ASAJA Castilla y Le\u00f3n\",\"potentialAction\":[{\"@type\":\"SearchAction\",\"target\":{\"@type\":\"EntryPoint\",\"urlTemplate\":\"https:\/\/www.asajacyl.com\/salamanca\/?s={search_term_string}\"},\"query-input\":{\"@type\":\"PropertyValueSpecification\",\"valueRequired\":true,\"valueName\":\"search_term_string\"}}],\"inLanguage\":\"es\"},{\"@type\":\"Person\",\"@id\":\"https:\/\/www.asajacyl.com\/salamanca\/#\/schema\/person\/2bfc7da09988e1087e6291fafe99b67f\",\"name\":\"Sonia\",\"image\":{\"@type\":\"ImageObject\",\"inLanguage\":\"es\",\"@id\":\"https:\/\/www.asajacyl.com\/salamanca\/#\/schema\/person\/image\/\",\"url\":\"https:\/\/secure.gravatar.com\/avatar\/6b0d6eb461a1e3687cc023d59022ef0d?s=96&d=mm&r=g\",\"contentUrl\":\"https:\/\/secure.gravatar.com\/avatar\/6b0d6eb461a1e3687cc023d59022ef0d?s=96&d=mm&r=g\",\"caption\":\"Sonia\"},\"url\":\"https:\/\/www.asajacyl.com\/salamanca\/author\/juanluisde\"}]}<\/script>\n<!-- \/ Yoast SEO plugin. -->","yoast_head_json":{"title":"ASAJA critica la prepotencia de la ministra Ribera y pide su dimisi\u00f3n por atentar contra lo que presume de defender, la poblaci\u00f3n rural - ASAJA Salamanca","description":"ASAJA de Castilla y Le\u00f3n ha expresado su indignaci\u00f3n tras conocerse la publicaci\u00f3n en el BOE de la inclusi\u00f3n del lobo en el Listado de Especies Silvestres","robots":{"index":"index","follow":"follow","max-snippet":"max-snippet:-1","max-image-preview":"max-image-preview:large","max-video-preview":"max-video-preview:-1"},"canonical":"https:\/\/www.asajacyl.com\/salamanca\/asaja-salamanca-informa\/asaja-critica-la-prepotencia-de-la-ministra-ribera-y-pide-su-dimision-por-atentar-contra-lo-que-presume-de-defender-la-poblacion-rural","og_locale":"es_ES","og_type":"article","og_title":"ASAJA critica la prepotencia de la ministra Ribera y pide su dimisi\u00f3n por atentar contra lo que presume de defender, la poblaci\u00f3n rural - ASAJA Salamanca","og_description":"ASAJA de Castilla y Le\u00f3n ha expresado su indignaci\u00f3n tras conocerse la publicaci\u00f3n en el BOE de la inclusi\u00f3n del lobo en el Listado de Especies Silvestres","og_url":"https:\/\/www.asajacyl.com\/salamanca\/asaja-salamanca-informa\/asaja-critica-la-prepotencia-de-la-ministra-ribera-y-pide-su-dimision-por-atentar-contra-lo-que-presume-de-defender-la-poblacion-rural","og_site_name":"ASAJA Salamanca","article_published_time":"2021-09-22T08:55:01+00:00","article_modified_time":"2021-09-22T08:55:02+00:00","og_image":[{"width":1200,"height":1600,"url":"https:\/\/www.asajacyl.com\/salamanca\/wp-content\/uploads\/sites\/7\/2021\/09\/ataque-lobo-avila-navalmoral-de-la-sierra.jpg","type":"image\/jpeg"}],"author":"Sonia","twitter_card":"summary_large_image","twitter_misc":{"Escrito por":"Sonia","Tiempo de lectura":"2 minutos"},"schema":{"@context":"https:\/\/schema.org","@graph":[{"@type":"WebPage","@id":"https:\/\/www.asajacyl.com\/salamanca\/asaja-salamanca-informa\/asaja-critica-la-prepotencia-de-la-ministra-ribera-y-pide-su-dimision-por-atentar-contra-lo-que-presume-de-defender-la-poblacion-rural","url":"https:\/\/www.asajacyl.com\/salamanca\/asaja-salamanca-informa\/asaja-critica-la-prepotencia-de-la-ministra-ribera-y-pide-su-dimision-por-atentar-contra-lo-que-presume-de-defender-la-poblacion-rural","name":"ASAJA critica la prepotencia de la ministra Ribera y pide su dimisi\u00f3n por atentar contra lo que presume de defender, la poblaci\u00f3n rural - ASAJA Salamanca","isPartOf":{"@id":"https:\/\/www.asajacyl.com\/salamanca\/#website"},"primaryImageOfPage":{"@id":"https:\/\/www.asajacyl.com\/salamanca\/asaja-salamanca-informa\/asaja-critica-la-prepotencia-de-la-ministra-ribera-y-pide-su-dimision-por-atentar-contra-lo-que-presume-de-defender-la-poblacion-rural#primaryimage"},"image":{"@id":"https:\/\/www.asajacyl.com\/salamanca\/asaja-salamanca-informa\/asaja-critica-la-prepotencia-de-la-ministra-ribera-y-pide-su-dimision-por-atentar-contra-lo-que-presume-de-defender-la-poblacion-rural#primaryimage"},"thumbnailUrl":"https:\/\/www.asajacyl.com\/salamanca\/wp-content\/uploads\/sites\/7\/2021\/09\/ataque-lobo-avila-navalmoral-de-la-sierra.jpg","datePublished":"2021-09-22T08:55:01+00:00","dateModified":"2021-09-22T08:55:02+00:00","author":{"@id":"https:\/\/www.asajacyl.com\/salamanca\/#\/schema\/person\/2bfc7da09988e1087e6291fafe99b67f"},"description":"ASAJA de Castilla y Le\u00f3n ha expresado su indignaci\u00f3n tras conocerse la publicaci\u00f3n en el BOE de la inclusi\u00f3n del lobo en el Listado de Especies Silvestres","breadcrumb":{"@id":"https:\/\/www.asajacyl.com\/salamanca\/asaja-salamanca-informa\/asaja-critica-la-prepotencia-de-la-ministra-ribera-y-pide-su-dimision-por-atentar-contra-lo-que-presume-de-defender-la-poblacion-rural#breadcrumb"},"inLanguage":"es","potentialAction":[{"@type":"ReadAction","target":["https:\/\/www.asajacyl.com\/salamanca\/asaja-salamanca-informa\/asaja-critica-la-prepotencia-de-la-ministra-ribera-y-pide-su-dimision-por-atentar-contra-lo-que-presume-de-defender-la-poblacion-rural"]}]},{"@type":"ImageObject","inLanguage":"es","@id":"https:\/\/www.asajacyl.com\/salamanca\/asaja-salamanca-informa\/asaja-critica-la-prepotencia-de-la-ministra-ribera-y-pide-su-dimision-por-atentar-contra-lo-que-presume-de-defender-la-poblacion-rural#primaryimage","url":"https:\/\/www.asajacyl.com\/salamanca\/wp-content\/uploads\/sites\/7\/2021\/09\/ataque-lobo-avila-navalmoral-de-la-sierra.jpg","contentUrl":"https:\/\/www.asajacyl.com\/salamanca\/wp-content\/uploads\/sites\/7\/2021\/09\/ataque-lobo-avila-navalmoral-de-la-sierra.jpg","width":1200,"height":1600},{"@type":"BreadcrumbList","@id":"https:\/\/www.asajacyl.com\/salamanca\/asaja-salamanca-informa\/asaja-critica-la-prepotencia-de-la-ministra-ribera-y-pide-su-dimision-por-atentar-contra-lo-que-presume-de-defender-la-poblacion-rural#breadcrumb","itemListElement":[{"@type":"ListItem","position":1,"name":"Portada","item":"https:\/\/www.asajacyl.com\/salamanca\/"},{"@type":"ListItem","position":2,"name":"ASAJA critica la prepotencia de la ministra Ribera y pide su dimisi\u00f3n por atentar contra lo que presume de defender, la poblaci\u00f3n rural"}]},{"@type":"WebSite","@id":"https:\/\/www.asajacyl.com\/salamanca\/#website","url":"https:\/\/www.asajacyl.com\/salamanca\/","name":"ASAJA Salamanca","description":"Otro sitio m\u00e1s de Provincias ASAJA Castilla y Le\u00f3n","potentialAction":[{"@type":"SearchAction","target":{"@type":"EntryPoint","urlTemplate":"https:\/\/www.asajacyl.com\/salamanca\/?s={search_term_string}"},"query-input":{"@type":"PropertyValueSpecification","valueRequired":true,"valueName":"search_term_string"}}],"inLanguage":"es"},{"@type":"Person","@id":"https:\/\/www.asajacyl.com\/salamanca\/#\/schema\/person\/2bfc7da09988e1087e6291fafe99b67f","name":"Sonia","image":{"@type":"ImageObject","inLanguage":"es","@id":"https:\/\/www.asajacyl.com\/salamanca\/#\/schema\/person\/image\/","url":"https:\/\/secure.gravatar.com\/avatar\/6b0d6eb461a1e3687cc023d59022ef0d?s=96&d=mm&r=g","contentUrl":"https:\/\/secure.gravatar.com\/avatar\/6b0d6eb461a1e3687cc023d59022ef0d?s=96&d=mm&r=g","caption":"Sonia"},"url":"https:\/\/www.asajacyl.com\/salamanca\/author\/juanluisde"}]}},"_links":{"self":[{"href":"https:\/\/www.asajacyl.com\/salamanca\/wp-json\/wp\/v2\/posts\/12687"}],"collection":[{"href":"https:\/\/www.asajacyl.com\/salamanca\/wp-json\/wp\/v2\/posts"}],"about":[{"href":"https:\/\/www.asajacyl.com\/salamanca\/wp-json\/wp\/v2\/types\/post"}],"author":[{"embeddable":true,"href":"https:\/\/www.asajacyl.com\/salamanca\/wp-json\/wp\/v2\/users\/10"}],"replies":[{"embeddable":true,"href":"https:\/\/www.asajacyl.com\/salamanca\/wp-json\/wp\/v2\/comments?post=12687"}],"version-history":[{"count":1,"href":"https:\/\/www.asajacyl.com\/salamanca\/wp-json\/wp\/v2\/posts\/12687\/revisions"}],"predecessor-version":[{"id":12689,"href":"https:\/\/www.asajacyl.com\/salamanca\/wp-json\/wp\/v2\/posts\/12687\/revisions\/12689"}],"wp:featuredmedia":[{"embeddable":true,"href":"https:\/\/www.asajacyl.com\/salamanca\/wp-json\/wp\/v2\/media\/12688"}],"wp:attachment":[{"href":"https:\/\/www.asajacyl.com\/salamanca\/wp-json\/wp\/v2\/media?parent=12687"}],"wp:term":[{"taxonomy":"category","embeddable":true,"href":"https:\/\/www.asajacyl.com\/salamanca\/wp-json\/wp\/v2\/categories?post=12687"},{"taxonomy":"post_tag","embeddable":true,"href":"https:\/\/www.asajacyl.com\/salamanca\/wp-json\/wp\/v2\/tags?post=12687"}],"curies":[{"name":"wp","href":"https:\/\/api.w.org\/{rel}","templated":true}]}}