{"id":12697,"date":"2021-09-22T11:41:29","date_gmt":"2021-09-22T09:41:29","guid":{"rendered":"https:\/\/www.asajacyl.com\/salamanca\/?p=12697"},"modified":"2021-09-22T11:41:31","modified_gmt":"2021-09-22T09:41:31","slug":"tierra-de-sabor-arrima-el-hombro-al-deporte-a-traves-del-rugby-para-promocionar-los-alimentos-de-calidad-de-castilla-y-leon","status":"publish","type":"post","link":"https:\/\/www.asajacyl.com\/salamanca\/asaja-salamanca-informa\/tierra-de-sabor-arrima-el-hombro-al-deporte-a-traves-del-rugby-para-promocionar-los-alimentos-de-calidad-de-castilla-y-leon","title":{"rendered":"Tierra de Sabor \u2018arrima el hombro\u2019 al deporte, a trav\u00e9s del rugby, para promocionar los alimentos de calidad de Castilla y Le\u00f3n"},"content":{"rendered":"\n<p>El consejero de Agricultura, Ganader\u00eda y Desarrollo Rural, Jes\u00fas Julio Carnero, ha presentado la ma\u00f1ana del 21 de septiembre la colaboraci\u00f3n de Tierra de Sabor con los equipos de rugby de Castilla y Le\u00f3n que compiten en divisi\u00f3n de honor.<\/p>\n\n\n\n<p>Esta colaboraci\u00f3n incluye la promoci\u00f3n de los productos agroalimentarios de calidad de Tierra de Sabor en las equipaciones del VRAC Quesos Entrepinares, Silverstorm El Salvador y Aparejadores de Burgos y en las de todas las categor\u00edas base, pasando por las divisiones femeninas, sub23, etc.<\/p>\n\n\n\n<p>Tal y como ha expresado el consejero, \u201cse trata de competiciones deportivas de gran repercusi\u00f3n, con equipos con una gran base social que suponen un excelente escaparate para nuestra marca\u201d. Adem\u00e1s, ha a\u00f1adido, \u201ceste patrocinio supone la uni\u00f3n de los tres clubes representantes de Castilla y Le\u00f3n en la m\u00e1xima categor\u00eda del rugby nacional, que reflejan perfectamente los valores que quiere transmitir nuestra marca, como la calidad, el esfuerzo, la pasi\u00f3n y la disciplina\u201d.<\/p>\n\n\n\n<p>Se trata de un nuevo eje de actuaci\u00f3n para seguir ensalzando a la marca, entre los que figuran el establecimiento de nuevas alianzas estrat\u00e9gicas con otros sectores como cultura, gastronom\u00eda, turismo o deporte gracias, en parte, a los buenos resultados registrados en los an\u00e1lisis de mercado en los \u00faltimos meses.<\/p>\n\n\n\n<p><strong>Tierra de Sabor, el sello m\u00e1s recordado a nivel nacional<\/strong><\/p>\n\n\n\n<p>Recientemente, en 2020, los resultados notables obtenidos en auditor\u00eda a trav\u00e9s de la consultora Nielsen hablaban de Tierra de Sabor como el sello m\u00e1s recordado a nivel nacional, con mayor notoriedad, siendo identificado con calidad y origen. Otra de las conclusiones expresaba que, seg\u00fan los productores, pertenecer a Tierra de Sabor supone un incremento de hasta un 15 % en sus ventas.<\/p>\n\n\n\n<p>Tierra de Sabor es la marca de garant\u00eda de los productos de calidad de Castilla y Le\u00f3n, que cuenta con 900 empresas y 6.000 productos autorizados, donde est\u00e1n inscritas una de cada tres industrias agroalimentarias de la Comunidad, suponiendo al mismo tiempo un gran activo del medio rural, ya que cerca del 90 % de las empresas est\u00e1n ubicadas en el mismo.<\/p>\n\n\n\n<p><strong>Tierra de Sabor y rugby<\/strong><\/p>\n\n\n\n<p>El rugby es un deporte que en Castilla y Le\u00f3n y en Espa\u00f1a tiene una amplia afici\u00f3n que crece a\u00f1o tras a\u00f1o, lo que se traslada a una presencia en medios de comunicaci\u00f3n offline y online cada vez mayor, al igual que su seguimiento en redes sociales y en televisi\u00f3n, con un campeonato que se desarrolla por toda la geograf\u00eda nacional. Por eso esta acci\u00f3n, seg\u00fan ha comunicado Carnero, \u201csupondr\u00e1 un importante retorno publicitario a trav\u00e9s de la visualizaci\u00f3n del logo de la marca de garant\u00eda \u2018Tierra de Sabor Castilla y Le\u00f3n\u2019, que permitir\u00e1 aumentar la visibilidad y conocimiento del coraz\u00f3n amarillo en toda Espa\u00f1a, con el consiguiente impacto de imagen de la misma y asoci\u00e1ndolo a un deporte de valores compartidos con los del sector agroalimentario\u201d.<\/p>\n\n\n\n<p><strong>Los clubes<\/strong><\/p>\n\n\n\n<p>El rugby en Castilla y Le\u00f3n ha tenido un notable progreso en los \u00faltimos 25 a\u00f1os, prueba de ello es el palmar\u00e9s de sus clubes en las competiciones de m\u00e1s importancia del pa\u00eds:<\/p>\n\n\n\n<ul><li>VRAC Quesos Entrepinares: 11 campeonatos de liga (las 5 \u00faltimas de forma consecutiva), 5 copas del Rey, 8 supercopas y 5 copas ib\u00e9rica. Fundado en los a\u00f1os 70, cuenta con el patrocinio de una de las empresas de Tierra de Sabor: \u2018Quesos Entrepinares\u2019.<\/li><li>Silverstorm El Salvador: 8 ligas, 7 copas del Rey, 6 supercopas y 5 copas ib\u00e9rica.<\/li><li>Aparejadores Burgos: Consigui\u00f3 el ascenso en 2018, cuando logr\u00f3 un meritorio 5\u00ba puesto; el pasado a\u00f1o tambi\u00e9n repiti\u00f3 5\u00ba puesto.<\/li><\/ul>\n\n\n\n<p>Los jugadores de rugby son unos perfectos emisarios del sabor de Castilla y Le\u00f3n; cada uno de ellos se convierte a partir de ahora en embajador de Tierra de Sabor en sus pa\u00edses de origen. Adem\u00e1s de la diversa procedencia nacional, hay jugadores canadienses, chilenos, argentinos, neozelandeses, fiyianos, samoanos, polacos, italianos, ingleses, franceses, neerlandeses\u2026, lugares donde estar\u00e1 presente el coraz\u00f3n amarillo.<\/p>\n","protected":false},"excerpt":{"rendered":"<p>El consejero de Agricultura, Ganader\u00eda y Desarrollo Rural, Jes\u00fas Julio Carnero, ha presentado la ma\u00f1ana del 21 de septiembre la colaboraci\u00f3n de Tierra de Sabor con los equipos de rugby de Castilla y Le\u00f3n que compiten en divisi\u00f3n de honor. Esta colaboraci\u00f3n incluye la promoci\u00f3n de los productos agroalimentarios de calidad de Tierra de Sabor [&hellip;]<\/p>\n","protected":false},"author":10,"featured_media":12698,"comment_status":"open","ping_status":"open","sticky":false,"template":"","format":"standard","meta":{"footnotes":""},"categories":[10,510],"tags":[],"yoast_head":"<!-- This site is optimized with the Yoast SEO plugin v24.5 - https:\/\/yoast.com\/wordpress\/plugins\/seo\/ -->\n<title>Tierra de Sabor \u2018arrima el hombro\u2019 al deporte, a trav\u00e9s del rugby, para promocionar los alimentos de calidad de Castilla y Le\u00f3n - ASAJA Salamanca<\/title>\n<meta name=\"description\" content=\"El consejero de Agricultura, Ganader\u00eda y Desarrollo Rural, Jes\u00fas Julio Carnero, ha presentado la ma\u00f1ana del 21 de septiembre la colaboraci\u00f3n de Tierra de\" \/>\n<meta name=\"robots\" content=\"index, follow, max-snippet:-1, max-image-preview:large, max-video-preview:-1\" \/>\n<link rel=\"canonical\" href=\"https:\/\/www.asajacyl.com\/salamanca\/asaja-salamanca-informa\/tierra-de-sabor-arrima-el-hombro-al-deporte-a-traves-del-rugby-para-promocionar-los-alimentos-de-calidad-de-castilla-y-leon\" \/>\n<meta property=\"og:locale\" content=\"es_ES\" \/>\n<meta property=\"og:type\" content=\"article\" \/>\n<meta property=\"og:title\" content=\"Tierra de Sabor \u2018arrima el hombro\u2019 al deporte, a trav\u00e9s del rugby, para promocionar los alimentos de calidad de Castilla y Le\u00f3n - ASAJA Salamanca\" \/>\n<meta property=\"og:description\" content=\"El consejero de Agricultura, Ganader\u00eda y Desarrollo Rural, Jes\u00fas Julio Carnero, ha presentado la ma\u00f1ana del 21 de septiembre la colaboraci\u00f3n de Tierra de\" \/>\n<meta property=\"og:url\" content=\"https:\/\/www.asajacyl.com\/salamanca\/asaja-salamanca-informa\/tierra-de-sabor-arrima-el-hombro-al-deporte-a-traves-del-rugby-para-promocionar-los-alimentos-de-calidad-de-castilla-y-leon\" \/>\n<meta property=\"og:site_name\" content=\"ASAJA Salamanca\" \/>\n<meta property=\"article:published_time\" content=\"2021-09-22T09:41:29+00:00\" \/>\n<meta property=\"article:modified_time\" content=\"2021-09-22T09:41:31+00:00\" \/>\n<meta property=\"og:image\" content=\"https:\/\/www.asajacyl.com\/salamanca\/wp-content\/uploads\/sites\/7\/2021\/09\/TierradeSaboryRugby02.jpg\" \/>\n\t<meta property=\"og:image:width\" content=\"2500\" \/>\n\t<meta property=\"og:image:height\" content=\"1406\" \/>\n\t<meta property=\"og:image:type\" content=\"image\/jpeg\" \/>\n<meta name=\"author\" content=\"Sonia\" \/>\n<meta name=\"twitter:card\" content=\"summary_large_image\" \/>\n<meta name=\"twitter:label1\" content=\"Escrito por\" \/>\n\t<meta name=\"twitter:data1\" content=\"Sonia\" \/>\n\t<meta name=\"twitter:label2\" content=\"Tiempo de lectura\" \/>\n\t<meta name=\"twitter:data2\" content=\"3 minutos\" \/>\n<script type=\"application\/ld+json\" class=\"yoast-schema-graph\">{\"@context\":\"https:\/\/schema.org\",\"@graph\":[{\"@type\":\"WebPage\",\"@id\":\"https:\/\/www.asajacyl.com\/salamanca\/asaja-salamanca-informa\/tierra-de-sabor-arrima-el-hombro-al-deporte-a-traves-del-rugby-para-promocionar-los-alimentos-de-calidad-de-castilla-y-leon\",\"url\":\"https:\/\/www.asajacyl.com\/salamanca\/asaja-salamanca-informa\/tierra-de-sabor-arrima-el-hombro-al-deporte-a-traves-del-rugby-para-promocionar-los-alimentos-de-calidad-de-castilla-y-leon\",\"name\":\"Tierra de Sabor \u2018arrima el hombro\u2019 al deporte, a trav\u00e9s del rugby, para promocionar los alimentos de calidad de Castilla y Le\u00f3n - ASAJA Salamanca\",\"isPartOf\":{\"@id\":\"https:\/\/www.asajacyl.com\/salamanca\/#website\"},\"primaryImageOfPage\":{\"@id\":\"https:\/\/www.asajacyl.com\/salamanca\/asaja-salamanca-informa\/tierra-de-sabor-arrima-el-hombro-al-deporte-a-traves-del-rugby-para-promocionar-los-alimentos-de-calidad-de-castilla-y-leon#primaryimage\"},\"image\":{\"@id\":\"https:\/\/www.asajacyl.com\/salamanca\/asaja-salamanca-informa\/tierra-de-sabor-arrima-el-hombro-al-deporte-a-traves-del-rugby-para-promocionar-los-alimentos-de-calidad-de-castilla-y-leon#primaryimage\"},\"thumbnailUrl\":\"https:\/\/www.asajacyl.com\/salamanca\/wp-content\/uploads\/sites\/7\/2021\/09\/TierradeSaboryRugby02.jpg\",\"datePublished\":\"2021-09-22T09:41:29+00:00\",\"dateModified\":\"2021-09-22T09:41:31+00:00\",\"author\":{\"@id\":\"https:\/\/www.asajacyl.com\/salamanca\/#\/schema\/person\/2bfc7da09988e1087e6291fafe99b67f\"},\"description\":\"El consejero de Agricultura, Ganader\u00eda y Desarrollo Rural, Jes\u00fas Julio Carnero, ha presentado la ma\u00f1ana del 21 de septiembre la colaboraci\u00f3n de Tierra de\",\"breadcrumb\":{\"@id\":\"https:\/\/www.asajacyl.com\/salamanca\/asaja-salamanca-informa\/tierra-de-sabor-arrima-el-hombro-al-deporte-a-traves-del-rugby-para-promocionar-los-alimentos-de-calidad-de-castilla-y-leon#breadcrumb\"},\"inLanguage\":\"es\",\"potentialAction\":[{\"@type\":\"ReadAction\",\"target\":[\"https:\/\/www.asajacyl.com\/salamanca\/asaja-salamanca-informa\/tierra-de-sabor-arrima-el-hombro-al-deporte-a-traves-del-rugby-para-promocionar-los-alimentos-de-calidad-de-castilla-y-leon\"]}]},{\"@type\":\"ImageObject\",\"inLanguage\":\"es\",\"@id\":\"https:\/\/www.asajacyl.com\/salamanca\/asaja-salamanca-informa\/tierra-de-sabor-arrima-el-hombro-al-deporte-a-traves-del-rugby-para-promocionar-los-alimentos-de-calidad-de-castilla-y-leon#primaryimage\",\"url\":\"https:\/\/www.asajacyl.com\/salamanca\/wp-content\/uploads\/sites\/7\/2021\/09\/TierradeSaboryRugby02.jpg\",\"contentUrl\":\"https:\/\/www.asajacyl.com\/salamanca\/wp-content\/uploads\/sites\/7\/2021\/09\/TierradeSaboryRugby02.jpg\",\"width\":2500,\"height\":1406},{\"@type\":\"BreadcrumbList\",\"@id\":\"https:\/\/www.asajacyl.com\/salamanca\/asaja-salamanca-informa\/tierra-de-sabor-arrima-el-hombro-al-deporte-a-traves-del-rugby-para-promocionar-los-alimentos-de-calidad-de-castilla-y-leon#breadcrumb\",\"itemListElement\":[{\"@type\":\"ListItem\",\"position\":1,\"name\":\"Portada\",\"item\":\"https:\/\/www.asajacyl.com\/salamanca\/\"},{\"@type\":\"ListItem\",\"position\":2,\"name\":\"Tierra de Sabor \u2018arrima el hombro\u2019 al deporte, a trav\u00e9s del rugby, para promocionar los alimentos de calidad de Castilla y Le\u00f3n\"}]},{\"@type\":\"WebSite\",\"@id\":\"https:\/\/www.asajacyl.com\/salamanca\/#website\",\"url\":\"https:\/\/www.asajacyl.com\/salamanca\/\",\"name\":\"ASAJA Salamanca\",\"description\":\"Otro sitio m\u00e1s de Provincias ASAJA Castilla y Le\u00f3n\",\"potentialAction\":[{\"@type\":\"SearchAction\",\"target\":{\"@type\":\"EntryPoint\",\"urlTemplate\":\"https:\/\/www.asajacyl.com\/salamanca\/?s={search_term_string}\"},\"query-input\":{\"@type\":\"PropertyValueSpecification\",\"valueRequired\":true,\"valueName\":\"search_term_string\"}}],\"inLanguage\":\"es\"},{\"@type\":\"Person\",\"@id\":\"https:\/\/www.asajacyl.com\/salamanca\/#\/schema\/person\/2bfc7da09988e1087e6291fafe99b67f\",\"name\":\"Sonia\",\"image\":{\"@type\":\"ImageObject\",\"inLanguage\":\"es\",\"@id\":\"https:\/\/www.asajacyl.com\/salamanca\/#\/schema\/person\/image\/\",\"url\":\"https:\/\/secure.gravatar.com\/avatar\/6b0d6eb461a1e3687cc023d59022ef0d?s=96&d=mm&r=g\",\"contentUrl\":\"https:\/\/secure.gravatar.com\/avatar\/6b0d6eb461a1e3687cc023d59022ef0d?s=96&d=mm&r=g\",\"caption\":\"Sonia\"},\"url\":\"https:\/\/www.asajacyl.com\/salamanca\/author\/juanluisde\"}]}<\/script>\n<!-- \/ Yoast SEO plugin. -->","yoast_head_json":{"title":"Tierra de Sabor \u2018arrima el hombro\u2019 al deporte, a trav\u00e9s del rugby, para promocionar los alimentos de calidad de Castilla y Le\u00f3n - ASAJA Salamanca","description":"El consejero de Agricultura, Ganader\u00eda y Desarrollo Rural, Jes\u00fas Julio Carnero, ha presentado la ma\u00f1ana del 21 de septiembre la colaboraci\u00f3n de Tierra de","robots":{"index":"index","follow":"follow","max-snippet":"max-snippet:-1","max-image-preview":"max-image-preview:large","max-video-preview":"max-video-preview:-1"},"canonical":"https:\/\/www.asajacyl.com\/salamanca\/asaja-salamanca-informa\/tierra-de-sabor-arrima-el-hombro-al-deporte-a-traves-del-rugby-para-promocionar-los-alimentos-de-calidad-de-castilla-y-leon","og_locale":"es_ES","og_type":"article","og_title":"Tierra de Sabor \u2018arrima el hombro\u2019 al deporte, a trav\u00e9s del rugby, para promocionar los alimentos de calidad de Castilla y Le\u00f3n - ASAJA Salamanca","og_description":"El consejero de Agricultura, Ganader\u00eda y Desarrollo Rural, Jes\u00fas Julio Carnero, ha presentado la ma\u00f1ana del 21 de septiembre la colaboraci\u00f3n de Tierra de","og_url":"https:\/\/www.asajacyl.com\/salamanca\/asaja-salamanca-informa\/tierra-de-sabor-arrima-el-hombro-al-deporte-a-traves-del-rugby-para-promocionar-los-alimentos-de-calidad-de-castilla-y-leon","og_site_name":"ASAJA Salamanca","article_published_time":"2021-09-22T09:41:29+00:00","article_modified_time":"2021-09-22T09:41:31+00:00","og_image":[{"width":2500,"height":1406,"url":"https:\/\/www.asajacyl.com\/salamanca\/wp-content\/uploads\/sites\/7\/2021\/09\/TierradeSaboryRugby02.jpg","type":"image\/jpeg"}],"author":"Sonia","twitter_card":"summary_large_image","twitter_misc":{"Escrito por":"Sonia","Tiempo de lectura":"3 minutos"},"schema":{"@context":"https:\/\/schema.org","@graph":[{"@type":"WebPage","@id":"https:\/\/www.asajacyl.com\/salamanca\/asaja-salamanca-informa\/tierra-de-sabor-arrima-el-hombro-al-deporte-a-traves-del-rugby-para-promocionar-los-alimentos-de-calidad-de-castilla-y-leon","url":"https:\/\/www.asajacyl.com\/salamanca\/asaja-salamanca-informa\/tierra-de-sabor-arrima-el-hombro-al-deporte-a-traves-del-rugby-para-promocionar-los-alimentos-de-calidad-de-castilla-y-leon","name":"Tierra de Sabor \u2018arrima el hombro\u2019 al deporte, a trav\u00e9s del rugby, para promocionar los alimentos de calidad de Castilla y Le\u00f3n - ASAJA Salamanca","isPartOf":{"@id":"https:\/\/www.asajacyl.com\/salamanca\/#website"},"primaryImageOfPage":{"@id":"https:\/\/www.asajacyl.com\/salamanca\/asaja-salamanca-informa\/tierra-de-sabor-arrima-el-hombro-al-deporte-a-traves-del-rugby-para-promocionar-los-alimentos-de-calidad-de-castilla-y-leon#primaryimage"},"image":{"@id":"https:\/\/www.asajacyl.com\/salamanca\/asaja-salamanca-informa\/tierra-de-sabor-arrima-el-hombro-al-deporte-a-traves-del-rugby-para-promocionar-los-alimentos-de-calidad-de-castilla-y-leon#primaryimage"},"thumbnailUrl":"https:\/\/www.asajacyl.com\/salamanca\/wp-content\/uploads\/sites\/7\/2021\/09\/TierradeSaboryRugby02.jpg","datePublished":"2021-09-22T09:41:29+00:00","dateModified":"2021-09-22T09:41:31+00:00","author":{"@id":"https:\/\/www.asajacyl.com\/salamanca\/#\/schema\/person\/2bfc7da09988e1087e6291fafe99b67f"},"description":"El consejero de Agricultura, Ganader\u00eda y Desarrollo Rural, Jes\u00fas Julio Carnero, ha presentado la ma\u00f1ana del 21 de septiembre la colaboraci\u00f3n de Tierra de","breadcrumb":{"@id":"https:\/\/www.asajacyl.com\/salamanca\/asaja-salamanca-informa\/tierra-de-sabor-arrima-el-hombro-al-deporte-a-traves-del-rugby-para-promocionar-los-alimentos-de-calidad-de-castilla-y-leon#breadcrumb"},"inLanguage":"es","potentialAction":[{"@type":"ReadAction","target":["https:\/\/www.asajacyl.com\/salamanca\/asaja-salamanca-informa\/tierra-de-sabor-arrima-el-hombro-al-deporte-a-traves-del-rugby-para-promocionar-los-alimentos-de-calidad-de-castilla-y-leon"]}]},{"@type":"ImageObject","inLanguage":"es","@id":"https:\/\/www.asajacyl.com\/salamanca\/asaja-salamanca-informa\/tierra-de-sabor-arrima-el-hombro-al-deporte-a-traves-del-rugby-para-promocionar-los-alimentos-de-calidad-de-castilla-y-leon#primaryimage","url":"https:\/\/www.asajacyl.com\/salamanca\/wp-content\/uploads\/sites\/7\/2021\/09\/TierradeSaboryRugby02.jpg","contentUrl":"https:\/\/www.asajacyl.com\/salamanca\/wp-content\/uploads\/sites\/7\/2021\/09\/TierradeSaboryRugby02.jpg","width":2500,"height":1406},{"@type":"BreadcrumbList","@id":"https:\/\/www.asajacyl.com\/salamanca\/asaja-salamanca-informa\/tierra-de-sabor-arrima-el-hombro-al-deporte-a-traves-del-rugby-para-promocionar-los-alimentos-de-calidad-de-castilla-y-leon#breadcrumb","itemListElement":[{"@type":"ListItem","position":1,"name":"Portada","item":"https:\/\/www.asajacyl.com\/salamanca\/"},{"@type":"ListItem","position":2,"name":"Tierra de Sabor \u2018arrima el hombro\u2019 al deporte, a trav\u00e9s del rugby, para promocionar los alimentos de calidad de Castilla y Le\u00f3n"}]},{"@type":"WebSite","@id":"https:\/\/www.asajacyl.com\/salamanca\/#website","url":"https:\/\/www.asajacyl.com\/salamanca\/","name":"ASAJA Salamanca","description":"Otro sitio m\u00e1s de Provincias ASAJA Castilla y Le\u00f3n","potentialAction":[{"@type":"SearchAction","target":{"@type":"EntryPoint","urlTemplate":"https:\/\/www.asajacyl.com\/salamanca\/?s={search_term_string}"},"query-input":{"@type":"PropertyValueSpecification","valueRequired":true,"valueName":"search_term_string"}}],"inLanguage":"es"},{"@type":"Person","@id":"https:\/\/www.asajacyl.com\/salamanca\/#\/schema\/person\/2bfc7da09988e1087e6291fafe99b67f","name":"Sonia","image":{"@type":"ImageObject","inLanguage":"es","@id":"https:\/\/www.asajacyl.com\/salamanca\/#\/schema\/person\/image\/","url":"https:\/\/secure.gravatar.com\/avatar\/6b0d6eb461a1e3687cc023d59022ef0d?s=96&d=mm&r=g","contentUrl":"https:\/\/secure.gravatar.com\/avatar\/6b0d6eb461a1e3687cc023d59022ef0d?s=96&d=mm&r=g","caption":"Sonia"},"url":"https:\/\/www.asajacyl.com\/salamanca\/author\/juanluisde"}]}},"_links":{"self":[{"href":"https:\/\/www.asajacyl.com\/salamanca\/wp-json\/wp\/v2\/posts\/12697"}],"collection":[{"href":"https:\/\/www.asajacyl.com\/salamanca\/wp-json\/wp\/v2\/posts"}],"about":[{"href":"https:\/\/www.asajacyl.com\/salamanca\/wp-json\/wp\/v2\/types\/post"}],"author":[{"embeddable":true,"href":"https:\/\/www.asajacyl.com\/salamanca\/wp-json\/wp\/v2\/users\/10"}],"replies":[{"embeddable":true,"href":"https:\/\/www.asajacyl.com\/salamanca\/wp-json\/wp\/v2\/comments?post=12697"}],"version-history":[{"count":1,"href":"https:\/\/www.asajacyl.com\/salamanca\/wp-json\/wp\/v2\/posts\/12697\/revisions"}],"predecessor-version":[{"id":12699,"href":"https:\/\/www.asajacyl.com\/salamanca\/wp-json\/wp\/v2\/posts\/12697\/revisions\/12699"}],"wp:featuredmedia":[{"embeddable":true,"href":"https:\/\/www.asajacyl.com\/salamanca\/wp-json\/wp\/v2\/media\/12698"}],"wp:attachment":[{"href":"https:\/\/www.asajacyl.com\/salamanca\/wp-json\/wp\/v2\/media?parent=12697"}],"wp:term":[{"taxonomy":"category","embeddable":true,"href":"https:\/\/www.asajacyl.com\/salamanca\/wp-json\/wp\/v2\/categories?post=12697"},{"taxonomy":"post_tag","embeddable":true,"href":"https:\/\/www.asajacyl.com\/salamanca\/wp-json\/wp\/v2\/tags?post=12697"}],"curies":[{"name":"wp","href":"https:\/\/api.w.org\/{rel}","templated":true}]}}