{"id":12700,"date":"2021-09-22T12:30:11","date_gmt":"2021-09-22T10:30:11","guid":{"rendered":"https:\/\/www.asajacyl.com\/salamanca\/?p=12700"},"modified":"2021-09-22T12:30:12","modified_gmt":"2021-09-22T10:30:12","slug":"el-ministerio-de-agricultura-pesca-y-alimentacion-adapta-la-legislacion-del-programa-de-apoyo-al-sector-del-vino-para-hacer-mas-flexibles-las-ayudas","status":"publish","type":"post","link":"https:\/\/www.asajacyl.com\/salamanca\/asaja-salamanca-informa\/el-ministerio-de-agricultura-pesca-y-alimentacion-adapta-la-legislacion-del-programa-de-apoyo-al-sector-del-vino-para-hacer-mas-flexibles-las-ayudas","title":{"rendered":"El Ministerio de Agricultura, Pesca y Alimentaci\u00f3n adapta la legislaci\u00f3n del Programa de Apoyo al Sector del Vino para hacer m\u00e1s flexibles las ayudas"},"content":{"rendered":"\n<p>El Ministerio de Agricultura, Pesca y Alimentaci\u00f3n ha iniciado el proceso de consulta p\u00fablica de una propuesta de modificaci\u00f3n de la normativa que regula el Programa de Apoyo al Sector Vitivin\u00edcola Espa\u00f1ol (PASVE) para adaptarla a las flexibilidades que permite la Comisi\u00f3n Europea para paliar los efectos de la Covid-19 en este sector. Este programa distribuye m\u00e1s de 202 millones de euros anuales entre viticultores, bodegas y otros operadores vitivin\u00edcolas en Espa\u00f1a.<\/p>\n\n\n\n<p>El proceso de consulta p\u00fablica se abri\u00f3 el lunes d\u00eda 20 de septiembre con el env\u00edo a las comunidades aut\u00f3nomas y a las organizaciones representativas del sector vitivin\u00edcola de la propuesta de modificaci\u00f3n del Real Decreto 1363\/2018, de 2 de noviembre, para la aplicaci\u00f3n de las medidas del PASVE en el periodo 2019-2023. El periodo de consulta p\u00fablica se prolongar\u00e1 hasta el d\u00eda 29 de septiembre.<\/p>\n\n\n\n<p>El objeto que motiva esta modificaci\u00f3n es la necesaria adaptaci\u00f3n de las medidas de reestructuraci\u00f3n y reconversi\u00f3n de vi\u00f1edo, inversiones, cosecha en verde y promoci\u00f3n en terceros pa\u00edses a las flexibilidades que permiten para este programa sectorial las recientes modificaciones aprobadas por la Comisi\u00f3n Europea a los distintos reglamentos (n\u00fameros 592, 600 y 884 de 2020) para paliar los efectos de la Covid-19 en el sector del vino, entre otros.<\/p>\n\n\n\n<p>Esta modificaci\u00f3n se tramitar\u00e1 de urgencia, y permitir\u00e1 ampliar a 2022 los elementos de flexibilizaci\u00f3n que se permitieron ya para los a\u00f1os 2020 y 2021, tanto en el pago de las ayudas al sector vitivin\u00edcola, eximiendo de determinadas penalizaciones, como en la modificaci\u00f3n de las operaciones.<\/p>\n\n\n\n<p>El Real Decreto 1363\/2018 tiene por objeto establecer la normativa b\u00e1sica aplicable a una serie de medidas recogidas en el PASVE 2019-2023, presentado por el Reino de Espa\u00f1a ante la Comisi\u00f3n Europea, de conformidad con lo dispuesto en el Reglamento 1308\/2013 del Parlamento Europeo y del Consejo, de 17 de diciembre de 2013, por el que se crea una organizaci\u00f3n com\u00fan de mercados de los productos agrarios. En lo relativo a los programas de apoyo en el sector vitivin\u00edcola, se contemplan l\u00edneas de actuaci\u00f3n diferenciadas destinadas, entre otras, a la promoci\u00f3n en terceros pa\u00edses, cosecha en verde, destilaci\u00f3n de subproductos, reestructuraci\u00f3n y reconversi\u00f3n de vi\u00f1edos e inversiones en bodegas.<\/p>\n","protected":false},"excerpt":{"rendered":"<p>El Ministerio de Agricultura, Pesca y Alimentaci\u00f3n ha iniciado el proceso de consulta p\u00fablica de una propuesta de modificaci\u00f3n de la normativa que regula el Programa de Apoyo al Sector Vitivin\u00edcola Espa\u00f1ol (PASVE) para adaptarla a las flexibilidades que permite la Comisi\u00f3n Europea para paliar los efectos de la Covid-19 en este sector. Este programa [&hellip;]<\/p>\n","protected":false},"author":10,"featured_media":12701,"comment_status":"open","ping_status":"open","sticky":false,"template":"","format":"standard","meta":{"footnotes":""},"categories":[10,510],"tags":[],"yoast_head":"<!-- This site is optimized with the Yoast SEO plugin v24.5 - https:\/\/yoast.com\/wordpress\/plugins\/seo\/ -->\n<title>El Ministerio de Agricultura, Pesca y Alimentaci\u00f3n adapta la legislaci\u00f3n del Programa de Apoyo al Sector del Vino para hacer m\u00e1s flexibles las ayudas - ASAJA Salamanca<\/title>\n<meta name=\"description\" content=\"El Ministerio de Agricultura, Pesca y Alimentaci\u00f3n ha iniciado el proceso de consulta p\u00fablica de una propuesta de modificaci\u00f3n de la normativa que regula\" \/>\n<meta name=\"robots\" content=\"index, follow, max-snippet:-1, max-image-preview:large, max-video-preview:-1\" \/>\n<link rel=\"canonical\" href=\"https:\/\/www.asajacyl.com\/salamanca\/asaja-salamanca-informa\/el-ministerio-de-agricultura-pesca-y-alimentacion-adapta-la-legislacion-del-programa-de-apoyo-al-sector-del-vino-para-hacer-mas-flexibles-las-ayudas\" \/>\n<meta property=\"og:locale\" content=\"es_ES\" \/>\n<meta property=\"og:type\" content=\"article\" \/>\n<meta property=\"og:title\" content=\"El Ministerio de Agricultura, Pesca y Alimentaci\u00f3n adapta la legislaci\u00f3n del Programa de Apoyo al Sector del Vino para hacer m\u00e1s flexibles las ayudas - ASAJA Salamanca\" \/>\n<meta property=\"og:description\" content=\"El Ministerio de Agricultura, Pesca y Alimentaci\u00f3n ha iniciado el proceso de consulta p\u00fablica de una propuesta de modificaci\u00f3n de la normativa que regula\" \/>\n<meta property=\"og:url\" content=\"https:\/\/www.asajacyl.com\/salamanca\/asaja-salamanca-informa\/el-ministerio-de-agricultura-pesca-y-alimentacion-adapta-la-legislacion-del-programa-de-apoyo-al-sector-del-vino-para-hacer-mas-flexibles-las-ayudas\" \/>\n<meta property=\"og:site_name\" content=\"ASAJA Salamanca\" \/>\n<meta property=\"article:published_time\" content=\"2021-09-22T10:30:11+00:00\" \/>\n<meta property=\"article:modified_time\" content=\"2021-09-22T10:30:12+00:00\" \/>\n<meta property=\"og:image\" content=\"https:\/\/www.asajacyl.com\/salamanca\/wp-content\/uploads\/sites\/7\/2021\/09\/vinedo_2_tcm30-539650-2.jpg\" \/>\n\t<meta property=\"og:image:width\" content=\"1280\" \/>\n\t<meta property=\"og:image:height\" content=\"853\" \/>\n\t<meta property=\"og:image:type\" content=\"image\/jpeg\" \/>\n<meta name=\"author\" content=\"Sonia\" \/>\n<meta name=\"twitter:card\" content=\"summary_large_image\" \/>\n<meta name=\"twitter:label1\" content=\"Escrito por\" \/>\n\t<meta name=\"twitter:data1\" content=\"Sonia\" \/>\n\t<meta name=\"twitter:label2\" content=\"Tiempo de lectura\" \/>\n\t<meta name=\"twitter:data2\" content=\"2 minutos\" \/>\n<script type=\"application\/ld+json\" class=\"yoast-schema-graph\">{\"@context\":\"https:\/\/schema.org\",\"@graph\":[{\"@type\":\"WebPage\",\"@id\":\"https:\/\/www.asajacyl.com\/salamanca\/asaja-salamanca-informa\/el-ministerio-de-agricultura-pesca-y-alimentacion-adapta-la-legislacion-del-programa-de-apoyo-al-sector-del-vino-para-hacer-mas-flexibles-las-ayudas\",\"url\":\"https:\/\/www.asajacyl.com\/salamanca\/asaja-salamanca-informa\/el-ministerio-de-agricultura-pesca-y-alimentacion-adapta-la-legislacion-del-programa-de-apoyo-al-sector-del-vino-para-hacer-mas-flexibles-las-ayudas\",\"name\":\"El Ministerio de Agricultura, Pesca y Alimentaci\u00f3n adapta la legislaci\u00f3n del Programa de Apoyo al Sector del Vino para hacer m\u00e1s flexibles las ayudas - ASAJA Salamanca\",\"isPartOf\":{\"@id\":\"https:\/\/www.asajacyl.com\/salamanca\/#website\"},\"primaryImageOfPage\":{\"@id\":\"https:\/\/www.asajacyl.com\/salamanca\/asaja-salamanca-informa\/el-ministerio-de-agricultura-pesca-y-alimentacion-adapta-la-legislacion-del-programa-de-apoyo-al-sector-del-vino-para-hacer-mas-flexibles-las-ayudas#primaryimage\"},\"image\":{\"@id\":\"https:\/\/www.asajacyl.com\/salamanca\/asaja-salamanca-informa\/el-ministerio-de-agricultura-pesca-y-alimentacion-adapta-la-legislacion-del-programa-de-apoyo-al-sector-del-vino-para-hacer-mas-flexibles-las-ayudas#primaryimage\"},\"thumbnailUrl\":\"https:\/\/www.asajacyl.com\/salamanca\/wp-content\/uploads\/sites\/7\/2021\/09\/vinedo_2_tcm30-539650-2.jpg\",\"datePublished\":\"2021-09-22T10:30:11+00:00\",\"dateModified\":\"2021-09-22T10:30:12+00:00\",\"author\":{\"@id\":\"https:\/\/www.asajacyl.com\/salamanca\/#\/schema\/person\/2bfc7da09988e1087e6291fafe99b67f\"},\"description\":\"El Ministerio de Agricultura, Pesca y Alimentaci\u00f3n ha iniciado el proceso de consulta p\u00fablica de una propuesta de modificaci\u00f3n de la normativa que regula\",\"breadcrumb\":{\"@id\":\"https:\/\/www.asajacyl.com\/salamanca\/asaja-salamanca-informa\/el-ministerio-de-agricultura-pesca-y-alimentacion-adapta-la-legislacion-del-programa-de-apoyo-al-sector-del-vino-para-hacer-mas-flexibles-las-ayudas#breadcrumb\"},\"inLanguage\":\"es\",\"potentialAction\":[{\"@type\":\"ReadAction\",\"target\":[\"https:\/\/www.asajacyl.com\/salamanca\/asaja-salamanca-informa\/el-ministerio-de-agricultura-pesca-y-alimentacion-adapta-la-legislacion-del-programa-de-apoyo-al-sector-del-vino-para-hacer-mas-flexibles-las-ayudas\"]}]},{\"@type\":\"ImageObject\",\"inLanguage\":\"es\",\"@id\":\"https:\/\/www.asajacyl.com\/salamanca\/asaja-salamanca-informa\/el-ministerio-de-agricultura-pesca-y-alimentacion-adapta-la-legislacion-del-programa-de-apoyo-al-sector-del-vino-para-hacer-mas-flexibles-las-ayudas#primaryimage\",\"url\":\"https:\/\/www.asajacyl.com\/salamanca\/wp-content\/uploads\/sites\/7\/2021\/09\/vinedo_2_tcm30-539650-2.jpg\",\"contentUrl\":\"https:\/\/www.asajacyl.com\/salamanca\/wp-content\/uploads\/sites\/7\/2021\/09\/vinedo_2_tcm30-539650-2.jpg\",\"width\":1280,\"height\":853},{\"@type\":\"BreadcrumbList\",\"@id\":\"https:\/\/www.asajacyl.com\/salamanca\/asaja-salamanca-informa\/el-ministerio-de-agricultura-pesca-y-alimentacion-adapta-la-legislacion-del-programa-de-apoyo-al-sector-del-vino-para-hacer-mas-flexibles-las-ayudas#breadcrumb\",\"itemListElement\":[{\"@type\":\"ListItem\",\"position\":1,\"name\":\"Portada\",\"item\":\"https:\/\/www.asajacyl.com\/salamanca\/\"},{\"@type\":\"ListItem\",\"position\":2,\"name\":\"El Ministerio de Agricultura, Pesca y Alimentaci\u00f3n adapta la legislaci\u00f3n del Programa de Apoyo al Sector del Vino para hacer m\u00e1s flexibles las ayudas\"}]},{\"@type\":\"WebSite\",\"@id\":\"https:\/\/www.asajacyl.com\/salamanca\/#website\",\"url\":\"https:\/\/www.asajacyl.com\/salamanca\/\",\"name\":\"ASAJA Salamanca\",\"description\":\"Otro sitio m\u00e1s de Provincias ASAJA Castilla y Le\u00f3n\",\"potentialAction\":[{\"@type\":\"SearchAction\",\"target\":{\"@type\":\"EntryPoint\",\"urlTemplate\":\"https:\/\/www.asajacyl.com\/salamanca\/?s={search_term_string}\"},\"query-input\":{\"@type\":\"PropertyValueSpecification\",\"valueRequired\":true,\"valueName\":\"search_term_string\"}}],\"inLanguage\":\"es\"},{\"@type\":\"Person\",\"@id\":\"https:\/\/www.asajacyl.com\/salamanca\/#\/schema\/person\/2bfc7da09988e1087e6291fafe99b67f\",\"name\":\"Sonia\",\"image\":{\"@type\":\"ImageObject\",\"inLanguage\":\"es\",\"@id\":\"https:\/\/www.asajacyl.com\/salamanca\/#\/schema\/person\/image\/\",\"url\":\"https:\/\/secure.gravatar.com\/avatar\/6b0d6eb461a1e3687cc023d59022ef0d?s=96&d=mm&r=g\",\"contentUrl\":\"https:\/\/secure.gravatar.com\/avatar\/6b0d6eb461a1e3687cc023d59022ef0d?s=96&d=mm&r=g\",\"caption\":\"Sonia\"},\"url\":\"https:\/\/www.asajacyl.com\/salamanca\/author\/juanluisde\"}]}<\/script>\n<!-- \/ Yoast SEO plugin. -->","yoast_head_json":{"title":"El Ministerio de Agricultura, Pesca y Alimentaci\u00f3n adapta la legislaci\u00f3n del Programa de Apoyo al Sector del Vino para hacer m\u00e1s flexibles las ayudas - ASAJA Salamanca","description":"El Ministerio de Agricultura, Pesca y Alimentaci\u00f3n ha iniciado el proceso de consulta p\u00fablica de una propuesta de modificaci\u00f3n de la normativa que regula","robots":{"index":"index","follow":"follow","max-snippet":"max-snippet:-1","max-image-preview":"max-image-preview:large","max-video-preview":"max-video-preview:-1"},"canonical":"https:\/\/www.asajacyl.com\/salamanca\/asaja-salamanca-informa\/el-ministerio-de-agricultura-pesca-y-alimentacion-adapta-la-legislacion-del-programa-de-apoyo-al-sector-del-vino-para-hacer-mas-flexibles-las-ayudas","og_locale":"es_ES","og_type":"article","og_title":"El Ministerio de Agricultura, Pesca y Alimentaci\u00f3n adapta la legislaci\u00f3n del Programa de Apoyo al Sector del Vino para hacer m\u00e1s flexibles las ayudas - ASAJA Salamanca","og_description":"El Ministerio de Agricultura, Pesca y Alimentaci\u00f3n ha iniciado el proceso de consulta p\u00fablica de una propuesta de modificaci\u00f3n de la normativa que regula","og_url":"https:\/\/www.asajacyl.com\/salamanca\/asaja-salamanca-informa\/el-ministerio-de-agricultura-pesca-y-alimentacion-adapta-la-legislacion-del-programa-de-apoyo-al-sector-del-vino-para-hacer-mas-flexibles-las-ayudas","og_site_name":"ASAJA Salamanca","article_published_time":"2021-09-22T10:30:11+00:00","article_modified_time":"2021-09-22T10:30:12+00:00","og_image":[{"width":1280,"height":853,"url":"https:\/\/www.asajacyl.com\/salamanca\/wp-content\/uploads\/sites\/7\/2021\/09\/vinedo_2_tcm30-539650-2.jpg","type":"image\/jpeg"}],"author":"Sonia","twitter_card":"summary_large_image","twitter_misc":{"Escrito por":"Sonia","Tiempo de lectura":"2 minutos"},"schema":{"@context":"https:\/\/schema.org","@graph":[{"@type":"WebPage","@id":"https:\/\/www.asajacyl.com\/salamanca\/asaja-salamanca-informa\/el-ministerio-de-agricultura-pesca-y-alimentacion-adapta-la-legislacion-del-programa-de-apoyo-al-sector-del-vino-para-hacer-mas-flexibles-las-ayudas","url":"https:\/\/www.asajacyl.com\/salamanca\/asaja-salamanca-informa\/el-ministerio-de-agricultura-pesca-y-alimentacion-adapta-la-legislacion-del-programa-de-apoyo-al-sector-del-vino-para-hacer-mas-flexibles-las-ayudas","name":"El Ministerio de Agricultura, Pesca y Alimentaci\u00f3n adapta la legislaci\u00f3n del Programa de Apoyo al Sector del Vino para hacer m\u00e1s flexibles las ayudas - ASAJA Salamanca","isPartOf":{"@id":"https:\/\/www.asajacyl.com\/salamanca\/#website"},"primaryImageOfPage":{"@id":"https:\/\/www.asajacyl.com\/salamanca\/asaja-salamanca-informa\/el-ministerio-de-agricultura-pesca-y-alimentacion-adapta-la-legislacion-del-programa-de-apoyo-al-sector-del-vino-para-hacer-mas-flexibles-las-ayudas#primaryimage"},"image":{"@id":"https:\/\/www.asajacyl.com\/salamanca\/asaja-salamanca-informa\/el-ministerio-de-agricultura-pesca-y-alimentacion-adapta-la-legislacion-del-programa-de-apoyo-al-sector-del-vino-para-hacer-mas-flexibles-las-ayudas#primaryimage"},"thumbnailUrl":"https:\/\/www.asajacyl.com\/salamanca\/wp-content\/uploads\/sites\/7\/2021\/09\/vinedo_2_tcm30-539650-2.jpg","datePublished":"2021-09-22T10:30:11+00:00","dateModified":"2021-09-22T10:30:12+00:00","author":{"@id":"https:\/\/www.asajacyl.com\/salamanca\/#\/schema\/person\/2bfc7da09988e1087e6291fafe99b67f"},"description":"El Ministerio de Agricultura, Pesca y Alimentaci\u00f3n ha iniciado el proceso de consulta p\u00fablica de una propuesta de modificaci\u00f3n de la normativa que regula","breadcrumb":{"@id":"https:\/\/www.asajacyl.com\/salamanca\/asaja-salamanca-informa\/el-ministerio-de-agricultura-pesca-y-alimentacion-adapta-la-legislacion-del-programa-de-apoyo-al-sector-del-vino-para-hacer-mas-flexibles-las-ayudas#breadcrumb"},"inLanguage":"es","potentialAction":[{"@type":"ReadAction","target":["https:\/\/www.asajacyl.com\/salamanca\/asaja-salamanca-informa\/el-ministerio-de-agricultura-pesca-y-alimentacion-adapta-la-legislacion-del-programa-de-apoyo-al-sector-del-vino-para-hacer-mas-flexibles-las-ayudas"]}]},{"@type":"ImageObject","inLanguage":"es","@id":"https:\/\/www.asajacyl.com\/salamanca\/asaja-salamanca-informa\/el-ministerio-de-agricultura-pesca-y-alimentacion-adapta-la-legislacion-del-programa-de-apoyo-al-sector-del-vino-para-hacer-mas-flexibles-las-ayudas#primaryimage","url":"https:\/\/www.asajacyl.com\/salamanca\/wp-content\/uploads\/sites\/7\/2021\/09\/vinedo_2_tcm30-539650-2.jpg","contentUrl":"https:\/\/www.asajacyl.com\/salamanca\/wp-content\/uploads\/sites\/7\/2021\/09\/vinedo_2_tcm30-539650-2.jpg","width":1280,"height":853},{"@type":"BreadcrumbList","@id":"https:\/\/www.asajacyl.com\/salamanca\/asaja-salamanca-informa\/el-ministerio-de-agricultura-pesca-y-alimentacion-adapta-la-legislacion-del-programa-de-apoyo-al-sector-del-vino-para-hacer-mas-flexibles-las-ayudas#breadcrumb","itemListElement":[{"@type":"ListItem","position":1,"name":"Portada","item":"https:\/\/www.asajacyl.com\/salamanca\/"},{"@type":"ListItem","position":2,"name":"El Ministerio de Agricultura, Pesca y Alimentaci\u00f3n adapta la legislaci\u00f3n del Programa de Apoyo al Sector del Vino para hacer m\u00e1s flexibles las ayudas"}]},{"@type":"WebSite","@id":"https:\/\/www.asajacyl.com\/salamanca\/#website","url":"https:\/\/www.asajacyl.com\/salamanca\/","name":"ASAJA Salamanca","description":"Otro sitio m\u00e1s de Provincias ASAJA Castilla y Le\u00f3n","potentialAction":[{"@type":"SearchAction","target":{"@type":"EntryPoint","urlTemplate":"https:\/\/www.asajacyl.com\/salamanca\/?s={search_term_string}"},"query-input":{"@type":"PropertyValueSpecification","valueRequired":true,"valueName":"search_term_string"}}],"inLanguage":"es"},{"@type":"Person","@id":"https:\/\/www.asajacyl.com\/salamanca\/#\/schema\/person\/2bfc7da09988e1087e6291fafe99b67f","name":"Sonia","image":{"@type":"ImageObject","inLanguage":"es","@id":"https:\/\/www.asajacyl.com\/salamanca\/#\/schema\/person\/image\/","url":"https:\/\/secure.gravatar.com\/avatar\/6b0d6eb461a1e3687cc023d59022ef0d?s=96&d=mm&r=g","contentUrl":"https:\/\/secure.gravatar.com\/avatar\/6b0d6eb461a1e3687cc023d59022ef0d?s=96&d=mm&r=g","caption":"Sonia"},"url":"https:\/\/www.asajacyl.com\/salamanca\/author\/juanluisde"}]}},"_links":{"self":[{"href":"https:\/\/www.asajacyl.com\/salamanca\/wp-json\/wp\/v2\/posts\/12700"}],"collection":[{"href":"https:\/\/www.asajacyl.com\/salamanca\/wp-json\/wp\/v2\/posts"}],"about":[{"href":"https:\/\/www.asajacyl.com\/salamanca\/wp-json\/wp\/v2\/types\/post"}],"author":[{"embeddable":true,"href":"https:\/\/www.asajacyl.com\/salamanca\/wp-json\/wp\/v2\/users\/10"}],"replies":[{"embeddable":true,"href":"https:\/\/www.asajacyl.com\/salamanca\/wp-json\/wp\/v2\/comments?post=12700"}],"version-history":[{"count":1,"href":"https:\/\/www.asajacyl.com\/salamanca\/wp-json\/wp\/v2\/posts\/12700\/revisions"}],"predecessor-version":[{"id":12702,"href":"https:\/\/www.asajacyl.com\/salamanca\/wp-json\/wp\/v2\/posts\/12700\/revisions\/12702"}],"wp:featuredmedia":[{"embeddable":true,"href":"https:\/\/www.asajacyl.com\/salamanca\/wp-json\/wp\/v2\/media\/12701"}],"wp:attachment":[{"href":"https:\/\/www.asajacyl.com\/salamanca\/wp-json\/wp\/v2\/media?parent=12700"}],"wp:term":[{"taxonomy":"category","embeddable":true,"href":"https:\/\/www.asajacyl.com\/salamanca\/wp-json\/wp\/v2\/categories?post=12700"},{"taxonomy":"post_tag","embeddable":true,"href":"https:\/\/www.asajacyl.com\/salamanca\/wp-json\/wp\/v2\/tags?post=12700"}],"curies":[{"name":"wp","href":"https:\/\/api.w.org\/{rel}","templated":true}]}}