{"id":12734,"date":"2021-09-30T09:26:20","date_gmt":"2021-09-30T07:26:20","guid":{"rendered":"https:\/\/www.asajacyl.com\/salamanca\/?p=12734"},"modified":"2021-09-30T09:26:22","modified_gmt":"2021-09-30T07:26:22","slug":"luis-planas-destaca-la-voluntad-politica-y-el-compromiso-del-gobierno-por-el-desarrollo-socioeconomico-del-medio-rural","status":"publish","type":"post","link":"https:\/\/www.asajacyl.com\/salamanca\/asaja-salamanca-informa\/luis-planas-destaca-la-voluntad-politica-y-el-compromiso-del-gobierno-por-el-desarrollo-socioeconomico-del-medio-rural","title":{"rendered":"Luis Planas destaca la voluntad pol\u00edtica y el compromiso del Gobierno por el desarrollo socioecon\u00f3mico del medio rural"},"content":{"rendered":"\n<p>Se\u00f1ala que el Gobierno pone en marcha instrumentos para la revitalizaci\u00f3n econ\u00f3mica y social justa en el medio rural como las 130 medidas frente al reto demogr\u00e1fico, el Plan de Recuperaci\u00f3n, Transformaci\u00f3n y Resiliencia y las ayudas de la PAC.<\/p>\n<p>Subraya que el Gobierno trabaja para corregir los desequilibrios en cuanto a los retos y oportunidades en los diferentes territorios, mediante pol\u00edticas que favorezcan la cohesi\u00f3n social y territorial.<\/p>\n<p class=\"Rpido\"><span lang=\"ES-TRAD\" xml:lang=\"ES-TRAD\">El ministro de Agricultura, Pesca y Alimentaci\u00f3n, Luis Planas, ha destacado la \u201cvoluntad pol\u00edtica clara\u201d del Gobierno para apostar por el <strong>desarrollo econ\u00f3mico y social del medio rural<\/strong>, a trav\u00e9s de importantes instrumentos para conseguir una revitalizaci\u00f3n econ\u00f3mica y social justa. Entre estas herramientas, ha citado las 130 medidas del Gobierno frente al reto demogr\u00e1fico, con un nuevo enfoque integral, el Plan de Recuperaci\u00f3n, Transformaci\u00f3n y Resiliencia (PRTR) y las ayudas de la Pol\u00edtica Agraria Com\u00fan (PAC).<\/span><\/p>\n<p class=\"Rpido\"><span lang=\"ES-TRAD\" xml:lang=\"ES-TRAD\">Luis Planas particip\u00f3, el 27 de septiembre, en la jornada de presentaci\u00f3n del informe \u201cUn medio rural vivo y sostenible\u201d, del <strong>Centro Econ\u00f3mico y Social<\/strong> (CES), entidad a la que ha agradecido su esfuerzo en la elaboraci\u00f3n de este estudio sobre las oportunidades de desarrollo y revitalizaci\u00f3n del medio rural.<\/span><\/p>\n<p class=\"Rpido\"><span lang=\"ES-TRAD\" xml:lang=\"ES-TRAD\">Este informe recoge un \u201cdiagn\u00f3stico completo sobre la realidad de nuestro mundo rural\u201d y de las l\u00edneas de trabajo y apoyo del Ministerio de Agricultura, Pesca y Alimentaci\u00f3n. Adem\u00e1s, varias de las recomendaciones incluidas en el informe est\u00e1n alineadas con los instrumentos y pol\u00edticas que despliega el ministerio para dinamizar el medio rural y el sector agroalimentario.<\/span><\/p>\n<p class=\"Rpido\"><span lang=\"ES-TRAD\" xml:lang=\"ES-TRAD\">Tambi\u00e9n ha se\u00f1alado que el Gobierno y las distintas administraciones trabajan para <strong>corregir los desequilibrios<\/strong> en cuanto a los retos y oportunidades en los diferentes territorios, mediante pol\u00edticas p\u00fablicas que favorezcan la cohesi\u00f3n social y territorial, garantizando la igualdad de derechos de todos los habitantes del medio rural.<\/span><\/p>\n<p class=\"Rpido\"><span lang=\"ES-TRAD\" xml:lang=\"ES-TRAD\">Planas ha subrayado la necesidad de \u201cescuchar al mundo rural\u201d, conocer sus problemas y ser capaces de impulsar medidas que superen la brecha real que existe entre lo rural y lo urbano, para que los territorios sean lugares donde las personas quieran vivir.<\/span><\/p>\n<p class=\"Rpido\"><strong><span lang=\"ES-TRAD\" xml:lang=\"ES-TRAD\">PLAN DE RECUPERACI\u00d3N, TRANSFORMACI\u00d3N Y RESILIENCIA<\/span><\/strong><\/p>\n<p class=\"Rpido\"><span lang=\"ES-TRAD\" xml:lang=\"ES-TRAD\">Entre los mecanismos de apoyo a agricultores y ganaderos, Planas ha mencionado las ayudas de la Pol\u00edtica Agraria Com\u00fan (PAC). \u201cLa actividad agraria es el m\u00fasculo de nuestro medio rural y disponer de 47.724 millones de euros de la PAC es una excelente noticia\u201d, un apoyo necesario para conseguir que las explotaciones ganen en <strong>rentabilidad<\/strong>, una mayor protecci\u00f3n del medio ambiente y fijar la poblaci\u00f3n en los territorios.<\/span><\/p>\n<p><img loading=\"lazy\" decoding=\"async\" class=\"size-medium wp-image-12736 alignright\" src=\"https:\/\/www.asajacyl.com\/salamanca\/wp-content\/uploads\/sites\/7\/2021\/09\/CES-II-300x199.jpg\" alt=\"\" width=\"300\" height=\"199\" srcset=\"https:\/\/www.asajacyl.com\/salamanca\/wp-content\/uploads\/sites\/7\/2021\/09\/CES-II-300x199.jpg 300w, https:\/\/www.asajacyl.com\/salamanca\/wp-content\/uploads\/sites\/7\/2021\/09\/CES-II-1024x680.jpg 1024w, https:\/\/www.asajacyl.com\/salamanca\/wp-content\/uploads\/sites\/7\/2021\/09\/CES-II-768x510.jpg 768w, https:\/\/www.asajacyl.com\/salamanca\/wp-content\/uploads\/sites\/7\/2021\/09\/CES-II-1536x1020.jpg 1536w, https:\/\/www.asajacyl.com\/salamanca\/wp-content\/uploads\/sites\/7\/2021\/09\/CES-II-2048x1360.jpg 2048w, https:\/\/www.asajacyl.com\/salamanca\/wp-content\/uploads\/sites\/7\/2021\/09\/CES-II-696x462.jpg 696w, https:\/\/www.asajacyl.com\/salamanca\/wp-content\/uploads\/sites\/7\/2021\/09\/CES-II-1068x709.jpg 1068w, https:\/\/www.asajacyl.com\/salamanca\/wp-content\/uploads\/sites\/7\/2021\/09\/CES-II-1920x1275.jpg 1920w, https:\/\/www.asajacyl.com\/salamanca\/wp-content\/uploads\/sites\/7\/2021\/09\/CES-II-633x420.jpg 633w\" sizes=\"(max-width: 300px) 100vw, 300px\" \/><\/p>\n<p class=\"Rpido\"><span lang=\"ES-TRAD\" xml:lang=\"ES-TRAD\">Asimismo, el Plan de Recuperaci\u00f3n, Transformaci\u00f3n y Resiliencia (PRTR) incorpora como objetivo transversal el <strong>apoyo al medio rural y a su poblaci\u00f3n<\/strong> a lo largo de la mayor\u00eda de sus componentes y medidas, con la vista puesta en garantizar una producci\u00f3n agroalimentaria sostenible, competitiva, rentable y tecnificada.<\/span><\/p>\n<p class=\"Rpido\"><span lang=\"ES-TRAD\" xml:lang=\"ES-TRAD\">Este Plan, que cuenta con 1.051 millones de euros destinados a la gesti\u00f3n \u00edntegra del MAPA, apuesta por la inversi\u00f3n en regad\u00edos sostenibles y la modernizaci\u00f3n de infraestructuras, as\u00ed como por la digitalizaci\u00f3n que, seg\u00fan el ministro, es una de las claves del <strong>\u00e9xito del medio rural<\/strong>. En este sentido, se ha referido a la Estrategia de Digitalizaci\u00f3n del Sector Agroalimentario y del Medio Rural, y sus Planes de Acci\u00f3n. El primer plan de acci\u00f3n (2019-2020) ya est\u00e1 finalizado y ejecutado casi en su totalidad, mientras que el segundo (2021-2023) cuenta con m\u00e1s de 20 actuaciones y un presupuesto superior a los 60 millones de euros.<\/span><\/p>\n<p class=\"Rpido\"><span lang=\"ES-TRAD\" xml:lang=\"ES-TRAD\">Ha asegurado que disponer para 2025 de banda ancha en todo el territorio nacional es una obligaci\u00f3n, para que llegue no solo a los n\u00facleos de poblaci\u00f3n sino a las fincas y explotaciones rurales. \u201cDisponemos de los fondos y la voluntad para llevarlo a cabo\u201d, ha a\u00f1adido. Considera que debemos generalizar la aplicaci\u00f3n de la agricultura de precisi\u00f3n, para lograr una forma distinta de hacer negocio, que <strong>incremente el valor de los productos<\/strong> a lo largo de la cadena.<\/span><\/p>\n<p class=\"Rpido\"><strong><span lang=\"ES-TRAD\" xml:lang=\"ES-TRAD\">MUJERES Y J\u00d3VENES<\/span><\/strong><\/p>\n<p class=\"Rpido\"><span lang=\"ES-TRAD\" xml:lang=\"ES-TRAD\">Por otra parte, el ministro ha asegurado que la futura PAC va a permitir implementar intervenciones para promover la <strong>igualdad de derechos y oportunidades<\/strong> de las mujeres y los j\u00f3venes. El ministerio ya trabaja en la Estrategia para la igualdad de las mujeres rurales y en la Estrategia para el relevo generacional.<\/span><\/p>\n<p class=\"Rpido\"><span lang=\"ES-TRAD\" xml:lang=\"ES-TRAD\">Tambi\u00e9n se van a impulsar los mecanismos de <strong>formaci\u00f3n, capacitaci\u00f3n y asesoramiento<\/strong> a los trabajadores del sector agroalimentario, el fomento del emprendimiento de la actividad empresarial en el medio rural y la integraci\u00f3n asociativa de agricultores y ganaderos, para mejorar su posicionamiento en la cadena de valor y el aumento del valor a\u00f1adido de sus producciones. Seg\u00fan ha subrayado, \u201csi no logramos que la actividad de los j\u00f3venes sea rentable, no conseguiremos el futuro\u201d.\u00a0<\/span><\/p>\n\n\n\n<p><\/p>\n","protected":false},"excerpt":{"rendered":"<p>Se\u00f1ala que el Gobierno pone en marcha instrumentos para la revitalizaci\u00f3n econ\u00f3mica y social justa en el medio rural como las 130 medidas frente al reto demogr\u00e1fico, el Plan de Recuperaci\u00f3n, Transformaci\u00f3n y Resiliencia y las ayudas de la PAC. Subraya que el Gobierno trabaja para corregir los desequilibrios en cuanto a los retos y [&hellip;]<\/p>\n","protected":false},"author":10,"featured_media":12735,"comment_status":"open","ping_status":"open","sticky":false,"template":"","format":"standard","meta":{"footnotes":""},"categories":[10,510],"tags":[],"yoast_head":"<!-- This site is optimized with the Yoast SEO plugin v24.5 - https:\/\/yoast.com\/wordpress\/plugins\/seo\/ -->\n<title>Luis Planas destaca la voluntad pol\u00edtica y el compromiso del Gobierno por el desarrollo socioecon\u00f3mico del medio rural - ASAJA Salamanca<\/title>\n<meta name=\"description\" content=\"Se\u00f1ala que el Gobierno pone en marcha instrumentos para la revitalizaci\u00f3n econ\u00f3mica y social justa en el medio rural como las 130 medidas frente al reto\" \/>\n<meta name=\"robots\" content=\"index, follow, max-snippet:-1, max-image-preview:large, max-video-preview:-1\" \/>\n<link rel=\"canonical\" href=\"https:\/\/www.asajacyl.com\/salamanca\/asaja-salamanca-informa\/luis-planas-destaca-la-voluntad-politica-y-el-compromiso-del-gobierno-por-el-desarrollo-socioeconomico-del-medio-rural\" \/>\n<meta property=\"og:locale\" content=\"es_ES\" \/>\n<meta property=\"og:type\" content=\"article\" \/>\n<meta property=\"og:title\" content=\"Luis Planas destaca la voluntad pol\u00edtica y el compromiso del Gobierno por el desarrollo socioecon\u00f3mico del medio rural - ASAJA Salamanca\" \/>\n<meta property=\"og:description\" content=\"Se\u00f1ala que el Gobierno pone en marcha instrumentos para la revitalizaci\u00f3n econ\u00f3mica y social justa en el medio rural como las 130 medidas frente al reto\" \/>\n<meta property=\"og:url\" content=\"https:\/\/www.asajacyl.com\/salamanca\/asaja-salamanca-informa\/luis-planas-destaca-la-voluntad-politica-y-el-compromiso-del-gobierno-por-el-desarrollo-socioeconomico-del-medio-rural\" \/>\n<meta property=\"og:site_name\" content=\"ASAJA Salamanca\" \/>\n<meta property=\"article:published_time\" content=\"2021-09-30T07:26:20+00:00\" \/>\n<meta property=\"article:modified_time\" content=\"2021-09-30T07:26:22+00:00\" \/>\n<meta property=\"og:image\" content=\"https:\/\/www.asajacyl.com\/salamanca\/wp-content\/uploads\/sites\/7\/2021\/09\/CES.jpg\" \/>\n\t<meta property=\"og:image:width\" content=\"2500\" \/>\n\t<meta property=\"og:image:height\" content=\"1660\" \/>\n\t<meta property=\"og:image:type\" content=\"image\/jpeg\" \/>\n<meta name=\"author\" content=\"Sonia\" \/>\n<meta name=\"twitter:card\" content=\"summary_large_image\" \/>\n<meta name=\"twitter:label1\" content=\"Escrito por\" \/>\n\t<meta name=\"twitter:data1\" content=\"Sonia\" \/>\n\t<meta name=\"twitter:label2\" content=\"Tiempo de lectura\" \/>\n\t<meta name=\"twitter:data2\" content=\"4 minutos\" \/>\n<script type=\"application\/ld+json\" class=\"yoast-schema-graph\">{\"@context\":\"https:\/\/schema.org\",\"@graph\":[{\"@type\":\"WebPage\",\"@id\":\"https:\/\/www.asajacyl.com\/salamanca\/asaja-salamanca-informa\/luis-planas-destaca-la-voluntad-politica-y-el-compromiso-del-gobierno-por-el-desarrollo-socioeconomico-del-medio-rural\",\"url\":\"https:\/\/www.asajacyl.com\/salamanca\/asaja-salamanca-informa\/luis-planas-destaca-la-voluntad-politica-y-el-compromiso-del-gobierno-por-el-desarrollo-socioeconomico-del-medio-rural\",\"name\":\"Luis Planas destaca la voluntad pol\u00edtica y el compromiso del Gobierno por el desarrollo socioecon\u00f3mico del medio rural - ASAJA Salamanca\",\"isPartOf\":{\"@id\":\"https:\/\/www.asajacyl.com\/salamanca\/#website\"},\"primaryImageOfPage\":{\"@id\":\"https:\/\/www.asajacyl.com\/salamanca\/asaja-salamanca-informa\/luis-planas-destaca-la-voluntad-politica-y-el-compromiso-del-gobierno-por-el-desarrollo-socioeconomico-del-medio-rural#primaryimage\"},\"image\":{\"@id\":\"https:\/\/www.asajacyl.com\/salamanca\/asaja-salamanca-informa\/luis-planas-destaca-la-voluntad-politica-y-el-compromiso-del-gobierno-por-el-desarrollo-socioeconomico-del-medio-rural#primaryimage\"},\"thumbnailUrl\":\"https:\/\/www.asajacyl.com\/salamanca\/wp-content\/uploads\/sites\/7\/2021\/09\/CES.jpg\",\"datePublished\":\"2021-09-30T07:26:20+00:00\",\"dateModified\":\"2021-09-30T07:26:22+00:00\",\"author\":{\"@id\":\"https:\/\/www.asajacyl.com\/salamanca\/#\/schema\/person\/2bfc7da09988e1087e6291fafe99b67f\"},\"description\":\"Se\u00f1ala que el Gobierno pone en marcha instrumentos para la revitalizaci\u00f3n econ\u00f3mica y social justa en el medio rural como las 130 medidas frente al reto\",\"breadcrumb\":{\"@id\":\"https:\/\/www.asajacyl.com\/salamanca\/asaja-salamanca-informa\/luis-planas-destaca-la-voluntad-politica-y-el-compromiso-del-gobierno-por-el-desarrollo-socioeconomico-del-medio-rural#breadcrumb\"},\"inLanguage\":\"es\",\"potentialAction\":[{\"@type\":\"ReadAction\",\"target\":[\"https:\/\/www.asajacyl.com\/salamanca\/asaja-salamanca-informa\/luis-planas-destaca-la-voluntad-politica-y-el-compromiso-del-gobierno-por-el-desarrollo-socioeconomico-del-medio-rural\"]}]},{\"@type\":\"ImageObject\",\"inLanguage\":\"es\",\"@id\":\"https:\/\/www.asajacyl.com\/salamanca\/asaja-salamanca-informa\/luis-planas-destaca-la-voluntad-politica-y-el-compromiso-del-gobierno-por-el-desarrollo-socioeconomico-del-medio-rural#primaryimage\",\"url\":\"https:\/\/www.asajacyl.com\/salamanca\/wp-content\/uploads\/sites\/7\/2021\/09\/CES.jpg\",\"contentUrl\":\"https:\/\/www.asajacyl.com\/salamanca\/wp-content\/uploads\/sites\/7\/2021\/09\/CES.jpg\",\"width\":2500,\"height\":1660},{\"@type\":\"BreadcrumbList\",\"@id\":\"https:\/\/www.asajacyl.com\/salamanca\/asaja-salamanca-informa\/luis-planas-destaca-la-voluntad-politica-y-el-compromiso-del-gobierno-por-el-desarrollo-socioeconomico-del-medio-rural#breadcrumb\",\"itemListElement\":[{\"@type\":\"ListItem\",\"position\":1,\"name\":\"Portada\",\"item\":\"https:\/\/www.asajacyl.com\/salamanca\/\"},{\"@type\":\"ListItem\",\"position\":2,\"name\":\"Luis Planas destaca la voluntad pol\u00edtica y el compromiso del Gobierno por el desarrollo socioecon\u00f3mico del medio rural\"}]},{\"@type\":\"WebSite\",\"@id\":\"https:\/\/www.asajacyl.com\/salamanca\/#website\",\"url\":\"https:\/\/www.asajacyl.com\/salamanca\/\",\"name\":\"ASAJA Salamanca\",\"description\":\"Otro sitio m\u00e1s de Provincias ASAJA Castilla y Le\u00f3n\",\"potentialAction\":[{\"@type\":\"SearchAction\",\"target\":{\"@type\":\"EntryPoint\",\"urlTemplate\":\"https:\/\/www.asajacyl.com\/salamanca\/?s={search_term_string}\"},\"query-input\":{\"@type\":\"PropertyValueSpecification\",\"valueRequired\":true,\"valueName\":\"search_term_string\"}}],\"inLanguage\":\"es\"},{\"@type\":\"Person\",\"@id\":\"https:\/\/www.asajacyl.com\/salamanca\/#\/schema\/person\/2bfc7da09988e1087e6291fafe99b67f\",\"name\":\"Sonia\",\"image\":{\"@type\":\"ImageObject\",\"inLanguage\":\"es\",\"@id\":\"https:\/\/www.asajacyl.com\/salamanca\/#\/schema\/person\/image\/\",\"url\":\"https:\/\/secure.gravatar.com\/avatar\/6b0d6eb461a1e3687cc023d59022ef0d?s=96&d=mm&r=g\",\"contentUrl\":\"https:\/\/secure.gravatar.com\/avatar\/6b0d6eb461a1e3687cc023d59022ef0d?s=96&d=mm&r=g\",\"caption\":\"Sonia\"},\"url\":\"https:\/\/www.asajacyl.com\/salamanca\/author\/juanluisde\"}]}<\/script>\n<!-- \/ Yoast SEO plugin. -->","yoast_head_json":{"title":"Luis Planas destaca la voluntad pol\u00edtica y el compromiso del Gobierno por el desarrollo socioecon\u00f3mico del medio rural - ASAJA Salamanca","description":"Se\u00f1ala que el Gobierno pone en marcha instrumentos para la revitalizaci\u00f3n econ\u00f3mica y social justa en el medio rural como las 130 medidas frente al reto","robots":{"index":"index","follow":"follow","max-snippet":"max-snippet:-1","max-image-preview":"max-image-preview:large","max-video-preview":"max-video-preview:-1"},"canonical":"https:\/\/www.asajacyl.com\/salamanca\/asaja-salamanca-informa\/luis-planas-destaca-la-voluntad-politica-y-el-compromiso-del-gobierno-por-el-desarrollo-socioeconomico-del-medio-rural","og_locale":"es_ES","og_type":"article","og_title":"Luis Planas destaca la voluntad pol\u00edtica y el compromiso del Gobierno por el desarrollo socioecon\u00f3mico del medio rural - ASAJA Salamanca","og_description":"Se\u00f1ala que el Gobierno pone en marcha instrumentos para la revitalizaci\u00f3n econ\u00f3mica y social justa en el medio rural como las 130 medidas frente al reto","og_url":"https:\/\/www.asajacyl.com\/salamanca\/asaja-salamanca-informa\/luis-planas-destaca-la-voluntad-politica-y-el-compromiso-del-gobierno-por-el-desarrollo-socioeconomico-del-medio-rural","og_site_name":"ASAJA Salamanca","article_published_time":"2021-09-30T07:26:20+00:00","article_modified_time":"2021-09-30T07:26:22+00:00","og_image":[{"width":2500,"height":1660,"url":"https:\/\/www.asajacyl.com\/salamanca\/wp-content\/uploads\/sites\/7\/2021\/09\/CES.jpg","type":"image\/jpeg"}],"author":"Sonia","twitter_card":"summary_large_image","twitter_misc":{"Escrito por":"Sonia","Tiempo de lectura":"4 minutos"},"schema":{"@context":"https:\/\/schema.org","@graph":[{"@type":"WebPage","@id":"https:\/\/www.asajacyl.com\/salamanca\/asaja-salamanca-informa\/luis-planas-destaca-la-voluntad-politica-y-el-compromiso-del-gobierno-por-el-desarrollo-socioeconomico-del-medio-rural","url":"https:\/\/www.asajacyl.com\/salamanca\/asaja-salamanca-informa\/luis-planas-destaca-la-voluntad-politica-y-el-compromiso-del-gobierno-por-el-desarrollo-socioeconomico-del-medio-rural","name":"Luis Planas destaca la voluntad pol\u00edtica y el compromiso del Gobierno por el desarrollo socioecon\u00f3mico del medio rural - ASAJA Salamanca","isPartOf":{"@id":"https:\/\/www.asajacyl.com\/salamanca\/#website"},"primaryImageOfPage":{"@id":"https:\/\/www.asajacyl.com\/salamanca\/asaja-salamanca-informa\/luis-planas-destaca-la-voluntad-politica-y-el-compromiso-del-gobierno-por-el-desarrollo-socioeconomico-del-medio-rural#primaryimage"},"image":{"@id":"https:\/\/www.asajacyl.com\/salamanca\/asaja-salamanca-informa\/luis-planas-destaca-la-voluntad-politica-y-el-compromiso-del-gobierno-por-el-desarrollo-socioeconomico-del-medio-rural#primaryimage"},"thumbnailUrl":"https:\/\/www.asajacyl.com\/salamanca\/wp-content\/uploads\/sites\/7\/2021\/09\/CES.jpg","datePublished":"2021-09-30T07:26:20+00:00","dateModified":"2021-09-30T07:26:22+00:00","author":{"@id":"https:\/\/www.asajacyl.com\/salamanca\/#\/schema\/person\/2bfc7da09988e1087e6291fafe99b67f"},"description":"Se\u00f1ala que el Gobierno pone en marcha instrumentos para la revitalizaci\u00f3n econ\u00f3mica y social justa en el medio rural como las 130 medidas frente al reto","breadcrumb":{"@id":"https:\/\/www.asajacyl.com\/salamanca\/asaja-salamanca-informa\/luis-planas-destaca-la-voluntad-politica-y-el-compromiso-del-gobierno-por-el-desarrollo-socioeconomico-del-medio-rural#breadcrumb"},"inLanguage":"es","potentialAction":[{"@type":"ReadAction","target":["https:\/\/www.asajacyl.com\/salamanca\/asaja-salamanca-informa\/luis-planas-destaca-la-voluntad-politica-y-el-compromiso-del-gobierno-por-el-desarrollo-socioeconomico-del-medio-rural"]}]},{"@type":"ImageObject","inLanguage":"es","@id":"https:\/\/www.asajacyl.com\/salamanca\/asaja-salamanca-informa\/luis-planas-destaca-la-voluntad-politica-y-el-compromiso-del-gobierno-por-el-desarrollo-socioeconomico-del-medio-rural#primaryimage","url":"https:\/\/www.asajacyl.com\/salamanca\/wp-content\/uploads\/sites\/7\/2021\/09\/CES.jpg","contentUrl":"https:\/\/www.asajacyl.com\/salamanca\/wp-content\/uploads\/sites\/7\/2021\/09\/CES.jpg","width":2500,"height":1660},{"@type":"BreadcrumbList","@id":"https:\/\/www.asajacyl.com\/salamanca\/asaja-salamanca-informa\/luis-planas-destaca-la-voluntad-politica-y-el-compromiso-del-gobierno-por-el-desarrollo-socioeconomico-del-medio-rural#breadcrumb","itemListElement":[{"@type":"ListItem","position":1,"name":"Portada","item":"https:\/\/www.asajacyl.com\/salamanca\/"},{"@type":"ListItem","position":2,"name":"Luis Planas destaca la voluntad pol\u00edtica y el compromiso del Gobierno por el desarrollo socioecon\u00f3mico del medio rural"}]},{"@type":"WebSite","@id":"https:\/\/www.asajacyl.com\/salamanca\/#website","url":"https:\/\/www.asajacyl.com\/salamanca\/","name":"ASAJA Salamanca","description":"Otro sitio m\u00e1s de Provincias ASAJA Castilla y Le\u00f3n","potentialAction":[{"@type":"SearchAction","target":{"@type":"EntryPoint","urlTemplate":"https:\/\/www.asajacyl.com\/salamanca\/?s={search_term_string}"},"query-input":{"@type":"PropertyValueSpecification","valueRequired":true,"valueName":"search_term_string"}}],"inLanguage":"es"},{"@type":"Person","@id":"https:\/\/www.asajacyl.com\/salamanca\/#\/schema\/person\/2bfc7da09988e1087e6291fafe99b67f","name":"Sonia","image":{"@type":"ImageObject","inLanguage":"es","@id":"https:\/\/www.asajacyl.com\/salamanca\/#\/schema\/person\/image\/","url":"https:\/\/secure.gravatar.com\/avatar\/6b0d6eb461a1e3687cc023d59022ef0d?s=96&d=mm&r=g","contentUrl":"https:\/\/secure.gravatar.com\/avatar\/6b0d6eb461a1e3687cc023d59022ef0d?s=96&d=mm&r=g","caption":"Sonia"},"url":"https:\/\/www.asajacyl.com\/salamanca\/author\/juanluisde"}]}},"_links":{"self":[{"href":"https:\/\/www.asajacyl.com\/salamanca\/wp-json\/wp\/v2\/posts\/12734"}],"collection":[{"href":"https:\/\/www.asajacyl.com\/salamanca\/wp-json\/wp\/v2\/posts"}],"about":[{"href":"https:\/\/www.asajacyl.com\/salamanca\/wp-json\/wp\/v2\/types\/post"}],"author":[{"embeddable":true,"href":"https:\/\/www.asajacyl.com\/salamanca\/wp-json\/wp\/v2\/users\/10"}],"replies":[{"embeddable":true,"href":"https:\/\/www.asajacyl.com\/salamanca\/wp-json\/wp\/v2\/comments?post=12734"}],"version-history":[{"count":3,"href":"https:\/\/www.asajacyl.com\/salamanca\/wp-json\/wp\/v2\/posts\/12734\/revisions"}],"predecessor-version":[{"id":12739,"href":"https:\/\/www.asajacyl.com\/salamanca\/wp-json\/wp\/v2\/posts\/12734\/revisions\/12739"}],"wp:featuredmedia":[{"embeddable":true,"href":"https:\/\/www.asajacyl.com\/salamanca\/wp-json\/wp\/v2\/media\/12735"}],"wp:attachment":[{"href":"https:\/\/www.asajacyl.com\/salamanca\/wp-json\/wp\/v2\/media?parent=12734"}],"wp:term":[{"taxonomy":"category","embeddable":true,"href":"https:\/\/www.asajacyl.com\/salamanca\/wp-json\/wp\/v2\/categories?post=12734"},{"taxonomy":"post_tag","embeddable":true,"href":"https:\/\/www.asajacyl.com\/salamanca\/wp-json\/wp\/v2\/tags?post=12734"}],"curies":[{"name":"wp","href":"https:\/\/api.w.org\/{rel}","templated":true}]}}