{"id":16217,"date":"2023-02-06T18:08:46","date_gmt":"2023-02-06T17:08:46","guid":{"rendered":"https:\/\/www.asajacyl.com\/salamanca\/?p=16217"},"modified":"2023-02-21T18:35:10","modified_gmt":"2023-02-21T17:35:10","slug":"asaja-es-la-unica-organizacion-representativa-en-las-nueve-provincias","status":"publish","type":"post","link":"https:\/\/www.asajacyl.com\/salamanca\/asaja-salamanca-informa\/asaja-es-la-unica-organizacion-representativa-en-las-nueve-provincias","title":{"rendered":"ASAJA es la \u00fanica organizaci\u00f3n representativa en las nueve provincias"},"content":{"rendered":"\n<p>La organizaci\u00f3n agraria ASAJA ha manifestado este 6 de febrero en Salamanca que \u00ab\u00e9sta es la \u00fanica representativa en las nueve provincias de Castilla y Le\u00f3n\u00bb. El presidente provincial, Juan Luis Delgado, ha lamentado que Salamanca sea la que menor participaci\u00f3n electoral mueva y, por ello, explic\u00f3 los motivos por los que ir a votar el 12 de febrero, \u00absi no lo han hecho en el plazo del voto anticipado que cerraba este lunes, 6 de febrero\u00bb.<\/p>\n<p>Juan Luis Delgado: \u00abEl sector no le da la importancia que tiene estos comicios. Que no piensen los agricultores y ganaderos que las ayudas que saca la administraci\u00f3n, o la burocracia que conseguimos limar&#8230; se hacen sin que nosotros estemos detr\u00e1s\u00bb.<\/p>\n<p>Delgado record\u00f3 las jornadas para explicar temas como la PAC, el nuevo sistema de cotizaciones a la Seguridad Social, nuevas ayudas de gas\u00f3leo, fertilizantes entre otros. \u00abUna de las misiones de ASAJA, adem\u00e1s de llevar las reivindicaciones a las distintas administraciones es mantener informado al sector, de ah\u00ed las m\u00e1s de 25 jornadas programas con respecto a la nueva PAC, y lo hacemos con el equipo m\u00e1s cualificado, el de ASAJA\u00bb, sentenciaba el presidente salmantino.<\/p>\n<p>\u201cDel respaldo que nos den en la elecciones depende la fuerza que tengamos para llegar a las administraciones\u201d, ha concluido.<\/p>\n<p>Por otra parte, Donaciano Dujo, presidente de ASAJA Castilla y Le\u00f3n, inform\u00f3 sobre las 570 mesas repartidas en la comunidad, como puntos de votaci\u00f3n, 57 en Salamanca. \u00abVotando el 12 de febrero, dan fuerza y representaci\u00f3n a las organizaciones agrarias para que defiendan sus intereses agrarios, econ\u00f3micos y sociales. Cuando un agricultor va a votar se vota a \u00e9l, a sus siglas, a su representaci\u00f3n y a su organizaci\u00f3n\u00bb, as\u00ed anim\u00f3 Dujo a acudir a las urnas a los casi 38.800 agricultores y ganaderos en Castilla y Le\u00f3n, de los que cerca de 5.400 est\u00e1n en Salamanca.<\/p>\n<p>Escuche todo el audio aqu\u00ed:<\/p>\n<!--[if lt IE 9]><script>document.createElement('audio');<\/script><![endif]-->\n<audio class=\"wp-audio-shortcode\" id=\"audio-16217-1\" preload=\"none\" style=\"width: 100%;\" controls=\"controls\"><source type=\"audio\/mpeg\" src=\"https:\/\/www.asajacyl.com\/salamanca\/wp-content\/uploads\/sites\/7\/2023\/02\/6febrero-Delgado-y-Dujo.mp3?_=1\" \/><a href=\"https:\/\/www.asajacyl.com\/salamanca\/wp-content\/uploads\/sites\/7\/2023\/02\/6febrero-Delgado-y-Dujo.mp3\">https:\/\/www.asajacyl.com\/salamanca\/wp-content\/uploads\/sites\/7\/2023\/02\/6febrero-Delgado-y-Dujo.mp3<\/a><\/audio>\n<p>\u00a0<\/p>\n<p>\u00a0<\/p>\n","protected":false},"excerpt":{"rendered":"<p>La organizaci\u00f3n agraria ASAJA ha manifestado este 6 de febrero en Salamanca que \u00ab\u00e9sta es la \u00fanica representativa en las nueve provincias de Castilla y Le\u00f3n\u00bb. El presidente provincial, Juan Luis Delgado, ha lamentado que Salamanca sea la que menor participaci\u00f3n electoral mueva y, por ello, explic\u00f3 los motivos por los que ir a votar [&hellip;]<\/p>\n","protected":false},"author":10,"featured_media":16218,"comment_status":"open","ping_status":"open","sticky":false,"template":"","format":"standard","meta":{"footnotes":""},"categories":[10,28],"tags":[],"yoast_head":"<!-- This site is optimized with the Yoast SEO plugin v24.5 - https:\/\/yoast.com\/wordpress\/plugins\/seo\/ -->\n<title>ASAJA es la \u00fanica organizaci\u00f3n representativa en las nueve provincias - ASAJA Salamanca<\/title>\n<meta name=\"description\" content=\"La organizaci\u00f3n agraria ASAJA ha manifestado este 6 de febrero en Salamanca que &quot;\u00e9sta es la \u00fanica representativa en las nueve provincias de Castilla y\" \/>\n<meta name=\"robots\" content=\"index, follow, max-snippet:-1, max-image-preview:large, max-video-preview:-1\" \/>\n<link rel=\"canonical\" href=\"https:\/\/www.asajacyl.com\/salamanca\/asaja-salamanca-informa\/asaja-es-la-unica-organizacion-representativa-en-las-nueve-provincias\" \/>\n<meta property=\"og:locale\" content=\"es_ES\" \/>\n<meta property=\"og:type\" content=\"article\" \/>\n<meta property=\"og:title\" content=\"ASAJA es la \u00fanica organizaci\u00f3n representativa en las nueve provincias - ASAJA Salamanca\" \/>\n<meta property=\"og:description\" content=\"La organizaci\u00f3n agraria ASAJA ha manifestado este 6 de febrero en Salamanca que &quot;\u00e9sta es la \u00fanica representativa en las nueve provincias de Castilla y\" \/>\n<meta property=\"og:url\" content=\"https:\/\/www.asajacyl.com\/salamanca\/asaja-salamanca-informa\/asaja-es-la-unica-organizacion-representativa-en-las-nueve-provincias\" \/>\n<meta property=\"og:site_name\" content=\"ASAJA Salamanca\" \/>\n<meta property=\"article:published_time\" content=\"2023-02-06T17:08:46+00:00\" \/>\n<meta property=\"article:modified_time\" content=\"2023-02-21T17:35:10+00:00\" \/>\n<meta property=\"og:image\" content=\"https:\/\/www.asajacyl.com\/salamanca\/wp-content\/uploads\/sites\/7\/2023\/02\/Delgado-y-Dujo-e1677000766345.jpeg\" \/>\n\t<meta property=\"og:image:width\" content=\"1295\" \/>\n\t<meta property=\"og:image:height\" content=\"977\" \/>\n\t<meta property=\"og:image:type\" content=\"image\/jpeg\" \/>\n<meta name=\"author\" content=\"Sonia\" \/>\n<meta name=\"twitter:card\" content=\"summary_large_image\" \/>\n<meta name=\"twitter:label1\" content=\"Escrito por\" \/>\n\t<meta name=\"twitter:data1\" content=\"Sonia\" \/>\n\t<meta name=\"twitter:label2\" content=\"Tiempo de lectura\" \/>\n\t<meta name=\"twitter:data2\" content=\"2 minutos\" \/>\n<script type=\"application\/ld+json\" class=\"yoast-schema-graph\">{\"@context\":\"https:\/\/schema.org\",\"@graph\":[{\"@type\":\"WebPage\",\"@id\":\"https:\/\/www.asajacyl.com\/salamanca\/asaja-salamanca-informa\/asaja-es-la-unica-organizacion-representativa-en-las-nueve-provincias\",\"url\":\"https:\/\/www.asajacyl.com\/salamanca\/asaja-salamanca-informa\/asaja-es-la-unica-organizacion-representativa-en-las-nueve-provincias\",\"name\":\"ASAJA es la \u00fanica organizaci\u00f3n representativa en las nueve provincias - ASAJA Salamanca\",\"isPartOf\":{\"@id\":\"https:\/\/www.asajacyl.com\/salamanca\/#website\"},\"primaryImageOfPage\":{\"@id\":\"https:\/\/www.asajacyl.com\/salamanca\/asaja-salamanca-informa\/asaja-es-la-unica-organizacion-representativa-en-las-nueve-provincias#primaryimage\"},\"image\":{\"@id\":\"https:\/\/www.asajacyl.com\/salamanca\/asaja-salamanca-informa\/asaja-es-la-unica-organizacion-representativa-en-las-nueve-provincias#primaryimage\"},\"thumbnailUrl\":\"https:\/\/www.asajacyl.com\/salamanca\/wp-content\/uploads\/sites\/7\/2023\/02\/Delgado-y-Dujo-e1677000766345.jpeg\",\"datePublished\":\"2023-02-06T17:08:46+00:00\",\"dateModified\":\"2023-02-21T17:35:10+00:00\",\"author\":{\"@id\":\"https:\/\/www.asajacyl.com\/salamanca\/#\/schema\/person\/2bfc7da09988e1087e6291fafe99b67f\"},\"description\":\"La organizaci\u00f3n agraria ASAJA ha manifestado este 6 de febrero en Salamanca que \\\"\u00e9sta es la \u00fanica representativa en las nueve provincias de Castilla y\",\"breadcrumb\":{\"@id\":\"https:\/\/www.asajacyl.com\/salamanca\/asaja-salamanca-informa\/asaja-es-la-unica-organizacion-representativa-en-las-nueve-provincias#breadcrumb\"},\"inLanguage\":\"es\",\"potentialAction\":[{\"@type\":\"ReadAction\",\"target\":[\"https:\/\/www.asajacyl.com\/salamanca\/asaja-salamanca-informa\/asaja-es-la-unica-organizacion-representativa-en-las-nueve-provincias\"]}]},{\"@type\":\"ImageObject\",\"inLanguage\":\"es\",\"@id\":\"https:\/\/www.asajacyl.com\/salamanca\/asaja-salamanca-informa\/asaja-es-la-unica-organizacion-representativa-en-las-nueve-provincias#primaryimage\",\"url\":\"https:\/\/www.asajacyl.com\/salamanca\/wp-content\/uploads\/sites\/7\/2023\/02\/Delgado-y-Dujo-e1677000766345.jpeg\",\"contentUrl\":\"https:\/\/www.asajacyl.com\/salamanca\/wp-content\/uploads\/sites\/7\/2023\/02\/Delgado-y-Dujo-e1677000766345.jpeg\",\"width\":1295,\"height\":977},{\"@type\":\"BreadcrumbList\",\"@id\":\"https:\/\/www.asajacyl.com\/salamanca\/asaja-salamanca-informa\/asaja-es-la-unica-organizacion-representativa-en-las-nueve-provincias#breadcrumb\",\"itemListElement\":[{\"@type\":\"ListItem\",\"position\":1,\"name\":\"Portada\",\"item\":\"https:\/\/www.asajacyl.com\/salamanca\/\"},{\"@type\":\"ListItem\",\"position\":2,\"name\":\"ASAJA es la \u00fanica organizaci\u00f3n representativa en las nueve provincias\"}]},{\"@type\":\"WebSite\",\"@id\":\"https:\/\/www.asajacyl.com\/salamanca\/#website\",\"url\":\"https:\/\/www.asajacyl.com\/salamanca\/\",\"name\":\"ASAJA Salamanca\",\"description\":\"Otro sitio m\u00e1s de Provincias ASAJA Castilla y Le\u00f3n\",\"potentialAction\":[{\"@type\":\"SearchAction\",\"target\":{\"@type\":\"EntryPoint\",\"urlTemplate\":\"https:\/\/www.asajacyl.com\/salamanca\/?s={search_term_string}\"},\"query-input\":{\"@type\":\"PropertyValueSpecification\",\"valueRequired\":true,\"valueName\":\"search_term_string\"}}],\"inLanguage\":\"es\"},{\"@type\":\"Person\",\"@id\":\"https:\/\/www.asajacyl.com\/salamanca\/#\/schema\/person\/2bfc7da09988e1087e6291fafe99b67f\",\"name\":\"Sonia\",\"image\":{\"@type\":\"ImageObject\",\"inLanguage\":\"es\",\"@id\":\"https:\/\/www.asajacyl.com\/salamanca\/#\/schema\/person\/image\/\",\"url\":\"https:\/\/secure.gravatar.com\/avatar\/6b0d6eb461a1e3687cc023d59022ef0d?s=96&d=mm&r=g\",\"contentUrl\":\"https:\/\/secure.gravatar.com\/avatar\/6b0d6eb461a1e3687cc023d59022ef0d?s=96&d=mm&r=g\",\"caption\":\"Sonia\"},\"url\":\"https:\/\/www.asajacyl.com\/salamanca\/author\/juanluisde\"}]}<\/script>\n<!-- \/ Yoast SEO plugin. -->","yoast_head_json":{"title":"ASAJA es la \u00fanica organizaci\u00f3n representativa en las nueve provincias - ASAJA Salamanca","description":"La organizaci\u00f3n agraria ASAJA ha manifestado este 6 de febrero en Salamanca que \"\u00e9sta es la \u00fanica representativa en las nueve provincias de Castilla y","robots":{"index":"index","follow":"follow","max-snippet":"max-snippet:-1","max-image-preview":"max-image-preview:large","max-video-preview":"max-video-preview:-1"},"canonical":"https:\/\/www.asajacyl.com\/salamanca\/asaja-salamanca-informa\/asaja-es-la-unica-organizacion-representativa-en-las-nueve-provincias","og_locale":"es_ES","og_type":"article","og_title":"ASAJA es la \u00fanica organizaci\u00f3n representativa en las nueve provincias - ASAJA Salamanca","og_description":"La organizaci\u00f3n agraria ASAJA ha manifestado este 6 de febrero en Salamanca que \"\u00e9sta es la \u00fanica representativa en las nueve provincias de Castilla y","og_url":"https:\/\/www.asajacyl.com\/salamanca\/asaja-salamanca-informa\/asaja-es-la-unica-organizacion-representativa-en-las-nueve-provincias","og_site_name":"ASAJA Salamanca","article_published_time":"2023-02-06T17:08:46+00:00","article_modified_time":"2023-02-21T17:35:10+00:00","og_image":[{"width":1295,"height":977,"url":"https:\/\/www.asajacyl.com\/salamanca\/wp-content\/uploads\/sites\/7\/2023\/02\/Delgado-y-Dujo-e1677000766345.jpeg","type":"image\/jpeg"}],"author":"Sonia","twitter_card":"summary_large_image","twitter_misc":{"Escrito por":"Sonia","Tiempo de lectura":"2 minutos"},"schema":{"@context":"https:\/\/schema.org","@graph":[{"@type":"WebPage","@id":"https:\/\/www.asajacyl.com\/salamanca\/asaja-salamanca-informa\/asaja-es-la-unica-organizacion-representativa-en-las-nueve-provincias","url":"https:\/\/www.asajacyl.com\/salamanca\/asaja-salamanca-informa\/asaja-es-la-unica-organizacion-representativa-en-las-nueve-provincias","name":"ASAJA es la \u00fanica organizaci\u00f3n representativa en las nueve provincias - ASAJA Salamanca","isPartOf":{"@id":"https:\/\/www.asajacyl.com\/salamanca\/#website"},"primaryImageOfPage":{"@id":"https:\/\/www.asajacyl.com\/salamanca\/asaja-salamanca-informa\/asaja-es-la-unica-organizacion-representativa-en-las-nueve-provincias#primaryimage"},"image":{"@id":"https:\/\/www.asajacyl.com\/salamanca\/asaja-salamanca-informa\/asaja-es-la-unica-organizacion-representativa-en-las-nueve-provincias#primaryimage"},"thumbnailUrl":"https:\/\/www.asajacyl.com\/salamanca\/wp-content\/uploads\/sites\/7\/2023\/02\/Delgado-y-Dujo-e1677000766345.jpeg","datePublished":"2023-02-06T17:08:46+00:00","dateModified":"2023-02-21T17:35:10+00:00","author":{"@id":"https:\/\/www.asajacyl.com\/salamanca\/#\/schema\/person\/2bfc7da09988e1087e6291fafe99b67f"},"description":"La organizaci\u00f3n agraria ASAJA ha manifestado este 6 de febrero en Salamanca que \"\u00e9sta es la \u00fanica representativa en las nueve provincias de Castilla y","breadcrumb":{"@id":"https:\/\/www.asajacyl.com\/salamanca\/asaja-salamanca-informa\/asaja-es-la-unica-organizacion-representativa-en-las-nueve-provincias#breadcrumb"},"inLanguage":"es","potentialAction":[{"@type":"ReadAction","target":["https:\/\/www.asajacyl.com\/salamanca\/asaja-salamanca-informa\/asaja-es-la-unica-organizacion-representativa-en-las-nueve-provincias"]}]},{"@type":"ImageObject","inLanguage":"es","@id":"https:\/\/www.asajacyl.com\/salamanca\/asaja-salamanca-informa\/asaja-es-la-unica-organizacion-representativa-en-las-nueve-provincias#primaryimage","url":"https:\/\/www.asajacyl.com\/salamanca\/wp-content\/uploads\/sites\/7\/2023\/02\/Delgado-y-Dujo-e1677000766345.jpeg","contentUrl":"https:\/\/www.asajacyl.com\/salamanca\/wp-content\/uploads\/sites\/7\/2023\/02\/Delgado-y-Dujo-e1677000766345.jpeg","width":1295,"height":977},{"@type":"BreadcrumbList","@id":"https:\/\/www.asajacyl.com\/salamanca\/asaja-salamanca-informa\/asaja-es-la-unica-organizacion-representativa-en-las-nueve-provincias#breadcrumb","itemListElement":[{"@type":"ListItem","position":1,"name":"Portada","item":"https:\/\/www.asajacyl.com\/salamanca\/"},{"@type":"ListItem","position":2,"name":"ASAJA es la \u00fanica organizaci\u00f3n representativa en las nueve provincias"}]},{"@type":"WebSite","@id":"https:\/\/www.asajacyl.com\/salamanca\/#website","url":"https:\/\/www.asajacyl.com\/salamanca\/","name":"ASAJA Salamanca","description":"Otro sitio m\u00e1s de Provincias ASAJA Castilla y Le\u00f3n","potentialAction":[{"@type":"SearchAction","target":{"@type":"EntryPoint","urlTemplate":"https:\/\/www.asajacyl.com\/salamanca\/?s={search_term_string}"},"query-input":{"@type":"PropertyValueSpecification","valueRequired":true,"valueName":"search_term_string"}}],"inLanguage":"es"},{"@type":"Person","@id":"https:\/\/www.asajacyl.com\/salamanca\/#\/schema\/person\/2bfc7da09988e1087e6291fafe99b67f","name":"Sonia","image":{"@type":"ImageObject","inLanguage":"es","@id":"https:\/\/www.asajacyl.com\/salamanca\/#\/schema\/person\/image\/","url":"https:\/\/secure.gravatar.com\/avatar\/6b0d6eb461a1e3687cc023d59022ef0d?s=96&d=mm&r=g","contentUrl":"https:\/\/secure.gravatar.com\/avatar\/6b0d6eb461a1e3687cc023d59022ef0d?s=96&d=mm&r=g","caption":"Sonia"},"url":"https:\/\/www.asajacyl.com\/salamanca\/author\/juanluisde"}]}},"_links":{"self":[{"href":"https:\/\/www.asajacyl.com\/salamanca\/wp-json\/wp\/v2\/posts\/16217"}],"collection":[{"href":"https:\/\/www.asajacyl.com\/salamanca\/wp-json\/wp\/v2\/posts"}],"about":[{"href":"https:\/\/www.asajacyl.com\/salamanca\/wp-json\/wp\/v2\/types\/post"}],"author":[{"embeddable":true,"href":"https:\/\/www.asajacyl.com\/salamanca\/wp-json\/wp\/v2\/users\/10"}],"replies":[{"embeddable":true,"href":"https:\/\/www.asajacyl.com\/salamanca\/wp-json\/wp\/v2\/comments?post=16217"}],"version-history":[{"count":1,"href":"https:\/\/www.asajacyl.com\/salamanca\/wp-json\/wp\/v2\/posts\/16217\/revisions"}],"predecessor-version":[{"id":16220,"href":"https:\/\/www.asajacyl.com\/salamanca\/wp-json\/wp\/v2\/posts\/16217\/revisions\/16220"}],"wp:featuredmedia":[{"embeddable":true,"href":"https:\/\/www.asajacyl.com\/salamanca\/wp-json\/wp\/v2\/media\/16218"}],"wp:attachment":[{"href":"https:\/\/www.asajacyl.com\/salamanca\/wp-json\/wp\/v2\/media?parent=16217"}],"wp:term":[{"taxonomy":"category","embeddable":true,"href":"https:\/\/www.asajacyl.com\/salamanca\/wp-json\/wp\/v2\/categories?post=16217"},{"taxonomy":"post_tag","embeddable":true,"href":"https:\/\/www.asajacyl.com\/salamanca\/wp-json\/wp\/v2\/tags?post=16217"}],"curies":[{"name":"wp","href":"https:\/\/api.w.org\/{rel}","templated":true}]}}