{"id":16679,"date":"2023-04-05T13:17:35","date_gmt":"2023-04-05T11:17:35","guid":{"rendered":"https:\/\/www.asajacyl.com\/salamanca\/?p=16679"},"modified":"2023-04-24T13:20:44","modified_gmt":"2023-04-24T11:20:44","slug":"la-chd-inicia-la-campana-de-muestreos-biologicos-en-366-puntos-de-la-cuenca-del-duero-para-evaluar-el-estado-de-las-masas-de-agua","status":"publish","type":"post","link":"https:\/\/www.asajacyl.com\/salamanca\/asaja-salamanca-informa\/la-chd-inicia-la-campana-de-muestreos-biologicos-en-366-puntos-de-la-cuenca-del-duero-para-evaluar-el-estado-de-las-masas-de-agua","title":{"rendered":"La CHD inicia la campa\u00f1a de muestreos biol\u00f3gicos en 366 puntos de la cuenca del Duero para evaluar el estado de las masas de agua"},"content":{"rendered":"\n<p>La Confederaci\u00f3n Hidrogr\u00e1fica del Duero, organismo aut\u00f3nomo adscrito al Ministerio para la Transici\u00f3n Ecol\u00f3gica y el Reto Demogr\u00e1fico, ha iniciado la campa\u00f1a anual de muestreos biol\u00f3gicos en los r\u00edos de la cuenca para evaluar el estado ecol\u00f3gico de las masas de agua, que se concretar\u00e1 en 326 puntos repartidos por toda la demarcaci\u00f3n. Esta campa\u00f1a forma parte de los programas de seguimiento en r\u00edos, lagos y embalses que el Organismo viene desarrollando desde hace m\u00e1s de 15 a\u00f1os, en cumplimiento de lo establecido en la Directiva Marco del Agua.<\/p>\n<p>Estos trabajos incluyen la recogida de plantas y algas acu\u00e1ticas, as\u00ed como de invertebrados bent\u00f3nicos (larvas de insectos y otros invertebrados que habitan en el lecho fluvial), ya que ofrecen una informaci\u00f3n muy certera sobre la calidad del agua y del ecosistema del que forman parte, pues se puede decir que tienen \u201cmemoria\u201d de lo que ha ocurrido en el r\u00edo hasta el momento del muestreo. Esto ayuda a conocer el estado de las masas de agua, una aportaci\u00f3n fundamental a la hora de elaborar el programa de medidas de la Confederaci\u00f3n Hidrogr\u00e1fica del Duero, que tiene como objetivo final mantener el buen estado de las masas de agua de la cuenca.<\/p>\n<p>Adem\u00e1s de los muestreos de car\u00e1cter biol\u00f3gico, los r\u00edos tambi\u00e9n se someten a an\u00e1lisis f\u00edsico-qu\u00edmicos, con una frecuencia mensual o trimestral dependiendo del programa de control en el que est\u00e9n incluidos, as\u00ed como a un diagn\u00f3stico hidromorfol\u00f3gico. Los resultados obtenidos en estos controles permiten la evaluaci\u00f3n de su estado, combinaci\u00f3n del estado ecol\u00f3gico y qu\u00edmico. Todos estos datos aportan una informaci\u00f3n fundamental en la planificaci\u00f3n hidrol\u00f3gica, ya que son los que determinan la magnitud de las presiones a las que est\u00e1n sometidas las masas de aguas superficiales.<\/p>\n<p>La campa\u00f1a de muestreos biol\u00f3gicos se realiza en primavera, momento en que las comunidades biol\u00f3gicas alcanzan su m\u00e1xima diversidad, y est\u00e1 previsto que los trabajos se prolonguen hasta finales del pr\u00f3ximo mes de junio.<\/p>\n<p>El estado de las masas de agua de los r\u00edos de la cuenca del Duero se puede consultar en el geoportal de la CHD:<\/p>\n<p><a href=\"https:\/\/mirame.chduero.es\/DMADuero_09\/webGenerico\/masasSuperficiales.faces\">https:\/\/mirame.chduero.es\/DMADuero_09\/webGenerico\/masasSuperficiales.faces<\/a><\/p>\n<p>Para poder seguir m\u00e1s f\u00e1cilmente los pasos hasta llegar al estado de las masas de agua se recomienda consultar la pregunta frecuente \u201cC\u00f3mo consulto el estado de una masa de agua\u201d en el siguiente enlace:<\/p>\n<p><a href=\"https:\/\/www.chduero.es\/preguntas-frecuentes\">https:\/\/www.chduero.es\/preguntas-frecuentes<\/a><\/p>\n","protected":false},"excerpt":{"rendered":"<p>La Confederaci\u00f3n Hidrogr\u00e1fica del Duero, organismo aut\u00f3nomo adscrito al Ministerio para la Transici\u00f3n Ecol\u00f3gica y el Reto Demogr\u00e1fico, ha iniciado la campa\u00f1a anual de muestreos biol\u00f3gicos en los r\u00edos de la cuenca para evaluar el estado ecol\u00f3gico de las masas de agua, que se concretar\u00e1 en 326 puntos repartidos por toda la demarcaci\u00f3n. Esta campa\u00f1a [&hellip;]<\/p>\n","protected":false},"author":10,"featured_media":16680,"comment_status":"open","ping_status":"open","sticky":false,"template":"","format":"standard","meta":{"footnotes":""},"categories":[10,510],"tags":[],"yoast_head":"<!-- This site is optimized with the Yoast SEO plugin v24.5 - https:\/\/yoast.com\/wordpress\/plugins\/seo\/ -->\n<title>La CHD inicia la campa\u00f1a de muestreos biol\u00f3gicos en 366 puntos de la cuenca del Duero para evaluar el estado de las masas de agua - ASAJA Salamanca<\/title>\n<meta name=\"description\" content=\"La Confederaci\u00f3n Hidrogr\u00e1fica del Duero, organismo aut\u00f3nomo adscrito al Ministerio para la Transici\u00f3n Ecol\u00f3gica y el Reto Demogr\u00e1fico, ha iniciado la\" \/>\n<meta name=\"robots\" content=\"index, follow, max-snippet:-1, max-image-preview:large, max-video-preview:-1\" \/>\n<link rel=\"canonical\" href=\"https:\/\/www.asajacyl.com\/salamanca\/asaja-salamanca-informa\/la-chd-inicia-la-campana-de-muestreos-biologicos-en-366-puntos-de-la-cuenca-del-duero-para-evaluar-el-estado-de-las-masas-de-agua\" \/>\n<meta property=\"og:locale\" content=\"es_ES\" \/>\n<meta property=\"og:type\" content=\"article\" \/>\n<meta property=\"og:title\" content=\"La CHD inicia la campa\u00f1a de muestreos biol\u00f3gicos en 366 puntos de la cuenca del Duero para evaluar el estado de las masas de agua - ASAJA Salamanca\" \/>\n<meta property=\"og:description\" content=\"La Confederaci\u00f3n Hidrogr\u00e1fica del Duero, organismo aut\u00f3nomo adscrito al Ministerio para la Transici\u00f3n Ecol\u00f3gica y el Reto Demogr\u00e1fico, ha iniciado la\" \/>\n<meta property=\"og:url\" content=\"https:\/\/www.asajacyl.com\/salamanca\/asaja-salamanca-informa\/la-chd-inicia-la-campana-de-muestreos-biologicos-en-366-puntos-de-la-cuenca-del-duero-para-evaluar-el-estado-de-las-masas-de-agua\" \/>\n<meta property=\"og:site_name\" content=\"ASAJA Salamanca\" \/>\n<meta property=\"article:published_time\" content=\"2023-04-05T11:17:35+00:00\" \/>\n<meta property=\"article:modified_time\" content=\"2023-04-24T11:20:44+00:00\" \/>\n<meta property=\"og:image\" content=\"https:\/\/www.asajacyl.com\/salamanca\/wp-content\/uploads\/sites\/7\/2023\/04\/Muestreos-biologicos-en-la-cuenca-del-Duero-1-web.jpg\" \/>\n\t<meta property=\"og:image:width\" content=\"2500\" \/>\n\t<meta property=\"og:image:height\" content=\"1116\" \/>\n\t<meta property=\"og:image:type\" content=\"image\/jpeg\" \/>\n<meta name=\"author\" content=\"Sonia\" \/>\n<meta name=\"twitter:card\" content=\"summary_large_image\" \/>\n<meta name=\"twitter:label1\" content=\"Escrito por\" \/>\n\t<meta name=\"twitter:data1\" content=\"Sonia\" \/>\n\t<meta name=\"twitter:label2\" content=\"Tiempo de lectura\" \/>\n\t<meta name=\"twitter:data2\" content=\"2 minutos\" \/>\n<script type=\"application\/ld+json\" class=\"yoast-schema-graph\">{\"@context\":\"https:\/\/schema.org\",\"@graph\":[{\"@type\":\"WebPage\",\"@id\":\"https:\/\/www.asajacyl.com\/salamanca\/asaja-salamanca-informa\/la-chd-inicia-la-campana-de-muestreos-biologicos-en-366-puntos-de-la-cuenca-del-duero-para-evaluar-el-estado-de-las-masas-de-agua\",\"url\":\"https:\/\/www.asajacyl.com\/salamanca\/asaja-salamanca-informa\/la-chd-inicia-la-campana-de-muestreos-biologicos-en-366-puntos-de-la-cuenca-del-duero-para-evaluar-el-estado-de-las-masas-de-agua\",\"name\":\"La CHD inicia la campa\u00f1a de muestreos biol\u00f3gicos en 366 puntos de la cuenca del Duero para evaluar el estado de las masas de agua - ASAJA Salamanca\",\"isPartOf\":{\"@id\":\"https:\/\/www.asajacyl.com\/salamanca\/#website\"},\"primaryImageOfPage\":{\"@id\":\"https:\/\/www.asajacyl.com\/salamanca\/asaja-salamanca-informa\/la-chd-inicia-la-campana-de-muestreos-biologicos-en-366-puntos-de-la-cuenca-del-duero-para-evaluar-el-estado-de-las-masas-de-agua#primaryimage\"},\"image\":{\"@id\":\"https:\/\/www.asajacyl.com\/salamanca\/asaja-salamanca-informa\/la-chd-inicia-la-campana-de-muestreos-biologicos-en-366-puntos-de-la-cuenca-del-duero-para-evaluar-el-estado-de-las-masas-de-agua#primaryimage\"},\"thumbnailUrl\":\"https:\/\/www.asajacyl.com\/salamanca\/wp-content\/uploads\/sites\/7\/2023\/04\/Muestreos-biologicos-en-la-cuenca-del-Duero-1-web.jpg\",\"datePublished\":\"2023-04-05T11:17:35+00:00\",\"dateModified\":\"2023-04-24T11:20:44+00:00\",\"author\":{\"@id\":\"https:\/\/www.asajacyl.com\/salamanca\/#\/schema\/person\/2bfc7da09988e1087e6291fafe99b67f\"},\"description\":\"La Confederaci\u00f3n Hidrogr\u00e1fica del Duero, organismo aut\u00f3nomo adscrito al Ministerio para la Transici\u00f3n Ecol\u00f3gica y el Reto Demogr\u00e1fico, ha iniciado la\",\"breadcrumb\":{\"@id\":\"https:\/\/www.asajacyl.com\/salamanca\/asaja-salamanca-informa\/la-chd-inicia-la-campana-de-muestreos-biologicos-en-366-puntos-de-la-cuenca-del-duero-para-evaluar-el-estado-de-las-masas-de-agua#breadcrumb\"},\"inLanguage\":\"es\",\"potentialAction\":[{\"@type\":\"ReadAction\",\"target\":[\"https:\/\/www.asajacyl.com\/salamanca\/asaja-salamanca-informa\/la-chd-inicia-la-campana-de-muestreos-biologicos-en-366-puntos-de-la-cuenca-del-duero-para-evaluar-el-estado-de-las-masas-de-agua\"]}]},{\"@type\":\"ImageObject\",\"inLanguage\":\"es\",\"@id\":\"https:\/\/www.asajacyl.com\/salamanca\/asaja-salamanca-informa\/la-chd-inicia-la-campana-de-muestreos-biologicos-en-366-puntos-de-la-cuenca-del-duero-para-evaluar-el-estado-de-las-masas-de-agua#primaryimage\",\"url\":\"https:\/\/www.asajacyl.com\/salamanca\/wp-content\/uploads\/sites\/7\/2023\/04\/Muestreos-biologicos-en-la-cuenca-del-Duero-1-web.jpg\",\"contentUrl\":\"https:\/\/www.asajacyl.com\/salamanca\/wp-content\/uploads\/sites\/7\/2023\/04\/Muestreos-biologicos-en-la-cuenca-del-Duero-1-web.jpg\",\"width\":2500,\"height\":1116},{\"@type\":\"BreadcrumbList\",\"@id\":\"https:\/\/www.asajacyl.com\/salamanca\/asaja-salamanca-informa\/la-chd-inicia-la-campana-de-muestreos-biologicos-en-366-puntos-de-la-cuenca-del-duero-para-evaluar-el-estado-de-las-masas-de-agua#breadcrumb\",\"itemListElement\":[{\"@type\":\"ListItem\",\"position\":1,\"name\":\"Portada\",\"item\":\"https:\/\/www.asajacyl.com\/salamanca\/\"},{\"@type\":\"ListItem\",\"position\":2,\"name\":\"La CHD inicia la campa\u00f1a de muestreos biol\u00f3gicos en 366 puntos de la cuenca del Duero para evaluar el estado de las masas de agua\"}]},{\"@type\":\"WebSite\",\"@id\":\"https:\/\/www.asajacyl.com\/salamanca\/#website\",\"url\":\"https:\/\/www.asajacyl.com\/salamanca\/\",\"name\":\"ASAJA Salamanca\",\"description\":\"Otro sitio m\u00e1s de Provincias ASAJA Castilla y Le\u00f3n\",\"potentialAction\":[{\"@type\":\"SearchAction\",\"target\":{\"@type\":\"EntryPoint\",\"urlTemplate\":\"https:\/\/www.asajacyl.com\/salamanca\/?s={search_term_string}\"},\"query-input\":{\"@type\":\"PropertyValueSpecification\",\"valueRequired\":true,\"valueName\":\"search_term_string\"}}],\"inLanguage\":\"es\"},{\"@type\":\"Person\",\"@id\":\"https:\/\/www.asajacyl.com\/salamanca\/#\/schema\/person\/2bfc7da09988e1087e6291fafe99b67f\",\"name\":\"Sonia\",\"image\":{\"@type\":\"ImageObject\",\"inLanguage\":\"es\",\"@id\":\"https:\/\/www.asajacyl.com\/salamanca\/#\/schema\/person\/image\/\",\"url\":\"https:\/\/secure.gravatar.com\/avatar\/6b0d6eb461a1e3687cc023d59022ef0d?s=96&d=mm&r=g\",\"contentUrl\":\"https:\/\/secure.gravatar.com\/avatar\/6b0d6eb461a1e3687cc023d59022ef0d?s=96&d=mm&r=g\",\"caption\":\"Sonia\"},\"url\":\"https:\/\/www.asajacyl.com\/salamanca\/author\/juanluisde\"}]}<\/script>\n<!-- \/ Yoast SEO plugin. -->","yoast_head_json":{"title":"La CHD inicia la campa\u00f1a de muestreos biol\u00f3gicos en 366 puntos de la cuenca del Duero para evaluar el estado de las masas de agua - ASAJA Salamanca","description":"La Confederaci\u00f3n Hidrogr\u00e1fica del Duero, organismo aut\u00f3nomo adscrito al Ministerio para la Transici\u00f3n Ecol\u00f3gica y el Reto Demogr\u00e1fico, ha iniciado la","robots":{"index":"index","follow":"follow","max-snippet":"max-snippet:-1","max-image-preview":"max-image-preview:large","max-video-preview":"max-video-preview:-1"},"canonical":"https:\/\/www.asajacyl.com\/salamanca\/asaja-salamanca-informa\/la-chd-inicia-la-campana-de-muestreos-biologicos-en-366-puntos-de-la-cuenca-del-duero-para-evaluar-el-estado-de-las-masas-de-agua","og_locale":"es_ES","og_type":"article","og_title":"La CHD inicia la campa\u00f1a de muestreos biol\u00f3gicos en 366 puntos de la cuenca del Duero para evaluar el estado de las masas de agua - ASAJA Salamanca","og_description":"La Confederaci\u00f3n Hidrogr\u00e1fica del Duero, organismo aut\u00f3nomo adscrito al Ministerio para la Transici\u00f3n Ecol\u00f3gica y el Reto Demogr\u00e1fico, ha iniciado la","og_url":"https:\/\/www.asajacyl.com\/salamanca\/asaja-salamanca-informa\/la-chd-inicia-la-campana-de-muestreos-biologicos-en-366-puntos-de-la-cuenca-del-duero-para-evaluar-el-estado-de-las-masas-de-agua","og_site_name":"ASAJA Salamanca","article_published_time":"2023-04-05T11:17:35+00:00","article_modified_time":"2023-04-24T11:20:44+00:00","og_image":[{"width":2500,"height":1116,"url":"https:\/\/www.asajacyl.com\/salamanca\/wp-content\/uploads\/sites\/7\/2023\/04\/Muestreos-biologicos-en-la-cuenca-del-Duero-1-web.jpg","type":"image\/jpeg"}],"author":"Sonia","twitter_card":"summary_large_image","twitter_misc":{"Escrito por":"Sonia","Tiempo de lectura":"2 minutos"},"schema":{"@context":"https:\/\/schema.org","@graph":[{"@type":"WebPage","@id":"https:\/\/www.asajacyl.com\/salamanca\/asaja-salamanca-informa\/la-chd-inicia-la-campana-de-muestreos-biologicos-en-366-puntos-de-la-cuenca-del-duero-para-evaluar-el-estado-de-las-masas-de-agua","url":"https:\/\/www.asajacyl.com\/salamanca\/asaja-salamanca-informa\/la-chd-inicia-la-campana-de-muestreos-biologicos-en-366-puntos-de-la-cuenca-del-duero-para-evaluar-el-estado-de-las-masas-de-agua","name":"La CHD inicia la campa\u00f1a de muestreos biol\u00f3gicos en 366 puntos de la cuenca del Duero para evaluar el estado de las masas de agua - ASAJA Salamanca","isPartOf":{"@id":"https:\/\/www.asajacyl.com\/salamanca\/#website"},"primaryImageOfPage":{"@id":"https:\/\/www.asajacyl.com\/salamanca\/asaja-salamanca-informa\/la-chd-inicia-la-campana-de-muestreos-biologicos-en-366-puntos-de-la-cuenca-del-duero-para-evaluar-el-estado-de-las-masas-de-agua#primaryimage"},"image":{"@id":"https:\/\/www.asajacyl.com\/salamanca\/asaja-salamanca-informa\/la-chd-inicia-la-campana-de-muestreos-biologicos-en-366-puntos-de-la-cuenca-del-duero-para-evaluar-el-estado-de-las-masas-de-agua#primaryimage"},"thumbnailUrl":"https:\/\/www.asajacyl.com\/salamanca\/wp-content\/uploads\/sites\/7\/2023\/04\/Muestreos-biologicos-en-la-cuenca-del-Duero-1-web.jpg","datePublished":"2023-04-05T11:17:35+00:00","dateModified":"2023-04-24T11:20:44+00:00","author":{"@id":"https:\/\/www.asajacyl.com\/salamanca\/#\/schema\/person\/2bfc7da09988e1087e6291fafe99b67f"},"description":"La Confederaci\u00f3n Hidrogr\u00e1fica del Duero, organismo aut\u00f3nomo adscrito al Ministerio para la Transici\u00f3n Ecol\u00f3gica y el Reto Demogr\u00e1fico, ha iniciado la","breadcrumb":{"@id":"https:\/\/www.asajacyl.com\/salamanca\/asaja-salamanca-informa\/la-chd-inicia-la-campana-de-muestreos-biologicos-en-366-puntos-de-la-cuenca-del-duero-para-evaluar-el-estado-de-las-masas-de-agua#breadcrumb"},"inLanguage":"es","potentialAction":[{"@type":"ReadAction","target":["https:\/\/www.asajacyl.com\/salamanca\/asaja-salamanca-informa\/la-chd-inicia-la-campana-de-muestreos-biologicos-en-366-puntos-de-la-cuenca-del-duero-para-evaluar-el-estado-de-las-masas-de-agua"]}]},{"@type":"ImageObject","inLanguage":"es","@id":"https:\/\/www.asajacyl.com\/salamanca\/asaja-salamanca-informa\/la-chd-inicia-la-campana-de-muestreos-biologicos-en-366-puntos-de-la-cuenca-del-duero-para-evaluar-el-estado-de-las-masas-de-agua#primaryimage","url":"https:\/\/www.asajacyl.com\/salamanca\/wp-content\/uploads\/sites\/7\/2023\/04\/Muestreos-biologicos-en-la-cuenca-del-Duero-1-web.jpg","contentUrl":"https:\/\/www.asajacyl.com\/salamanca\/wp-content\/uploads\/sites\/7\/2023\/04\/Muestreos-biologicos-en-la-cuenca-del-Duero-1-web.jpg","width":2500,"height":1116},{"@type":"BreadcrumbList","@id":"https:\/\/www.asajacyl.com\/salamanca\/asaja-salamanca-informa\/la-chd-inicia-la-campana-de-muestreos-biologicos-en-366-puntos-de-la-cuenca-del-duero-para-evaluar-el-estado-de-las-masas-de-agua#breadcrumb","itemListElement":[{"@type":"ListItem","position":1,"name":"Portada","item":"https:\/\/www.asajacyl.com\/salamanca\/"},{"@type":"ListItem","position":2,"name":"La CHD inicia la campa\u00f1a de muestreos biol\u00f3gicos en 366 puntos de la cuenca del Duero para evaluar el estado de las masas de agua"}]},{"@type":"WebSite","@id":"https:\/\/www.asajacyl.com\/salamanca\/#website","url":"https:\/\/www.asajacyl.com\/salamanca\/","name":"ASAJA Salamanca","description":"Otro sitio m\u00e1s de Provincias ASAJA Castilla y Le\u00f3n","potentialAction":[{"@type":"SearchAction","target":{"@type":"EntryPoint","urlTemplate":"https:\/\/www.asajacyl.com\/salamanca\/?s={search_term_string}"},"query-input":{"@type":"PropertyValueSpecification","valueRequired":true,"valueName":"search_term_string"}}],"inLanguage":"es"},{"@type":"Person","@id":"https:\/\/www.asajacyl.com\/salamanca\/#\/schema\/person\/2bfc7da09988e1087e6291fafe99b67f","name":"Sonia","image":{"@type":"ImageObject","inLanguage":"es","@id":"https:\/\/www.asajacyl.com\/salamanca\/#\/schema\/person\/image\/","url":"https:\/\/secure.gravatar.com\/avatar\/6b0d6eb461a1e3687cc023d59022ef0d?s=96&d=mm&r=g","contentUrl":"https:\/\/secure.gravatar.com\/avatar\/6b0d6eb461a1e3687cc023d59022ef0d?s=96&d=mm&r=g","caption":"Sonia"},"url":"https:\/\/www.asajacyl.com\/salamanca\/author\/juanluisde"}]}},"_links":{"self":[{"href":"https:\/\/www.asajacyl.com\/salamanca\/wp-json\/wp\/v2\/posts\/16679"}],"collection":[{"href":"https:\/\/www.asajacyl.com\/salamanca\/wp-json\/wp\/v2\/posts"}],"about":[{"href":"https:\/\/www.asajacyl.com\/salamanca\/wp-json\/wp\/v2\/types\/post"}],"author":[{"embeddable":true,"href":"https:\/\/www.asajacyl.com\/salamanca\/wp-json\/wp\/v2\/users\/10"}],"replies":[{"embeddable":true,"href":"https:\/\/www.asajacyl.com\/salamanca\/wp-json\/wp\/v2\/comments?post=16679"}],"version-history":[{"count":1,"href":"https:\/\/www.asajacyl.com\/salamanca\/wp-json\/wp\/v2\/posts\/16679\/revisions"}],"predecessor-version":[{"id":16681,"href":"https:\/\/www.asajacyl.com\/salamanca\/wp-json\/wp\/v2\/posts\/16679\/revisions\/16681"}],"wp:featuredmedia":[{"embeddable":true,"href":"https:\/\/www.asajacyl.com\/salamanca\/wp-json\/wp\/v2\/media\/16680"}],"wp:attachment":[{"href":"https:\/\/www.asajacyl.com\/salamanca\/wp-json\/wp\/v2\/media?parent=16679"}],"wp:term":[{"taxonomy":"category","embeddable":true,"href":"https:\/\/www.asajacyl.com\/salamanca\/wp-json\/wp\/v2\/categories?post=16679"},{"taxonomy":"post_tag","embeddable":true,"href":"https:\/\/www.asajacyl.com\/salamanca\/wp-json\/wp\/v2\/tags?post=16679"}],"curies":[{"name":"wp","href":"https:\/\/api.w.org\/{rel}","templated":true}]}}