{"id":16980,"date":"2023-05-29T09:34:59","date_gmt":"2023-05-29T07:34:59","guid":{"rendered":"https:\/\/www.asajacyl.com\/salamanca\/?p=16980"},"modified":"2023-05-29T13:38:21","modified_gmt":"2023-05-29T11:38:21","slug":"el-gobierno-limita-el-movimiento-del-ganado-bovino-en-castilla-y-leon","status":"publish","type":"post","link":"https:\/\/www.asajacyl.com\/salamanca\/asaja-salamanca-informa\/el-gobierno-limita-el-movimiento-del-ganado-bovino-en-castilla-y-leon","title":{"rendered":"El Gobierno limita el movimiento del ganado bovino en Castilla y Le\u00f3n\u00a0"},"content":{"rendered":"\n<p class=\"Rpido\"><span lang=\"ES-TRAD\" xml:lang=\"ES-TRAD\">El Ministerio de Agricultura, Pesca y Alimentaci\u00f3n (MAPA) ha publicado\u00a0la\u00a0<a href=\"https:\/\/www.boe.es\/boe\/dias\/2023\/05\/29\/pdfs\/BOE-A-2023-12611.pdf\">orden<\/a> que limita, desde el 29 de mayo de 2023, el movimiento del ganado bovino en Castilla y Le\u00f3n para, seg\u00fan el ministerio, \u00abevitar poner en riesgo el estatus sanitario de la caba\u00f1a ganadera\u00bb, como respuesta ante una resoluci\u00f3n de la Junta de Castilla y Le\u00f3n que vulnera la normativa estatal y europea, respecto a la erradicaci\u00f3n obligatoria de la tuberculosis bovina en todo el territorio comunitario. <\/span><span lang=\"ES-TRAD\" xml:lang=\"ES-TRAD\">La orden establece medidas<\/span><span lang=\"ES-TRAD\" xml:lang=\"ES-TRAD\">\u00a0inmediatas<\/span><span lang=\"ES-TRAD\" xml:lang=\"ES-TRAD\">, tras la publicaci\u00f3n en el Bolet\u00edn Oficial de Castilla y Le\u00f3n, el pasado 15 de mayo, de una <a href=\"https:\/\/bocyl.jcyl.es\/boletines\/2023\/05\/15\/pdf\/BOCYL-D-15052023-41.pdf\" target=\"_blank\" rel=\"noopener\">resoluci\u00f3n<\/a> de la Consejer\u00eda de Agricultura, Ganader\u00eda y Desarrollo Rural, que, aluden \u00abincumple gravemente la normativa comunitaria y espa\u00f1ola en materia de erradicaci\u00f3n y control de la tuberculosis bovina (<em>Complejo mycobacterium tuberculosis)\u00bb<\/em>. <\/span><\/p>\n<p class=\"Rpido\"><span lang=\"ES-TRAD\" xml:lang=\"ES-TRAD\">Adem\u00e1s de esta orden, el Ministerio de Agricultura, Pesca y Alimentaci\u00f3n ha presentado, el pasado 23 de mayo, un recurso contencioso-administrativo en el Tribunal Superior de Justicia de Castilla y Le\u00f3n contra la resoluci\u00f3n auton\u00f3mica, por fijar un marco normativo m\u00e1s laxo que contraviene la legislaci\u00f3n europea. L<\/span><span lang=\"ES-TRAD\" xml:lang=\"ES-TRAD\">a Comisi\u00f3n Europea tambi\u00e9n ha urgido al Gobierno de Espa\u00f1a a tomar medidas.<\/span><\/p>\n<p class=\"Rpido\"><span lang=\"ES-TRAD\" xml:lang=\"ES-TRAD\">La medida del Ministerio de Agricultura, Pesca y Alimentaci\u00f3n se mantendr\u00e1 vigente \u00abdurante el tiempo necesario hasta que la Junta de Castilla y Le\u00f3n derogue la resoluci\u00f3n y restablezca el cumplimiento de la normativa comunitaria y nacional\u00bb. <\/span><strong><span lang=\"ES-TRAD\" xml:lang=\"ES-TRAD\">S<\/span><\/strong><span lang=\"ES-TRAD\" xml:lang=\"ES-TRAD\"><strong>olo se permitir\u00e1n los movimientos de bovinos fuera de Castilla y Le\u00f3n si su destino directo es el sacrificio en matadero<\/strong> <strong>o<\/strong>, si el destino es distinto de un matadero, s\u00f3lo se permitir\u00e1 el movimiento<strong> a cebaderos bajo estrictos requisitos de sanidad<\/strong> tanto de los animales como de las explotaciones de origen. <\/span><span lang=\"ES-TRAD\" xml:lang=\"ES-TRAD\">Las provincias de Burgos, Le\u00f3n y Valladolid, que ya han sido valoradas favorablemente por la Comisi\u00f3n Europea como territorios libres de tuberculosis, quedan excluidas.<\/span><\/p>\n<p class=\"Rpido\"><span lang=\"ES-TRAD\" xml:lang=\"ES-TRAD\">En Espa\u00f1a, las zonas oficialmente libres de la tuberculosis bovina son Asturias, Canarias, Galicia, Islas Baleares, Catalu\u00f1a, Murcia y Pa\u00eds Vasco, a las que recientemente se han a\u00f1adido las provincias de Valladolid, Burgos y Le\u00f3n, mientras que las restantes comunidades aut\u00f3nomas, entre ellas, Castilla y Le\u00f3n tienen un programa de erradicaci\u00f3n de la infecci\u00f3n que es obligatorio de acuerdo con la normativa europea.<\/span><\/p>\n<p class=\"Rpido\">Castilla y Le\u00f3n dispone de un programa regional incluido en el\u00a0<span lang=\"ES-TRAD\" xml:lang=\"ES-TRAD\"><a href=\"https:\/\/food.ec.europa.eu\/system\/files\/2022-06\/ad_surveillance_ep_2022_mtbc_esp_001-1.pdf\"><span lang=\"ES\" xml:lang=\"ES\">programa nacional de erradicaci\u00f3n 2022-2030 aprobado mediante un reglamento europeo<\/span><\/a><\/span> de obligado cumplimiento.<\/p>\n","protected":false},"excerpt":{"rendered":"<p>El Ministerio de Agricultura, Pesca y Alimentaci\u00f3n (MAPA) ha publicado\u00a0la\u00a0orden que limita, desde el 29 de mayo de 2023, el movimiento del ganado bovino en Castilla y Le\u00f3n para, seg\u00fan el ministerio, \u00abevitar poner en riesgo el estatus sanitario de la caba\u00f1a ganadera\u00bb, como respuesta ante una resoluci\u00f3n de la Junta de Castilla y Le\u00f3n [&hellip;]<\/p>\n","protected":false},"author":10,"featured_media":16981,"comment_status":"open","ping_status":"open","sticky":false,"template":"","format":"standard","meta":{"footnotes":""},"categories":[10,510],"tags":[],"yoast_head":"<!-- This site is optimized with the Yoast SEO plugin v24.5 - https:\/\/yoast.com\/wordpress\/plugins\/seo\/ -->\n<title>El Gobierno limita el movimiento del ganado bovino en Castilla y Le\u00f3n\u00a0 - ASAJA Salamanca<\/title>\n<meta name=\"description\" content=\"El Ministerio de Agricultura, Pesca y Alimentaci\u00f3n (MAPA) ha publicado\u00a0la\u00a0orden que limita, desde el 29 de mayo de 2023, el movimiento del ganado bovino\" \/>\n<meta name=\"robots\" content=\"index, follow, max-snippet:-1, max-image-preview:large, max-video-preview:-1\" \/>\n<link rel=\"canonical\" href=\"https:\/\/www.asajacyl.com\/salamanca\/asaja-salamanca-informa\/el-gobierno-limita-el-movimiento-del-ganado-bovino-en-castilla-y-leon\" \/>\n<meta property=\"og:locale\" content=\"es_ES\" \/>\n<meta property=\"og:type\" content=\"article\" \/>\n<meta property=\"og:title\" content=\"El Gobierno limita el movimiento del ganado bovino en Castilla y Le\u00f3n\u00a0 - ASAJA Salamanca\" \/>\n<meta property=\"og:description\" content=\"El Ministerio de Agricultura, Pesca y Alimentaci\u00f3n (MAPA) ha publicado\u00a0la\u00a0orden que limita, desde el 29 de mayo de 2023, el movimiento del ganado bovino\" \/>\n<meta property=\"og:url\" content=\"https:\/\/www.asajacyl.com\/salamanca\/asaja-salamanca-informa\/el-gobierno-limita-el-movimiento-del-ganado-bovino-en-castilla-y-leon\" \/>\n<meta property=\"og:site_name\" content=\"ASAJA Salamanca\" \/>\n<meta property=\"article:published_time\" content=\"2023-05-29T07:34:59+00:00\" \/>\n<meta property=\"article:modified_time\" content=\"2023-05-29T11:38:21+00:00\" \/>\n<meta property=\"og:image\" content=\"https:\/\/www.asajacyl.com\/salamanca\/wp-content\/uploads\/sites\/7\/2023\/05\/vacas1_tcm30-485019.jpg\" \/>\n\t<meta property=\"og:image:width\" content=\"1803\" \/>\n\t<meta property=\"og:image:height\" content=\"1275\" \/>\n\t<meta property=\"og:image:type\" content=\"image\/jpeg\" \/>\n<meta name=\"author\" content=\"Sonia\" \/>\n<meta name=\"twitter:card\" content=\"summary_large_image\" \/>\n<meta name=\"twitter:label1\" content=\"Escrito por\" \/>\n\t<meta name=\"twitter:data1\" content=\"Sonia\" \/>\n\t<meta name=\"twitter:label2\" content=\"Tiempo de lectura\" \/>\n\t<meta name=\"twitter:data2\" content=\"2 minutos\" \/>\n<script type=\"application\/ld+json\" class=\"yoast-schema-graph\">{\"@context\":\"https:\/\/schema.org\",\"@graph\":[{\"@type\":\"WebPage\",\"@id\":\"https:\/\/www.asajacyl.com\/salamanca\/asaja-salamanca-informa\/el-gobierno-limita-el-movimiento-del-ganado-bovino-en-castilla-y-leon\",\"url\":\"https:\/\/www.asajacyl.com\/salamanca\/asaja-salamanca-informa\/el-gobierno-limita-el-movimiento-del-ganado-bovino-en-castilla-y-leon\",\"name\":\"El Gobierno limita el movimiento del ganado bovino en Castilla y Le\u00f3n\u00a0 - ASAJA Salamanca\",\"isPartOf\":{\"@id\":\"https:\/\/www.asajacyl.com\/salamanca\/#website\"},\"primaryImageOfPage\":{\"@id\":\"https:\/\/www.asajacyl.com\/salamanca\/asaja-salamanca-informa\/el-gobierno-limita-el-movimiento-del-ganado-bovino-en-castilla-y-leon#primaryimage\"},\"image\":{\"@id\":\"https:\/\/www.asajacyl.com\/salamanca\/asaja-salamanca-informa\/el-gobierno-limita-el-movimiento-del-ganado-bovino-en-castilla-y-leon#primaryimage\"},\"thumbnailUrl\":\"https:\/\/www.asajacyl.com\/salamanca\/wp-content\/uploads\/sites\/7\/2023\/05\/vacas1_tcm30-485019.jpg\",\"datePublished\":\"2023-05-29T07:34:59+00:00\",\"dateModified\":\"2023-05-29T11:38:21+00:00\",\"author\":{\"@id\":\"https:\/\/www.asajacyl.com\/salamanca\/#\/schema\/person\/2bfc7da09988e1087e6291fafe99b67f\"},\"description\":\"El Ministerio de Agricultura, Pesca y Alimentaci\u00f3n (MAPA) ha publicado\u00a0la\u00a0orden que limita, desde el 29 de mayo de 2023, el movimiento del ganado bovino\",\"breadcrumb\":{\"@id\":\"https:\/\/www.asajacyl.com\/salamanca\/asaja-salamanca-informa\/el-gobierno-limita-el-movimiento-del-ganado-bovino-en-castilla-y-leon#breadcrumb\"},\"inLanguage\":\"es\",\"potentialAction\":[{\"@type\":\"ReadAction\",\"target\":[\"https:\/\/www.asajacyl.com\/salamanca\/asaja-salamanca-informa\/el-gobierno-limita-el-movimiento-del-ganado-bovino-en-castilla-y-leon\"]}]},{\"@type\":\"ImageObject\",\"inLanguage\":\"es\",\"@id\":\"https:\/\/www.asajacyl.com\/salamanca\/asaja-salamanca-informa\/el-gobierno-limita-el-movimiento-del-ganado-bovino-en-castilla-y-leon#primaryimage\",\"url\":\"https:\/\/www.asajacyl.com\/salamanca\/wp-content\/uploads\/sites\/7\/2023\/05\/vacas1_tcm30-485019.jpg\",\"contentUrl\":\"https:\/\/www.asajacyl.com\/salamanca\/wp-content\/uploads\/sites\/7\/2023\/05\/vacas1_tcm30-485019.jpg\",\"width\":1803,\"height\":1275},{\"@type\":\"BreadcrumbList\",\"@id\":\"https:\/\/www.asajacyl.com\/salamanca\/asaja-salamanca-informa\/el-gobierno-limita-el-movimiento-del-ganado-bovino-en-castilla-y-leon#breadcrumb\",\"itemListElement\":[{\"@type\":\"ListItem\",\"position\":1,\"name\":\"Portada\",\"item\":\"https:\/\/www.asajacyl.com\/salamanca\/\"},{\"@type\":\"ListItem\",\"position\":2,\"name\":\"El Gobierno limita el movimiento del ganado bovino en Castilla y Le\u00f3n\u00a0\"}]},{\"@type\":\"WebSite\",\"@id\":\"https:\/\/www.asajacyl.com\/salamanca\/#website\",\"url\":\"https:\/\/www.asajacyl.com\/salamanca\/\",\"name\":\"ASAJA Salamanca\",\"description\":\"Otro sitio m\u00e1s de Provincias ASAJA Castilla y Le\u00f3n\",\"potentialAction\":[{\"@type\":\"SearchAction\",\"target\":{\"@type\":\"EntryPoint\",\"urlTemplate\":\"https:\/\/www.asajacyl.com\/salamanca\/?s={search_term_string}\"},\"query-input\":{\"@type\":\"PropertyValueSpecification\",\"valueRequired\":true,\"valueName\":\"search_term_string\"}}],\"inLanguage\":\"es\"},{\"@type\":\"Person\",\"@id\":\"https:\/\/www.asajacyl.com\/salamanca\/#\/schema\/person\/2bfc7da09988e1087e6291fafe99b67f\",\"name\":\"Sonia\",\"image\":{\"@type\":\"ImageObject\",\"inLanguage\":\"es\",\"@id\":\"https:\/\/www.asajacyl.com\/salamanca\/#\/schema\/person\/image\/\",\"url\":\"https:\/\/secure.gravatar.com\/avatar\/6b0d6eb461a1e3687cc023d59022ef0d?s=96&d=mm&r=g\",\"contentUrl\":\"https:\/\/secure.gravatar.com\/avatar\/6b0d6eb461a1e3687cc023d59022ef0d?s=96&d=mm&r=g\",\"caption\":\"Sonia\"},\"url\":\"https:\/\/www.asajacyl.com\/salamanca\/author\/juanluisde\"}]}<\/script>\n<!-- \/ Yoast SEO plugin. -->","yoast_head_json":{"title":"El Gobierno limita el movimiento del ganado bovino en Castilla y Le\u00f3n\u00a0 - ASAJA Salamanca","description":"El Ministerio de Agricultura, Pesca y Alimentaci\u00f3n (MAPA) ha publicado\u00a0la\u00a0orden que limita, desde el 29 de mayo de 2023, el movimiento del ganado bovino","robots":{"index":"index","follow":"follow","max-snippet":"max-snippet:-1","max-image-preview":"max-image-preview:large","max-video-preview":"max-video-preview:-1"},"canonical":"https:\/\/www.asajacyl.com\/salamanca\/asaja-salamanca-informa\/el-gobierno-limita-el-movimiento-del-ganado-bovino-en-castilla-y-leon","og_locale":"es_ES","og_type":"article","og_title":"El Gobierno limita el movimiento del ganado bovino en Castilla y Le\u00f3n\u00a0 - ASAJA Salamanca","og_description":"El Ministerio de Agricultura, Pesca y Alimentaci\u00f3n (MAPA) ha publicado\u00a0la\u00a0orden que limita, desde el 29 de mayo de 2023, el movimiento del ganado bovino","og_url":"https:\/\/www.asajacyl.com\/salamanca\/asaja-salamanca-informa\/el-gobierno-limita-el-movimiento-del-ganado-bovino-en-castilla-y-leon","og_site_name":"ASAJA Salamanca","article_published_time":"2023-05-29T07:34:59+00:00","article_modified_time":"2023-05-29T11:38:21+00:00","og_image":[{"width":1803,"height":1275,"url":"https:\/\/www.asajacyl.com\/salamanca\/wp-content\/uploads\/sites\/7\/2023\/05\/vacas1_tcm30-485019.jpg","type":"image\/jpeg"}],"author":"Sonia","twitter_card":"summary_large_image","twitter_misc":{"Escrito por":"Sonia","Tiempo de lectura":"2 minutos"},"schema":{"@context":"https:\/\/schema.org","@graph":[{"@type":"WebPage","@id":"https:\/\/www.asajacyl.com\/salamanca\/asaja-salamanca-informa\/el-gobierno-limita-el-movimiento-del-ganado-bovino-en-castilla-y-leon","url":"https:\/\/www.asajacyl.com\/salamanca\/asaja-salamanca-informa\/el-gobierno-limita-el-movimiento-del-ganado-bovino-en-castilla-y-leon","name":"El Gobierno limita el movimiento del ganado bovino en Castilla y Le\u00f3n\u00a0 - ASAJA Salamanca","isPartOf":{"@id":"https:\/\/www.asajacyl.com\/salamanca\/#website"},"primaryImageOfPage":{"@id":"https:\/\/www.asajacyl.com\/salamanca\/asaja-salamanca-informa\/el-gobierno-limita-el-movimiento-del-ganado-bovino-en-castilla-y-leon#primaryimage"},"image":{"@id":"https:\/\/www.asajacyl.com\/salamanca\/asaja-salamanca-informa\/el-gobierno-limita-el-movimiento-del-ganado-bovino-en-castilla-y-leon#primaryimage"},"thumbnailUrl":"https:\/\/www.asajacyl.com\/salamanca\/wp-content\/uploads\/sites\/7\/2023\/05\/vacas1_tcm30-485019.jpg","datePublished":"2023-05-29T07:34:59+00:00","dateModified":"2023-05-29T11:38:21+00:00","author":{"@id":"https:\/\/www.asajacyl.com\/salamanca\/#\/schema\/person\/2bfc7da09988e1087e6291fafe99b67f"},"description":"El Ministerio de Agricultura, Pesca y Alimentaci\u00f3n (MAPA) ha publicado\u00a0la\u00a0orden que limita, desde el 29 de mayo de 2023, el movimiento del ganado bovino","breadcrumb":{"@id":"https:\/\/www.asajacyl.com\/salamanca\/asaja-salamanca-informa\/el-gobierno-limita-el-movimiento-del-ganado-bovino-en-castilla-y-leon#breadcrumb"},"inLanguage":"es","potentialAction":[{"@type":"ReadAction","target":["https:\/\/www.asajacyl.com\/salamanca\/asaja-salamanca-informa\/el-gobierno-limita-el-movimiento-del-ganado-bovino-en-castilla-y-leon"]}]},{"@type":"ImageObject","inLanguage":"es","@id":"https:\/\/www.asajacyl.com\/salamanca\/asaja-salamanca-informa\/el-gobierno-limita-el-movimiento-del-ganado-bovino-en-castilla-y-leon#primaryimage","url":"https:\/\/www.asajacyl.com\/salamanca\/wp-content\/uploads\/sites\/7\/2023\/05\/vacas1_tcm30-485019.jpg","contentUrl":"https:\/\/www.asajacyl.com\/salamanca\/wp-content\/uploads\/sites\/7\/2023\/05\/vacas1_tcm30-485019.jpg","width":1803,"height":1275},{"@type":"BreadcrumbList","@id":"https:\/\/www.asajacyl.com\/salamanca\/asaja-salamanca-informa\/el-gobierno-limita-el-movimiento-del-ganado-bovino-en-castilla-y-leon#breadcrumb","itemListElement":[{"@type":"ListItem","position":1,"name":"Portada","item":"https:\/\/www.asajacyl.com\/salamanca\/"},{"@type":"ListItem","position":2,"name":"El Gobierno limita el movimiento del ganado bovino en Castilla y Le\u00f3n\u00a0"}]},{"@type":"WebSite","@id":"https:\/\/www.asajacyl.com\/salamanca\/#website","url":"https:\/\/www.asajacyl.com\/salamanca\/","name":"ASAJA Salamanca","description":"Otro sitio m\u00e1s de Provincias ASAJA Castilla y Le\u00f3n","potentialAction":[{"@type":"SearchAction","target":{"@type":"EntryPoint","urlTemplate":"https:\/\/www.asajacyl.com\/salamanca\/?s={search_term_string}"},"query-input":{"@type":"PropertyValueSpecification","valueRequired":true,"valueName":"search_term_string"}}],"inLanguage":"es"},{"@type":"Person","@id":"https:\/\/www.asajacyl.com\/salamanca\/#\/schema\/person\/2bfc7da09988e1087e6291fafe99b67f","name":"Sonia","image":{"@type":"ImageObject","inLanguage":"es","@id":"https:\/\/www.asajacyl.com\/salamanca\/#\/schema\/person\/image\/","url":"https:\/\/secure.gravatar.com\/avatar\/6b0d6eb461a1e3687cc023d59022ef0d?s=96&d=mm&r=g","contentUrl":"https:\/\/secure.gravatar.com\/avatar\/6b0d6eb461a1e3687cc023d59022ef0d?s=96&d=mm&r=g","caption":"Sonia"},"url":"https:\/\/www.asajacyl.com\/salamanca\/author\/juanluisde"}]}},"_links":{"self":[{"href":"https:\/\/www.asajacyl.com\/salamanca\/wp-json\/wp\/v2\/posts\/16980"}],"collection":[{"href":"https:\/\/www.asajacyl.com\/salamanca\/wp-json\/wp\/v2\/posts"}],"about":[{"href":"https:\/\/www.asajacyl.com\/salamanca\/wp-json\/wp\/v2\/types\/post"}],"author":[{"embeddable":true,"href":"https:\/\/www.asajacyl.com\/salamanca\/wp-json\/wp\/v2\/users\/10"}],"replies":[{"embeddable":true,"href":"https:\/\/www.asajacyl.com\/salamanca\/wp-json\/wp\/v2\/comments?post=16980"}],"version-history":[{"count":7,"href":"https:\/\/www.asajacyl.com\/salamanca\/wp-json\/wp\/v2\/posts\/16980\/revisions"}],"predecessor-version":[{"id":16995,"href":"https:\/\/www.asajacyl.com\/salamanca\/wp-json\/wp\/v2\/posts\/16980\/revisions\/16995"}],"wp:featuredmedia":[{"embeddable":true,"href":"https:\/\/www.asajacyl.com\/salamanca\/wp-json\/wp\/v2\/media\/16981"}],"wp:attachment":[{"href":"https:\/\/www.asajacyl.com\/salamanca\/wp-json\/wp\/v2\/media?parent=16980"}],"wp:term":[{"taxonomy":"category","embeddable":true,"href":"https:\/\/www.asajacyl.com\/salamanca\/wp-json\/wp\/v2\/categories?post=16980"},{"taxonomy":"post_tag","embeddable":true,"href":"https:\/\/www.asajacyl.com\/salamanca\/wp-json\/wp\/v2\/tags?post=16980"}],"curies":[{"name":"wp","href":"https:\/\/api.w.org\/{rel}","templated":true}]}}