{"id":17170,"date":"2023-07-12T14:21:43","date_gmt":"2023-07-12T12:21:43","guid":{"rendered":"https:\/\/www.asajacyl.com\/salamanca\/?p=17170"},"modified":"2023-11-21T13:25:56","modified_gmt":"2023-11-21T12:25:56","slug":"publicada-la-resolucion-del-fega-que-recoge-el-listado-provisional-de-beneficiarios-de-la-ayuda-por-sequia-a-los-sectores-ganaderos","status":"publish","type":"post","link":"https:\/\/www.asajacyl.com\/salamanca\/asaja-salamanca-informa\/publicada-la-resolucion-del-fega-que-recoge-el-listado-provisional-de-beneficiarios-de-la-ayuda-por-sequia-a-los-sectores-ganaderos","title":{"rendered":"Publicada la resoluci\u00f3n del FEGA que recoge el listado provisional de beneficiarios de la ayuda por sequ\u00eda a los sectores ganaderos"},"content":{"rendered":"\n<h2 class=\"wp-block-heading\">Plazo de alegaciones hasta el 18 de julio incluido. Importante en los casos de cambios de titularidad, cambios de CEA, nuevas explotaciones&#8230;<\/h2>\n\n\n\n<p>Se ha publicado la resoluci\u00f3n que recoge el listado provisional de beneficiarios de la ayuda de Estado extraordinaria a los sectores ganaderos para compensar la situaci\u00f3n debida a la sequ\u00eda y a las condiciones derivadas del conflicto b\u00e9lico en Ucrania, establecida en el Real Decreto-ley 4\/2023, de 11 de mayo.<\/p>\n\n\n\n<p><br>Para rechazar la ayuda, alegar los errores, omisiones y otras circunstancias que estimen convenientes deber\u00e1s hacer la solicitud antes del 18 de julio ponte en contacto con los servicios t\u00e9cnicos de ASAJA Salamanca.<\/p>\n\n\n\n<p>La cuant\u00eda de las ayudas en Salamanca son de: <\/p>\n\n\n\n<ul>\n<li><strong>Vaca de carne (nodriza): 71,74 euros\/cabeza en las primeras 250 (el resto, la mitad de ayuda)<\/strong><\/li>\n\n\n\n<li><strong>Oveja y cabra de carne: 7,95 euros\/cabeza en las primeras 2.000 (el resto, la mitad de ayuda)<\/strong><\/li>\n\n\n\n<li><strong>Vaca de leche: 27,56 euros\/cabeza (con un m\u00e1ximo de 725 animales) <\/strong><\/li>\n\n\n\n<li><strong>Oveja y cabra de leche: 4,33 euros\/cabeza en las primeras 2.000 (el resto, la mitad de ayuda) <\/strong><\/li>\n<\/ul>\n\n\n\n<p>Puedes consultar la resoluci\u00f3n provisional <a href=\"https:\/\/www.asajajaen.com\/wp-content\/uploads\/2023\/07\/Resolucio%CC%81n-provisional-ganaderia.pdf\">aqu\u00ed<\/a><\/p>\n\n\n\n<p>Te adjuntamos el documento de <a href=\"https:\/\/www.asajajaen.com\/wp-content\/uploads\/2023\/07\/AYUDAS-SEQUIA-Y-UCRANIA-PREGUNTAS-MAS-FRECUENTES-4JUL23.pdf\">preguntas m\u00e1s frecuentes<\/a> relacionadas con estas ayudas y el enlace para la <a href=\"https:\/\/www.fega.gob.es\/es\/ayudas-excepcionales-productores-sectores-agrarios\/ayudas-sectores-ganaderos\">presentaci\u00f3n de alegaciones<\/a> en el caso de que tuvieras que hacerlas, indic\u00e1ndote que tienen que hacerse con tu certificado digital.<\/p>\n","protected":false},"excerpt":{"rendered":"<p>Plazo de alegaciones hasta el 18 de julio incluido. Importante en los casos de cambios de titularidad, cambios de CEA, nuevas explotaciones&#8230; Se ha publicado la resoluci\u00f3n que recoge el listado provisional de beneficiarios de la ayuda de Estado extraordinaria a los sectores ganaderos para compensar la situaci\u00f3n debida a la sequ\u00eda y a las [&hellip;]<\/p>\n","protected":false},"author":10,"featured_media":17173,"comment_status":"open","ping_status":"open","sticky":false,"template":"","format":"standard","meta":{"footnotes":""},"categories":[10,510],"tags":[],"yoast_head":"<!-- This site is optimized with the Yoast SEO plugin v24.5 - https:\/\/yoast.com\/wordpress\/plugins\/seo\/ -->\n<title>Publicada la resoluci\u00f3n del FEGA que recoge el listado provisional de beneficiarios de la ayuda por sequ\u00eda a los sectores ganaderos - ASAJA Salamanca<\/title>\n<meta name=\"description\" content=\"Plazo de alegaciones hasta el 18 de julio incluido. Importante en los casos de cambios de titularidad, cambios de CEA, nuevas explotaciones... Se ha\" \/>\n<meta name=\"robots\" content=\"index, follow, max-snippet:-1, max-image-preview:large, max-video-preview:-1\" \/>\n<link rel=\"canonical\" href=\"https:\/\/www.asajacyl.com\/salamanca\/asaja-salamanca-informa\/publicada-la-resolucion-del-fega-que-recoge-el-listado-provisional-de-beneficiarios-de-la-ayuda-por-sequia-a-los-sectores-ganaderos\" \/>\n<meta property=\"og:locale\" content=\"es_ES\" \/>\n<meta property=\"og:type\" content=\"article\" \/>\n<meta property=\"og:title\" content=\"Publicada la resoluci\u00f3n del FEGA que recoge el listado provisional de beneficiarios de la ayuda por sequ\u00eda a los sectores ganaderos - ASAJA Salamanca\" \/>\n<meta property=\"og:description\" content=\"Plazo de alegaciones hasta el 18 de julio incluido. Importante en los casos de cambios de titularidad, cambios de CEA, nuevas explotaciones... Se ha\" \/>\n<meta property=\"og:url\" content=\"https:\/\/www.asajacyl.com\/salamanca\/asaja-salamanca-informa\/publicada-la-resolucion-del-fega-que-recoge-el-listado-provisional-de-beneficiarios-de-la-ayuda-por-sequia-a-los-sectores-ganaderos\" \/>\n<meta property=\"og:site_name\" content=\"ASAJA Salamanca\" \/>\n<meta property=\"article:published_time\" content=\"2023-07-12T12:21:43+00:00\" \/>\n<meta property=\"article:modified_time\" content=\"2023-11-21T12:25:56+00:00\" \/>\n<meta property=\"og:image\" content=\"https:\/\/www.asajacyl.com\/salamanca\/wp-content\/uploads\/sites\/7\/2023\/07\/pexels-spencer-selover-775418-min.jpg\" \/>\n\t<meta property=\"og:image:width\" content=\"2500\" \/>\n\t<meta property=\"og:image:height\" content=\"1669\" \/>\n\t<meta property=\"og:image:type\" content=\"image\/jpeg\" \/>\n<meta name=\"author\" content=\"Sonia\" \/>\n<meta name=\"twitter:card\" content=\"summary_large_image\" \/>\n<meta name=\"twitter:label1\" content=\"Escrito por\" \/>\n\t<meta name=\"twitter:data1\" content=\"Sonia\" \/>\n\t<meta name=\"twitter:label2\" content=\"Tiempo de lectura\" \/>\n\t<meta name=\"twitter:data2\" content=\"1 minuto\" \/>\n<script type=\"application\/ld+json\" class=\"yoast-schema-graph\">{\"@context\":\"https:\/\/schema.org\",\"@graph\":[{\"@type\":\"WebPage\",\"@id\":\"https:\/\/www.asajacyl.com\/salamanca\/asaja-salamanca-informa\/publicada-la-resolucion-del-fega-que-recoge-el-listado-provisional-de-beneficiarios-de-la-ayuda-por-sequia-a-los-sectores-ganaderos\",\"url\":\"https:\/\/www.asajacyl.com\/salamanca\/asaja-salamanca-informa\/publicada-la-resolucion-del-fega-que-recoge-el-listado-provisional-de-beneficiarios-de-la-ayuda-por-sequia-a-los-sectores-ganaderos\",\"name\":\"Publicada la resoluci\u00f3n del FEGA que recoge el listado provisional de beneficiarios de la ayuda por sequ\u00eda a los sectores ganaderos - ASAJA Salamanca\",\"isPartOf\":{\"@id\":\"https:\/\/www.asajacyl.com\/salamanca\/#website\"},\"primaryImageOfPage\":{\"@id\":\"https:\/\/www.asajacyl.com\/salamanca\/asaja-salamanca-informa\/publicada-la-resolucion-del-fega-que-recoge-el-listado-provisional-de-beneficiarios-de-la-ayuda-por-sequia-a-los-sectores-ganaderos#primaryimage\"},\"image\":{\"@id\":\"https:\/\/www.asajacyl.com\/salamanca\/asaja-salamanca-informa\/publicada-la-resolucion-del-fega-que-recoge-el-listado-provisional-de-beneficiarios-de-la-ayuda-por-sequia-a-los-sectores-ganaderos#primaryimage\"},\"thumbnailUrl\":\"https:\/\/www.asajacyl.com\/salamanca\/wp-content\/uploads\/sites\/7\/2023\/07\/pexels-spencer-selover-775418-min.jpg\",\"datePublished\":\"2023-07-12T12:21:43+00:00\",\"dateModified\":\"2023-11-21T12:25:56+00:00\",\"author\":{\"@id\":\"https:\/\/www.asajacyl.com\/salamanca\/#\/schema\/person\/2bfc7da09988e1087e6291fafe99b67f\"},\"description\":\"Plazo de alegaciones hasta el 18 de julio incluido. Importante en los casos de cambios de titularidad, cambios de CEA, nuevas explotaciones... Se ha\",\"breadcrumb\":{\"@id\":\"https:\/\/www.asajacyl.com\/salamanca\/asaja-salamanca-informa\/publicada-la-resolucion-del-fega-que-recoge-el-listado-provisional-de-beneficiarios-de-la-ayuda-por-sequia-a-los-sectores-ganaderos#breadcrumb\"},\"inLanguage\":\"es\",\"potentialAction\":[{\"@type\":\"ReadAction\",\"target\":[\"https:\/\/www.asajacyl.com\/salamanca\/asaja-salamanca-informa\/publicada-la-resolucion-del-fega-que-recoge-el-listado-provisional-de-beneficiarios-de-la-ayuda-por-sequia-a-los-sectores-ganaderos\"]}]},{\"@type\":\"ImageObject\",\"inLanguage\":\"es\",\"@id\":\"https:\/\/www.asajacyl.com\/salamanca\/asaja-salamanca-informa\/publicada-la-resolucion-del-fega-que-recoge-el-listado-provisional-de-beneficiarios-de-la-ayuda-por-sequia-a-los-sectores-ganaderos#primaryimage\",\"url\":\"https:\/\/www.asajacyl.com\/salamanca\/wp-content\/uploads\/sites\/7\/2023\/07\/pexels-spencer-selover-775418-min.jpg\",\"contentUrl\":\"https:\/\/www.asajacyl.com\/salamanca\/wp-content\/uploads\/sites\/7\/2023\/07\/pexels-spencer-selover-775418-min.jpg\",\"width\":2500,\"height\":1669,\"caption\":\"Resoluci\u00f3n listado provisional beneficiarios\"},{\"@type\":\"BreadcrumbList\",\"@id\":\"https:\/\/www.asajacyl.com\/salamanca\/asaja-salamanca-informa\/publicada-la-resolucion-del-fega-que-recoge-el-listado-provisional-de-beneficiarios-de-la-ayuda-por-sequia-a-los-sectores-ganaderos#breadcrumb\",\"itemListElement\":[{\"@type\":\"ListItem\",\"position\":1,\"name\":\"Portada\",\"item\":\"https:\/\/www.asajacyl.com\/salamanca\/\"},{\"@type\":\"ListItem\",\"position\":2,\"name\":\"Publicada la resoluci\u00f3n del FEGA que recoge el listado provisional de beneficiarios de la ayuda por sequ\u00eda a los sectores ganaderos\"}]},{\"@type\":\"WebSite\",\"@id\":\"https:\/\/www.asajacyl.com\/salamanca\/#website\",\"url\":\"https:\/\/www.asajacyl.com\/salamanca\/\",\"name\":\"ASAJA Salamanca\",\"description\":\"Otro sitio m\u00e1s de Provincias ASAJA Castilla y Le\u00f3n\",\"potentialAction\":[{\"@type\":\"SearchAction\",\"target\":{\"@type\":\"EntryPoint\",\"urlTemplate\":\"https:\/\/www.asajacyl.com\/salamanca\/?s={search_term_string}\"},\"query-input\":{\"@type\":\"PropertyValueSpecification\",\"valueRequired\":true,\"valueName\":\"search_term_string\"}}],\"inLanguage\":\"es\"},{\"@type\":\"Person\",\"@id\":\"https:\/\/www.asajacyl.com\/salamanca\/#\/schema\/person\/2bfc7da09988e1087e6291fafe99b67f\",\"name\":\"Sonia\",\"image\":{\"@type\":\"ImageObject\",\"inLanguage\":\"es\",\"@id\":\"https:\/\/www.asajacyl.com\/salamanca\/#\/schema\/person\/image\/\",\"url\":\"https:\/\/secure.gravatar.com\/avatar\/6b0d6eb461a1e3687cc023d59022ef0d?s=96&d=mm&r=g\",\"contentUrl\":\"https:\/\/secure.gravatar.com\/avatar\/6b0d6eb461a1e3687cc023d59022ef0d?s=96&d=mm&r=g\",\"caption\":\"Sonia\"},\"url\":\"https:\/\/www.asajacyl.com\/salamanca\/author\/juanluisde\"}]}<\/script>\n<!-- \/ Yoast SEO plugin. -->","yoast_head_json":{"title":"Publicada la resoluci\u00f3n del FEGA que recoge el listado provisional de beneficiarios de la ayuda por sequ\u00eda a los sectores ganaderos - ASAJA Salamanca","description":"Plazo de alegaciones hasta el 18 de julio incluido. Importante en los casos de cambios de titularidad, cambios de CEA, nuevas explotaciones... Se ha","robots":{"index":"index","follow":"follow","max-snippet":"max-snippet:-1","max-image-preview":"max-image-preview:large","max-video-preview":"max-video-preview:-1"},"canonical":"https:\/\/www.asajacyl.com\/salamanca\/asaja-salamanca-informa\/publicada-la-resolucion-del-fega-que-recoge-el-listado-provisional-de-beneficiarios-de-la-ayuda-por-sequia-a-los-sectores-ganaderos","og_locale":"es_ES","og_type":"article","og_title":"Publicada la resoluci\u00f3n del FEGA que recoge el listado provisional de beneficiarios de la ayuda por sequ\u00eda a los sectores ganaderos - ASAJA Salamanca","og_description":"Plazo de alegaciones hasta el 18 de julio incluido. Importante en los casos de cambios de titularidad, cambios de CEA, nuevas explotaciones... Se ha","og_url":"https:\/\/www.asajacyl.com\/salamanca\/asaja-salamanca-informa\/publicada-la-resolucion-del-fega-que-recoge-el-listado-provisional-de-beneficiarios-de-la-ayuda-por-sequia-a-los-sectores-ganaderos","og_site_name":"ASAJA Salamanca","article_published_time":"2023-07-12T12:21:43+00:00","article_modified_time":"2023-11-21T12:25:56+00:00","og_image":[{"width":2500,"height":1669,"url":"https:\/\/www.asajacyl.com\/salamanca\/wp-content\/uploads\/sites\/7\/2023\/07\/pexels-spencer-selover-775418-min.jpg","type":"image\/jpeg"}],"author":"Sonia","twitter_card":"summary_large_image","twitter_misc":{"Escrito por":"Sonia","Tiempo de lectura":"1 minuto"},"schema":{"@context":"https:\/\/schema.org","@graph":[{"@type":"WebPage","@id":"https:\/\/www.asajacyl.com\/salamanca\/asaja-salamanca-informa\/publicada-la-resolucion-del-fega-que-recoge-el-listado-provisional-de-beneficiarios-de-la-ayuda-por-sequia-a-los-sectores-ganaderos","url":"https:\/\/www.asajacyl.com\/salamanca\/asaja-salamanca-informa\/publicada-la-resolucion-del-fega-que-recoge-el-listado-provisional-de-beneficiarios-de-la-ayuda-por-sequia-a-los-sectores-ganaderos","name":"Publicada la resoluci\u00f3n del FEGA que recoge el listado provisional de beneficiarios de la ayuda por sequ\u00eda a los sectores ganaderos - ASAJA Salamanca","isPartOf":{"@id":"https:\/\/www.asajacyl.com\/salamanca\/#website"},"primaryImageOfPage":{"@id":"https:\/\/www.asajacyl.com\/salamanca\/asaja-salamanca-informa\/publicada-la-resolucion-del-fega-que-recoge-el-listado-provisional-de-beneficiarios-de-la-ayuda-por-sequia-a-los-sectores-ganaderos#primaryimage"},"image":{"@id":"https:\/\/www.asajacyl.com\/salamanca\/asaja-salamanca-informa\/publicada-la-resolucion-del-fega-que-recoge-el-listado-provisional-de-beneficiarios-de-la-ayuda-por-sequia-a-los-sectores-ganaderos#primaryimage"},"thumbnailUrl":"https:\/\/www.asajacyl.com\/salamanca\/wp-content\/uploads\/sites\/7\/2023\/07\/pexels-spencer-selover-775418-min.jpg","datePublished":"2023-07-12T12:21:43+00:00","dateModified":"2023-11-21T12:25:56+00:00","author":{"@id":"https:\/\/www.asajacyl.com\/salamanca\/#\/schema\/person\/2bfc7da09988e1087e6291fafe99b67f"},"description":"Plazo de alegaciones hasta el 18 de julio incluido. Importante en los casos de cambios de titularidad, cambios de CEA, nuevas explotaciones... Se ha","breadcrumb":{"@id":"https:\/\/www.asajacyl.com\/salamanca\/asaja-salamanca-informa\/publicada-la-resolucion-del-fega-que-recoge-el-listado-provisional-de-beneficiarios-de-la-ayuda-por-sequia-a-los-sectores-ganaderos#breadcrumb"},"inLanguage":"es","potentialAction":[{"@type":"ReadAction","target":["https:\/\/www.asajacyl.com\/salamanca\/asaja-salamanca-informa\/publicada-la-resolucion-del-fega-que-recoge-el-listado-provisional-de-beneficiarios-de-la-ayuda-por-sequia-a-los-sectores-ganaderos"]}]},{"@type":"ImageObject","inLanguage":"es","@id":"https:\/\/www.asajacyl.com\/salamanca\/asaja-salamanca-informa\/publicada-la-resolucion-del-fega-que-recoge-el-listado-provisional-de-beneficiarios-de-la-ayuda-por-sequia-a-los-sectores-ganaderos#primaryimage","url":"https:\/\/www.asajacyl.com\/salamanca\/wp-content\/uploads\/sites\/7\/2023\/07\/pexels-spencer-selover-775418-min.jpg","contentUrl":"https:\/\/www.asajacyl.com\/salamanca\/wp-content\/uploads\/sites\/7\/2023\/07\/pexels-spencer-selover-775418-min.jpg","width":2500,"height":1669,"caption":"Resoluci\u00f3n listado provisional beneficiarios"},{"@type":"BreadcrumbList","@id":"https:\/\/www.asajacyl.com\/salamanca\/asaja-salamanca-informa\/publicada-la-resolucion-del-fega-que-recoge-el-listado-provisional-de-beneficiarios-de-la-ayuda-por-sequia-a-los-sectores-ganaderos#breadcrumb","itemListElement":[{"@type":"ListItem","position":1,"name":"Portada","item":"https:\/\/www.asajacyl.com\/salamanca\/"},{"@type":"ListItem","position":2,"name":"Publicada la resoluci\u00f3n del FEGA que recoge el listado provisional de beneficiarios de la ayuda por sequ\u00eda a los sectores ganaderos"}]},{"@type":"WebSite","@id":"https:\/\/www.asajacyl.com\/salamanca\/#website","url":"https:\/\/www.asajacyl.com\/salamanca\/","name":"ASAJA Salamanca","description":"Otro sitio m\u00e1s de Provincias ASAJA Castilla y Le\u00f3n","potentialAction":[{"@type":"SearchAction","target":{"@type":"EntryPoint","urlTemplate":"https:\/\/www.asajacyl.com\/salamanca\/?s={search_term_string}"},"query-input":{"@type":"PropertyValueSpecification","valueRequired":true,"valueName":"search_term_string"}}],"inLanguage":"es"},{"@type":"Person","@id":"https:\/\/www.asajacyl.com\/salamanca\/#\/schema\/person\/2bfc7da09988e1087e6291fafe99b67f","name":"Sonia","image":{"@type":"ImageObject","inLanguage":"es","@id":"https:\/\/www.asajacyl.com\/salamanca\/#\/schema\/person\/image\/","url":"https:\/\/secure.gravatar.com\/avatar\/6b0d6eb461a1e3687cc023d59022ef0d?s=96&d=mm&r=g","contentUrl":"https:\/\/secure.gravatar.com\/avatar\/6b0d6eb461a1e3687cc023d59022ef0d?s=96&d=mm&r=g","caption":"Sonia"},"url":"https:\/\/www.asajacyl.com\/salamanca\/author\/juanluisde"}]}},"_links":{"self":[{"href":"https:\/\/www.asajacyl.com\/salamanca\/wp-json\/wp\/v2\/posts\/17170"}],"collection":[{"href":"https:\/\/www.asajacyl.com\/salamanca\/wp-json\/wp\/v2\/posts"}],"about":[{"href":"https:\/\/www.asajacyl.com\/salamanca\/wp-json\/wp\/v2\/types\/post"}],"author":[{"embeddable":true,"href":"https:\/\/www.asajacyl.com\/salamanca\/wp-json\/wp\/v2\/users\/10"}],"replies":[{"embeddable":true,"href":"https:\/\/www.asajacyl.com\/salamanca\/wp-json\/wp\/v2\/comments?post=17170"}],"version-history":[{"count":11,"href":"https:\/\/www.asajacyl.com\/salamanca\/wp-json\/wp\/v2\/posts\/17170\/revisions"}],"predecessor-version":[{"id":17184,"href":"https:\/\/www.asajacyl.com\/salamanca\/wp-json\/wp\/v2\/posts\/17170\/revisions\/17184"}],"wp:featuredmedia":[{"embeddable":true,"href":"https:\/\/www.asajacyl.com\/salamanca\/wp-json\/wp\/v2\/media\/17173"}],"wp:attachment":[{"href":"https:\/\/www.asajacyl.com\/salamanca\/wp-json\/wp\/v2\/media?parent=17170"}],"wp:term":[{"taxonomy":"category","embeddable":true,"href":"https:\/\/www.asajacyl.com\/salamanca\/wp-json\/wp\/v2\/categories?post=17170"},{"taxonomy":"post_tag","embeddable":true,"href":"https:\/\/www.asajacyl.com\/salamanca\/wp-json\/wp\/v2\/tags?post=17170"}],"curies":[{"name":"wp","href":"https:\/\/api.w.org\/{rel}","templated":true}]}}