{"id":17302,"date":"2023-10-02T11:04:12","date_gmt":"2023-10-02T09:04:12","guid":{"rendered":"https:\/\/www.asajacyl.com\/salamanca\/?p=17302"},"modified":"2023-11-21T13:25:05","modified_gmt":"2023-11-21T12:25:05","slug":"se-amplia-el-plazo-al-10-de-octubre-para-acogerse-a-las-ayudas-a-la-sucesion-de-explotaciones","status":"publish","type":"post","link":"https:\/\/www.asajacyl.com\/salamanca\/asaja-salamanca-informa\/noticias\/se-amplia-el-plazo-al-10-de-octubre-para-acogerse-a-las-ayudas-a-la-sucesion-de-explotaciones","title":{"rendered":"Se ampl\u00eda el plazo al 10 de octubre para acogerse a las ayudas a la sucesi\u00f3n de explotaciones"},"content":{"rendered":"\n<h2 class=\"wp-block-heading\">Se trata de una ayuda novedosa, que responde a la insistencia del sector y especialmente de ASAJA en recuperar el apoyo a la renovaci\u00f3n de activos en el campo que supuso el conocido como cese anticipado, desaparecido hace a\u00f1os, ahora ya solo para los jubilados o los que llegan a esa edad. La consignaci\u00f3n presupuestaria para esta primera convocatoria asciende a 5,7 millones de euros, cofinanciados por la Junta de Castilla y Le\u00f3n, la Uni\u00f3n Europea \u2014a trav\u00e9s del Fondo Europeo de Desarrollo Rural (Feader)\u2014 y el Ministerio de Agricultura, Pesca y Alimentaci\u00f3n (MAPA).<\/h2>\n\n\n\n<p>La ayuda se destinar\u00e1 a prestar apoyo a los agricultores o ganaderos, jubilados o que lleguen a la edad de jubilaci\u00f3n, que decidan cesar en su actividad y dejar su explotaci\u00f3n a otros agricultores o ganaderos, compensando una parte del coste de oportunidad que supone dicha cesi\u00f3n. Los cedentes tendr\u00e1n que ser beneficiarios de una pensi\u00f3n de jubilaci\u00f3n de la Seguridad Social o estar en situaci\u00f3n de jubilarse, y no tener m\u00e1s de 72 a\u00f1os.&nbsp;<\/p>\n\n\n\n<p>Los cesionarios, que no superar\u00e1n los 57 a\u00f1os, ser\u00e1n agricultores activos en la Seguridad Social por su actividad agraria. Respecto a los compromisos, se realizar\u00e1 la cesi\u00f3n de la explotaci\u00f3n mediante contratos de arrendamiento o venta.&nbsp;<\/p>\n\n\n\n<p>Adem\u00e1s, los beneficiarios de las ayudas se comprometen a ceder los bienes que constituyen su explotaci\u00f3n al cesionario y a jubilarse de la actividad agraria. Los cesionarios, por su parte, deben explotar de forma directa la explotaci\u00f3n cedida durante no menos de cinco a\u00f1os.<\/p>\n\n\n\n<p><strong>COMPLEMENTO A LA JUBILACI\u00d3N.&nbsp;<\/strong>La ayuda total, destinada a compensar una parte del coste de oportunidad que supone la cesi\u00f3n, oscilar\u00e1 entre los 17.750 y 85.000 euros, cantidad distribuida a lo largo de los cinco a\u00f1os del compromiso. Esto supone un complemento mensual a la pensi\u00f3n de la jubilaci\u00f3n de entre 300 y 1.400 euros, aproximadamente, en funci\u00f3n de la producci\u00f3n est\u00e1ndar de la explotaci\u00f3n que se cede.<\/p>\n\n\n\n<p>ASAJA ha valorado que Castilla y Le\u00f3n sea la pionera en la puesta en marcha de una ayuda a la sucesi\u00f3n de explotaciones, aunque lamenta que nazca con un fallo de base muy importante: excluye la cesi\u00f3n de padres a hijos, justo la m\u00e1s frecuente en la agricultura y ganader\u00eda.&nbsp;<\/p>\n\n\n\n<p>En el periodo de borrador de esta orden, nuestra organizaci\u00f3n present\u00f3 varias alegaciones para mejorar el formulado de la orden, y, aunque algunas han sido admitidas, la principal, que la cesi\u00f3n fuera posible entre familiares de primer grado, ha sido rechazada.<\/p>\n\n\n\n<p><\/p>\n","protected":false},"excerpt":{"rendered":"<p>Se trata de una ayuda novedosa, que responde a la insistencia del sector y especialmente de ASAJA en recuperar el apoyo a la renovaci\u00f3n de activos en el campo que supuso el conocido como cese anticipado, desaparecido hace a\u00f1os, ahora ya solo para los jubilados o los que llegan a esa edad. La consignaci\u00f3n presupuestaria [&hellip;]<\/p>\n","protected":false},"author":10,"featured_media":17304,"comment_status":"open","ping_status":"open","sticky":false,"template":"","format":"standard","meta":{"footnotes":""},"categories":[549,510],"tags":[],"yoast_head":"<!-- This site is optimized with the Yoast SEO plugin v24.5 - https:\/\/yoast.com\/wordpress\/plugins\/seo\/ -->\n<title>Se ampl\u00eda el plazo al 10 de octubre para acogerse a las ayudas a la sucesi\u00f3n de explotaciones - ASAJA Salamanca<\/title>\n<meta name=\"description\" content=\"Se trata de una ayuda novedosa, que responde a la insistencia del sector y especialmente de ASAJA en recuperar el apoyo a la renovaci\u00f3n de activos en el\" \/>\n<meta name=\"robots\" content=\"index, follow, max-snippet:-1, max-image-preview:large, max-video-preview:-1\" \/>\n<link rel=\"canonical\" href=\"https:\/\/www.asajacyl.com\/salamanca\/asaja-salamanca-informa\/noticias\/se-amplia-el-plazo-al-10-de-octubre-para-acogerse-a-las-ayudas-a-la-sucesion-de-explotaciones\" \/>\n<meta property=\"og:locale\" content=\"es_ES\" \/>\n<meta property=\"og:type\" content=\"article\" \/>\n<meta property=\"og:title\" content=\"Se ampl\u00eda el plazo al 10 de octubre para acogerse a las ayudas a la sucesi\u00f3n de explotaciones - ASAJA Salamanca\" \/>\n<meta property=\"og:description\" content=\"Se trata de una ayuda novedosa, que responde a la insistencia del sector y especialmente de ASAJA en recuperar el apoyo a la renovaci\u00f3n de activos en el\" \/>\n<meta property=\"og:url\" content=\"https:\/\/www.asajacyl.com\/salamanca\/asaja-salamanca-informa\/noticias\/se-amplia-el-plazo-al-10-de-octubre-para-acogerse-a-las-ayudas-a-la-sucesion-de-explotaciones\" \/>\n<meta property=\"og:site_name\" content=\"ASAJA Salamanca\" \/>\n<meta property=\"article:published_time\" content=\"2023-10-02T09:04:12+00:00\" \/>\n<meta property=\"article:modified_time\" content=\"2023-11-21T12:25:05+00:00\" \/>\n<meta property=\"og:image\" content=\"https:\/\/www.asajacyl.com\/salamanca\/wp-content\/uploads\/sites\/7\/2023\/10\/pexels-scott-platt-9672835.jpg\" \/>\n\t<meta property=\"og:image:width\" content=\"2500\" \/>\n\t<meta property=\"og:image:height\" content=\"1667\" \/>\n\t<meta property=\"og:image:type\" content=\"image\/jpeg\" \/>\n<meta name=\"author\" content=\"Sonia\" \/>\n<meta name=\"twitter:card\" content=\"summary_large_image\" \/>\n<meta name=\"twitter:label1\" content=\"Escrito por\" \/>\n\t<meta name=\"twitter:data1\" content=\"Sonia\" \/>\n\t<meta name=\"twitter:label2\" content=\"Tiempo de lectura\" \/>\n\t<meta name=\"twitter:data2\" content=\"2 minutos\" \/>\n<script type=\"application\/ld+json\" class=\"yoast-schema-graph\">{\"@context\":\"https:\/\/schema.org\",\"@graph\":[{\"@type\":\"WebPage\",\"@id\":\"https:\/\/www.asajacyl.com\/salamanca\/asaja-salamanca-informa\/noticias\/se-amplia-el-plazo-al-10-de-octubre-para-acogerse-a-las-ayudas-a-la-sucesion-de-explotaciones\",\"url\":\"https:\/\/www.asajacyl.com\/salamanca\/asaja-salamanca-informa\/noticias\/se-amplia-el-plazo-al-10-de-octubre-para-acogerse-a-las-ayudas-a-la-sucesion-de-explotaciones\",\"name\":\"Se ampl\u00eda el plazo al 10 de octubre para acogerse a las ayudas a la sucesi\u00f3n de explotaciones - ASAJA Salamanca\",\"isPartOf\":{\"@id\":\"https:\/\/www.asajacyl.com\/salamanca\/#website\"},\"primaryImageOfPage\":{\"@id\":\"https:\/\/www.asajacyl.com\/salamanca\/asaja-salamanca-informa\/noticias\/se-amplia-el-plazo-al-10-de-octubre-para-acogerse-a-las-ayudas-a-la-sucesion-de-explotaciones#primaryimage\"},\"image\":{\"@id\":\"https:\/\/www.asajacyl.com\/salamanca\/asaja-salamanca-informa\/noticias\/se-amplia-el-plazo-al-10-de-octubre-para-acogerse-a-las-ayudas-a-la-sucesion-de-explotaciones#primaryimage\"},\"thumbnailUrl\":\"https:\/\/www.asajacyl.com\/salamanca\/wp-content\/uploads\/sites\/7\/2023\/10\/pexels-scott-platt-9672835.jpg\",\"datePublished\":\"2023-10-02T09:04:12+00:00\",\"dateModified\":\"2023-11-21T12:25:05+00:00\",\"author\":{\"@id\":\"https:\/\/www.asajacyl.com\/salamanca\/#\/schema\/person\/2bfc7da09988e1087e6291fafe99b67f\"},\"description\":\"Se trata de una ayuda novedosa, que responde a la insistencia del sector y especialmente de ASAJA en recuperar el apoyo a la renovaci\u00f3n de activos en el\",\"breadcrumb\":{\"@id\":\"https:\/\/www.asajacyl.com\/salamanca\/asaja-salamanca-informa\/noticias\/se-amplia-el-plazo-al-10-de-octubre-para-acogerse-a-las-ayudas-a-la-sucesion-de-explotaciones#breadcrumb\"},\"inLanguage\":\"es\",\"potentialAction\":[{\"@type\":\"ReadAction\",\"target\":[\"https:\/\/www.asajacyl.com\/salamanca\/asaja-salamanca-informa\/noticias\/se-amplia-el-plazo-al-10-de-octubre-para-acogerse-a-las-ayudas-a-la-sucesion-de-explotaciones\"]}]},{\"@type\":\"ImageObject\",\"inLanguage\":\"es\",\"@id\":\"https:\/\/www.asajacyl.com\/salamanca\/asaja-salamanca-informa\/noticias\/se-amplia-el-plazo-al-10-de-octubre-para-acogerse-a-las-ayudas-a-la-sucesion-de-explotaciones#primaryimage\",\"url\":\"https:\/\/www.asajacyl.com\/salamanca\/wp-content\/uploads\/sites\/7\/2023\/10\/pexels-scott-platt-9672835.jpg\",\"contentUrl\":\"https:\/\/www.asajacyl.com\/salamanca\/wp-content\/uploads\/sites\/7\/2023\/10\/pexels-scott-platt-9672835.jpg\",\"width\":2500,\"height\":1667},{\"@type\":\"BreadcrumbList\",\"@id\":\"https:\/\/www.asajacyl.com\/salamanca\/asaja-salamanca-informa\/noticias\/se-amplia-el-plazo-al-10-de-octubre-para-acogerse-a-las-ayudas-a-la-sucesion-de-explotaciones#breadcrumb\",\"itemListElement\":[{\"@type\":\"ListItem\",\"position\":1,\"name\":\"Portada\",\"item\":\"https:\/\/www.asajacyl.com\/salamanca\/\"},{\"@type\":\"ListItem\",\"position\":2,\"name\":\"Se ampl\u00eda el plazo al 10 de octubre para acogerse a las ayudas a la sucesi\u00f3n de explotaciones\"}]},{\"@type\":\"WebSite\",\"@id\":\"https:\/\/www.asajacyl.com\/salamanca\/#website\",\"url\":\"https:\/\/www.asajacyl.com\/salamanca\/\",\"name\":\"ASAJA Salamanca\",\"description\":\"Otro sitio m\u00e1s de Provincias ASAJA Castilla y Le\u00f3n\",\"potentialAction\":[{\"@type\":\"SearchAction\",\"target\":{\"@type\":\"EntryPoint\",\"urlTemplate\":\"https:\/\/www.asajacyl.com\/salamanca\/?s={search_term_string}\"},\"query-input\":{\"@type\":\"PropertyValueSpecification\",\"valueRequired\":true,\"valueName\":\"search_term_string\"}}],\"inLanguage\":\"es\"},{\"@type\":\"Person\",\"@id\":\"https:\/\/www.asajacyl.com\/salamanca\/#\/schema\/person\/2bfc7da09988e1087e6291fafe99b67f\",\"name\":\"Sonia\",\"image\":{\"@type\":\"ImageObject\",\"inLanguage\":\"es\",\"@id\":\"https:\/\/www.asajacyl.com\/salamanca\/#\/schema\/person\/image\/\",\"url\":\"https:\/\/secure.gravatar.com\/avatar\/6b0d6eb461a1e3687cc023d59022ef0d?s=96&d=mm&r=g\",\"contentUrl\":\"https:\/\/secure.gravatar.com\/avatar\/6b0d6eb461a1e3687cc023d59022ef0d?s=96&d=mm&r=g\",\"caption\":\"Sonia\"},\"url\":\"https:\/\/www.asajacyl.com\/salamanca\/author\/juanluisde\"}]}<\/script>\n<!-- \/ Yoast SEO plugin. -->","yoast_head_json":{"title":"Se ampl\u00eda el plazo al 10 de octubre para acogerse a las ayudas a la sucesi\u00f3n de explotaciones - ASAJA Salamanca","description":"Se trata de una ayuda novedosa, que responde a la insistencia del sector y especialmente de ASAJA en recuperar el apoyo a la renovaci\u00f3n de activos en el","robots":{"index":"index","follow":"follow","max-snippet":"max-snippet:-1","max-image-preview":"max-image-preview:large","max-video-preview":"max-video-preview:-1"},"canonical":"https:\/\/www.asajacyl.com\/salamanca\/asaja-salamanca-informa\/noticias\/se-amplia-el-plazo-al-10-de-octubre-para-acogerse-a-las-ayudas-a-la-sucesion-de-explotaciones","og_locale":"es_ES","og_type":"article","og_title":"Se ampl\u00eda el plazo al 10 de octubre para acogerse a las ayudas a la sucesi\u00f3n de explotaciones - ASAJA Salamanca","og_description":"Se trata de una ayuda novedosa, que responde a la insistencia del sector y especialmente de ASAJA en recuperar el apoyo a la renovaci\u00f3n de activos en el","og_url":"https:\/\/www.asajacyl.com\/salamanca\/asaja-salamanca-informa\/noticias\/se-amplia-el-plazo-al-10-de-octubre-para-acogerse-a-las-ayudas-a-la-sucesion-de-explotaciones","og_site_name":"ASAJA Salamanca","article_published_time":"2023-10-02T09:04:12+00:00","article_modified_time":"2023-11-21T12:25:05+00:00","og_image":[{"width":2500,"height":1667,"url":"https:\/\/www.asajacyl.com\/salamanca\/wp-content\/uploads\/sites\/7\/2023\/10\/pexels-scott-platt-9672835.jpg","type":"image\/jpeg"}],"author":"Sonia","twitter_card":"summary_large_image","twitter_misc":{"Escrito por":"Sonia","Tiempo de lectura":"2 minutos"},"schema":{"@context":"https:\/\/schema.org","@graph":[{"@type":"WebPage","@id":"https:\/\/www.asajacyl.com\/salamanca\/asaja-salamanca-informa\/noticias\/se-amplia-el-plazo-al-10-de-octubre-para-acogerse-a-las-ayudas-a-la-sucesion-de-explotaciones","url":"https:\/\/www.asajacyl.com\/salamanca\/asaja-salamanca-informa\/noticias\/se-amplia-el-plazo-al-10-de-octubre-para-acogerse-a-las-ayudas-a-la-sucesion-de-explotaciones","name":"Se ampl\u00eda el plazo al 10 de octubre para acogerse a las ayudas a la sucesi\u00f3n de explotaciones - ASAJA Salamanca","isPartOf":{"@id":"https:\/\/www.asajacyl.com\/salamanca\/#website"},"primaryImageOfPage":{"@id":"https:\/\/www.asajacyl.com\/salamanca\/asaja-salamanca-informa\/noticias\/se-amplia-el-plazo-al-10-de-octubre-para-acogerse-a-las-ayudas-a-la-sucesion-de-explotaciones#primaryimage"},"image":{"@id":"https:\/\/www.asajacyl.com\/salamanca\/asaja-salamanca-informa\/noticias\/se-amplia-el-plazo-al-10-de-octubre-para-acogerse-a-las-ayudas-a-la-sucesion-de-explotaciones#primaryimage"},"thumbnailUrl":"https:\/\/www.asajacyl.com\/salamanca\/wp-content\/uploads\/sites\/7\/2023\/10\/pexels-scott-platt-9672835.jpg","datePublished":"2023-10-02T09:04:12+00:00","dateModified":"2023-11-21T12:25:05+00:00","author":{"@id":"https:\/\/www.asajacyl.com\/salamanca\/#\/schema\/person\/2bfc7da09988e1087e6291fafe99b67f"},"description":"Se trata de una ayuda novedosa, que responde a la insistencia del sector y especialmente de ASAJA en recuperar el apoyo a la renovaci\u00f3n de activos en el","breadcrumb":{"@id":"https:\/\/www.asajacyl.com\/salamanca\/asaja-salamanca-informa\/noticias\/se-amplia-el-plazo-al-10-de-octubre-para-acogerse-a-las-ayudas-a-la-sucesion-de-explotaciones#breadcrumb"},"inLanguage":"es","potentialAction":[{"@type":"ReadAction","target":["https:\/\/www.asajacyl.com\/salamanca\/asaja-salamanca-informa\/noticias\/se-amplia-el-plazo-al-10-de-octubre-para-acogerse-a-las-ayudas-a-la-sucesion-de-explotaciones"]}]},{"@type":"ImageObject","inLanguage":"es","@id":"https:\/\/www.asajacyl.com\/salamanca\/asaja-salamanca-informa\/noticias\/se-amplia-el-plazo-al-10-de-octubre-para-acogerse-a-las-ayudas-a-la-sucesion-de-explotaciones#primaryimage","url":"https:\/\/www.asajacyl.com\/salamanca\/wp-content\/uploads\/sites\/7\/2023\/10\/pexels-scott-platt-9672835.jpg","contentUrl":"https:\/\/www.asajacyl.com\/salamanca\/wp-content\/uploads\/sites\/7\/2023\/10\/pexels-scott-platt-9672835.jpg","width":2500,"height":1667},{"@type":"BreadcrumbList","@id":"https:\/\/www.asajacyl.com\/salamanca\/asaja-salamanca-informa\/noticias\/se-amplia-el-plazo-al-10-de-octubre-para-acogerse-a-las-ayudas-a-la-sucesion-de-explotaciones#breadcrumb","itemListElement":[{"@type":"ListItem","position":1,"name":"Portada","item":"https:\/\/www.asajacyl.com\/salamanca\/"},{"@type":"ListItem","position":2,"name":"Se ampl\u00eda el plazo al 10 de octubre para acogerse a las ayudas a la sucesi\u00f3n de explotaciones"}]},{"@type":"WebSite","@id":"https:\/\/www.asajacyl.com\/salamanca\/#website","url":"https:\/\/www.asajacyl.com\/salamanca\/","name":"ASAJA Salamanca","description":"Otro sitio m\u00e1s de Provincias ASAJA Castilla y Le\u00f3n","potentialAction":[{"@type":"SearchAction","target":{"@type":"EntryPoint","urlTemplate":"https:\/\/www.asajacyl.com\/salamanca\/?s={search_term_string}"},"query-input":{"@type":"PropertyValueSpecification","valueRequired":true,"valueName":"search_term_string"}}],"inLanguage":"es"},{"@type":"Person","@id":"https:\/\/www.asajacyl.com\/salamanca\/#\/schema\/person\/2bfc7da09988e1087e6291fafe99b67f","name":"Sonia","image":{"@type":"ImageObject","inLanguage":"es","@id":"https:\/\/www.asajacyl.com\/salamanca\/#\/schema\/person\/image\/","url":"https:\/\/secure.gravatar.com\/avatar\/6b0d6eb461a1e3687cc023d59022ef0d?s=96&d=mm&r=g","contentUrl":"https:\/\/secure.gravatar.com\/avatar\/6b0d6eb461a1e3687cc023d59022ef0d?s=96&d=mm&r=g","caption":"Sonia"},"url":"https:\/\/www.asajacyl.com\/salamanca\/author\/juanluisde"}]}},"_links":{"self":[{"href":"https:\/\/www.asajacyl.com\/salamanca\/wp-json\/wp\/v2\/posts\/17302"}],"collection":[{"href":"https:\/\/www.asajacyl.com\/salamanca\/wp-json\/wp\/v2\/posts"}],"about":[{"href":"https:\/\/www.asajacyl.com\/salamanca\/wp-json\/wp\/v2\/types\/post"}],"author":[{"embeddable":true,"href":"https:\/\/www.asajacyl.com\/salamanca\/wp-json\/wp\/v2\/users\/10"}],"replies":[{"embeddable":true,"href":"https:\/\/www.asajacyl.com\/salamanca\/wp-json\/wp\/v2\/comments?post=17302"}],"version-history":[{"count":1,"href":"https:\/\/www.asajacyl.com\/salamanca\/wp-json\/wp\/v2\/posts\/17302\/revisions"}],"predecessor-version":[{"id":17305,"href":"https:\/\/www.asajacyl.com\/salamanca\/wp-json\/wp\/v2\/posts\/17302\/revisions\/17305"}],"wp:featuredmedia":[{"embeddable":true,"href":"https:\/\/www.asajacyl.com\/salamanca\/wp-json\/wp\/v2\/media\/17304"}],"wp:attachment":[{"href":"https:\/\/www.asajacyl.com\/salamanca\/wp-json\/wp\/v2\/media?parent=17302"}],"wp:term":[{"taxonomy":"category","embeddable":true,"href":"https:\/\/www.asajacyl.com\/salamanca\/wp-json\/wp\/v2\/categories?post=17302"},{"taxonomy":"post_tag","embeddable":true,"href":"https:\/\/www.asajacyl.com\/salamanca\/wp-json\/wp\/v2\/tags?post=17302"}],"curies":[{"name":"wp","href":"https:\/\/api.w.org\/{rel}","templated":true}]}}