{"id":17370,"date":"2023-10-11T12:59:49","date_gmt":"2023-10-11T10:59:49","guid":{"rendered":"https:\/\/www.asajacyl.com\/salamanca\/?p=17370"},"modified":"2023-11-21T13:24:48","modified_gmt":"2023-11-21T12:24:48","slug":"protocolo-de-intercambio-de-animales-espana-francia-desde-zonas-restringidas-por-ehe","status":"publish","type":"post","link":"https:\/\/www.asajacyl.com\/salamanca\/banner-arriba\/protocolo-de-intercambio-de-animales-espana-francia-desde-zonas-restringidas-por-ehe","title":{"rendered":"Protocolo de intercambio de animales Espa\u00f1a-Francia desde zonas restringidas por EHE"},"content":{"rendered":"\n<p>El Ministerio de Agricultura, Pesca y Alimentaci\u00f3n y el Ministerio de Agricultura y Seguridad Alimentaria de Francia han establecido un protocolo com\u00fan con las condiciones aplicables a los intercambios de\u00a0<strong>animales bovinos, ovinos y caprinos<\/strong>\u00a0procedentes de zonas restringidas por Enfermedad Hemorr\u00e1gica Epizo\u00f3tica (EHE), tanto espa\u00f1olas como francesas, con destino a cr\u00eda o engorde.<\/p>\n\n\n\n<p>Este protocolo, en vigor desde el 10 de octubre, establece determinadas condiciones para autorizar los desplazamientos.<\/p>\n\n\n\n<p>-Si se realizan<strong>&nbsp;hacia zonas restringidas,<\/strong>&nbsp;deber\u00e1 realizarse una inspecci\u00f3n cl\u00ednica 24 horas antes del env\u00edo.<\/p>\n\n\n\n<p>-Si se realizan&nbsp;<strong>hacia zonas libres<\/strong>, a parte de la inspecci\u00f3n, se establecen condiciones de desinsectaci\u00f3n e inclusi\u00f3n de datos en el certificado TRACES respecto a las acciones que se deber\u00e1n llevar a cabo previas al env\u00edo.<\/p>\n\n\n\n<p>El ganado bovino, ovino y caprino procedente de zonas libres de Francia y Espa\u00f1a no cumple ninguna condici\u00f3n especial.<\/p>\n\n\n\n<p>La&nbsp;<strong>desinsectaci\u00f3n de los medios de transporte<\/strong>&nbsp;ser\u00e1 obligatoria para los animales que cumplan el presente Protocolo.<\/p>\n","protected":false},"excerpt":{"rendered":"<p>El Ministerio de Agricultura, Pesca y Alimentaci\u00f3n y el Ministerio de Agricultura y Seguridad Alimentaria de Francia han establecido un protocolo com\u00fan con las condiciones aplicables a los intercambios de\u00a0animales bovinos, ovinos y caprinos\u00a0procedentes de zonas restringidas por Enfermedad Hemorr\u00e1gica Epizo\u00f3tica (EHE), tanto espa\u00f1olas como francesas, con destino a cr\u00eda o engorde. Este protocolo, en [&hellip;]<\/p>\n","protected":false},"author":10,"featured_media":17372,"comment_status":"open","ping_status":"open","sticky":false,"template":"","format":"standard","meta":{"footnotes":""},"categories":[549,510],"tags":[],"yoast_head":"<!-- This site is optimized with the Yoast SEO plugin v24.5 - https:\/\/yoast.com\/wordpress\/plugins\/seo\/ -->\n<title>Protocolo de intercambio de animales Espa\u00f1a-Francia desde zonas restringidas por EHE - ASAJA Salamanca<\/title>\n<meta name=\"description\" content=\"El Ministerio de Agricultura, Pesca y Alimentaci\u00f3n y el Ministerio de Agricultura y Seguridad Alimentaria de Francia han establecido un protocolo com\u00fan\" \/>\n<meta name=\"robots\" content=\"index, follow, max-snippet:-1, max-image-preview:large, max-video-preview:-1\" \/>\n<link rel=\"canonical\" href=\"https:\/\/www.asajacyl.com\/salamanca\/asaja-salamanca-informa\/noticias\/protocolo-de-intercambio-de-animales-espana-francia-desde-zonas-restringidas-por-ehe\" \/>\n<meta property=\"og:locale\" content=\"es_ES\" \/>\n<meta property=\"og:type\" content=\"article\" \/>\n<meta property=\"og:title\" content=\"Protocolo de intercambio de animales Espa\u00f1a-Francia desde zonas restringidas por EHE - ASAJA Salamanca\" \/>\n<meta property=\"og:description\" content=\"El Ministerio de Agricultura, Pesca y Alimentaci\u00f3n y el Ministerio de Agricultura y Seguridad Alimentaria de Francia han establecido un protocolo com\u00fan\" \/>\n<meta property=\"og:url\" content=\"https:\/\/www.asajacyl.com\/salamanca\/asaja-salamanca-informa\/noticias\/protocolo-de-intercambio-de-animales-espana-francia-desde-zonas-restringidas-por-ehe\" \/>\n<meta property=\"og:site_name\" content=\"ASAJA Salamanca\" \/>\n<meta property=\"article:published_time\" content=\"2023-10-11T10:59:49+00:00\" \/>\n<meta property=\"article:modified_time\" content=\"2023-11-21T12:24:48+00:00\" \/>\n<meta property=\"og:image\" content=\"https:\/\/www.asajacyl.com\/salamanca\/wp-content\/uploads\/sites\/7\/2023\/10\/pexels-ave-calvar-martinez-3640086.jpg\" \/>\n\t<meta property=\"og:image:width\" content=\"1667\" \/>\n\t<meta property=\"og:image:height\" content=\"2500\" \/>\n\t<meta property=\"og:image:type\" content=\"image\/jpeg\" \/>\n<meta name=\"author\" content=\"Sonia\" \/>\n<meta name=\"twitter:card\" content=\"summary_large_image\" \/>\n<meta name=\"twitter:label1\" content=\"Escrito por\" \/>\n\t<meta name=\"twitter:data1\" content=\"Sonia\" \/>\n\t<meta name=\"twitter:label2\" content=\"Tiempo de lectura\" \/>\n\t<meta name=\"twitter:data2\" content=\"1 minuto\" \/>\n<script type=\"application\/ld+json\" class=\"yoast-schema-graph\">{\"@context\":\"https:\/\/schema.org\",\"@graph\":[{\"@type\":\"WebPage\",\"@id\":\"https:\/\/www.asajacyl.com\/salamanca\/asaja-salamanca-informa\/noticias\/protocolo-de-intercambio-de-animales-espana-francia-desde-zonas-restringidas-por-ehe\",\"url\":\"https:\/\/www.asajacyl.com\/salamanca\/asaja-salamanca-informa\/noticias\/protocolo-de-intercambio-de-animales-espana-francia-desde-zonas-restringidas-por-ehe\",\"name\":\"Protocolo de intercambio de animales Espa\u00f1a-Francia desde zonas restringidas por EHE - ASAJA Salamanca\",\"isPartOf\":{\"@id\":\"https:\/\/www.asajacyl.com\/salamanca\/#website\"},\"primaryImageOfPage\":{\"@id\":\"https:\/\/www.asajacyl.com\/salamanca\/asaja-salamanca-informa\/noticias\/protocolo-de-intercambio-de-animales-espana-francia-desde-zonas-restringidas-por-ehe#primaryimage\"},\"image\":{\"@id\":\"https:\/\/www.asajacyl.com\/salamanca\/asaja-salamanca-informa\/noticias\/protocolo-de-intercambio-de-animales-espana-francia-desde-zonas-restringidas-por-ehe#primaryimage\"},\"thumbnailUrl\":\"https:\/\/www.asajacyl.com\/salamanca\/wp-content\/uploads\/sites\/7\/2023\/10\/pexels-ave-calvar-martinez-3640086.jpg\",\"datePublished\":\"2023-10-11T10:59:49+00:00\",\"dateModified\":\"2023-11-21T12:24:48+00:00\",\"author\":{\"@id\":\"https:\/\/www.asajacyl.com\/salamanca\/#\/schema\/person\/2bfc7da09988e1087e6291fafe99b67f\"},\"description\":\"El Ministerio de Agricultura, Pesca y Alimentaci\u00f3n y el Ministerio de Agricultura y Seguridad Alimentaria de Francia han establecido un protocolo com\u00fan\",\"breadcrumb\":{\"@id\":\"https:\/\/www.asajacyl.com\/salamanca\/asaja-salamanca-informa\/noticias\/protocolo-de-intercambio-de-animales-espana-francia-desde-zonas-restringidas-por-ehe#breadcrumb\"},\"inLanguage\":\"es\",\"potentialAction\":[{\"@type\":\"ReadAction\",\"target\":[\"https:\/\/www.asajacyl.com\/salamanca\/asaja-salamanca-informa\/noticias\/protocolo-de-intercambio-de-animales-espana-francia-desde-zonas-restringidas-por-ehe\"]}]},{\"@type\":\"ImageObject\",\"inLanguage\":\"es\",\"@id\":\"https:\/\/www.asajacyl.com\/salamanca\/asaja-salamanca-informa\/noticias\/protocolo-de-intercambio-de-animales-espana-francia-desde-zonas-restringidas-por-ehe#primaryimage\",\"url\":\"https:\/\/www.asajacyl.com\/salamanca\/wp-content\/uploads\/sites\/7\/2023\/10\/pexels-ave-calvar-martinez-3640086.jpg\",\"contentUrl\":\"https:\/\/www.asajacyl.com\/salamanca\/wp-content\/uploads\/sites\/7\/2023\/10\/pexels-ave-calvar-martinez-3640086.jpg\",\"width\":1667,\"height\":2500},{\"@type\":\"BreadcrumbList\",\"@id\":\"https:\/\/www.asajacyl.com\/salamanca\/asaja-salamanca-informa\/noticias\/protocolo-de-intercambio-de-animales-espana-francia-desde-zonas-restringidas-por-ehe#breadcrumb\",\"itemListElement\":[{\"@type\":\"ListItem\",\"position\":1,\"name\":\"Portada\",\"item\":\"https:\/\/www.asajacyl.com\/salamanca\/\"},{\"@type\":\"ListItem\",\"position\":2,\"name\":\"Protocolo de intercambio de animales Espa\u00f1a-Francia desde zonas restringidas por EHE\"}]},{\"@type\":\"WebSite\",\"@id\":\"https:\/\/www.asajacyl.com\/salamanca\/#website\",\"url\":\"https:\/\/www.asajacyl.com\/salamanca\/\",\"name\":\"ASAJA Salamanca\",\"description\":\"Otro sitio m\u00e1s de Provincias ASAJA Castilla y Le\u00f3n\",\"potentialAction\":[{\"@type\":\"SearchAction\",\"target\":{\"@type\":\"EntryPoint\",\"urlTemplate\":\"https:\/\/www.asajacyl.com\/salamanca\/?s={search_term_string}\"},\"query-input\":{\"@type\":\"PropertyValueSpecification\",\"valueRequired\":true,\"valueName\":\"search_term_string\"}}],\"inLanguage\":\"es\"},{\"@type\":\"Person\",\"@id\":\"https:\/\/www.asajacyl.com\/salamanca\/#\/schema\/person\/2bfc7da09988e1087e6291fafe99b67f\",\"name\":\"Sonia\",\"image\":{\"@type\":\"ImageObject\",\"inLanguage\":\"es\",\"@id\":\"https:\/\/www.asajacyl.com\/salamanca\/#\/schema\/person\/image\/\",\"url\":\"https:\/\/secure.gravatar.com\/avatar\/6b0d6eb461a1e3687cc023d59022ef0d?s=96&d=mm&r=g\",\"contentUrl\":\"https:\/\/secure.gravatar.com\/avatar\/6b0d6eb461a1e3687cc023d59022ef0d?s=96&d=mm&r=g\",\"caption\":\"Sonia\"},\"url\":\"https:\/\/www.asajacyl.com\/salamanca\/author\/juanluisde\"}]}<\/script>\n<!-- \/ Yoast SEO plugin. -->","yoast_head_json":{"title":"Protocolo de intercambio de animales Espa\u00f1a-Francia desde zonas restringidas por EHE - ASAJA Salamanca","description":"El Ministerio de Agricultura, Pesca y Alimentaci\u00f3n y el Ministerio de Agricultura y Seguridad Alimentaria de Francia han establecido un protocolo com\u00fan","robots":{"index":"index","follow":"follow","max-snippet":"max-snippet:-1","max-image-preview":"max-image-preview:large","max-video-preview":"max-video-preview:-1"},"canonical":"https:\/\/www.asajacyl.com\/salamanca\/asaja-salamanca-informa\/noticias\/protocolo-de-intercambio-de-animales-espana-francia-desde-zonas-restringidas-por-ehe","og_locale":"es_ES","og_type":"article","og_title":"Protocolo de intercambio de animales Espa\u00f1a-Francia desde zonas restringidas por EHE - ASAJA Salamanca","og_description":"El Ministerio de Agricultura, Pesca y Alimentaci\u00f3n y el Ministerio de Agricultura y Seguridad Alimentaria de Francia han establecido un protocolo com\u00fan","og_url":"https:\/\/www.asajacyl.com\/salamanca\/asaja-salamanca-informa\/noticias\/protocolo-de-intercambio-de-animales-espana-francia-desde-zonas-restringidas-por-ehe","og_site_name":"ASAJA Salamanca","article_published_time":"2023-10-11T10:59:49+00:00","article_modified_time":"2023-11-21T12:24:48+00:00","og_image":[{"width":1667,"height":2500,"url":"https:\/\/www.asajacyl.com\/salamanca\/wp-content\/uploads\/sites\/7\/2023\/10\/pexels-ave-calvar-martinez-3640086.jpg","type":"image\/jpeg"}],"author":"Sonia","twitter_card":"summary_large_image","twitter_misc":{"Escrito por":"Sonia","Tiempo de lectura":"1 minuto"},"schema":{"@context":"https:\/\/schema.org","@graph":[{"@type":"WebPage","@id":"https:\/\/www.asajacyl.com\/salamanca\/asaja-salamanca-informa\/noticias\/protocolo-de-intercambio-de-animales-espana-francia-desde-zonas-restringidas-por-ehe","url":"https:\/\/www.asajacyl.com\/salamanca\/asaja-salamanca-informa\/noticias\/protocolo-de-intercambio-de-animales-espana-francia-desde-zonas-restringidas-por-ehe","name":"Protocolo de intercambio de animales Espa\u00f1a-Francia desde zonas restringidas por EHE - ASAJA Salamanca","isPartOf":{"@id":"https:\/\/www.asajacyl.com\/salamanca\/#website"},"primaryImageOfPage":{"@id":"https:\/\/www.asajacyl.com\/salamanca\/asaja-salamanca-informa\/noticias\/protocolo-de-intercambio-de-animales-espana-francia-desde-zonas-restringidas-por-ehe#primaryimage"},"image":{"@id":"https:\/\/www.asajacyl.com\/salamanca\/asaja-salamanca-informa\/noticias\/protocolo-de-intercambio-de-animales-espana-francia-desde-zonas-restringidas-por-ehe#primaryimage"},"thumbnailUrl":"https:\/\/www.asajacyl.com\/salamanca\/wp-content\/uploads\/sites\/7\/2023\/10\/pexels-ave-calvar-martinez-3640086.jpg","datePublished":"2023-10-11T10:59:49+00:00","dateModified":"2023-11-21T12:24:48+00:00","author":{"@id":"https:\/\/www.asajacyl.com\/salamanca\/#\/schema\/person\/2bfc7da09988e1087e6291fafe99b67f"},"description":"El Ministerio de Agricultura, Pesca y Alimentaci\u00f3n y el Ministerio de Agricultura y Seguridad Alimentaria de Francia han establecido un protocolo com\u00fan","breadcrumb":{"@id":"https:\/\/www.asajacyl.com\/salamanca\/asaja-salamanca-informa\/noticias\/protocolo-de-intercambio-de-animales-espana-francia-desde-zonas-restringidas-por-ehe#breadcrumb"},"inLanguage":"es","potentialAction":[{"@type":"ReadAction","target":["https:\/\/www.asajacyl.com\/salamanca\/asaja-salamanca-informa\/noticias\/protocolo-de-intercambio-de-animales-espana-francia-desde-zonas-restringidas-por-ehe"]}]},{"@type":"ImageObject","inLanguage":"es","@id":"https:\/\/www.asajacyl.com\/salamanca\/asaja-salamanca-informa\/noticias\/protocolo-de-intercambio-de-animales-espana-francia-desde-zonas-restringidas-por-ehe#primaryimage","url":"https:\/\/www.asajacyl.com\/salamanca\/wp-content\/uploads\/sites\/7\/2023\/10\/pexels-ave-calvar-martinez-3640086.jpg","contentUrl":"https:\/\/www.asajacyl.com\/salamanca\/wp-content\/uploads\/sites\/7\/2023\/10\/pexels-ave-calvar-martinez-3640086.jpg","width":1667,"height":2500},{"@type":"BreadcrumbList","@id":"https:\/\/www.asajacyl.com\/salamanca\/asaja-salamanca-informa\/noticias\/protocolo-de-intercambio-de-animales-espana-francia-desde-zonas-restringidas-por-ehe#breadcrumb","itemListElement":[{"@type":"ListItem","position":1,"name":"Portada","item":"https:\/\/www.asajacyl.com\/salamanca\/"},{"@type":"ListItem","position":2,"name":"Protocolo de intercambio de animales Espa\u00f1a-Francia desde zonas restringidas por EHE"}]},{"@type":"WebSite","@id":"https:\/\/www.asajacyl.com\/salamanca\/#website","url":"https:\/\/www.asajacyl.com\/salamanca\/","name":"ASAJA Salamanca","description":"Otro sitio m\u00e1s de Provincias ASAJA Castilla y Le\u00f3n","potentialAction":[{"@type":"SearchAction","target":{"@type":"EntryPoint","urlTemplate":"https:\/\/www.asajacyl.com\/salamanca\/?s={search_term_string}"},"query-input":{"@type":"PropertyValueSpecification","valueRequired":true,"valueName":"search_term_string"}}],"inLanguage":"es"},{"@type":"Person","@id":"https:\/\/www.asajacyl.com\/salamanca\/#\/schema\/person\/2bfc7da09988e1087e6291fafe99b67f","name":"Sonia","image":{"@type":"ImageObject","inLanguage":"es","@id":"https:\/\/www.asajacyl.com\/salamanca\/#\/schema\/person\/image\/","url":"https:\/\/secure.gravatar.com\/avatar\/6b0d6eb461a1e3687cc023d59022ef0d?s=96&d=mm&r=g","contentUrl":"https:\/\/secure.gravatar.com\/avatar\/6b0d6eb461a1e3687cc023d59022ef0d?s=96&d=mm&r=g","caption":"Sonia"},"url":"https:\/\/www.asajacyl.com\/salamanca\/author\/juanluisde"}]}},"_links":{"self":[{"href":"https:\/\/www.asajacyl.com\/salamanca\/wp-json\/wp\/v2\/posts\/17370"}],"collection":[{"href":"https:\/\/www.asajacyl.com\/salamanca\/wp-json\/wp\/v2\/posts"}],"about":[{"href":"https:\/\/www.asajacyl.com\/salamanca\/wp-json\/wp\/v2\/types\/post"}],"author":[{"embeddable":true,"href":"https:\/\/www.asajacyl.com\/salamanca\/wp-json\/wp\/v2\/users\/10"}],"replies":[{"embeddable":true,"href":"https:\/\/www.asajacyl.com\/salamanca\/wp-json\/wp\/v2\/comments?post=17370"}],"version-history":[{"count":1,"href":"https:\/\/www.asajacyl.com\/salamanca\/wp-json\/wp\/v2\/posts\/17370\/revisions"}],"predecessor-version":[{"id":17373,"href":"https:\/\/www.asajacyl.com\/salamanca\/wp-json\/wp\/v2\/posts\/17370\/revisions\/17373"}],"wp:featuredmedia":[{"embeddable":true,"href":"https:\/\/www.asajacyl.com\/salamanca\/wp-json\/wp\/v2\/media\/17372"}],"wp:attachment":[{"href":"https:\/\/www.asajacyl.com\/salamanca\/wp-json\/wp\/v2\/media?parent=17370"}],"wp:term":[{"taxonomy":"category","embeddable":true,"href":"https:\/\/www.asajacyl.com\/salamanca\/wp-json\/wp\/v2\/categories?post=17370"},{"taxonomy":"post_tag","embeddable":true,"href":"https:\/\/www.asajacyl.com\/salamanca\/wp-json\/wp\/v2\/tags?post=17370"}],"curies":[{"name":"wp","href":"https:\/\/api.w.org\/{rel}","templated":true}]}}