{"id":17407,"date":"2023-10-24T12:21:22","date_gmt":"2023-10-24T10:21:22","guid":{"rendered":"https:\/\/www.asajacyl.com\/salamanca\/?p=17407"},"modified":"2023-11-21T13:24:02","modified_gmt":"2023-11-21T12:24:02","slug":"ya-puedes-solicitar-la-devolucion-del-ibi-del-ano-2023","status":"publish","type":"post","link":"https:\/\/www.asajacyl.com\/salamanca\/asaja-salamanca-informa\/noticias\/ya-puedes-solicitar-la-devolucion-del-ibi-del-ano-2023","title":{"rendered":"Ya puedes solicitar la devoluci\u00f3n del IBI del a\u00f1o 2023"},"content":{"rendered":"\n<h2 class=\"wp-block-heading\">Real Decreto-ley 4\/2023, de 11 de mayo, por el que se adoptan medidas urgentes en materia agraria y de aguas en respuesta a la sequ\u00eda y al agravamiento de las condiciones del sector primario derivado del conflicto b\u00e9lico en Ucrania y de las condiciones climatol\u00f3gicas, as\u00ed como de promoci\u00f3n del uso del transporte p\u00fablico colectivo terrestre por parte de los j\u00f3venes y prevenci\u00f3n de riesgos laborales en episodios de elevadas temperaturas.<\/h2>\n\n\n\n<p>El articulo 12 recoge que se regula una exenci\u00f3n en las cuotas del Impuesto Sobre Bienes (IBI) de naturaleza r\u00fastica de los titulare de explotaciones agr\u00edcolas o ganaderas y que est\u00e9n afectos al desarrollo de tales explotaciones, siempre que hayan sufrido en dicho ejercicio una determinada reducci\u00f3n del rendimiento neto de tales actividades. <\/p>\n\n\n\n<p><strong>Requisitos y procedimiento <\/strong><\/p>\n\n\n\n<p>A) Los inmuebles de naturaleza r\u00fastica, deben estar afectos al desarrollo de explotaciones agr\u00edcolas o ganaderas.<\/p>\n\n\n\n<p>B) Los titulares catastrales de tales inmuebles, deben ser tambi\u00e9n los titulares de las explotaciones agr\u00edcolas o ganaderas.<\/p>\n\n\n\n<p>C) Los titulares de tales explotaciones deben haber sufrido en el ejercicio 2023 una reducci\u00f3n del rendimiento neto de las mismas, de un 20% con respecto a la medida de los a\u00f1os 2020,2021 y 2022. El porcentaje anterior ser\u00e1 de un 30%, si las explotaciones no se encuentran en zonas con limitaciones naturales o espec\u00edficas. <\/p>\n\n\n\n<p><strong>Solicitud de compensaci\u00f3n al Estado de los beneficios fiscales concedidos.<\/strong><\/p>\n\n\n\n<p>Para obtener la compensaci\u00f3n por la p\u00e9rdida de la recaudaci\u00f3n en el IBI con motivo de la referida exenci\u00f3n, las entidades locales deben presentar un escrito de solicitud de compensaci\u00f3n, firmado electr\u00f3nicamente por el alcalde o por el responsable del \u00f3rgano que tuviera delegada la gesti\u00f3n tributaria del IBI. <\/p>\n\n\n\n<p><strong>Plazo<\/strong><\/p>\n\n\n\n<p>El plazo para solicitar dicha devoluci\u00f3n es de 4 a\u00f1os. <\/p>\n\n\n\n<p><strong>Registro<\/strong><\/p>\n\n\n\n<p>Para su registro hacerlo directamente en el REGSA por RED SARA o hacerlo a trav\u00e9s de los <strong>ayuntamientos<\/strong>.<\/p>\n\n\n\n<p><strong>Recordatorio<\/strong><\/p>\n\n\n\n<p>Se recuerda que es \u201cdeclaraci\u00f3n responsable\u201d y los datos facilitados deben de ser ciertos.<\/p>\n\n\n\n<p>Junto al modelo de declaraci\u00f3n responsable se adjuntar\u00e1n los recibos del IBI del 2023.<\/p>\n\n\n\n<p><\/p>\n\n\n\n<p><\/p>\n\n\n\n<p><\/p>\n\n\n\n<p>Para cualquier consulta o aclaraci\u00f3n los interesados pueden llamar a su oficina de <strong>ASAJA Salamanca. <\/strong><\/p>\n\n\n\n<p>Se adjunta el modelo de declaraci\u00f3n responsable.<\/p>\n","protected":false},"excerpt":{"rendered":"<p>Real Decreto-ley 4\/2023, de 11 de mayo, por el que se adoptan medidas urgentes en materia agraria y de aguas en respuesta a la sequ\u00eda y al agravamiento de las condiciones del sector primario derivado del conflicto b\u00e9lico en Ucrania y de las condiciones climatol\u00f3gicas, as\u00ed como de promoci\u00f3n del uso del transporte p\u00fablico colectivo [&hellip;]<\/p>\n","protected":false},"author":10,"featured_media":17420,"comment_status":"open","ping_status":"open","sticky":false,"template":"","format":"standard","meta":{"footnotes":""},"categories":[10,549,510],"tags":[],"yoast_head":"<!-- This site is optimized with the Yoast SEO plugin v24.5 - https:\/\/yoast.com\/wordpress\/plugins\/seo\/ -->\n<title>Ya puedes solicitar la devoluci\u00f3n del IBI del a\u00f1o 2023 - ASAJA Salamanca<\/title>\n<meta name=\"description\" content=\"Real Decreto-ley 4\/2023, de 11 de mayo, por el que se adoptan medidas urgentes en materia agraria y de aguas en respuesta a la sequ\u00eda y al agravamiento de\" \/>\n<meta name=\"robots\" content=\"index, follow, max-snippet:-1, max-image-preview:large, max-video-preview:-1\" \/>\n<link rel=\"canonical\" href=\"https:\/\/www.asajacyl.com\/salamanca\/asaja-salamanca-informa\/ya-puedes-solicitar-la-devolucion-del-ibi-del-ano-2023\" \/>\n<meta property=\"og:locale\" content=\"es_ES\" \/>\n<meta property=\"og:type\" content=\"article\" \/>\n<meta property=\"og:title\" content=\"Ya puedes solicitar la devoluci\u00f3n del IBI del a\u00f1o 2023 - ASAJA Salamanca\" \/>\n<meta property=\"og:description\" content=\"Real Decreto-ley 4\/2023, de 11 de mayo, por el que se adoptan medidas urgentes en materia agraria y de aguas en respuesta a la sequ\u00eda y al agravamiento de\" \/>\n<meta property=\"og:url\" content=\"https:\/\/www.asajacyl.com\/salamanca\/asaja-salamanca-informa\/ya-puedes-solicitar-la-devolucion-del-ibi-del-ano-2023\" \/>\n<meta property=\"og:site_name\" content=\"ASAJA Salamanca\" \/>\n<meta property=\"article:published_time\" content=\"2023-10-24T10:21:22+00:00\" \/>\n<meta property=\"article:modified_time\" content=\"2023-11-21T12:24:02+00:00\" \/>\n<meta property=\"og:image\" content=\"https:\/\/www.asajacyl.com\/salamanca\/wp-content\/uploads\/sites\/7\/2023\/10\/nave-industrial-mejor-ubicacion.jpeg\" \/>\n\t<meta property=\"og:image:width\" content=\"823\" \/>\n\t<meta property=\"og:image:height\" content=\"485\" \/>\n\t<meta property=\"og:image:type\" content=\"image\/jpeg\" \/>\n<meta name=\"author\" content=\"Sonia\" \/>\n<meta name=\"twitter:card\" content=\"summary_large_image\" \/>\n<meta name=\"twitter:label1\" content=\"Escrito por\" \/>\n\t<meta name=\"twitter:data1\" content=\"Sonia\" \/>\n\t<meta name=\"twitter:label2\" content=\"Tiempo de lectura\" \/>\n\t<meta name=\"twitter:data2\" content=\"2 minutos\" \/>\n<script type=\"application\/ld+json\" class=\"yoast-schema-graph\">{\"@context\":\"https:\/\/schema.org\",\"@graph\":[{\"@type\":\"WebPage\",\"@id\":\"https:\/\/www.asajacyl.com\/salamanca\/asaja-salamanca-informa\/ya-puedes-solicitar-la-devolucion-del-ibi-del-ano-2023\",\"url\":\"https:\/\/www.asajacyl.com\/salamanca\/asaja-salamanca-informa\/ya-puedes-solicitar-la-devolucion-del-ibi-del-ano-2023\",\"name\":\"Ya puedes solicitar la devoluci\u00f3n del IBI del a\u00f1o 2023 - ASAJA Salamanca\",\"isPartOf\":{\"@id\":\"https:\/\/www.asajacyl.com\/salamanca\/#website\"},\"primaryImageOfPage\":{\"@id\":\"https:\/\/www.asajacyl.com\/salamanca\/asaja-salamanca-informa\/ya-puedes-solicitar-la-devolucion-del-ibi-del-ano-2023#primaryimage\"},\"image\":{\"@id\":\"https:\/\/www.asajacyl.com\/salamanca\/asaja-salamanca-informa\/ya-puedes-solicitar-la-devolucion-del-ibi-del-ano-2023#primaryimage\"},\"thumbnailUrl\":\"https:\/\/www.asajacyl.com\/salamanca\/wp-content\/uploads\/sites\/7\/2023\/10\/nave-industrial-mejor-ubicacion.jpeg\",\"datePublished\":\"2023-10-24T10:21:22+00:00\",\"dateModified\":\"2023-11-21T12:24:02+00:00\",\"author\":{\"@id\":\"https:\/\/www.asajacyl.com\/salamanca\/#\/schema\/person\/2bfc7da09988e1087e6291fafe99b67f\"},\"description\":\"Real Decreto-ley 4\/2023, de 11 de mayo, por el que se adoptan medidas urgentes en materia agraria y de aguas en respuesta a la sequ\u00eda y al agravamiento de\",\"breadcrumb\":{\"@id\":\"https:\/\/www.asajacyl.com\/salamanca\/asaja-salamanca-informa\/ya-puedes-solicitar-la-devolucion-del-ibi-del-ano-2023#breadcrumb\"},\"inLanguage\":\"es\",\"potentialAction\":[{\"@type\":\"ReadAction\",\"target\":[\"https:\/\/www.asajacyl.com\/salamanca\/asaja-salamanca-informa\/ya-puedes-solicitar-la-devolucion-del-ibi-del-ano-2023\"]}]},{\"@type\":\"ImageObject\",\"inLanguage\":\"es\",\"@id\":\"https:\/\/www.asajacyl.com\/salamanca\/asaja-salamanca-informa\/ya-puedes-solicitar-la-devolucion-del-ibi-del-ano-2023#primaryimage\",\"url\":\"https:\/\/www.asajacyl.com\/salamanca\/wp-content\/uploads\/sites\/7\/2023\/10\/nave-industrial-mejor-ubicacion.jpeg\",\"contentUrl\":\"https:\/\/www.asajacyl.com\/salamanca\/wp-content\/uploads\/sites\/7\/2023\/10\/nave-industrial-mejor-ubicacion.jpeg\",\"width\":823,\"height\":485},{\"@type\":\"BreadcrumbList\",\"@id\":\"https:\/\/www.asajacyl.com\/salamanca\/asaja-salamanca-informa\/ya-puedes-solicitar-la-devolucion-del-ibi-del-ano-2023#breadcrumb\",\"itemListElement\":[{\"@type\":\"ListItem\",\"position\":1,\"name\":\"Portada\",\"item\":\"https:\/\/www.asajacyl.com\/salamanca\/\"},{\"@type\":\"ListItem\",\"position\":2,\"name\":\"Ya puedes solicitar la devoluci\u00f3n del IBI del a\u00f1o 2023\"}]},{\"@type\":\"WebSite\",\"@id\":\"https:\/\/www.asajacyl.com\/salamanca\/#website\",\"url\":\"https:\/\/www.asajacyl.com\/salamanca\/\",\"name\":\"ASAJA Salamanca\",\"description\":\"Otro sitio m\u00e1s de Provincias ASAJA Castilla y Le\u00f3n\",\"potentialAction\":[{\"@type\":\"SearchAction\",\"target\":{\"@type\":\"EntryPoint\",\"urlTemplate\":\"https:\/\/www.asajacyl.com\/salamanca\/?s={search_term_string}\"},\"query-input\":{\"@type\":\"PropertyValueSpecification\",\"valueRequired\":true,\"valueName\":\"search_term_string\"}}],\"inLanguage\":\"es\"},{\"@type\":\"Person\",\"@id\":\"https:\/\/www.asajacyl.com\/salamanca\/#\/schema\/person\/2bfc7da09988e1087e6291fafe99b67f\",\"name\":\"Sonia\",\"image\":{\"@type\":\"ImageObject\",\"inLanguage\":\"es\",\"@id\":\"https:\/\/www.asajacyl.com\/salamanca\/#\/schema\/person\/image\/\",\"url\":\"https:\/\/secure.gravatar.com\/avatar\/6b0d6eb461a1e3687cc023d59022ef0d?s=96&d=mm&r=g\",\"contentUrl\":\"https:\/\/secure.gravatar.com\/avatar\/6b0d6eb461a1e3687cc023d59022ef0d?s=96&d=mm&r=g\",\"caption\":\"Sonia\"},\"url\":\"https:\/\/www.asajacyl.com\/salamanca\/author\/juanluisde\"}]}<\/script>\n<!-- \/ Yoast SEO plugin. -->","yoast_head_json":{"title":"Ya puedes solicitar la devoluci\u00f3n del IBI del a\u00f1o 2023 - ASAJA Salamanca","description":"Real Decreto-ley 4\/2023, de 11 de mayo, por el que se adoptan medidas urgentes en materia agraria y de aguas en respuesta a la sequ\u00eda y al agravamiento de","robots":{"index":"index","follow":"follow","max-snippet":"max-snippet:-1","max-image-preview":"max-image-preview:large","max-video-preview":"max-video-preview:-1"},"canonical":"https:\/\/www.asajacyl.com\/salamanca\/asaja-salamanca-informa\/ya-puedes-solicitar-la-devolucion-del-ibi-del-ano-2023","og_locale":"es_ES","og_type":"article","og_title":"Ya puedes solicitar la devoluci\u00f3n del IBI del a\u00f1o 2023 - ASAJA Salamanca","og_description":"Real Decreto-ley 4\/2023, de 11 de mayo, por el que se adoptan medidas urgentes en materia agraria y de aguas en respuesta a la sequ\u00eda y al agravamiento de","og_url":"https:\/\/www.asajacyl.com\/salamanca\/asaja-salamanca-informa\/ya-puedes-solicitar-la-devolucion-del-ibi-del-ano-2023","og_site_name":"ASAJA Salamanca","article_published_time":"2023-10-24T10:21:22+00:00","article_modified_time":"2023-11-21T12:24:02+00:00","og_image":[{"width":823,"height":485,"url":"https:\/\/www.asajacyl.com\/salamanca\/wp-content\/uploads\/sites\/7\/2023\/10\/nave-industrial-mejor-ubicacion.jpeg","type":"image\/jpeg"}],"author":"Sonia","twitter_card":"summary_large_image","twitter_misc":{"Escrito por":"Sonia","Tiempo de lectura":"2 minutos"},"schema":{"@context":"https:\/\/schema.org","@graph":[{"@type":"WebPage","@id":"https:\/\/www.asajacyl.com\/salamanca\/asaja-salamanca-informa\/ya-puedes-solicitar-la-devolucion-del-ibi-del-ano-2023","url":"https:\/\/www.asajacyl.com\/salamanca\/asaja-salamanca-informa\/ya-puedes-solicitar-la-devolucion-del-ibi-del-ano-2023","name":"Ya puedes solicitar la devoluci\u00f3n del IBI del a\u00f1o 2023 - ASAJA Salamanca","isPartOf":{"@id":"https:\/\/www.asajacyl.com\/salamanca\/#website"},"primaryImageOfPage":{"@id":"https:\/\/www.asajacyl.com\/salamanca\/asaja-salamanca-informa\/ya-puedes-solicitar-la-devolucion-del-ibi-del-ano-2023#primaryimage"},"image":{"@id":"https:\/\/www.asajacyl.com\/salamanca\/asaja-salamanca-informa\/ya-puedes-solicitar-la-devolucion-del-ibi-del-ano-2023#primaryimage"},"thumbnailUrl":"https:\/\/www.asajacyl.com\/salamanca\/wp-content\/uploads\/sites\/7\/2023\/10\/nave-industrial-mejor-ubicacion.jpeg","datePublished":"2023-10-24T10:21:22+00:00","dateModified":"2023-11-21T12:24:02+00:00","author":{"@id":"https:\/\/www.asajacyl.com\/salamanca\/#\/schema\/person\/2bfc7da09988e1087e6291fafe99b67f"},"description":"Real Decreto-ley 4\/2023, de 11 de mayo, por el que se adoptan medidas urgentes en materia agraria y de aguas en respuesta a la sequ\u00eda y al agravamiento de","breadcrumb":{"@id":"https:\/\/www.asajacyl.com\/salamanca\/asaja-salamanca-informa\/ya-puedes-solicitar-la-devolucion-del-ibi-del-ano-2023#breadcrumb"},"inLanguage":"es","potentialAction":[{"@type":"ReadAction","target":["https:\/\/www.asajacyl.com\/salamanca\/asaja-salamanca-informa\/ya-puedes-solicitar-la-devolucion-del-ibi-del-ano-2023"]}]},{"@type":"ImageObject","inLanguage":"es","@id":"https:\/\/www.asajacyl.com\/salamanca\/asaja-salamanca-informa\/ya-puedes-solicitar-la-devolucion-del-ibi-del-ano-2023#primaryimage","url":"https:\/\/www.asajacyl.com\/salamanca\/wp-content\/uploads\/sites\/7\/2023\/10\/nave-industrial-mejor-ubicacion.jpeg","contentUrl":"https:\/\/www.asajacyl.com\/salamanca\/wp-content\/uploads\/sites\/7\/2023\/10\/nave-industrial-mejor-ubicacion.jpeg","width":823,"height":485},{"@type":"BreadcrumbList","@id":"https:\/\/www.asajacyl.com\/salamanca\/asaja-salamanca-informa\/ya-puedes-solicitar-la-devolucion-del-ibi-del-ano-2023#breadcrumb","itemListElement":[{"@type":"ListItem","position":1,"name":"Portada","item":"https:\/\/www.asajacyl.com\/salamanca\/"},{"@type":"ListItem","position":2,"name":"Ya puedes solicitar la devoluci\u00f3n del IBI del a\u00f1o 2023"}]},{"@type":"WebSite","@id":"https:\/\/www.asajacyl.com\/salamanca\/#website","url":"https:\/\/www.asajacyl.com\/salamanca\/","name":"ASAJA Salamanca","description":"Otro sitio m\u00e1s de Provincias ASAJA Castilla y Le\u00f3n","potentialAction":[{"@type":"SearchAction","target":{"@type":"EntryPoint","urlTemplate":"https:\/\/www.asajacyl.com\/salamanca\/?s={search_term_string}"},"query-input":{"@type":"PropertyValueSpecification","valueRequired":true,"valueName":"search_term_string"}}],"inLanguage":"es"},{"@type":"Person","@id":"https:\/\/www.asajacyl.com\/salamanca\/#\/schema\/person\/2bfc7da09988e1087e6291fafe99b67f","name":"Sonia","image":{"@type":"ImageObject","inLanguage":"es","@id":"https:\/\/www.asajacyl.com\/salamanca\/#\/schema\/person\/image\/","url":"https:\/\/secure.gravatar.com\/avatar\/6b0d6eb461a1e3687cc023d59022ef0d?s=96&d=mm&r=g","contentUrl":"https:\/\/secure.gravatar.com\/avatar\/6b0d6eb461a1e3687cc023d59022ef0d?s=96&d=mm&r=g","caption":"Sonia"},"url":"https:\/\/www.asajacyl.com\/salamanca\/author\/juanluisde"}]}},"_links":{"self":[{"href":"https:\/\/www.asajacyl.com\/salamanca\/wp-json\/wp\/v2\/posts\/17407"}],"collection":[{"href":"https:\/\/www.asajacyl.com\/salamanca\/wp-json\/wp\/v2\/posts"}],"about":[{"href":"https:\/\/www.asajacyl.com\/salamanca\/wp-json\/wp\/v2\/types\/post"}],"author":[{"embeddable":true,"href":"https:\/\/www.asajacyl.com\/salamanca\/wp-json\/wp\/v2\/users\/10"}],"replies":[{"embeddable":true,"href":"https:\/\/www.asajacyl.com\/salamanca\/wp-json\/wp\/v2\/comments?post=17407"}],"version-history":[{"count":8,"href":"https:\/\/www.asajacyl.com\/salamanca\/wp-json\/wp\/v2\/posts\/17407\/revisions"}],"predecessor-version":[{"id":17422,"href":"https:\/\/www.asajacyl.com\/salamanca\/wp-json\/wp\/v2\/posts\/17407\/revisions\/17422"}],"wp:featuredmedia":[{"embeddable":true,"href":"https:\/\/www.asajacyl.com\/salamanca\/wp-json\/wp\/v2\/media\/17420"}],"wp:attachment":[{"href":"https:\/\/www.asajacyl.com\/salamanca\/wp-json\/wp\/v2\/media?parent=17407"}],"wp:term":[{"taxonomy":"category","embeddable":true,"href":"https:\/\/www.asajacyl.com\/salamanca\/wp-json\/wp\/v2\/categories?post=17407"},{"taxonomy":"post_tag","embeddable":true,"href":"https:\/\/www.asajacyl.com\/salamanca\/wp-json\/wp\/v2\/tags?post=17407"}],"curies":[{"name":"wp","href":"https:\/\/api.w.org\/{rel}","templated":true}]}}