{"id":17525,"date":"2023-11-20T12:16:05","date_gmt":"2023-11-20T11:16:05","guid":{"rendered":"https:\/\/www.asajacyl.com\/salamanca\/?p=17525"},"modified":"2025-11-11T09:06:41","modified_gmt":"2025-11-11T08:06:41","slug":"publicada-la-lista-de-beneficiarios-de-ayuda-directa-complementaria-a-la-indemnizacion-abonada-por-la-entidad-agroseguro-por-siniestros-de-sequia-a-los-titulares-de-explotaciones-agrarias-de-castilla","status":"publish","type":"post","link":"https:\/\/www.asajacyl.com\/salamanca\/asaja-salamanca-informa\/noticias\/publicada-la-lista-de-beneficiarios-de-ayuda-directa-complementaria-a-la-indemnizacion-abonada-por-la-entidad-agroseguro-por-siniestros-de-sequia-a-los-titulares-de-explotaciones-agrarias-de-castilla","title":{"rendered":"Publicada la lista de beneficiarios de ayuda directa complementaria a la indemnizaci\u00f3n por siniestros de sequ\u00eda a los titulares de explotaciones agrarias de Castilla y Le\u00f3n"},"content":{"rendered":"\n<h2 class=\"wp-block-heading\">El BOCYL ha publicado este lunes la resoluci\u00f3n de las ayudas con p\u00f3lizas de seguro con cobertura de sequ\u00eda de cultivos herb\u00e1ceos y forrajeros y el seguro de compensaci\u00f3n por p\u00e9rdida de pastos plan 2022.<\/h2>\n\n\n\n<p><\/p>\n","protected":false},"excerpt":{"rendered":"<p>El BOCYL ha publicado este lunes la resoluci\u00f3n de las ayudas con p\u00f3lizas de seguro con cobertura de sequ\u00eda de cultivos herb\u00e1ceos y forrajeros y el seguro de compensaci\u00f3n por p\u00e9rdida de pastos plan 2022.<\/p>\n","protected":false},"author":10,"featured_media":17527,"comment_status":"open","ping_status":"open","sticky":false,"template":"","format":"standard","meta":{"footnotes":""},"categories":[510],"tags":[],"yoast_head":"<!-- This site is optimized with the Yoast SEO plugin v24.5 - https:\/\/yoast.com\/wordpress\/plugins\/seo\/ -->\n<title>Publicada la lista de beneficiarios de ayuda directa complementaria a la indemnizaci\u00f3n por siniestros de sequ\u00eda a los titulares de explotaciones agrarias de Castilla y Le\u00f3n - ASAJA Salamanca<\/title>\n<meta name=\"description\" content=\"El BOCYL ha publicado este lunes la resoluci\u00f3n de las ayudas con p\u00f3lizas de seguro con cobertura de sequ\u00eda de cultivos herb\u00e1ceos y forrajeros y el seguro\" \/>\n<meta name=\"robots\" content=\"index, follow, max-snippet:-1, max-image-preview:large, max-video-preview:-1\" \/>\n<link rel=\"canonical\" href=\"https:\/\/www.asajacyl.com\/salamanca\/asaja-salamanca-informa\/noticias\/publicada-la-lista-de-beneficiarios-de-ayuda-directa-complementaria-a-la-indemnizacion-abonada-por-la-entidad-agroseguro-por-siniestros-de-sequia-a-los-titulares-de-explotaciones-agrarias-de-castilla\" \/>\n<meta property=\"og:locale\" content=\"es_ES\" \/>\n<meta property=\"og:type\" content=\"article\" \/>\n<meta property=\"og:title\" content=\"Publicada la lista de beneficiarios de ayuda directa complementaria a la indemnizaci\u00f3n por siniestros de sequ\u00eda a los titulares de explotaciones agrarias de Castilla y Le\u00f3n - ASAJA Salamanca\" \/>\n<meta property=\"og:description\" content=\"El BOCYL ha publicado este lunes la resoluci\u00f3n de las ayudas con p\u00f3lizas de seguro con cobertura de sequ\u00eda de cultivos herb\u00e1ceos y forrajeros y el seguro\" \/>\n<meta property=\"og:url\" content=\"https:\/\/www.asajacyl.com\/salamanca\/asaja-salamanca-informa\/noticias\/publicada-la-lista-de-beneficiarios-de-ayuda-directa-complementaria-a-la-indemnizacion-abonada-por-la-entidad-agroseguro-por-siniestros-de-sequia-a-los-titulares-de-explotaciones-agrarias-de-castilla\" \/>\n<meta property=\"og:site_name\" content=\"ASAJA Salamanca\" \/>\n<meta property=\"article:published_time\" content=\"2023-11-20T11:16:05+00:00\" \/>\n<meta property=\"article:modified_time\" content=\"2025-11-11T08:06:41+00:00\" \/>\n<meta property=\"og:image\" content=\"https:\/\/www.asajacyl.com\/salamanca\/wp-content\/uploads\/sites\/7\/2023\/11\/160729segurosagrarios_tcm30-220338.jpg\" \/>\n\t<meta property=\"og:image:width\" content=\"2500\" \/>\n\t<meta property=\"og:image:height\" content=\"1666\" \/>\n\t<meta property=\"og:image:type\" content=\"image\/jpeg\" \/>\n<meta name=\"author\" content=\"Sonia\" \/>\n<meta name=\"twitter:card\" content=\"summary_large_image\" \/>\n<meta name=\"twitter:label1\" content=\"Escrito por\" \/>\n\t<meta name=\"twitter:data1\" content=\"Sonia\" \/>\n\t<meta name=\"twitter:label2\" content=\"Tiempo de lectura\" \/>\n\t<meta name=\"twitter:data2\" content=\"1 minuto\" \/>\n<script type=\"application\/ld+json\" class=\"yoast-schema-graph\">{\"@context\":\"https:\/\/schema.org\",\"@graph\":[{\"@type\":\"WebPage\",\"@id\":\"https:\/\/www.asajacyl.com\/salamanca\/asaja-salamanca-informa\/noticias\/publicada-la-lista-de-beneficiarios-de-ayuda-directa-complementaria-a-la-indemnizacion-abonada-por-la-entidad-agroseguro-por-siniestros-de-sequia-a-los-titulares-de-explotaciones-agrarias-de-castilla\",\"url\":\"https:\/\/www.asajacyl.com\/salamanca\/asaja-salamanca-informa\/noticias\/publicada-la-lista-de-beneficiarios-de-ayuda-directa-complementaria-a-la-indemnizacion-abonada-por-la-entidad-agroseguro-por-siniestros-de-sequia-a-los-titulares-de-explotaciones-agrarias-de-castilla\",\"name\":\"Publicada la lista de beneficiarios de ayuda directa complementaria a la indemnizaci\u00f3n por siniestros de sequ\u00eda a los titulares de explotaciones agrarias de Castilla y Le\u00f3n - ASAJA Salamanca\",\"isPartOf\":{\"@id\":\"https:\/\/www.asajacyl.com\/salamanca\/#website\"},\"primaryImageOfPage\":{\"@id\":\"https:\/\/www.asajacyl.com\/salamanca\/asaja-salamanca-informa\/noticias\/publicada-la-lista-de-beneficiarios-de-ayuda-directa-complementaria-a-la-indemnizacion-abonada-por-la-entidad-agroseguro-por-siniestros-de-sequia-a-los-titulares-de-explotaciones-agrarias-de-castilla#primaryimage\"},\"image\":{\"@id\":\"https:\/\/www.asajacyl.com\/salamanca\/asaja-salamanca-informa\/noticias\/publicada-la-lista-de-beneficiarios-de-ayuda-directa-complementaria-a-la-indemnizacion-abonada-por-la-entidad-agroseguro-por-siniestros-de-sequia-a-los-titulares-de-explotaciones-agrarias-de-castilla#primaryimage\"},\"thumbnailUrl\":\"https:\/\/www.asajacyl.com\/salamanca\/wp-content\/uploads\/sites\/7\/2023\/11\/160729segurosagrarios_tcm30-220338.jpg\",\"datePublished\":\"2023-11-20T11:16:05+00:00\",\"dateModified\":\"2025-11-11T08:06:41+00:00\",\"author\":{\"@id\":\"https:\/\/www.asajacyl.com\/salamanca\/#\/schema\/person\/2bfc7da09988e1087e6291fafe99b67f\"},\"description\":\"El BOCYL ha publicado este lunes la resoluci\u00f3n de las ayudas con p\u00f3lizas de seguro con cobertura de sequ\u00eda de cultivos herb\u00e1ceos y forrajeros y el seguro\",\"breadcrumb\":{\"@id\":\"https:\/\/www.asajacyl.com\/salamanca\/asaja-salamanca-informa\/noticias\/publicada-la-lista-de-beneficiarios-de-ayuda-directa-complementaria-a-la-indemnizacion-abonada-por-la-entidad-agroseguro-por-siniestros-de-sequia-a-los-titulares-de-explotaciones-agrarias-de-castilla#breadcrumb\"},\"inLanguage\":\"es\",\"potentialAction\":[{\"@type\":\"ReadAction\",\"target\":[\"https:\/\/www.asajacyl.com\/salamanca\/asaja-salamanca-informa\/noticias\/publicada-la-lista-de-beneficiarios-de-ayuda-directa-complementaria-a-la-indemnizacion-abonada-por-la-entidad-agroseguro-por-siniestros-de-sequia-a-los-titulares-de-explotaciones-agrarias-de-castilla\"]}]},{\"@type\":\"ImageObject\",\"inLanguage\":\"es\",\"@id\":\"https:\/\/www.asajacyl.com\/salamanca\/asaja-salamanca-informa\/noticias\/publicada-la-lista-de-beneficiarios-de-ayuda-directa-complementaria-a-la-indemnizacion-abonada-por-la-entidad-agroseguro-por-siniestros-de-sequia-a-los-titulares-de-explotaciones-agrarias-de-castilla#primaryimage\",\"url\":\"https:\/\/www.asajacyl.com\/salamanca\/wp-content\/uploads\/sites\/7\/2023\/11\/160729segurosagrarios_tcm30-220338.jpg\",\"contentUrl\":\"https:\/\/www.asajacyl.com\/salamanca\/wp-content\/uploads\/sites\/7\/2023\/11\/160729segurosagrarios_tcm30-220338.jpg\",\"width\":2500,\"height\":1666},{\"@type\":\"BreadcrumbList\",\"@id\":\"https:\/\/www.asajacyl.com\/salamanca\/asaja-salamanca-informa\/noticias\/publicada-la-lista-de-beneficiarios-de-ayuda-directa-complementaria-a-la-indemnizacion-abonada-por-la-entidad-agroseguro-por-siniestros-de-sequia-a-los-titulares-de-explotaciones-agrarias-de-castilla#breadcrumb\",\"itemListElement\":[{\"@type\":\"ListItem\",\"position\":1,\"name\":\"Portada\",\"item\":\"https:\/\/www.asajacyl.com\/salamanca\/\"},{\"@type\":\"ListItem\",\"position\":2,\"name\":\"Publicada la lista de beneficiarios de ayuda directa complementaria a la indemnizaci\u00f3n por siniestros de sequ\u00eda a los titulares de explotaciones agrarias de Castilla y Le\u00f3n\"}]},{\"@type\":\"WebSite\",\"@id\":\"https:\/\/www.asajacyl.com\/salamanca\/#website\",\"url\":\"https:\/\/www.asajacyl.com\/salamanca\/\",\"name\":\"ASAJA Salamanca\",\"description\":\"Otro sitio m\u00e1s de Provincias ASAJA Castilla y Le\u00f3n\",\"potentialAction\":[{\"@type\":\"SearchAction\",\"target\":{\"@type\":\"EntryPoint\",\"urlTemplate\":\"https:\/\/www.asajacyl.com\/salamanca\/?s={search_term_string}\"},\"query-input\":{\"@type\":\"PropertyValueSpecification\",\"valueRequired\":true,\"valueName\":\"search_term_string\"}}],\"inLanguage\":\"es\"},{\"@type\":\"Person\",\"@id\":\"https:\/\/www.asajacyl.com\/salamanca\/#\/schema\/person\/2bfc7da09988e1087e6291fafe99b67f\",\"name\":\"Sonia\",\"image\":{\"@type\":\"ImageObject\",\"inLanguage\":\"es\",\"@id\":\"https:\/\/www.asajacyl.com\/salamanca\/#\/schema\/person\/image\/\",\"url\":\"https:\/\/secure.gravatar.com\/avatar\/6b0d6eb461a1e3687cc023d59022ef0d?s=96&d=mm&r=g\",\"contentUrl\":\"https:\/\/secure.gravatar.com\/avatar\/6b0d6eb461a1e3687cc023d59022ef0d?s=96&d=mm&r=g\",\"caption\":\"Sonia\"},\"url\":\"https:\/\/www.asajacyl.com\/salamanca\/author\/juanluisde\"}]}<\/script>\n<!-- \/ Yoast SEO plugin. -->","yoast_head_json":{"title":"Publicada la lista de beneficiarios de ayuda directa complementaria a la indemnizaci\u00f3n por siniestros de sequ\u00eda a los titulares de explotaciones agrarias de Castilla y Le\u00f3n - ASAJA Salamanca","description":"El BOCYL ha publicado este lunes la resoluci\u00f3n de las ayudas con p\u00f3lizas de seguro con cobertura de sequ\u00eda de cultivos herb\u00e1ceos y forrajeros y el seguro","robots":{"index":"index","follow":"follow","max-snippet":"max-snippet:-1","max-image-preview":"max-image-preview:large","max-video-preview":"max-video-preview:-1"},"canonical":"https:\/\/www.asajacyl.com\/salamanca\/asaja-salamanca-informa\/noticias\/publicada-la-lista-de-beneficiarios-de-ayuda-directa-complementaria-a-la-indemnizacion-abonada-por-la-entidad-agroseguro-por-siniestros-de-sequia-a-los-titulares-de-explotaciones-agrarias-de-castilla","og_locale":"es_ES","og_type":"article","og_title":"Publicada la lista de beneficiarios de ayuda directa complementaria a la indemnizaci\u00f3n por siniestros de sequ\u00eda a los titulares de explotaciones agrarias de Castilla y Le\u00f3n - ASAJA Salamanca","og_description":"El BOCYL ha publicado este lunes la resoluci\u00f3n de las ayudas con p\u00f3lizas de seguro con cobertura de sequ\u00eda de cultivos herb\u00e1ceos y forrajeros y el seguro","og_url":"https:\/\/www.asajacyl.com\/salamanca\/asaja-salamanca-informa\/noticias\/publicada-la-lista-de-beneficiarios-de-ayuda-directa-complementaria-a-la-indemnizacion-abonada-por-la-entidad-agroseguro-por-siniestros-de-sequia-a-los-titulares-de-explotaciones-agrarias-de-castilla","og_site_name":"ASAJA Salamanca","article_published_time":"2023-11-20T11:16:05+00:00","article_modified_time":"2025-11-11T08:06:41+00:00","og_image":[{"width":2500,"height":1666,"url":"https:\/\/www.asajacyl.com\/salamanca\/wp-content\/uploads\/sites\/7\/2023\/11\/160729segurosagrarios_tcm30-220338.jpg","type":"image\/jpeg"}],"author":"Sonia","twitter_card":"summary_large_image","twitter_misc":{"Escrito por":"Sonia","Tiempo de lectura":"1 minuto"},"schema":{"@context":"https:\/\/schema.org","@graph":[{"@type":"WebPage","@id":"https:\/\/www.asajacyl.com\/salamanca\/asaja-salamanca-informa\/noticias\/publicada-la-lista-de-beneficiarios-de-ayuda-directa-complementaria-a-la-indemnizacion-abonada-por-la-entidad-agroseguro-por-siniestros-de-sequia-a-los-titulares-de-explotaciones-agrarias-de-castilla","url":"https:\/\/www.asajacyl.com\/salamanca\/asaja-salamanca-informa\/noticias\/publicada-la-lista-de-beneficiarios-de-ayuda-directa-complementaria-a-la-indemnizacion-abonada-por-la-entidad-agroseguro-por-siniestros-de-sequia-a-los-titulares-de-explotaciones-agrarias-de-castilla","name":"Publicada la lista de beneficiarios de ayuda directa complementaria a la indemnizaci\u00f3n por siniestros de sequ\u00eda a los titulares de explotaciones agrarias de Castilla y Le\u00f3n - ASAJA Salamanca","isPartOf":{"@id":"https:\/\/www.asajacyl.com\/salamanca\/#website"},"primaryImageOfPage":{"@id":"https:\/\/www.asajacyl.com\/salamanca\/asaja-salamanca-informa\/noticias\/publicada-la-lista-de-beneficiarios-de-ayuda-directa-complementaria-a-la-indemnizacion-abonada-por-la-entidad-agroseguro-por-siniestros-de-sequia-a-los-titulares-de-explotaciones-agrarias-de-castilla#primaryimage"},"image":{"@id":"https:\/\/www.asajacyl.com\/salamanca\/asaja-salamanca-informa\/noticias\/publicada-la-lista-de-beneficiarios-de-ayuda-directa-complementaria-a-la-indemnizacion-abonada-por-la-entidad-agroseguro-por-siniestros-de-sequia-a-los-titulares-de-explotaciones-agrarias-de-castilla#primaryimage"},"thumbnailUrl":"https:\/\/www.asajacyl.com\/salamanca\/wp-content\/uploads\/sites\/7\/2023\/11\/160729segurosagrarios_tcm30-220338.jpg","datePublished":"2023-11-20T11:16:05+00:00","dateModified":"2025-11-11T08:06:41+00:00","author":{"@id":"https:\/\/www.asajacyl.com\/salamanca\/#\/schema\/person\/2bfc7da09988e1087e6291fafe99b67f"},"description":"El BOCYL ha publicado este lunes la resoluci\u00f3n de las ayudas con p\u00f3lizas de seguro con cobertura de sequ\u00eda de cultivos herb\u00e1ceos y forrajeros y el seguro","breadcrumb":{"@id":"https:\/\/www.asajacyl.com\/salamanca\/asaja-salamanca-informa\/noticias\/publicada-la-lista-de-beneficiarios-de-ayuda-directa-complementaria-a-la-indemnizacion-abonada-por-la-entidad-agroseguro-por-siniestros-de-sequia-a-los-titulares-de-explotaciones-agrarias-de-castilla#breadcrumb"},"inLanguage":"es","potentialAction":[{"@type":"ReadAction","target":["https:\/\/www.asajacyl.com\/salamanca\/asaja-salamanca-informa\/noticias\/publicada-la-lista-de-beneficiarios-de-ayuda-directa-complementaria-a-la-indemnizacion-abonada-por-la-entidad-agroseguro-por-siniestros-de-sequia-a-los-titulares-de-explotaciones-agrarias-de-castilla"]}]},{"@type":"ImageObject","inLanguage":"es","@id":"https:\/\/www.asajacyl.com\/salamanca\/asaja-salamanca-informa\/noticias\/publicada-la-lista-de-beneficiarios-de-ayuda-directa-complementaria-a-la-indemnizacion-abonada-por-la-entidad-agroseguro-por-siniestros-de-sequia-a-los-titulares-de-explotaciones-agrarias-de-castilla#primaryimage","url":"https:\/\/www.asajacyl.com\/salamanca\/wp-content\/uploads\/sites\/7\/2023\/11\/160729segurosagrarios_tcm30-220338.jpg","contentUrl":"https:\/\/www.asajacyl.com\/salamanca\/wp-content\/uploads\/sites\/7\/2023\/11\/160729segurosagrarios_tcm30-220338.jpg","width":2500,"height":1666},{"@type":"BreadcrumbList","@id":"https:\/\/www.asajacyl.com\/salamanca\/asaja-salamanca-informa\/noticias\/publicada-la-lista-de-beneficiarios-de-ayuda-directa-complementaria-a-la-indemnizacion-abonada-por-la-entidad-agroseguro-por-siniestros-de-sequia-a-los-titulares-de-explotaciones-agrarias-de-castilla#breadcrumb","itemListElement":[{"@type":"ListItem","position":1,"name":"Portada","item":"https:\/\/www.asajacyl.com\/salamanca\/"},{"@type":"ListItem","position":2,"name":"Publicada la lista de beneficiarios de ayuda directa complementaria a la indemnizaci\u00f3n por siniestros de sequ\u00eda a los titulares de explotaciones agrarias de Castilla y Le\u00f3n"}]},{"@type":"WebSite","@id":"https:\/\/www.asajacyl.com\/salamanca\/#website","url":"https:\/\/www.asajacyl.com\/salamanca\/","name":"ASAJA Salamanca","description":"Otro sitio m\u00e1s de Provincias ASAJA Castilla y Le\u00f3n","potentialAction":[{"@type":"SearchAction","target":{"@type":"EntryPoint","urlTemplate":"https:\/\/www.asajacyl.com\/salamanca\/?s={search_term_string}"},"query-input":{"@type":"PropertyValueSpecification","valueRequired":true,"valueName":"search_term_string"}}],"inLanguage":"es"},{"@type":"Person","@id":"https:\/\/www.asajacyl.com\/salamanca\/#\/schema\/person\/2bfc7da09988e1087e6291fafe99b67f","name":"Sonia","image":{"@type":"ImageObject","inLanguage":"es","@id":"https:\/\/www.asajacyl.com\/salamanca\/#\/schema\/person\/image\/","url":"https:\/\/secure.gravatar.com\/avatar\/6b0d6eb461a1e3687cc023d59022ef0d?s=96&d=mm&r=g","contentUrl":"https:\/\/secure.gravatar.com\/avatar\/6b0d6eb461a1e3687cc023d59022ef0d?s=96&d=mm&r=g","caption":"Sonia"},"url":"https:\/\/www.asajacyl.com\/salamanca\/author\/juanluisde"}]}},"_links":{"self":[{"href":"https:\/\/www.asajacyl.com\/salamanca\/wp-json\/wp\/v2\/posts\/17525"}],"collection":[{"href":"https:\/\/www.asajacyl.com\/salamanca\/wp-json\/wp\/v2\/posts"}],"about":[{"href":"https:\/\/www.asajacyl.com\/salamanca\/wp-json\/wp\/v2\/types\/post"}],"author":[{"embeddable":true,"href":"https:\/\/www.asajacyl.com\/salamanca\/wp-json\/wp\/v2\/users\/10"}],"replies":[{"embeddable":true,"href":"https:\/\/www.asajacyl.com\/salamanca\/wp-json\/wp\/v2\/comments?post=17525"}],"version-history":[{"count":2,"href":"https:\/\/www.asajacyl.com\/salamanca\/wp-json\/wp\/v2\/posts\/17525\/revisions"}],"predecessor-version":[{"id":17529,"href":"https:\/\/www.asajacyl.com\/salamanca\/wp-json\/wp\/v2\/posts\/17525\/revisions\/17529"}],"wp:featuredmedia":[{"embeddable":true,"href":"https:\/\/www.asajacyl.com\/salamanca\/wp-json\/wp\/v2\/media\/17527"}],"wp:attachment":[{"href":"https:\/\/www.asajacyl.com\/salamanca\/wp-json\/wp\/v2\/media?parent=17525"}],"wp:term":[{"taxonomy":"category","embeddable":true,"href":"https:\/\/www.asajacyl.com\/salamanca\/wp-json\/wp\/v2\/categories?post=17525"},{"taxonomy":"post_tag","embeddable":true,"href":"https:\/\/www.asajacyl.com\/salamanca\/wp-json\/wp\/v2\/tags?post=17525"}],"curies":[{"name":"wp","href":"https:\/\/api.w.org\/{rel}","templated":true}]}}