{"id":17688,"date":"2024-01-16T12:20:36","date_gmt":"2024-01-16T11:20:36","guid":{"rendered":"https:\/\/www.asajacyl.com\/salamanca\/?p=17688"},"modified":"2024-01-16T12:23:45","modified_gmt":"2024-01-16T11:23:45","slug":"con-estos-bueyes-tenemos-que-arar","status":"publish","type":"post","link":"https:\/\/www.asajacyl.com\/salamanca\/sin-categoria\/con-estos-bueyes-tenemos-que-arar","title":{"rendered":"Con estos bueyes tenemos que arar"},"content":{"rendered":"\n<p>Se termina el a\u00f1o y es oportuno hacer un repaso a este largu\u00edsimo 2023, y digo largu\u00edsimo porque al sector agrario se le han sumado los problemas por circunstancias clim\u00e1ticas y de globalizaci\u00f3n, pero tambi\u00e9n, por una creciente utilizaci\u00f3n de la pol\u00edtica en perjuicio del honrado trabajador de este sector.<\/p>\n\n\n\n<p><br>Respecto al clima, hemos sufrido la peor sequ\u00eda de los \u00faltimos a\u00f1os y como consecuencia una gran merma de producci\u00f3n de nuestros cultivos, carencia de agua y pastos para nuestro ganado o la insuficiente floraci\u00f3n para las colmenas, entre otros. Adem\u00e1s, a las nefastas producciones sumamos la fuerte subida de los insumos, fertilizantes, gas\u00f3leo, semillas, fitosanitarios etc. Nosotros no podemos cambiar el tiempo, estamos a a su merced, pero s\u00ed se pueden minimizar las consecuencias, mejorando las infraestructuras hidr\u00e1ulicas, aumentando regad\u00edos, mejorando las condiciones de los seguros, estudiando mejoras gen\u00e9ticas en semillas, autorizando los transg\u00e9nicos resistentes a sequ\u00edas y enfermedades, permitiendo al agricultor sembrar y recoger cuando agron\u00f3micamente sea m\u00e1s interesante y no cuando a los iluminados ecologetas se les ocurra.<\/p>\n\n\n\n<p><br>La otra caracter\u00edstica de este mal a\u00f1o es, como hac\u00eda menci\u00f3n en el primer p\u00e1rrafo; la excesiva carga pol\u00edtica y la aplastante imposici\u00f3n legislativa, como consecuencia, tenemos m\u00e1s pol\u00edticos legislando que agricultores trabajando el campo. Las imposiciones con origen en Europa y llevadas al extremo en nuestros Ministerios, han hecho de este a\u00f1o 2023 el peor que conozca la agricultura, principalmente por el deterioro de la pol\u00edtica que ha condicionado la agricultura de nuestro pa\u00eds, reduciendo las compensaciones a los productores justo en el momento m\u00e1s complicado.<\/p>\n\n\n\n<p>La pol\u00edtica agraria com\u00fan (PAC) lleva aplic\u00e1ndose en Espa\u00f1a 37 a\u00f1os (marzo de 1986), y desde entonces ha habido numerosas reformas, cada una de ellas han ido variando los objetivos. En las \u00faltimas reformas se han alejado totalmente de lo que fueron sus or\u00edgenes; garantizar un sector productor de alimentos, en calidad y canitidad suficiente para una poblaci\u00f3n creciente en Europa, pues en esta \u00faltima se han olvidado por completo y lo \u00fanico que prevalece es un falso mantenimiento del medio ambiente, con las consecuencias de unas imposiciones en la agricultura y ganader\u00eda, que han hecho que perdamos hasta una tercera parte de las compensaciones que llegaban por esta v\u00eda.<\/p>\n\n\n\n<p>Adem\u00e1s por si fuera poco nos imponen rotaci\u00f3n de cultivos, uso de fitosanitarios y nueva legislaci\u00f3n en bienestar animal. En cuanto a Ley de Bienestar Animal que reducen el tiempo de transporte, limita as\u00ed los posibles destinos, perdiendo mercados, aumentando el espacio por animal, incrementando el coste del movimiento impidiendo mover animales de cierta edad, perdiendo esos mercados y por si fuera poco, la ocurrencia del pr\u00f3ximo reglamento de deforestaci\u00f3n, donde tendremos que tener el seguimiento claro de los productos que utilizamos y estar\u00e1 prohibido que sean de or\u00edgenes deforestados, la trazabilidad de otros, tambi\u00e9n se la tendremos que hacer nosotros.<\/p>\n\n\n\n<p>Lo m\u00e1s llamativo es que con todo lo que les gusta legislar y controlarnos, en esta democracia en la que los \u00fanicos que hacen lo que les viene en gana son los pol\u00edticos, cuando hay problemas de verdad (como ha pasado con la sequ\u00eda o con la reciente enfermedad de la EHE), se han puesto a mirar para otro lado achacando competencias cedidas a las autonom\u00edas, estando as\u00ed el Ministerio ausente y las Autonom\u00edas con la justificaci\u00f3n de que es un problema de todo el pa\u00eds, tambi\u00e9n de perfil.<\/p>\n\n\n\n<p>Pero podemos estar todos \u201ctranquilos\u201d, que si la PAC ha sido mala, lo que viene no va a ser mejor. Si en el Ministerio de Agricultura han estado ausentes, siguen los mismos. Si los que de verdad nos condicionan, como es el Ministerio de Transici\u00f3n Ecol\u00f3gica y es nuestro mayor enemigo, tambi\u00e9n siguen los mismos. Hay que destacar adem\u00e1s, la tranquilidad del Ministerio de Trabajo, quien acusa al sector agrario de esclavizar a los trabajadores y defender la fiesta nacional y la tauromaquia, y es en la que tenemos al frente del Ministerio de Cultura a un anti taurino, en fin.<\/p>\n\n\n\n<p>Tranquilos podemos estar, todo lo que no mejora es susceptible de empeorar m\u00e1s aun, teniendo en cuenta que esta constatado que en este pa\u00eds hay comunidades de primera y otras de segunda. A la nuestra la han puesto en el vag\u00f3n de cola;<em> \u201ctodo sea por la paz social\u201d.<\/em><\/p>\n\n\n\n<p><\/p>\n","protected":false},"excerpt":{"rendered":"<p>Se termina el a\u00f1o y es oportuno hacer un repaso a este largu\u00edsimo 2023, y digo largu\u00edsimo porque al sector agrario se le han sumado los problemas por circunstancias clim\u00e1ticas y de globalizaci\u00f3n, pero tambi\u00e9n, por una creciente utilizaci\u00f3n de la pol\u00edtica en perjuicio del honrado trabajador de este sector. Respecto al clima, hemos sufrido [&hellip;]<\/p>\n","protected":false},"author":10,"featured_media":17692,"comment_status":"open","ping_status":"open","sticky":false,"template":"","format":"standard","meta":{"footnotes":""},"categories":[543,1],"tags":[],"yoast_head":"<!-- This site is optimized with the Yoast SEO plugin v24.5 - https:\/\/yoast.com\/wordpress\/plugins\/seo\/ -->\n<title>Con estos bueyes tenemos que arar - ASAJA Salamanca<\/title>\n<meta name=\"description\" content=\"Se termina el a\u00f1o y es oportuno hacer un repaso a este largu\u00edsimo 2023, y digo largu\u00edsimo porque al sector agrario se le han sumado los problemas por\" \/>\n<meta name=\"robots\" content=\"index, follow, max-snippet:-1, max-image-preview:large, max-video-preview:-1\" \/>\n<link rel=\"canonical\" href=\"https:\/\/www.asajacyl.com\/salamanca\/sin-categoria\/con-estos-bueyes-tenemos-que-arar\" \/>\n<meta property=\"og:locale\" content=\"es_ES\" \/>\n<meta property=\"og:type\" content=\"article\" \/>\n<meta property=\"og:title\" content=\"Con estos bueyes tenemos que arar - ASAJA Salamanca\" \/>\n<meta property=\"og:description\" content=\"Se termina el a\u00f1o y es oportuno hacer un repaso a este largu\u00edsimo 2023, y digo largu\u00edsimo porque al sector agrario se le han sumado los problemas por\" \/>\n<meta property=\"og:url\" content=\"https:\/\/www.asajacyl.com\/salamanca\/sin-categoria\/con-estos-bueyes-tenemos-que-arar\" \/>\n<meta property=\"og:site_name\" content=\"ASAJA Salamanca\" \/>\n<meta property=\"article:published_time\" content=\"2024-01-16T11:20:36+00:00\" \/>\n<meta property=\"article:modified_time\" content=\"2024-01-16T11:23:45+00:00\" \/>\n<meta property=\"og:image\" content=\"https:\/\/www.asajacyl.com\/salamanca\/wp-content\/uploads\/sites\/7\/2024\/01\/IMG_7224-1.jpg\" \/>\n\t<meta property=\"og:image:width\" content=\"1516\" \/>\n\t<meta property=\"og:image:height\" content=\"1592\" \/>\n\t<meta property=\"og:image:type\" content=\"image\/jpeg\" \/>\n<meta name=\"author\" content=\"Sonia\" \/>\n<meta name=\"twitter:card\" content=\"summary_large_image\" \/>\n<meta name=\"twitter:label1\" content=\"Escrito por\" \/>\n\t<meta name=\"twitter:data1\" content=\"Sonia\" \/>\n\t<meta name=\"twitter:label2\" content=\"Tiempo de lectura\" \/>\n\t<meta name=\"twitter:data2\" content=\"4 minutos\" \/>\n<script type=\"application\/ld+json\" class=\"yoast-schema-graph\">{\"@context\":\"https:\/\/schema.org\",\"@graph\":[{\"@type\":\"WebPage\",\"@id\":\"https:\/\/www.asajacyl.com\/salamanca\/sin-categoria\/con-estos-bueyes-tenemos-que-arar\",\"url\":\"https:\/\/www.asajacyl.com\/salamanca\/sin-categoria\/con-estos-bueyes-tenemos-que-arar\",\"name\":\"Con estos bueyes tenemos que arar - ASAJA Salamanca\",\"isPartOf\":{\"@id\":\"https:\/\/www.asajacyl.com\/salamanca\/#website\"},\"primaryImageOfPage\":{\"@id\":\"https:\/\/www.asajacyl.com\/salamanca\/sin-categoria\/con-estos-bueyes-tenemos-que-arar#primaryimage\"},\"image\":{\"@id\":\"https:\/\/www.asajacyl.com\/salamanca\/sin-categoria\/con-estos-bueyes-tenemos-que-arar#primaryimage\"},\"thumbnailUrl\":\"https:\/\/www.asajacyl.com\/salamanca\/wp-content\/uploads\/sites\/7\/2024\/01\/IMG_7224-1.jpg\",\"datePublished\":\"2024-01-16T11:20:36+00:00\",\"dateModified\":\"2024-01-16T11:23:45+00:00\",\"author\":{\"@id\":\"https:\/\/www.asajacyl.com\/salamanca\/#\/schema\/person\/2bfc7da09988e1087e6291fafe99b67f\"},\"description\":\"Se termina el a\u00f1o y es oportuno hacer un repaso a este largu\u00edsimo 2023, y digo largu\u00edsimo porque al sector agrario se le han sumado los problemas por\",\"breadcrumb\":{\"@id\":\"https:\/\/www.asajacyl.com\/salamanca\/sin-categoria\/con-estos-bueyes-tenemos-que-arar#breadcrumb\"},\"inLanguage\":\"es\",\"potentialAction\":[{\"@type\":\"ReadAction\",\"target\":[\"https:\/\/www.asajacyl.com\/salamanca\/sin-categoria\/con-estos-bueyes-tenemos-que-arar\"]}]},{\"@type\":\"ImageObject\",\"inLanguage\":\"es\",\"@id\":\"https:\/\/www.asajacyl.com\/salamanca\/sin-categoria\/con-estos-bueyes-tenemos-que-arar#primaryimage\",\"url\":\"https:\/\/www.asajacyl.com\/salamanca\/wp-content\/uploads\/sites\/7\/2024\/01\/IMG_7224-1.jpg\",\"contentUrl\":\"https:\/\/www.asajacyl.com\/salamanca\/wp-content\/uploads\/sites\/7\/2024\/01\/IMG_7224-1.jpg\",\"width\":1516,\"height\":1592},{\"@type\":\"BreadcrumbList\",\"@id\":\"https:\/\/www.asajacyl.com\/salamanca\/sin-categoria\/con-estos-bueyes-tenemos-que-arar#breadcrumb\",\"itemListElement\":[{\"@type\":\"ListItem\",\"position\":1,\"name\":\"Portada\",\"item\":\"https:\/\/www.asajacyl.com\/salamanca\/\"},{\"@type\":\"ListItem\",\"position\":2,\"name\":\"Con estos bueyes tenemos que arar\"}]},{\"@type\":\"WebSite\",\"@id\":\"https:\/\/www.asajacyl.com\/salamanca\/#website\",\"url\":\"https:\/\/www.asajacyl.com\/salamanca\/\",\"name\":\"ASAJA Salamanca\",\"description\":\"Otro sitio m\u00e1s de Provincias ASAJA Castilla y Le\u00f3n\",\"potentialAction\":[{\"@type\":\"SearchAction\",\"target\":{\"@type\":\"EntryPoint\",\"urlTemplate\":\"https:\/\/www.asajacyl.com\/salamanca\/?s={search_term_string}\"},\"query-input\":{\"@type\":\"PropertyValueSpecification\",\"valueRequired\":true,\"valueName\":\"search_term_string\"}}],\"inLanguage\":\"es\"},{\"@type\":\"Person\",\"@id\":\"https:\/\/www.asajacyl.com\/salamanca\/#\/schema\/person\/2bfc7da09988e1087e6291fafe99b67f\",\"name\":\"Sonia\",\"image\":{\"@type\":\"ImageObject\",\"inLanguage\":\"es\",\"@id\":\"https:\/\/www.asajacyl.com\/salamanca\/#\/schema\/person\/image\/\",\"url\":\"https:\/\/secure.gravatar.com\/avatar\/6b0d6eb461a1e3687cc023d59022ef0d?s=96&d=mm&r=g\",\"contentUrl\":\"https:\/\/secure.gravatar.com\/avatar\/6b0d6eb461a1e3687cc023d59022ef0d?s=96&d=mm&r=g\",\"caption\":\"Sonia\"},\"url\":\"https:\/\/www.asajacyl.com\/salamanca\/author\/juanluisde\"}]}<\/script>\n<!-- \/ Yoast SEO plugin. -->","yoast_head_json":{"title":"Con estos bueyes tenemos que arar - ASAJA Salamanca","description":"Se termina el a\u00f1o y es oportuno hacer un repaso a este largu\u00edsimo 2023, y digo largu\u00edsimo porque al sector agrario se le han sumado los problemas por","robots":{"index":"index","follow":"follow","max-snippet":"max-snippet:-1","max-image-preview":"max-image-preview:large","max-video-preview":"max-video-preview:-1"},"canonical":"https:\/\/www.asajacyl.com\/salamanca\/sin-categoria\/con-estos-bueyes-tenemos-que-arar","og_locale":"es_ES","og_type":"article","og_title":"Con estos bueyes tenemos que arar - ASAJA Salamanca","og_description":"Se termina el a\u00f1o y es oportuno hacer un repaso a este largu\u00edsimo 2023, y digo largu\u00edsimo porque al sector agrario se le han sumado los problemas por","og_url":"https:\/\/www.asajacyl.com\/salamanca\/sin-categoria\/con-estos-bueyes-tenemos-que-arar","og_site_name":"ASAJA Salamanca","article_published_time":"2024-01-16T11:20:36+00:00","article_modified_time":"2024-01-16T11:23:45+00:00","og_image":[{"width":1516,"height":1592,"url":"https:\/\/www.asajacyl.com\/salamanca\/wp-content\/uploads\/sites\/7\/2024\/01\/IMG_7224-1.jpg","type":"image\/jpeg"}],"author":"Sonia","twitter_card":"summary_large_image","twitter_misc":{"Escrito por":"Sonia","Tiempo de lectura":"4 minutos"},"schema":{"@context":"https:\/\/schema.org","@graph":[{"@type":"WebPage","@id":"https:\/\/www.asajacyl.com\/salamanca\/sin-categoria\/con-estos-bueyes-tenemos-que-arar","url":"https:\/\/www.asajacyl.com\/salamanca\/sin-categoria\/con-estos-bueyes-tenemos-que-arar","name":"Con estos bueyes tenemos que arar - ASAJA Salamanca","isPartOf":{"@id":"https:\/\/www.asajacyl.com\/salamanca\/#website"},"primaryImageOfPage":{"@id":"https:\/\/www.asajacyl.com\/salamanca\/sin-categoria\/con-estos-bueyes-tenemos-que-arar#primaryimage"},"image":{"@id":"https:\/\/www.asajacyl.com\/salamanca\/sin-categoria\/con-estos-bueyes-tenemos-que-arar#primaryimage"},"thumbnailUrl":"https:\/\/www.asajacyl.com\/salamanca\/wp-content\/uploads\/sites\/7\/2024\/01\/IMG_7224-1.jpg","datePublished":"2024-01-16T11:20:36+00:00","dateModified":"2024-01-16T11:23:45+00:00","author":{"@id":"https:\/\/www.asajacyl.com\/salamanca\/#\/schema\/person\/2bfc7da09988e1087e6291fafe99b67f"},"description":"Se termina el a\u00f1o y es oportuno hacer un repaso a este largu\u00edsimo 2023, y digo largu\u00edsimo porque al sector agrario se le han sumado los problemas por","breadcrumb":{"@id":"https:\/\/www.asajacyl.com\/salamanca\/sin-categoria\/con-estos-bueyes-tenemos-que-arar#breadcrumb"},"inLanguage":"es","potentialAction":[{"@type":"ReadAction","target":["https:\/\/www.asajacyl.com\/salamanca\/sin-categoria\/con-estos-bueyes-tenemos-que-arar"]}]},{"@type":"ImageObject","inLanguage":"es","@id":"https:\/\/www.asajacyl.com\/salamanca\/sin-categoria\/con-estos-bueyes-tenemos-que-arar#primaryimage","url":"https:\/\/www.asajacyl.com\/salamanca\/wp-content\/uploads\/sites\/7\/2024\/01\/IMG_7224-1.jpg","contentUrl":"https:\/\/www.asajacyl.com\/salamanca\/wp-content\/uploads\/sites\/7\/2024\/01\/IMG_7224-1.jpg","width":1516,"height":1592},{"@type":"BreadcrumbList","@id":"https:\/\/www.asajacyl.com\/salamanca\/sin-categoria\/con-estos-bueyes-tenemos-que-arar#breadcrumb","itemListElement":[{"@type":"ListItem","position":1,"name":"Portada","item":"https:\/\/www.asajacyl.com\/salamanca\/"},{"@type":"ListItem","position":2,"name":"Con estos bueyes tenemos que arar"}]},{"@type":"WebSite","@id":"https:\/\/www.asajacyl.com\/salamanca\/#website","url":"https:\/\/www.asajacyl.com\/salamanca\/","name":"ASAJA Salamanca","description":"Otro sitio m\u00e1s de Provincias ASAJA Castilla y Le\u00f3n","potentialAction":[{"@type":"SearchAction","target":{"@type":"EntryPoint","urlTemplate":"https:\/\/www.asajacyl.com\/salamanca\/?s={search_term_string}"},"query-input":{"@type":"PropertyValueSpecification","valueRequired":true,"valueName":"search_term_string"}}],"inLanguage":"es"},{"@type":"Person","@id":"https:\/\/www.asajacyl.com\/salamanca\/#\/schema\/person\/2bfc7da09988e1087e6291fafe99b67f","name":"Sonia","image":{"@type":"ImageObject","inLanguage":"es","@id":"https:\/\/www.asajacyl.com\/salamanca\/#\/schema\/person\/image\/","url":"https:\/\/secure.gravatar.com\/avatar\/6b0d6eb461a1e3687cc023d59022ef0d?s=96&d=mm&r=g","contentUrl":"https:\/\/secure.gravatar.com\/avatar\/6b0d6eb461a1e3687cc023d59022ef0d?s=96&d=mm&r=g","caption":"Sonia"},"url":"https:\/\/www.asajacyl.com\/salamanca\/author\/juanluisde"}]}},"_links":{"self":[{"href":"https:\/\/www.asajacyl.com\/salamanca\/wp-json\/wp\/v2\/posts\/17688"}],"collection":[{"href":"https:\/\/www.asajacyl.com\/salamanca\/wp-json\/wp\/v2\/posts"}],"about":[{"href":"https:\/\/www.asajacyl.com\/salamanca\/wp-json\/wp\/v2\/types\/post"}],"author":[{"embeddable":true,"href":"https:\/\/www.asajacyl.com\/salamanca\/wp-json\/wp\/v2\/users\/10"}],"replies":[{"embeddable":true,"href":"https:\/\/www.asajacyl.com\/salamanca\/wp-json\/wp\/v2\/comments?post=17688"}],"version-history":[{"count":1,"href":"https:\/\/www.asajacyl.com\/salamanca\/wp-json\/wp\/v2\/posts\/17688\/revisions"}],"predecessor-version":[{"id":17690,"href":"https:\/\/www.asajacyl.com\/salamanca\/wp-json\/wp\/v2\/posts\/17688\/revisions\/17690"}],"wp:featuredmedia":[{"embeddable":true,"href":"https:\/\/www.asajacyl.com\/salamanca\/wp-json\/wp\/v2\/media\/17692"}],"wp:attachment":[{"href":"https:\/\/www.asajacyl.com\/salamanca\/wp-json\/wp\/v2\/media?parent=17688"}],"wp:term":[{"taxonomy":"category","embeddable":true,"href":"https:\/\/www.asajacyl.com\/salamanca\/wp-json\/wp\/v2\/categories?post=17688"},{"taxonomy":"post_tag","embeddable":true,"href":"https:\/\/www.asajacyl.com\/salamanca\/wp-json\/wp\/v2\/tags?post=17688"}],"curies":[{"name":"wp","href":"https:\/\/api.w.org\/{rel}","templated":true}]}}