{"id":17694,"date":"2024-01-16T13:36:50","date_gmt":"2024-01-16T12:36:50","guid":{"rendered":"https:\/\/www.asajacyl.com\/salamanca\/?p=17694"},"modified":"2025-11-11T09:04:51","modified_gmt":"2025-11-11T08:04:51","slug":"autorizacion-para-el-uso-de-cadaveres-de-ganado-para-alimentacion-de-especies-necrofagas-fuera-de-muladares","status":"publish","type":"post","link":"https:\/\/www.asajacyl.com\/salamanca\/sin-categoria\/autorizacion-para-el-uso-de-cadaveres-de-ganado-para-alimentacion-de-especies-necrofagas-fuera-de-muladares","title":{"rendered":"Gesti\u00f3n sostenible de superficies de forrajeras pastables y apoyo a los sistemas tradicionales de pastoreo trashumante"},"content":{"rendered":"\n<p>Dentro de las posibles acciones a realizar en las superficies de pastos acogidas a la ayuda est\u00e1 la de:<br>\u201cAcogerse al sistema de alimentaci\u00f3n de necr\u00f3fagas regulado por la autoridad ambiental de la Junta de Castilla y Le\u00f3n, en el primer o segundo a\u00f1o de contrato. Se considerar\u00e1 cumplido el compromiso cuando se realicen los aportes de cad\u00e1veres determinados por la autoridad ambiental\u201d.<br>El ganadero que est\u00e9 interesado en utilizar este criterio dentro de los compromisos de la ayuda agroambiental, <strong>deber\u00e1 solicitar la autorizaci\u00f3n pertinente<\/strong> y el periodo para poder hacerlo es ahora en el mes de enero,<strong> antes del d\u00eda 31.<\/strong><\/p>\n\n\n\n<h2 class=\"wp-block-heading\"><strong>Autorizaci\u00f3n para el uso de cad\u00e1veres de ganado para alimentaci\u00f3n de especies necr\u00f3fagas fuera de muladares<\/strong><\/h2>\n\n\n\n<p><strong>\u00bfQui\u00e9nes pueden solicitarlo?<\/strong><\/p>\n\n\n\n<p>Podr\u00e1n solicitarlo propietarios o representantes de las explotaciones ganaderas que est\u00e9n ubicadas en zonas declaradas de protecci\u00f3n para la alimentaci\u00f3n de especies necr\u00f3fagas (toda la provincia de Salamanca est\u00e1 inclu\u00edda).<\/p>\n\n\n\n<p><strong>\u00bfQu\u00e9 requisitos debo cumplir?<\/strong><\/p>\n\n\n\n<p>Las condiciones de ubicaci\u00f3n, sanitarias y zoot\u00e9cnicas de las explotaciones ser\u00e1n:<\/p>\n\n\n\n<p>a) Estar incluidas en alguno de los municipios de las zonas declaradas de protecci\u00f3n para la alimentaci\u00f3n de especies necr\u00f3fagas de inter\u00e9s comunitario en Castilla y Le\u00f3n.<\/p>\n\n\n\n<p>b) Estar inscritas en el Registro Oficial de Explotaciones Ganaderas (REGA) en situaci\u00f3n de alta.<\/p>\n\n\n\n<p>c) No desarrollar un aprovechamiento ganadero intensivo.<\/p>\n\n\n\n<p>d) Cumplir con la normativa en materia de ordenaci\u00f3n, sanidad y bienestar animal que les sea de aplicaci\u00f3n.<\/p>\n\n\n\n<p>e) Cumplir el programa de vigilancia de las encefalopat\u00edas espongiformes transmisibles de los animales (EET), y en concreto, las pruebas previstas en el Anexo II del Real Decreto 3454\/2000, de 22 de diciembre.<\/p>\n\n\n\n<p>f) Estar sometidas a vigilancia peri\u00f3dica de los servicios veterinarios oficiales y cuenten con una calificaci\u00f3n sanitaria que no suponga riesgo para la salud p\u00fablica y la sanidad animal y est\u00e9n sometidas a control y vigilancia de programas nacionales o auton\u00f3micos de control, erradicaci\u00f3n o vigilancia de enfermedades.<\/p>\n\n\n\n<p>g) Tener establecido un sistema de gesti\u00f3n de cad\u00e1veres conforme a la legislaci\u00f3n vigente en cada momento.<\/p>\n\n\n\n<p><strong>\u00bfQu\u00e9 documentos necesito? <\/strong><\/p>\n\n\n\n<p>Solicitud en modelo normalizado.<br>En el siguiente enlace puedes descargar la solicitud, rellenarla y registrarla en la Unidad Veterinaria, en el Ayuntamiento o telem\u00e1ticamente por la Red SARA.<\/p>\n\n\n\n<p>Accede a la solicitud a trav\u00e9s del link: <a href=\"https:\/\/goo.su\/pJsmCN3\">https:\/\/goo.su\/pJsmCN3<\/a><\/p>\n\n\n\n<p><strong>\u00bfQu\u00e9 plazo tengo para solicitarlo?<\/strong><\/p>\n\n\n\n<p>El per\u00edodo ordinario de presentaci\u00f3n de solicitudes es entre el 1 y el 31 de enero.<\/p>\n\n\n\n<p>Para cualquier consulta llama al tel\u00e9fono de ASAJA Salamanca: <strong>923 190 720<\/strong><\/p>\n\n\n\n<p><\/p>\n\n\n\n<p><\/p>\n","protected":false},"excerpt":{"rendered":"<p>Dentro de las posibles acciones a realizar en las superficies de pastos acogidas a la ayuda est\u00e1 la de:\u201cAcogerse al sistema de alimentaci\u00f3n de necr\u00f3fagas regulado por la autoridad ambiental de la Junta de Castilla y Le\u00f3n, en el primer o segundo a\u00f1o de contrato. Se considerar\u00e1 cumplido el compromiso cuando se realicen los aportes [&hellip;]<\/p>\n","protected":false},"author":10,"featured_media":17697,"comment_status":"open","ping_status":"open","sticky":false,"template":"","format":"standard","meta":{"footnotes":""},"categories":[510,1],"tags":[],"yoast_head":"<!-- This site is optimized with the Yoast SEO plugin v24.5 - https:\/\/yoast.com\/wordpress\/plugins\/seo\/ -->\n<title>Gesti\u00f3n sostenible de superficies de forrajeras pastables y apoyo a los sistemas tradicionales de pastoreo trashumante - ASAJA Salamanca<\/title>\n<meta name=\"description\" content=\"Dentro de las posibles acciones a realizar en las superficies de pastos acogidas a la ayuda est\u00e1 la de:\u201cAcogerse al sistema de alimentaci\u00f3n de necr\u00f3fagas\" \/>\n<meta name=\"robots\" content=\"index, follow, max-snippet:-1, max-image-preview:large, max-video-preview:-1\" \/>\n<link rel=\"canonical\" href=\"https:\/\/www.asajacyl.com\/salamanca\/sin-categoria\/autorizacion-para-el-uso-de-cadaveres-de-ganado-para-alimentacion-de-especies-necrofagas-fuera-de-muladares\" \/>\n<meta property=\"og:locale\" content=\"es_ES\" \/>\n<meta property=\"og:type\" content=\"article\" \/>\n<meta property=\"og:title\" content=\"Gesti\u00f3n sostenible de superficies de forrajeras pastables y apoyo a los sistemas tradicionales de pastoreo trashumante - ASAJA Salamanca\" \/>\n<meta property=\"og:description\" content=\"Dentro de las posibles acciones a realizar en las superficies de pastos acogidas a la ayuda est\u00e1 la de:\u201cAcogerse al sistema de alimentaci\u00f3n de necr\u00f3fagas\" \/>\n<meta property=\"og:url\" content=\"https:\/\/www.asajacyl.com\/salamanca\/sin-categoria\/autorizacion-para-el-uso-de-cadaveres-de-ganado-para-alimentacion-de-especies-necrofagas-fuera-de-muladares\" \/>\n<meta property=\"og:site_name\" content=\"ASAJA Salamanca\" \/>\n<meta property=\"article:published_time\" content=\"2024-01-16T12:36:50+00:00\" \/>\n<meta property=\"article:modified_time\" content=\"2025-11-11T08:04:51+00:00\" \/>\n<meta property=\"og:image\" content=\"https:\/\/www.asajacyl.com\/salamanca\/wp-content\/uploads\/sites\/7\/2024\/01\/20100516_Vacas_Vilarromaris_Oroso-8-1.jpg\" \/>\n\t<meta property=\"og:image:width\" content=\"2500\" \/>\n\t<meta property=\"og:image:height\" content=\"1668\" \/>\n\t<meta property=\"og:image:type\" content=\"image\/jpeg\" \/>\n<meta name=\"author\" content=\"Sonia\" \/>\n<meta name=\"twitter:card\" content=\"summary_large_image\" \/>\n<meta name=\"twitter:label1\" content=\"Escrito por\" \/>\n\t<meta name=\"twitter:data1\" content=\"Sonia\" \/>\n\t<meta name=\"twitter:label2\" content=\"Tiempo de lectura\" \/>\n\t<meta name=\"twitter:data2\" content=\"3 minutos\" \/>\n<script type=\"application\/ld+json\" class=\"yoast-schema-graph\">{\"@context\":\"https:\/\/schema.org\",\"@graph\":[{\"@type\":\"WebPage\",\"@id\":\"https:\/\/www.asajacyl.com\/salamanca\/sin-categoria\/autorizacion-para-el-uso-de-cadaveres-de-ganado-para-alimentacion-de-especies-necrofagas-fuera-de-muladares\",\"url\":\"https:\/\/www.asajacyl.com\/salamanca\/sin-categoria\/autorizacion-para-el-uso-de-cadaveres-de-ganado-para-alimentacion-de-especies-necrofagas-fuera-de-muladares\",\"name\":\"Gesti\u00f3n sostenible de superficies de forrajeras pastables y apoyo a los sistemas tradicionales de pastoreo trashumante - ASAJA Salamanca\",\"isPartOf\":{\"@id\":\"https:\/\/www.asajacyl.com\/salamanca\/#website\"},\"primaryImageOfPage\":{\"@id\":\"https:\/\/www.asajacyl.com\/salamanca\/sin-categoria\/autorizacion-para-el-uso-de-cadaveres-de-ganado-para-alimentacion-de-especies-necrofagas-fuera-de-muladares#primaryimage\"},\"image\":{\"@id\":\"https:\/\/www.asajacyl.com\/salamanca\/sin-categoria\/autorizacion-para-el-uso-de-cadaveres-de-ganado-para-alimentacion-de-especies-necrofagas-fuera-de-muladares#primaryimage\"},\"thumbnailUrl\":\"https:\/\/www.asajacyl.com\/salamanca\/wp-content\/uploads\/sites\/7\/2024\/01\/20100516_Vacas_Vilarromaris_Oroso-8-1.jpg\",\"datePublished\":\"2024-01-16T12:36:50+00:00\",\"dateModified\":\"2025-11-11T08:04:51+00:00\",\"author\":{\"@id\":\"https:\/\/www.asajacyl.com\/salamanca\/#\/schema\/person\/2bfc7da09988e1087e6291fafe99b67f\"},\"description\":\"Dentro de las posibles acciones a realizar en las superficies de pastos acogidas a la ayuda est\u00e1 la de:\u201cAcogerse al sistema de alimentaci\u00f3n de necr\u00f3fagas\",\"breadcrumb\":{\"@id\":\"https:\/\/www.asajacyl.com\/salamanca\/sin-categoria\/autorizacion-para-el-uso-de-cadaveres-de-ganado-para-alimentacion-de-especies-necrofagas-fuera-de-muladares#breadcrumb\"},\"inLanguage\":\"es\",\"potentialAction\":[{\"@type\":\"ReadAction\",\"target\":[\"https:\/\/www.asajacyl.com\/salamanca\/sin-categoria\/autorizacion-para-el-uso-de-cadaveres-de-ganado-para-alimentacion-de-especies-necrofagas-fuera-de-muladares\"]}]},{\"@type\":\"ImageObject\",\"inLanguage\":\"es\",\"@id\":\"https:\/\/www.asajacyl.com\/salamanca\/sin-categoria\/autorizacion-para-el-uso-de-cadaveres-de-ganado-para-alimentacion-de-especies-necrofagas-fuera-de-muladares#primaryimage\",\"url\":\"https:\/\/www.asajacyl.com\/salamanca\/wp-content\/uploads\/sites\/7\/2024\/01\/20100516_Vacas_Vilarromaris_Oroso-8-1.jpg\",\"contentUrl\":\"https:\/\/www.asajacyl.com\/salamanca\/wp-content\/uploads\/sites\/7\/2024\/01\/20100516_Vacas_Vilarromaris_Oroso-8-1.jpg\",\"width\":2500,\"height\":1668},{\"@type\":\"BreadcrumbList\",\"@id\":\"https:\/\/www.asajacyl.com\/salamanca\/sin-categoria\/autorizacion-para-el-uso-de-cadaveres-de-ganado-para-alimentacion-de-especies-necrofagas-fuera-de-muladares#breadcrumb\",\"itemListElement\":[{\"@type\":\"ListItem\",\"position\":1,\"name\":\"Portada\",\"item\":\"https:\/\/www.asajacyl.com\/salamanca\/\"},{\"@type\":\"ListItem\",\"position\":2,\"name\":\"Gesti\u00f3n sostenible de superficies de forrajeras pastables y apoyo a los sistemas tradicionales de pastoreo trashumante\"}]},{\"@type\":\"WebSite\",\"@id\":\"https:\/\/www.asajacyl.com\/salamanca\/#website\",\"url\":\"https:\/\/www.asajacyl.com\/salamanca\/\",\"name\":\"ASAJA Salamanca\",\"description\":\"Otro sitio m\u00e1s de Provincias ASAJA Castilla y Le\u00f3n\",\"potentialAction\":[{\"@type\":\"SearchAction\",\"target\":{\"@type\":\"EntryPoint\",\"urlTemplate\":\"https:\/\/www.asajacyl.com\/salamanca\/?s={search_term_string}\"},\"query-input\":{\"@type\":\"PropertyValueSpecification\",\"valueRequired\":true,\"valueName\":\"search_term_string\"}}],\"inLanguage\":\"es\"},{\"@type\":\"Person\",\"@id\":\"https:\/\/www.asajacyl.com\/salamanca\/#\/schema\/person\/2bfc7da09988e1087e6291fafe99b67f\",\"name\":\"Sonia\",\"image\":{\"@type\":\"ImageObject\",\"inLanguage\":\"es\",\"@id\":\"https:\/\/www.asajacyl.com\/salamanca\/#\/schema\/person\/image\/\",\"url\":\"https:\/\/secure.gravatar.com\/avatar\/6b0d6eb461a1e3687cc023d59022ef0d?s=96&d=mm&r=g\",\"contentUrl\":\"https:\/\/secure.gravatar.com\/avatar\/6b0d6eb461a1e3687cc023d59022ef0d?s=96&d=mm&r=g\",\"caption\":\"Sonia\"},\"url\":\"https:\/\/www.asajacyl.com\/salamanca\/author\/juanluisde\"}]}<\/script>\n<!-- \/ Yoast SEO plugin. -->","yoast_head_json":{"title":"Gesti\u00f3n sostenible de superficies de forrajeras pastables y apoyo a los sistemas tradicionales de pastoreo trashumante - ASAJA Salamanca","description":"Dentro de las posibles acciones a realizar en las superficies de pastos acogidas a la ayuda est\u00e1 la de:\u201cAcogerse al sistema de alimentaci\u00f3n de necr\u00f3fagas","robots":{"index":"index","follow":"follow","max-snippet":"max-snippet:-1","max-image-preview":"max-image-preview:large","max-video-preview":"max-video-preview:-1"},"canonical":"https:\/\/www.asajacyl.com\/salamanca\/sin-categoria\/autorizacion-para-el-uso-de-cadaveres-de-ganado-para-alimentacion-de-especies-necrofagas-fuera-de-muladares","og_locale":"es_ES","og_type":"article","og_title":"Gesti\u00f3n sostenible de superficies de forrajeras pastables y apoyo a los sistemas tradicionales de pastoreo trashumante - ASAJA Salamanca","og_description":"Dentro de las posibles acciones a realizar en las superficies de pastos acogidas a la ayuda est\u00e1 la de:\u201cAcogerse al sistema de alimentaci\u00f3n de necr\u00f3fagas","og_url":"https:\/\/www.asajacyl.com\/salamanca\/sin-categoria\/autorizacion-para-el-uso-de-cadaveres-de-ganado-para-alimentacion-de-especies-necrofagas-fuera-de-muladares","og_site_name":"ASAJA Salamanca","article_published_time":"2024-01-16T12:36:50+00:00","article_modified_time":"2025-11-11T08:04:51+00:00","og_image":[{"width":2500,"height":1668,"url":"https:\/\/www.asajacyl.com\/salamanca\/wp-content\/uploads\/sites\/7\/2024\/01\/20100516_Vacas_Vilarromaris_Oroso-8-1.jpg","type":"image\/jpeg"}],"author":"Sonia","twitter_card":"summary_large_image","twitter_misc":{"Escrito por":"Sonia","Tiempo de lectura":"3 minutos"},"schema":{"@context":"https:\/\/schema.org","@graph":[{"@type":"WebPage","@id":"https:\/\/www.asajacyl.com\/salamanca\/sin-categoria\/autorizacion-para-el-uso-de-cadaveres-de-ganado-para-alimentacion-de-especies-necrofagas-fuera-de-muladares","url":"https:\/\/www.asajacyl.com\/salamanca\/sin-categoria\/autorizacion-para-el-uso-de-cadaveres-de-ganado-para-alimentacion-de-especies-necrofagas-fuera-de-muladares","name":"Gesti\u00f3n sostenible de superficies de forrajeras pastables y apoyo a los sistemas tradicionales de pastoreo trashumante - ASAJA Salamanca","isPartOf":{"@id":"https:\/\/www.asajacyl.com\/salamanca\/#website"},"primaryImageOfPage":{"@id":"https:\/\/www.asajacyl.com\/salamanca\/sin-categoria\/autorizacion-para-el-uso-de-cadaveres-de-ganado-para-alimentacion-de-especies-necrofagas-fuera-de-muladares#primaryimage"},"image":{"@id":"https:\/\/www.asajacyl.com\/salamanca\/sin-categoria\/autorizacion-para-el-uso-de-cadaveres-de-ganado-para-alimentacion-de-especies-necrofagas-fuera-de-muladares#primaryimage"},"thumbnailUrl":"https:\/\/www.asajacyl.com\/salamanca\/wp-content\/uploads\/sites\/7\/2024\/01\/20100516_Vacas_Vilarromaris_Oroso-8-1.jpg","datePublished":"2024-01-16T12:36:50+00:00","dateModified":"2025-11-11T08:04:51+00:00","author":{"@id":"https:\/\/www.asajacyl.com\/salamanca\/#\/schema\/person\/2bfc7da09988e1087e6291fafe99b67f"},"description":"Dentro de las posibles acciones a realizar en las superficies de pastos acogidas a la ayuda est\u00e1 la de:\u201cAcogerse al sistema de alimentaci\u00f3n de necr\u00f3fagas","breadcrumb":{"@id":"https:\/\/www.asajacyl.com\/salamanca\/sin-categoria\/autorizacion-para-el-uso-de-cadaveres-de-ganado-para-alimentacion-de-especies-necrofagas-fuera-de-muladares#breadcrumb"},"inLanguage":"es","potentialAction":[{"@type":"ReadAction","target":["https:\/\/www.asajacyl.com\/salamanca\/sin-categoria\/autorizacion-para-el-uso-de-cadaveres-de-ganado-para-alimentacion-de-especies-necrofagas-fuera-de-muladares"]}]},{"@type":"ImageObject","inLanguage":"es","@id":"https:\/\/www.asajacyl.com\/salamanca\/sin-categoria\/autorizacion-para-el-uso-de-cadaveres-de-ganado-para-alimentacion-de-especies-necrofagas-fuera-de-muladares#primaryimage","url":"https:\/\/www.asajacyl.com\/salamanca\/wp-content\/uploads\/sites\/7\/2024\/01\/20100516_Vacas_Vilarromaris_Oroso-8-1.jpg","contentUrl":"https:\/\/www.asajacyl.com\/salamanca\/wp-content\/uploads\/sites\/7\/2024\/01\/20100516_Vacas_Vilarromaris_Oroso-8-1.jpg","width":2500,"height":1668},{"@type":"BreadcrumbList","@id":"https:\/\/www.asajacyl.com\/salamanca\/sin-categoria\/autorizacion-para-el-uso-de-cadaveres-de-ganado-para-alimentacion-de-especies-necrofagas-fuera-de-muladares#breadcrumb","itemListElement":[{"@type":"ListItem","position":1,"name":"Portada","item":"https:\/\/www.asajacyl.com\/salamanca\/"},{"@type":"ListItem","position":2,"name":"Gesti\u00f3n sostenible de superficies de forrajeras pastables y apoyo a los sistemas tradicionales de pastoreo trashumante"}]},{"@type":"WebSite","@id":"https:\/\/www.asajacyl.com\/salamanca\/#website","url":"https:\/\/www.asajacyl.com\/salamanca\/","name":"ASAJA Salamanca","description":"Otro sitio m\u00e1s de Provincias ASAJA Castilla y Le\u00f3n","potentialAction":[{"@type":"SearchAction","target":{"@type":"EntryPoint","urlTemplate":"https:\/\/www.asajacyl.com\/salamanca\/?s={search_term_string}"},"query-input":{"@type":"PropertyValueSpecification","valueRequired":true,"valueName":"search_term_string"}}],"inLanguage":"es"},{"@type":"Person","@id":"https:\/\/www.asajacyl.com\/salamanca\/#\/schema\/person\/2bfc7da09988e1087e6291fafe99b67f","name":"Sonia","image":{"@type":"ImageObject","inLanguage":"es","@id":"https:\/\/www.asajacyl.com\/salamanca\/#\/schema\/person\/image\/","url":"https:\/\/secure.gravatar.com\/avatar\/6b0d6eb461a1e3687cc023d59022ef0d?s=96&d=mm&r=g","contentUrl":"https:\/\/secure.gravatar.com\/avatar\/6b0d6eb461a1e3687cc023d59022ef0d?s=96&d=mm&r=g","caption":"Sonia"},"url":"https:\/\/www.asajacyl.com\/salamanca\/author\/juanluisde"}]}},"_links":{"self":[{"href":"https:\/\/www.asajacyl.com\/salamanca\/wp-json\/wp\/v2\/posts\/17694"}],"collection":[{"href":"https:\/\/www.asajacyl.com\/salamanca\/wp-json\/wp\/v2\/posts"}],"about":[{"href":"https:\/\/www.asajacyl.com\/salamanca\/wp-json\/wp\/v2\/types\/post"}],"author":[{"embeddable":true,"href":"https:\/\/www.asajacyl.com\/salamanca\/wp-json\/wp\/v2\/users\/10"}],"replies":[{"embeddable":true,"href":"https:\/\/www.asajacyl.com\/salamanca\/wp-json\/wp\/v2\/comments?post=17694"}],"version-history":[{"count":8,"href":"https:\/\/www.asajacyl.com\/salamanca\/wp-json\/wp\/v2\/posts\/17694\/revisions"}],"predecessor-version":[{"id":17706,"href":"https:\/\/www.asajacyl.com\/salamanca\/wp-json\/wp\/v2\/posts\/17694\/revisions\/17706"}],"wp:featuredmedia":[{"embeddable":true,"href":"https:\/\/www.asajacyl.com\/salamanca\/wp-json\/wp\/v2\/media\/17697"}],"wp:attachment":[{"href":"https:\/\/www.asajacyl.com\/salamanca\/wp-json\/wp\/v2\/media?parent=17694"}],"wp:term":[{"taxonomy":"category","embeddable":true,"href":"https:\/\/www.asajacyl.com\/salamanca\/wp-json\/wp\/v2\/categories?post=17694"},{"taxonomy":"post_tag","embeddable":true,"href":"https:\/\/www.asajacyl.com\/salamanca\/wp-json\/wp\/v2\/tags?post=17694"}],"curies":[{"name":"wp","href":"https:\/\/api.w.org\/{rel}","templated":true}]}}