{"id":17961,"date":"2024-03-20T16:42:21","date_gmt":"2024-03-20T15:42:21","guid":{"rendered":"https:\/\/www.asajacyl.com\/salamanca\/?p=17961"},"modified":"2025-11-11T09:02:12","modified_gmt":"2025-11-11T08:02:12","slug":"informacion-importante-pac-2024","status":"publish","type":"post","link":"https:\/\/www.asajacyl.com\/salamanca\/sin-categoria\/informacion-importante-pac-2024","title":{"rendered":"Informaci\u00f3n importante PAC 2024"},"content":{"rendered":"\n<h2 class=\"wp-block-heading\">La Direcci\u00f3n General de Pol\u00edtica Agraria Comunitaria ha elaborado una nota interpretativa con la afecci\u00f3n en 2024 de las propuestas de modificaci\u00f3n del PEPAC. Asimismo, ha dictado resoluci\u00f3n por la que se establecen determinadas flexibilidades en los requisitos de los ecorreg\u00edmenes en 2024, con el fin de evitar discontinuidades hasta la entrada en vigor en 2025 de las medidas propuestas para la modificaci\u00f3n del PEPAC.\u00a0<\/h2>\n\n\n\n<p>La Direcci\u00f3n General ha\u00a0emitido una\u00a0<strong>nota interpretativa con la afecci\u00f3n de las propuestas de modificaci\u00f3n del PEPAC y la aplicaci\u00f3n inform\u00e1tica de captura de la Solicitud \u00danica PAC 2024<\/strong>\u00a0que afectan a la Condicionalidad Reforzada (BCAM):<\/p>\n\n\n\n<p><strong>CONDICIONALIDA REFORZADA.<\/strong><\/p>\n\n\n\n<ul>\n<li><em><strong>BCAM 7 \u2013 Rotaci\u00f3n de cultivos.<\/strong><\/em> Para el cumplimiento de la condici\u00f3n se proponen dos alternativas a elecci\u00f3n del<br>agricultor, rotaci\u00f3n o diversificaci\u00f3n.<br>a) Rotaci\u00f3n: Realizar una rotaci\u00f3n de cultivos en todas las parcelas de la explotaci\u00f3n excepto aquellas con cultivos plurianuales. El a\u00f1o 2023 ser\u00e1 el primero a tener en cuenta a fin de establecer la fecha de inicio de la rotaci\u00f3n. Cuando exista un cultivo secundario en el mismo a\u00f1o que el cultivo principal, este se considerar\u00e1 parte de la rotaci\u00f3n, en este caso no computar\u00eda las tierras en barbecho.<br>b) Diversificaci\u00f3n. El cumplimiento se verificar\u00e1:<br>\u00b7 Si la tierra de cultivo es igual o superior a 10 hect\u00e1reas e igual o inferior a 30 hect\u00e1reas, se deben cultivar, al menos, dos cultivos diferentes sin que el mayoritario suponga m\u00e1s del 75% de la tierra de cultivo.<br>\u00b7 Si la tierra de cultivo es superior a 30 hect\u00e1reas, se deben cultivar, al menos, tres cultivos diferentes sin que el mayoritario suponga m\u00e1s del 75% de la tierra de cultivo y, los dos cultivos mayoritarios juntos no podr\u00e1n ocupar m\u00e1s del 95% de la misma.<\/li>\n\n\n\n<li><strong>BCAM 8.1 \u2013 Elementos no productivos.<\/strong> Se eliminan las obligaciones de cumplimiento de la condici\u00f3n sobre el establecimiento de superficies no productivas. Por ello, se ha desactivado el filtro previsto para su verificaci\u00f3n, as\u00ed como la casilla que permit\u00eda marcar el barbecho para cumplimiento de la norma y diferenciarlo del resto del barbecho, donde s\u00ed se permit\u00eda un uso productivo.<\/li>\n\n\n\n<li><strong>BCAM 5 \u2013 Gesti\u00f3n de la labranza.<\/strong> Aunque no afecta al programa PAC de captura de la solicitud \u00fanica 2024, se  considera importante indicar las excepciones a las parcelas de cultivos le\u00f1osos con alguna de las siguientes caracter\u00edsticas:<br>\u00b7 Parcelas de superficie igual o inferior a 1 hect\u00e1rea, o en el caso de parcelas irregulares o alargadas, cuya dimensi\u00f3n m\u00ednima en el sentido<br>transversal de la pendiente sea inferior a 100 metros en cualquier punto de la parcela.<br>\u00b7 Plantaciones implantadas con anterioridad al 1 de enero de 2023 cuyo dise\u00f1o de plantaci\u00f3n, sistema o riego o sistema de conducci\u00f3n no permita realizar laboreo transversal a la direcci\u00f3n de la m\u00e1xima pendiente.<br>\u00b7 Plantaciones implantadas con posterioridad al 1 de enero de 2023 donde, las condiciones agron\u00f3micas debidamente justificadas, (insolaci\u00f3n, vientos dominantes, situaci\u00f3n de caminos, longitud de filas, etc.) determinen una determinada orientaci\u00f3n de la plantaci\u00f3n que impida el laboreo vertical.<\/li>\n\n\n\n<li><strong>BCAM 6 \u2013 Cobertura m\u00ednima del suelo.<br><\/strong>Aunque no afecta al programa PAC de captura de la solicitud \u00fanica 2024, se considera importante indicar las excepciones a las obligaciones de los periodos sensibles, en su caso:<br>\u00b7 Cultivos herb\u00e1ceos de invierno, se permiten el abonado en verde y labores verticales sobre los rastrojos tras su recolecci\u00f3n.<br>\u00b7 Cultivos le\u00f1osos, adem\u00e1s del establecimiento de una cubierta vegetal, se podr\u00e1 cumplir la condici\u00f3n mediante cubiertas inertes.<br>\u00b7 Barbecho, se permite la aplicaci\u00f3n de enmiendas org\u00e1nicas y purines durante todo el a\u00f1o.<br><strong>ECORREG\u00cdMENES.<br><\/strong>Los ecorreg\u00edmenes se flexibilizar\u00e1n en 2024 en los siguientes criterios, el resto de las modificaciones del PEPAC propuestas por el Ministerio ser\u00e1n de aplicaci\u00f3n para 2025:<\/li>\n\n\n\n<li>Ecorreg\u00edmenes en las superficies de pastos \u201cpastoreo extensivo\u201d.<br>\u00b7 Reducci\u00f3n de la carga ganadera m\u00ednima para la pr\u00e1ctica de pastoreo extensivo. Se reducen las cargas ganaderas m\u00ednimas a 0,1 UGM\/ha en pastos mediterr\u00e1neos y a 0,2 UGM\/ha en pastos h\u00famedos.<\/li>\n\n\n\n<li>Ecorreg\u00edmenes en tierras de cultivo.<br>\u00b7 Incremento hasta el 40% del l\u00edmite m\u00e1ximo de barbecho para el cumplimiento de la pr\u00e1ctica de rotaci\u00f3n con especies mejorantes.<\/li>\n\n\n\n<li>Ecorreg\u00edmenes en cultivos le\u00f1osos.<br>\u00b7 Se permiten aquellas labores superficiales poco profundas, que no supongan, en ning\u00fan caso, la modificaci\u00f3n de la estructura del suelo en las pr\u00e1cticas de cubiertas vegetales y de cubiertas inertes.<\/li>\n<\/ul>\n\n\n\n<p><\/p>\n","protected":false},"excerpt":{"rendered":"<p>La Direcci\u00f3n General de Pol\u00edtica Agraria Comunitaria ha elaborado una nota interpretativa con la afecci\u00f3n en 2024 de las propuestas de modificaci\u00f3n del PEPAC. Asimismo, ha dictado resoluci\u00f3n por la que se establecen determinadas flexibilidades en los requisitos de los ecorreg\u00edmenes en 2024, con el fin de evitar discontinuidades hasta la entrada en vigor en [&hellip;]<\/p>\n","protected":false},"author":10,"featured_media":17965,"comment_status":"open","ping_status":"open","sticky":false,"template":"","format":"standard","meta":{"footnotes":""},"categories":[510,1],"tags":[],"yoast_head":"<!-- This site is optimized with the Yoast SEO plugin v24.5 - https:\/\/yoast.com\/wordpress\/plugins\/seo\/ -->\n<title>Informaci\u00f3n importante PAC 2024 - ASAJA Salamanca<\/title>\n<meta name=\"description\" content=\"La Direcci\u00f3n General de Pol\u00edtica Agraria Comunitaria ha elaborado una nota interpretativa con la afecci\u00f3n en 2024 de las propuestas de modificaci\u00f3n del\" \/>\n<meta name=\"robots\" content=\"index, follow, max-snippet:-1, max-image-preview:large, max-video-preview:-1\" \/>\n<link rel=\"canonical\" href=\"https:\/\/www.asajacyl.com\/salamanca\/sin-categoria\/informacion-importante-pac-2024\" \/>\n<meta property=\"og:locale\" content=\"es_ES\" \/>\n<meta property=\"og:type\" content=\"article\" \/>\n<meta property=\"og:title\" content=\"Informaci\u00f3n importante PAC 2024 - ASAJA Salamanca\" \/>\n<meta property=\"og:description\" content=\"La Direcci\u00f3n General de Pol\u00edtica Agraria Comunitaria ha elaborado una nota interpretativa con la afecci\u00f3n en 2024 de las propuestas de modificaci\u00f3n del\" \/>\n<meta property=\"og:url\" content=\"https:\/\/www.asajacyl.com\/salamanca\/sin-categoria\/informacion-importante-pac-2024\" \/>\n<meta property=\"og:site_name\" content=\"ASAJA Salamanca\" \/>\n<meta property=\"article:published_time\" content=\"2024-03-20T15:42:21+00:00\" \/>\n<meta property=\"article:modified_time\" content=\"2025-11-11T08:02:12+00:00\" \/>\n<meta property=\"og:image\" content=\"https:\/\/www.asajacyl.com\/salamanca\/wp-content\/uploads\/sites\/7\/2024\/03\/carlo-verso-Jc-4LqyuSno-unsplash-1.jpg\" \/>\n\t<meta property=\"og:image:width\" content=\"2500\" \/>\n\t<meta property=\"og:image:height\" content=\"1406\" \/>\n\t<meta property=\"og:image:type\" content=\"image\/jpeg\" \/>\n<meta name=\"author\" content=\"Sonia\" \/>\n<meta name=\"twitter:card\" content=\"summary_large_image\" \/>\n<meta name=\"twitter:label1\" content=\"Escrito por\" \/>\n\t<meta name=\"twitter:data1\" content=\"Sonia\" \/>\n\t<meta name=\"twitter:label2\" content=\"Tiempo de lectura\" \/>\n\t<meta name=\"twitter:data2\" content=\"5 minutos\" \/>\n<script type=\"application\/ld+json\" class=\"yoast-schema-graph\">{\"@context\":\"https:\/\/schema.org\",\"@graph\":[{\"@type\":\"WebPage\",\"@id\":\"https:\/\/www.asajacyl.com\/salamanca\/sin-categoria\/informacion-importante-pac-2024\",\"url\":\"https:\/\/www.asajacyl.com\/salamanca\/sin-categoria\/informacion-importante-pac-2024\",\"name\":\"Informaci\u00f3n importante PAC 2024 - ASAJA Salamanca\",\"isPartOf\":{\"@id\":\"https:\/\/www.asajacyl.com\/salamanca\/#website\"},\"primaryImageOfPage\":{\"@id\":\"https:\/\/www.asajacyl.com\/salamanca\/sin-categoria\/informacion-importante-pac-2024#primaryimage\"},\"image\":{\"@id\":\"https:\/\/www.asajacyl.com\/salamanca\/sin-categoria\/informacion-importante-pac-2024#primaryimage\"},\"thumbnailUrl\":\"https:\/\/www.asajacyl.com\/salamanca\/wp-content\/uploads\/sites\/7\/2024\/03\/carlo-verso-Jc-4LqyuSno-unsplash-1.jpg\",\"datePublished\":\"2024-03-20T15:42:21+00:00\",\"dateModified\":\"2025-11-11T08:02:12+00:00\",\"author\":{\"@id\":\"https:\/\/www.asajacyl.com\/salamanca\/#\/schema\/person\/2bfc7da09988e1087e6291fafe99b67f\"},\"description\":\"La Direcci\u00f3n General de Pol\u00edtica Agraria Comunitaria ha elaborado una nota interpretativa con la afecci\u00f3n en 2024 de las propuestas de modificaci\u00f3n del\",\"breadcrumb\":{\"@id\":\"https:\/\/www.asajacyl.com\/salamanca\/sin-categoria\/informacion-importante-pac-2024#breadcrumb\"},\"inLanguage\":\"es\",\"potentialAction\":[{\"@type\":\"ReadAction\",\"target\":[\"https:\/\/www.asajacyl.com\/salamanca\/sin-categoria\/informacion-importante-pac-2024\"]}]},{\"@type\":\"ImageObject\",\"inLanguage\":\"es\",\"@id\":\"https:\/\/www.asajacyl.com\/salamanca\/sin-categoria\/informacion-importante-pac-2024#primaryimage\",\"url\":\"https:\/\/www.asajacyl.com\/salamanca\/wp-content\/uploads\/sites\/7\/2024\/03\/carlo-verso-Jc-4LqyuSno-unsplash-1.jpg\",\"contentUrl\":\"https:\/\/www.asajacyl.com\/salamanca\/wp-content\/uploads\/sites\/7\/2024\/03\/carlo-verso-Jc-4LqyuSno-unsplash-1.jpg\",\"width\":2500,\"height\":1406},{\"@type\":\"BreadcrumbList\",\"@id\":\"https:\/\/www.asajacyl.com\/salamanca\/sin-categoria\/informacion-importante-pac-2024#breadcrumb\",\"itemListElement\":[{\"@type\":\"ListItem\",\"position\":1,\"name\":\"Portada\",\"item\":\"https:\/\/www.asajacyl.com\/salamanca\/\"},{\"@type\":\"ListItem\",\"position\":2,\"name\":\"Informaci\u00f3n importante PAC 2024\"}]},{\"@type\":\"WebSite\",\"@id\":\"https:\/\/www.asajacyl.com\/salamanca\/#website\",\"url\":\"https:\/\/www.asajacyl.com\/salamanca\/\",\"name\":\"ASAJA Salamanca\",\"description\":\"Otro sitio m\u00e1s de Provincias ASAJA Castilla y Le\u00f3n\",\"potentialAction\":[{\"@type\":\"SearchAction\",\"target\":{\"@type\":\"EntryPoint\",\"urlTemplate\":\"https:\/\/www.asajacyl.com\/salamanca\/?s={search_term_string}\"},\"query-input\":{\"@type\":\"PropertyValueSpecification\",\"valueRequired\":true,\"valueName\":\"search_term_string\"}}],\"inLanguage\":\"es\"},{\"@type\":\"Person\",\"@id\":\"https:\/\/www.asajacyl.com\/salamanca\/#\/schema\/person\/2bfc7da09988e1087e6291fafe99b67f\",\"name\":\"Sonia\",\"image\":{\"@type\":\"ImageObject\",\"inLanguage\":\"es\",\"@id\":\"https:\/\/www.asajacyl.com\/salamanca\/#\/schema\/person\/image\/\",\"url\":\"https:\/\/secure.gravatar.com\/avatar\/6b0d6eb461a1e3687cc023d59022ef0d?s=96&d=mm&r=g\",\"contentUrl\":\"https:\/\/secure.gravatar.com\/avatar\/6b0d6eb461a1e3687cc023d59022ef0d?s=96&d=mm&r=g\",\"caption\":\"Sonia\"},\"url\":\"https:\/\/www.asajacyl.com\/salamanca\/author\/juanluisde\"}]}<\/script>\n<!-- \/ Yoast SEO plugin. -->","yoast_head_json":{"title":"Informaci\u00f3n importante PAC 2024 - ASAJA Salamanca","description":"La Direcci\u00f3n General de Pol\u00edtica Agraria Comunitaria ha elaborado una nota interpretativa con la afecci\u00f3n en 2024 de las propuestas de modificaci\u00f3n del","robots":{"index":"index","follow":"follow","max-snippet":"max-snippet:-1","max-image-preview":"max-image-preview:large","max-video-preview":"max-video-preview:-1"},"canonical":"https:\/\/www.asajacyl.com\/salamanca\/sin-categoria\/informacion-importante-pac-2024","og_locale":"es_ES","og_type":"article","og_title":"Informaci\u00f3n importante PAC 2024 - ASAJA Salamanca","og_description":"La Direcci\u00f3n General de Pol\u00edtica Agraria Comunitaria ha elaborado una nota interpretativa con la afecci\u00f3n en 2024 de las propuestas de modificaci\u00f3n del","og_url":"https:\/\/www.asajacyl.com\/salamanca\/sin-categoria\/informacion-importante-pac-2024","og_site_name":"ASAJA Salamanca","article_published_time":"2024-03-20T15:42:21+00:00","article_modified_time":"2025-11-11T08:02:12+00:00","og_image":[{"width":2500,"height":1406,"url":"https:\/\/www.asajacyl.com\/salamanca\/wp-content\/uploads\/sites\/7\/2024\/03\/carlo-verso-Jc-4LqyuSno-unsplash-1.jpg","type":"image\/jpeg"}],"author":"Sonia","twitter_card":"summary_large_image","twitter_misc":{"Escrito por":"Sonia","Tiempo de lectura":"5 minutos"},"schema":{"@context":"https:\/\/schema.org","@graph":[{"@type":"WebPage","@id":"https:\/\/www.asajacyl.com\/salamanca\/sin-categoria\/informacion-importante-pac-2024","url":"https:\/\/www.asajacyl.com\/salamanca\/sin-categoria\/informacion-importante-pac-2024","name":"Informaci\u00f3n importante PAC 2024 - ASAJA Salamanca","isPartOf":{"@id":"https:\/\/www.asajacyl.com\/salamanca\/#website"},"primaryImageOfPage":{"@id":"https:\/\/www.asajacyl.com\/salamanca\/sin-categoria\/informacion-importante-pac-2024#primaryimage"},"image":{"@id":"https:\/\/www.asajacyl.com\/salamanca\/sin-categoria\/informacion-importante-pac-2024#primaryimage"},"thumbnailUrl":"https:\/\/www.asajacyl.com\/salamanca\/wp-content\/uploads\/sites\/7\/2024\/03\/carlo-verso-Jc-4LqyuSno-unsplash-1.jpg","datePublished":"2024-03-20T15:42:21+00:00","dateModified":"2025-11-11T08:02:12+00:00","author":{"@id":"https:\/\/www.asajacyl.com\/salamanca\/#\/schema\/person\/2bfc7da09988e1087e6291fafe99b67f"},"description":"La Direcci\u00f3n General de Pol\u00edtica Agraria Comunitaria ha elaborado una nota interpretativa con la afecci\u00f3n en 2024 de las propuestas de modificaci\u00f3n del","breadcrumb":{"@id":"https:\/\/www.asajacyl.com\/salamanca\/sin-categoria\/informacion-importante-pac-2024#breadcrumb"},"inLanguage":"es","potentialAction":[{"@type":"ReadAction","target":["https:\/\/www.asajacyl.com\/salamanca\/sin-categoria\/informacion-importante-pac-2024"]}]},{"@type":"ImageObject","inLanguage":"es","@id":"https:\/\/www.asajacyl.com\/salamanca\/sin-categoria\/informacion-importante-pac-2024#primaryimage","url":"https:\/\/www.asajacyl.com\/salamanca\/wp-content\/uploads\/sites\/7\/2024\/03\/carlo-verso-Jc-4LqyuSno-unsplash-1.jpg","contentUrl":"https:\/\/www.asajacyl.com\/salamanca\/wp-content\/uploads\/sites\/7\/2024\/03\/carlo-verso-Jc-4LqyuSno-unsplash-1.jpg","width":2500,"height":1406},{"@type":"BreadcrumbList","@id":"https:\/\/www.asajacyl.com\/salamanca\/sin-categoria\/informacion-importante-pac-2024#breadcrumb","itemListElement":[{"@type":"ListItem","position":1,"name":"Portada","item":"https:\/\/www.asajacyl.com\/salamanca\/"},{"@type":"ListItem","position":2,"name":"Informaci\u00f3n importante PAC 2024"}]},{"@type":"WebSite","@id":"https:\/\/www.asajacyl.com\/salamanca\/#website","url":"https:\/\/www.asajacyl.com\/salamanca\/","name":"ASAJA Salamanca","description":"Otro sitio m\u00e1s de Provincias ASAJA Castilla y Le\u00f3n","potentialAction":[{"@type":"SearchAction","target":{"@type":"EntryPoint","urlTemplate":"https:\/\/www.asajacyl.com\/salamanca\/?s={search_term_string}"},"query-input":{"@type":"PropertyValueSpecification","valueRequired":true,"valueName":"search_term_string"}}],"inLanguage":"es"},{"@type":"Person","@id":"https:\/\/www.asajacyl.com\/salamanca\/#\/schema\/person\/2bfc7da09988e1087e6291fafe99b67f","name":"Sonia","image":{"@type":"ImageObject","inLanguage":"es","@id":"https:\/\/www.asajacyl.com\/salamanca\/#\/schema\/person\/image\/","url":"https:\/\/secure.gravatar.com\/avatar\/6b0d6eb461a1e3687cc023d59022ef0d?s=96&d=mm&r=g","contentUrl":"https:\/\/secure.gravatar.com\/avatar\/6b0d6eb461a1e3687cc023d59022ef0d?s=96&d=mm&r=g","caption":"Sonia"},"url":"https:\/\/www.asajacyl.com\/salamanca\/author\/juanluisde"}]}},"_links":{"self":[{"href":"https:\/\/www.asajacyl.com\/salamanca\/wp-json\/wp\/v2\/posts\/17961"}],"collection":[{"href":"https:\/\/www.asajacyl.com\/salamanca\/wp-json\/wp\/v2\/posts"}],"about":[{"href":"https:\/\/www.asajacyl.com\/salamanca\/wp-json\/wp\/v2\/types\/post"}],"author":[{"embeddable":true,"href":"https:\/\/www.asajacyl.com\/salamanca\/wp-json\/wp\/v2\/users\/10"}],"replies":[{"embeddable":true,"href":"https:\/\/www.asajacyl.com\/salamanca\/wp-json\/wp\/v2\/comments?post=17961"}],"version-history":[{"count":3,"href":"https:\/\/www.asajacyl.com\/salamanca\/wp-json\/wp\/v2\/posts\/17961\/revisions"}],"predecessor-version":[{"id":17971,"href":"https:\/\/www.asajacyl.com\/salamanca\/wp-json\/wp\/v2\/posts\/17961\/revisions\/17971"}],"wp:featuredmedia":[{"embeddable":true,"href":"https:\/\/www.asajacyl.com\/salamanca\/wp-json\/wp\/v2\/media\/17965"}],"wp:attachment":[{"href":"https:\/\/www.asajacyl.com\/salamanca\/wp-json\/wp\/v2\/media?parent=17961"}],"wp:term":[{"taxonomy":"category","embeddable":true,"href":"https:\/\/www.asajacyl.com\/salamanca\/wp-json\/wp\/v2\/categories?post=17961"},{"taxonomy":"post_tag","embeddable":true,"href":"https:\/\/www.asajacyl.com\/salamanca\/wp-json\/wp\/v2\/tags?post=17961"}],"curies":[{"name":"wp","href":"https:\/\/api.w.org\/{rel}","templated":true}]}}