{"id":18318,"date":"2024-07-05T10:46:58","date_gmt":"2024-07-05T08:46:58","guid":{"rendered":"https:\/\/www.asajacyl.com\/salamanca\/?p=18318"},"modified":"2025-11-11T08:56:48","modified_gmt":"2025-11-11T07:56:48","slug":"autorizacion-de-uso-de-la-primera-vacuna-frente-a-la-enfermedad-hemorragica-epizootica-ehe","status":"publish","type":"post","link":"https:\/\/www.asajacyl.com\/salamanca\/sin-categoria\/autorizacion-de-uso-de-la-primera-vacuna-frente-a-la-enfermedad-hemorragica-epizootica-ehe","title":{"rendered":"Autorizada uso de la primera vacuna frente a la Enfermedad Hemorr\u00e1gica Epizo\u00f3tica (EHE)"},"content":{"rendered":"\n<h2 class=\"wp-block-heading\">La Agencia Espa\u00f1ola de Medicamentos y Productos Sanitarios (AEMPS), ha informado sobre la autorizaci\u00f3n de uso de la primera vacuna en Europa frente al serotipo 8 del virus de la EHE.<\/h2>\n\n\n\n<p><strong>Se trata de una vacuna inactivada, autorizada de forma temporal por el procedimiento de emergencia, y que cumple con las condiciones de seguridad y eficacia exigidas por la AEMPS para este tipo de productos.<\/strong><\/p>\n\n\n\n<p>El grupo biotecnol\u00f3gico Zendal ha priorizado y trabajado de forma intensa en el desarrollo de esta nueva vacuna que permite su uso en la especie bovina. Zendal priorizar\u00e1 el mercado espa\u00f1ol en su plan de ventas, con una primera fase de producci\u00f3n de dos millones de dosis que ser\u00e1n comercializadas por Vetia Animal Heath, filial dedicada a la salud animal.<\/p>\n\n\n\n<p>Desde el Ministerio de Agricultura, Pesca y Alimentaci\u00f3n, se han mantenido diversas reuniones desde noviembre de 2022 con los laboratorios nacionales productores de vacunas con objeto de transmitirles la necesidad de disponer de esta herramienta, e inst\u00e1ndoles a desarrollar una vacuna eficaz y segura frente a este nuevo agente pat\u00f3geno en nuestro pa\u00eds. Para ayudar al desarrollo de la vacuna, desde el Laboratorio Central de Veterinaria de Algete, perteneciente al MAPA, se suministr\u00f3 material de referencia a los laboratorios que han mostrado inter\u00e9s, teniendo como fruto la disponibilidad de esta primera vacuna en Europa frente al serotipo 8.<\/p>\n\n\n\n<p>Desde la introducci\u00f3n de la EHE en el sur de Europa a finales de 2022, la enfermedad se ha diseminado ampliamente por la Espa\u00f1a peninsular, as\u00ed como por Portugal, sudeste de Francia y las islas de Cerde\u00f1a y Sicilia en Italia, provocando problemas cl\u00ednicos en bovino con fiebre, lesiones en mucosa bucal, cojeras por inflamaci\u00f3n del rodete coronario, inflamaci\u00f3n de la lengua, diarrea hemorr\u00e1gica, abortos, etc. El ganado ovino es susceptible a la infecci\u00f3n, pero poco a la enfermedad cl\u00ednica, mientras que el caprino es muy poco susceptible a la infecci\u00f3n.<\/p>\n\n\n\n<p>Desde un primer momento Espa\u00f1a, con el apoyo de otros pa\u00edses del sur de Europa, ha impulsado la modificaci\u00f3n de la legislaci\u00f3n que afecta a los movimientos intracomunitarios para vida de animales desde las zonas afectadas por EHE (Reglamento Delegado 2020\/688), flexibilizando estos movimientos en base a pruebas de laboratorio y al establecimiento de periodo libre de actividad del vector, as\u00ed como facilitando el movimiento de animales que hayan sido vacunados, modificaci\u00f3n esta \u00faltima que previsiblemente se publicar\u00e1 en el \u00faltimo trimestre de 2024.<\/p>\n\n\n\n<p>Por todo ello, el empleo de esta vacuna, que\u00a0<strong>se aplicar\u00e1 de forma voluntaria por parte del ganadero previa prescripci\u00f3n o receta de su veterinario<\/strong>, se dispone como una herramienta de gran utilidad para evitar las p\u00e9rdidas directas en las explotaciones derivadas de los s\u00edntomas y lesiones producidos por la enfermedad, y, adem\u00e1s, facilitar\u00e1 el movimiento de animales susceptibles y ayudar\u00e1 a controlar la diseminaci\u00f3n de la enfermedad.<\/p>\n\n\n\n<p><strong>FUENTE: Ministerio de Agricultura, Pesca y Alimentaci\u00f3n<\/strong><\/p>\n\n\n\n<p>Se puede encontrar m\u00e1s informaci\u00f3n en la p\u00e1gina del MAPA dedicada a esta enfermedad:<br><a href=\"https:\/\/www.mapa.gob.es\/es\/ganaderia\/temas\/sanidad-animal-higieneganadera\/sanidad-animal\/enfermedades\/hemorragicaepizootica\/Enfermedad_hemorragica_epizootica.aspx\">https:\/\/www.mapa.gob.es\/es\/ganaderia\/temas\/sanidad-animal-higieneganadera\/sanidad-animal\/enfermedades\/hemorragicaepizootica\/Enfermedad_hemorragica_epizootica.aspx<\/a><\/p>\n\n\n\n<p><\/p>\n","protected":false},"excerpt":{"rendered":"<p>La Agencia Espa\u00f1ola de Medicamentos y Productos Sanitarios (AEMPS), ha informado sobre la autorizaci\u00f3n de uso de la primera vacuna en Europa frente al serotipo 8 del virus de la EHE. Se trata de una vacuna inactivada, autorizada de forma temporal por el procedimiento de emergencia, y que cumple con las condiciones de seguridad y [&hellip;]<\/p>\n","protected":false},"author":10,"featured_media":18319,"comment_status":"open","ping_status":"open","sticky":false,"template":"","format":"standard","meta":{"footnotes":""},"categories":[1],"tags":[],"yoast_head":"<!-- This site is optimized with the Yoast SEO plugin v24.5 - https:\/\/yoast.com\/wordpress\/plugins\/seo\/ -->\n<title>Autorizada uso de la primera vacuna frente a la Enfermedad Hemorr\u00e1gica Epizo\u00f3tica (EHE) - ASAJA Salamanca<\/title>\n<meta name=\"description\" content=\"La Agencia Espa\u00f1ola de Medicamentos y Productos Sanitarios (AEMPS), ha informado sobre la autorizaci\u00f3n de uso de la primera vacuna en Europa frente al\" \/>\n<meta name=\"robots\" content=\"index, follow, max-snippet:-1, max-image-preview:large, max-video-preview:-1\" \/>\n<link rel=\"canonical\" href=\"https:\/\/www.asajacyl.com\/salamanca\/sin-categoria\/autorizacion-de-uso-de-la-primera-vacuna-frente-a-la-enfermedad-hemorragica-epizootica-ehe\" \/>\n<meta property=\"og:locale\" content=\"es_ES\" \/>\n<meta property=\"og:type\" content=\"article\" \/>\n<meta property=\"og:title\" content=\"Autorizada uso de la primera vacuna frente a la Enfermedad Hemorr\u00e1gica Epizo\u00f3tica (EHE) - ASAJA Salamanca\" \/>\n<meta property=\"og:description\" content=\"La Agencia Espa\u00f1ola de Medicamentos y Productos Sanitarios (AEMPS), ha informado sobre la autorizaci\u00f3n de uso de la primera vacuna en Europa frente al\" \/>\n<meta property=\"og:url\" content=\"https:\/\/www.asajacyl.com\/salamanca\/sin-categoria\/autorizacion-de-uso-de-la-primera-vacuna-frente-a-la-enfermedad-hemorragica-epizootica-ehe\" \/>\n<meta property=\"og:site_name\" content=\"ASAJA Salamanca\" \/>\n<meta property=\"article:published_time\" content=\"2024-07-05T08:46:58+00:00\" \/>\n<meta property=\"article:modified_time\" content=\"2025-11-11T07:56:48+00:00\" \/>\n<meta property=\"og:image\" content=\"https:\/\/www.asajacyl.com\/salamanca\/wp-content\/uploads\/sites\/7\/2024\/07\/4454569.jpeg\" \/>\n\t<meta property=\"og:image:width\" content=\"980\" \/>\n\t<meta property=\"og:image:height\" content=\"560\" \/>\n\t<meta property=\"og:image:type\" content=\"image\/jpeg\" \/>\n<meta name=\"author\" content=\"Sonia\" \/>\n<meta name=\"twitter:card\" content=\"summary_large_image\" \/>\n<meta name=\"twitter:label1\" content=\"Escrito por\" \/>\n\t<meta name=\"twitter:data1\" content=\"Sonia\" \/>\n\t<meta name=\"twitter:label2\" content=\"Tiempo de lectura\" \/>\n\t<meta name=\"twitter:data2\" content=\"3 minutos\" \/>\n<script type=\"application\/ld+json\" class=\"yoast-schema-graph\">{\"@context\":\"https:\/\/schema.org\",\"@graph\":[{\"@type\":\"WebPage\",\"@id\":\"https:\/\/www.asajacyl.com\/salamanca\/sin-categoria\/autorizacion-de-uso-de-la-primera-vacuna-frente-a-la-enfermedad-hemorragica-epizootica-ehe\",\"url\":\"https:\/\/www.asajacyl.com\/salamanca\/sin-categoria\/autorizacion-de-uso-de-la-primera-vacuna-frente-a-la-enfermedad-hemorragica-epizootica-ehe\",\"name\":\"Autorizada uso de la primera vacuna frente a la Enfermedad Hemorr\u00e1gica Epizo\u00f3tica (EHE) - ASAJA Salamanca\",\"isPartOf\":{\"@id\":\"https:\/\/www.asajacyl.com\/salamanca\/#website\"},\"primaryImageOfPage\":{\"@id\":\"https:\/\/www.asajacyl.com\/salamanca\/sin-categoria\/autorizacion-de-uso-de-la-primera-vacuna-frente-a-la-enfermedad-hemorragica-epizootica-ehe#primaryimage\"},\"image\":{\"@id\":\"https:\/\/www.asajacyl.com\/salamanca\/sin-categoria\/autorizacion-de-uso-de-la-primera-vacuna-frente-a-la-enfermedad-hemorragica-epizootica-ehe#primaryimage\"},\"thumbnailUrl\":\"https:\/\/www.asajacyl.com\/salamanca\/wp-content\/uploads\/sites\/7\/2024\/07\/4454569.jpeg\",\"datePublished\":\"2024-07-05T08:46:58+00:00\",\"dateModified\":\"2025-11-11T07:56:48+00:00\",\"author\":{\"@id\":\"https:\/\/www.asajacyl.com\/salamanca\/#\/schema\/person\/2bfc7da09988e1087e6291fafe99b67f\"},\"description\":\"La Agencia Espa\u00f1ola de Medicamentos y Productos Sanitarios (AEMPS), ha informado sobre la autorizaci\u00f3n de uso de la primera vacuna en Europa frente al\",\"breadcrumb\":{\"@id\":\"https:\/\/www.asajacyl.com\/salamanca\/sin-categoria\/autorizacion-de-uso-de-la-primera-vacuna-frente-a-la-enfermedad-hemorragica-epizootica-ehe#breadcrumb\"},\"inLanguage\":\"es\",\"potentialAction\":[{\"@type\":\"ReadAction\",\"target\":[\"https:\/\/www.asajacyl.com\/salamanca\/sin-categoria\/autorizacion-de-uso-de-la-primera-vacuna-frente-a-la-enfermedad-hemorragica-epizootica-ehe\"]}]},{\"@type\":\"ImageObject\",\"inLanguage\":\"es\",\"@id\":\"https:\/\/www.asajacyl.com\/salamanca\/sin-categoria\/autorizacion-de-uso-de-la-primera-vacuna-frente-a-la-enfermedad-hemorragica-epizootica-ehe#primaryimage\",\"url\":\"https:\/\/www.asajacyl.com\/salamanca\/wp-content\/uploads\/sites\/7\/2024\/07\/4454569.jpeg\",\"contentUrl\":\"https:\/\/www.asajacyl.com\/salamanca\/wp-content\/uploads\/sites\/7\/2024\/07\/4454569.jpeg\",\"width\":980,\"height\":560},{\"@type\":\"BreadcrumbList\",\"@id\":\"https:\/\/www.asajacyl.com\/salamanca\/sin-categoria\/autorizacion-de-uso-de-la-primera-vacuna-frente-a-la-enfermedad-hemorragica-epizootica-ehe#breadcrumb\",\"itemListElement\":[{\"@type\":\"ListItem\",\"position\":1,\"name\":\"Portada\",\"item\":\"https:\/\/www.asajacyl.com\/salamanca\/\"},{\"@type\":\"ListItem\",\"position\":2,\"name\":\"Autorizada uso de la primera vacuna frente a la Enfermedad Hemorr\u00e1gica Epizo\u00f3tica (EHE)\"}]},{\"@type\":\"WebSite\",\"@id\":\"https:\/\/www.asajacyl.com\/salamanca\/#website\",\"url\":\"https:\/\/www.asajacyl.com\/salamanca\/\",\"name\":\"ASAJA Salamanca\",\"description\":\"Otro sitio m\u00e1s de Provincias ASAJA Castilla y Le\u00f3n\",\"potentialAction\":[{\"@type\":\"SearchAction\",\"target\":{\"@type\":\"EntryPoint\",\"urlTemplate\":\"https:\/\/www.asajacyl.com\/salamanca\/?s={search_term_string}\"},\"query-input\":{\"@type\":\"PropertyValueSpecification\",\"valueRequired\":true,\"valueName\":\"search_term_string\"}}],\"inLanguage\":\"es\"},{\"@type\":\"Person\",\"@id\":\"https:\/\/www.asajacyl.com\/salamanca\/#\/schema\/person\/2bfc7da09988e1087e6291fafe99b67f\",\"name\":\"Sonia\",\"image\":{\"@type\":\"ImageObject\",\"inLanguage\":\"es\",\"@id\":\"https:\/\/www.asajacyl.com\/salamanca\/#\/schema\/person\/image\/\",\"url\":\"https:\/\/secure.gravatar.com\/avatar\/6b0d6eb461a1e3687cc023d59022ef0d?s=96&d=mm&r=g\",\"contentUrl\":\"https:\/\/secure.gravatar.com\/avatar\/6b0d6eb461a1e3687cc023d59022ef0d?s=96&d=mm&r=g\",\"caption\":\"Sonia\"},\"url\":\"https:\/\/www.asajacyl.com\/salamanca\/author\/juanluisde\"}]}<\/script>\n<!-- \/ Yoast SEO plugin. -->","yoast_head_json":{"title":"Autorizada uso de la primera vacuna frente a la Enfermedad Hemorr\u00e1gica Epizo\u00f3tica (EHE) - ASAJA Salamanca","description":"La Agencia Espa\u00f1ola de Medicamentos y Productos Sanitarios (AEMPS), ha informado sobre la autorizaci\u00f3n de uso de la primera vacuna en Europa frente al","robots":{"index":"index","follow":"follow","max-snippet":"max-snippet:-1","max-image-preview":"max-image-preview:large","max-video-preview":"max-video-preview:-1"},"canonical":"https:\/\/www.asajacyl.com\/salamanca\/sin-categoria\/autorizacion-de-uso-de-la-primera-vacuna-frente-a-la-enfermedad-hemorragica-epizootica-ehe","og_locale":"es_ES","og_type":"article","og_title":"Autorizada uso de la primera vacuna frente a la Enfermedad Hemorr\u00e1gica Epizo\u00f3tica (EHE) - ASAJA Salamanca","og_description":"La Agencia Espa\u00f1ola de Medicamentos y Productos Sanitarios (AEMPS), ha informado sobre la autorizaci\u00f3n de uso de la primera vacuna en Europa frente al","og_url":"https:\/\/www.asajacyl.com\/salamanca\/sin-categoria\/autorizacion-de-uso-de-la-primera-vacuna-frente-a-la-enfermedad-hemorragica-epizootica-ehe","og_site_name":"ASAJA Salamanca","article_published_time":"2024-07-05T08:46:58+00:00","article_modified_time":"2025-11-11T07:56:48+00:00","og_image":[{"width":980,"height":560,"url":"https:\/\/www.asajacyl.com\/salamanca\/wp-content\/uploads\/sites\/7\/2024\/07\/4454569.jpeg","type":"image\/jpeg"}],"author":"Sonia","twitter_card":"summary_large_image","twitter_misc":{"Escrito por":"Sonia","Tiempo de lectura":"3 minutos"},"schema":{"@context":"https:\/\/schema.org","@graph":[{"@type":"WebPage","@id":"https:\/\/www.asajacyl.com\/salamanca\/sin-categoria\/autorizacion-de-uso-de-la-primera-vacuna-frente-a-la-enfermedad-hemorragica-epizootica-ehe","url":"https:\/\/www.asajacyl.com\/salamanca\/sin-categoria\/autorizacion-de-uso-de-la-primera-vacuna-frente-a-la-enfermedad-hemorragica-epizootica-ehe","name":"Autorizada uso de la primera vacuna frente a la Enfermedad Hemorr\u00e1gica Epizo\u00f3tica (EHE) - ASAJA Salamanca","isPartOf":{"@id":"https:\/\/www.asajacyl.com\/salamanca\/#website"},"primaryImageOfPage":{"@id":"https:\/\/www.asajacyl.com\/salamanca\/sin-categoria\/autorizacion-de-uso-de-la-primera-vacuna-frente-a-la-enfermedad-hemorragica-epizootica-ehe#primaryimage"},"image":{"@id":"https:\/\/www.asajacyl.com\/salamanca\/sin-categoria\/autorizacion-de-uso-de-la-primera-vacuna-frente-a-la-enfermedad-hemorragica-epizootica-ehe#primaryimage"},"thumbnailUrl":"https:\/\/www.asajacyl.com\/salamanca\/wp-content\/uploads\/sites\/7\/2024\/07\/4454569.jpeg","datePublished":"2024-07-05T08:46:58+00:00","dateModified":"2025-11-11T07:56:48+00:00","author":{"@id":"https:\/\/www.asajacyl.com\/salamanca\/#\/schema\/person\/2bfc7da09988e1087e6291fafe99b67f"},"description":"La Agencia Espa\u00f1ola de Medicamentos y Productos Sanitarios (AEMPS), ha informado sobre la autorizaci\u00f3n de uso de la primera vacuna en Europa frente al","breadcrumb":{"@id":"https:\/\/www.asajacyl.com\/salamanca\/sin-categoria\/autorizacion-de-uso-de-la-primera-vacuna-frente-a-la-enfermedad-hemorragica-epizootica-ehe#breadcrumb"},"inLanguage":"es","potentialAction":[{"@type":"ReadAction","target":["https:\/\/www.asajacyl.com\/salamanca\/sin-categoria\/autorizacion-de-uso-de-la-primera-vacuna-frente-a-la-enfermedad-hemorragica-epizootica-ehe"]}]},{"@type":"ImageObject","inLanguage":"es","@id":"https:\/\/www.asajacyl.com\/salamanca\/sin-categoria\/autorizacion-de-uso-de-la-primera-vacuna-frente-a-la-enfermedad-hemorragica-epizootica-ehe#primaryimage","url":"https:\/\/www.asajacyl.com\/salamanca\/wp-content\/uploads\/sites\/7\/2024\/07\/4454569.jpeg","contentUrl":"https:\/\/www.asajacyl.com\/salamanca\/wp-content\/uploads\/sites\/7\/2024\/07\/4454569.jpeg","width":980,"height":560},{"@type":"BreadcrumbList","@id":"https:\/\/www.asajacyl.com\/salamanca\/sin-categoria\/autorizacion-de-uso-de-la-primera-vacuna-frente-a-la-enfermedad-hemorragica-epizootica-ehe#breadcrumb","itemListElement":[{"@type":"ListItem","position":1,"name":"Portada","item":"https:\/\/www.asajacyl.com\/salamanca\/"},{"@type":"ListItem","position":2,"name":"Autorizada uso de la primera vacuna frente a la Enfermedad Hemorr\u00e1gica Epizo\u00f3tica (EHE)"}]},{"@type":"WebSite","@id":"https:\/\/www.asajacyl.com\/salamanca\/#website","url":"https:\/\/www.asajacyl.com\/salamanca\/","name":"ASAJA Salamanca","description":"Otro sitio m\u00e1s de Provincias ASAJA Castilla y Le\u00f3n","potentialAction":[{"@type":"SearchAction","target":{"@type":"EntryPoint","urlTemplate":"https:\/\/www.asajacyl.com\/salamanca\/?s={search_term_string}"},"query-input":{"@type":"PropertyValueSpecification","valueRequired":true,"valueName":"search_term_string"}}],"inLanguage":"es"},{"@type":"Person","@id":"https:\/\/www.asajacyl.com\/salamanca\/#\/schema\/person\/2bfc7da09988e1087e6291fafe99b67f","name":"Sonia","image":{"@type":"ImageObject","inLanguage":"es","@id":"https:\/\/www.asajacyl.com\/salamanca\/#\/schema\/person\/image\/","url":"https:\/\/secure.gravatar.com\/avatar\/6b0d6eb461a1e3687cc023d59022ef0d?s=96&d=mm&r=g","contentUrl":"https:\/\/secure.gravatar.com\/avatar\/6b0d6eb461a1e3687cc023d59022ef0d?s=96&d=mm&r=g","caption":"Sonia"},"url":"https:\/\/www.asajacyl.com\/salamanca\/author\/juanluisde"}]}},"_links":{"self":[{"href":"https:\/\/www.asajacyl.com\/salamanca\/wp-json\/wp\/v2\/posts\/18318"}],"collection":[{"href":"https:\/\/www.asajacyl.com\/salamanca\/wp-json\/wp\/v2\/posts"}],"about":[{"href":"https:\/\/www.asajacyl.com\/salamanca\/wp-json\/wp\/v2\/types\/post"}],"author":[{"embeddable":true,"href":"https:\/\/www.asajacyl.com\/salamanca\/wp-json\/wp\/v2\/users\/10"}],"replies":[{"embeddable":true,"href":"https:\/\/www.asajacyl.com\/salamanca\/wp-json\/wp\/v2\/comments?post=18318"}],"version-history":[{"count":3,"href":"https:\/\/www.asajacyl.com\/salamanca\/wp-json\/wp\/v2\/posts\/18318\/revisions"}],"predecessor-version":[{"id":18322,"href":"https:\/\/www.asajacyl.com\/salamanca\/wp-json\/wp\/v2\/posts\/18318\/revisions\/18322"}],"wp:featuredmedia":[{"embeddable":true,"href":"https:\/\/www.asajacyl.com\/salamanca\/wp-json\/wp\/v2\/media\/18319"}],"wp:attachment":[{"href":"https:\/\/www.asajacyl.com\/salamanca\/wp-json\/wp\/v2\/media?parent=18318"}],"wp:term":[{"taxonomy":"category","embeddable":true,"href":"https:\/\/www.asajacyl.com\/salamanca\/wp-json\/wp\/v2\/categories?post=18318"},{"taxonomy":"post_tag","embeddable":true,"href":"https:\/\/www.asajacyl.com\/salamanca\/wp-json\/wp\/v2\/tags?post=18318"}],"curies":[{"name":"wp","href":"https:\/\/api.w.org\/{rel}","templated":true}]}}