{"id":18455,"date":"2024-09-25T09:26:32","date_gmt":"2024-09-25T07:26:32","guid":{"rendered":"https:\/\/www.asajacyl.com\/salamanca\/?p=18455"},"modified":"2025-11-11T08:55:20","modified_gmt":"2025-11-11T07:55:20","slug":"asaja-exige-que-espana-vote-a-favor-del-cambio-de-estatus-de-proteccion-del-lobo-en-la-ue-la-ganaderia-espanola-no-puede-esperar-mas","status":"publish","type":"post","link":"https:\/\/www.asajacyl.com\/salamanca\/sin-categoria\/asaja-exige-que-espana-vote-a-favor-del-cambio-de-estatus-de-proteccion-del-lobo-en-la-ue-la-ganaderia-espanola-no-puede-esperar-mas","title":{"rendered":"ASAJA exige que Espa\u00f1a vote a favor del cambio de estatus de protecci\u00f3n del lobo en la UE: la ganader\u00eda espa\u00f1ola no puede esperar m\u00e1s"},"content":{"rendered":"\n<h2 class=\"wp-block-heading\">El 25 de septiembre, los Estados miembros de la UE, a trav\u00e9s de sus Representaciones Permanentes en Bruselas, votar\u00e1n si se incluye en el orden del d\u00eda de la pr\u00f3xima reuni\u00f3n del Comit\u00e9 Permanente del Convenio de Berna una propuesta clave para cambiar el estatus del lobo de \u00abestrictamente protegido\u00bb a \u00abprotegido\u00bb. Esta votaci\u00f3n es esencial para que, en el futuro, se pueda modificar la Directiva H\u00e1bitats y poner fin a la indefensi\u00f3n que sufren los ganaderos frente a los ataques de esta especie.<\/h2>\n\n\n\n<figure class=\"wp-block-image size-large is-resized\"><img loading=\"lazy\" decoding=\"async\" width=\"1024\" height=\"719\" src=\"https:\/\/www.asajacyl.com\/salamanca\/wp-content\/uploads\/sites\/7\/2024\/09\/image-3-1024x719.jpg\" alt=\"\" class=\"wp-image-18456\" style=\"width:1068px;height:auto\" srcset=\"https:\/\/www.asajacyl.com\/salamanca\/wp-content\/uploads\/sites\/7\/2024\/09\/image-3-1024x719.jpg 1024w, https:\/\/www.asajacyl.com\/salamanca\/wp-content\/uploads\/sites\/7\/2024\/09\/image-3-300x211.jpg 300w, https:\/\/www.asajacyl.com\/salamanca\/wp-content\/uploads\/sites\/7\/2024\/09\/image-3-768x539.jpg 768w, https:\/\/www.asajacyl.com\/salamanca\/wp-content\/uploads\/sites\/7\/2024\/09\/image-3-598x420.jpg 598w, https:\/\/www.asajacyl.com\/salamanca\/wp-content\/uploads\/sites\/7\/2024\/09\/image-3-696x489.jpg 696w, https:\/\/www.asajacyl.com\/salamanca\/wp-content\/uploads\/sites\/7\/2024\/09\/image-3.jpg 1028w\" sizes=\"(max-width: 1024px) 100vw, 1024px\" \/><\/figure>\n\n\n\n<p>Dada la oposici\u00f3n mostrada por la ministra espa\u00f1ola competente en la materia, Teresa Ribera, a cambiar el estatus de protecci\u00f3n del lobo y proteger a los agricultores espa\u00f1oles, desde ASAJA exigimos, con la mayor urgencia, que el Gobierno de Espa\u00f1a, a trav\u00e9s de su Representaci\u00f3n Permanente ante la Uni\u00f3n Europea, vote a favor del cambio de estatus del lobo ib\u00e9rico de \u00abestrictamente protegido\u00bb a \u00abprotegido\u00bb en la reuni\u00f3n del COREPER I que se celebra este mi\u00e9rcoles. Esta votaci\u00f3n es determinante para que el asunto sea debatido en el pr\u00f3ximo Comit\u00e9 Permanente del Convenio de Berna en diciembre y, m\u00e1s a\u00fan, para que en el futuro se modifique la Directiva H\u00e1bitats, que a d\u00eda de hoy condena a nuestra ganader\u00eda a la indefensi\u00f3n total frente a los ataques de este gran carn\u00edvoro.<\/p>\n\n\n\n<p>La ganader\u00eda espa\u00f1ola y europea est\u00e1 en peligro; la Comisi\u00f3n Europea lo sabe y pretende cambiarlo. No obstante, necesita la aprobaci\u00f3n de una mayor\u00eda cualificada de Estados miembros, de la que Espa\u00f1a no forma parte hasta el momento. Semanalmente, cientos de ganaderos de toda Europa sufren las devastadoras consecuencias de los ataques del lobo, perdiendo animales y viendo amenazados sus medios de vida. El lobo ya no es una especie en peligro de extinci\u00f3n, y mantener su protecci\u00f3n estricta s\u00f3lo aumenta el sufrimiento de miles de familias que ven c\u00f3mo se destruyen sus reba\u00f1os, sin capacidad de defensa y sin respuestas por parte de las autoridades.<\/p>\n\n\n\n<p>No podemos permitir que esta cuesti\u00f3n siga siendo ignorada. Es vital que Espa\u00f1a vote ma\u00f1ana, 25 de septiembre, a favor de incluir este cambio de estatus en el Convenio de Berna. No es solo una cuesti\u00f3n de gesti\u00f3n de la fauna, es una cuesti\u00f3n de justicia para los ganaderos que, d\u00eda tras d\u00eda, ven c\u00f3mo sus animales caen v\u00edctimas de los lobos sin poder hacer nada al respecto. La sobreprotecci\u00f3n del lobo ha ido demasiado lejos, y es el momento de actuar para proteger el futuro de la ganader\u00eda y de las zonas rurales de Espa\u00f1a y Europa.<\/p>\n\n\n\n<p>Si el mi\u00e9rcoles no se incluye este punto en el orden del d\u00eda, ser\u00e1 imposible cambiar la Directiva H\u00e1bitats a tiempo. Espa\u00f1a no puede permitirse dejar pasar esta oportunidad. Es el deber del Gobierno y de nuestras instituciones defender a nuestros ganaderos y asegurar que la pol\u00edtica europea refleje las realidades del campo y la vida rural.<\/p>\n","protected":false},"excerpt":{"rendered":"<p>El 25 de septiembre, los Estados miembros de la UE, a trav\u00e9s de sus Representaciones Permanentes en Bruselas, votar\u00e1n si se incluye en el orden del d\u00eda de la pr\u00f3xima reuni\u00f3n del Comit\u00e9 Permanente del Convenio de Berna una propuesta clave para cambiar el estatus del lobo de \u00abestrictamente protegido\u00bb a \u00abprotegido\u00bb. Esta votaci\u00f3n es [&hellip;]<\/p>\n","protected":false},"author":10,"featured_media":18456,"comment_status":"open","ping_status":"open","sticky":false,"template":"","format":"standard","meta":{"footnotes":""},"categories":[510,1],"tags":[],"yoast_head":"<!-- This site is optimized with the Yoast SEO plugin v24.5 - https:\/\/yoast.com\/wordpress\/plugins\/seo\/ -->\n<title>ASAJA exige que Espa\u00f1a vote a favor del cambio de estatus de protecci\u00f3n del lobo en la UE: la ganader\u00eda espa\u00f1ola no puede esperar m\u00e1s - ASAJA Salamanca<\/title>\n<meta name=\"description\" content=\"El 25 de septiembre, los Estados miembros de la UE, a trav\u00e9s de sus Representaciones Permanentes en Bruselas, votar\u00e1n si se incluye en el orden del d\u00eda de\" \/>\n<meta name=\"robots\" content=\"index, follow, max-snippet:-1, max-image-preview:large, max-video-preview:-1\" \/>\n<link rel=\"canonical\" href=\"https:\/\/www.asajacyl.com\/salamanca\/sin-categoria\/asaja-exige-que-espana-vote-a-favor-del-cambio-de-estatus-de-proteccion-del-lobo-en-la-ue-la-ganaderia-espanola-no-puede-esperar-mas\" \/>\n<meta property=\"og:locale\" content=\"es_ES\" \/>\n<meta property=\"og:type\" content=\"article\" \/>\n<meta property=\"og:title\" content=\"ASAJA exige que Espa\u00f1a vote a favor del cambio de estatus de protecci\u00f3n del lobo en la UE: la ganader\u00eda espa\u00f1ola no puede esperar m\u00e1s - ASAJA Salamanca\" \/>\n<meta property=\"og:description\" content=\"El 25 de septiembre, los Estados miembros de la UE, a trav\u00e9s de sus Representaciones Permanentes en Bruselas, votar\u00e1n si se incluye en el orden del d\u00eda de\" \/>\n<meta property=\"og:url\" content=\"https:\/\/www.asajacyl.com\/salamanca\/sin-categoria\/asaja-exige-que-espana-vote-a-favor-del-cambio-de-estatus-de-proteccion-del-lobo-en-la-ue-la-ganaderia-espanola-no-puede-esperar-mas\" \/>\n<meta property=\"og:site_name\" content=\"ASAJA Salamanca\" \/>\n<meta property=\"article:published_time\" content=\"2024-09-25T07:26:32+00:00\" \/>\n<meta property=\"article:modified_time\" content=\"2025-11-11T07:55:20+00:00\" \/>\n<meta property=\"og:image\" content=\"https:\/\/www.asajacyl.com\/salamanca\/wp-content\/uploads\/sites\/7\/2024\/09\/image-3.jpg\" \/>\n\t<meta property=\"og:image:width\" content=\"1028\" \/>\n\t<meta property=\"og:image:height\" content=\"722\" \/>\n\t<meta property=\"og:image:type\" content=\"image\/jpeg\" \/>\n<meta name=\"author\" content=\"Sonia\" \/>\n<meta name=\"twitter:card\" content=\"summary_large_image\" \/>\n<meta name=\"twitter:label1\" content=\"Escrito por\" \/>\n\t<meta name=\"twitter:data1\" content=\"Sonia\" \/>\n\t<meta name=\"twitter:label2\" content=\"Tiempo de lectura\" \/>\n\t<meta name=\"twitter:data2\" content=\"3 minutos\" \/>\n<script type=\"application\/ld+json\" class=\"yoast-schema-graph\">{\"@context\":\"https:\/\/schema.org\",\"@graph\":[{\"@type\":\"WebPage\",\"@id\":\"https:\/\/www.asajacyl.com\/salamanca\/sin-categoria\/asaja-exige-que-espana-vote-a-favor-del-cambio-de-estatus-de-proteccion-del-lobo-en-la-ue-la-ganaderia-espanola-no-puede-esperar-mas\",\"url\":\"https:\/\/www.asajacyl.com\/salamanca\/sin-categoria\/asaja-exige-que-espana-vote-a-favor-del-cambio-de-estatus-de-proteccion-del-lobo-en-la-ue-la-ganaderia-espanola-no-puede-esperar-mas\",\"name\":\"ASAJA exige que Espa\u00f1a vote a favor del cambio de estatus de protecci\u00f3n del lobo en la UE: la ganader\u00eda espa\u00f1ola no puede esperar m\u00e1s - ASAJA Salamanca\",\"isPartOf\":{\"@id\":\"https:\/\/www.asajacyl.com\/salamanca\/#website\"},\"primaryImageOfPage\":{\"@id\":\"https:\/\/www.asajacyl.com\/salamanca\/sin-categoria\/asaja-exige-que-espana-vote-a-favor-del-cambio-de-estatus-de-proteccion-del-lobo-en-la-ue-la-ganaderia-espanola-no-puede-esperar-mas#primaryimage\"},\"image\":{\"@id\":\"https:\/\/www.asajacyl.com\/salamanca\/sin-categoria\/asaja-exige-que-espana-vote-a-favor-del-cambio-de-estatus-de-proteccion-del-lobo-en-la-ue-la-ganaderia-espanola-no-puede-esperar-mas#primaryimage\"},\"thumbnailUrl\":\"https:\/\/www.asajacyl.com\/salamanca\/wp-content\/uploads\/sites\/7\/2024\/09\/image-3.jpg\",\"datePublished\":\"2024-09-25T07:26:32+00:00\",\"dateModified\":\"2025-11-11T07:55:20+00:00\",\"author\":{\"@id\":\"https:\/\/www.asajacyl.com\/salamanca\/#\/schema\/person\/2bfc7da09988e1087e6291fafe99b67f\"},\"description\":\"El 25 de septiembre, los Estados miembros de la UE, a trav\u00e9s de sus Representaciones Permanentes en Bruselas, votar\u00e1n si se incluye en el orden del d\u00eda de\",\"breadcrumb\":{\"@id\":\"https:\/\/www.asajacyl.com\/salamanca\/sin-categoria\/asaja-exige-que-espana-vote-a-favor-del-cambio-de-estatus-de-proteccion-del-lobo-en-la-ue-la-ganaderia-espanola-no-puede-esperar-mas#breadcrumb\"},\"inLanguage\":\"es\",\"potentialAction\":[{\"@type\":\"ReadAction\",\"target\":[\"https:\/\/www.asajacyl.com\/salamanca\/sin-categoria\/asaja-exige-que-espana-vote-a-favor-del-cambio-de-estatus-de-proteccion-del-lobo-en-la-ue-la-ganaderia-espanola-no-puede-esperar-mas\"]}]},{\"@type\":\"ImageObject\",\"inLanguage\":\"es\",\"@id\":\"https:\/\/www.asajacyl.com\/salamanca\/sin-categoria\/asaja-exige-que-espana-vote-a-favor-del-cambio-de-estatus-de-proteccion-del-lobo-en-la-ue-la-ganaderia-espanola-no-puede-esperar-mas#primaryimage\",\"url\":\"https:\/\/www.asajacyl.com\/salamanca\/wp-content\/uploads\/sites\/7\/2024\/09\/image-3.jpg\",\"contentUrl\":\"https:\/\/www.asajacyl.com\/salamanca\/wp-content\/uploads\/sites\/7\/2024\/09\/image-3.jpg\",\"width\":1028,\"height\":722},{\"@type\":\"BreadcrumbList\",\"@id\":\"https:\/\/www.asajacyl.com\/salamanca\/sin-categoria\/asaja-exige-que-espana-vote-a-favor-del-cambio-de-estatus-de-proteccion-del-lobo-en-la-ue-la-ganaderia-espanola-no-puede-esperar-mas#breadcrumb\",\"itemListElement\":[{\"@type\":\"ListItem\",\"position\":1,\"name\":\"Portada\",\"item\":\"https:\/\/www.asajacyl.com\/salamanca\/\"},{\"@type\":\"ListItem\",\"position\":2,\"name\":\"ASAJA exige que Espa\u00f1a vote a favor del cambio de estatus de protecci\u00f3n del lobo en la UE: la ganader\u00eda espa\u00f1ola no puede esperar m\u00e1s\"}]},{\"@type\":\"WebSite\",\"@id\":\"https:\/\/www.asajacyl.com\/salamanca\/#website\",\"url\":\"https:\/\/www.asajacyl.com\/salamanca\/\",\"name\":\"ASAJA Salamanca\",\"description\":\"Otro sitio m\u00e1s de Provincias ASAJA Castilla y Le\u00f3n\",\"potentialAction\":[{\"@type\":\"SearchAction\",\"target\":{\"@type\":\"EntryPoint\",\"urlTemplate\":\"https:\/\/www.asajacyl.com\/salamanca\/?s={search_term_string}\"},\"query-input\":{\"@type\":\"PropertyValueSpecification\",\"valueRequired\":true,\"valueName\":\"search_term_string\"}}],\"inLanguage\":\"es\"},{\"@type\":\"Person\",\"@id\":\"https:\/\/www.asajacyl.com\/salamanca\/#\/schema\/person\/2bfc7da09988e1087e6291fafe99b67f\",\"name\":\"Sonia\",\"image\":{\"@type\":\"ImageObject\",\"inLanguage\":\"es\",\"@id\":\"https:\/\/www.asajacyl.com\/salamanca\/#\/schema\/person\/image\/\",\"url\":\"https:\/\/secure.gravatar.com\/avatar\/6b0d6eb461a1e3687cc023d59022ef0d?s=96&d=mm&r=g\",\"contentUrl\":\"https:\/\/secure.gravatar.com\/avatar\/6b0d6eb461a1e3687cc023d59022ef0d?s=96&d=mm&r=g\",\"caption\":\"Sonia\"},\"url\":\"https:\/\/www.asajacyl.com\/salamanca\/author\/juanluisde\"}]}<\/script>\n<!-- \/ Yoast SEO plugin. -->","yoast_head_json":{"title":"ASAJA exige que Espa\u00f1a vote a favor del cambio de estatus de protecci\u00f3n del lobo en la UE: la ganader\u00eda espa\u00f1ola no puede esperar m\u00e1s - ASAJA Salamanca","description":"El 25 de septiembre, los Estados miembros de la UE, a trav\u00e9s de sus Representaciones Permanentes en Bruselas, votar\u00e1n si se incluye en el orden del d\u00eda de","robots":{"index":"index","follow":"follow","max-snippet":"max-snippet:-1","max-image-preview":"max-image-preview:large","max-video-preview":"max-video-preview:-1"},"canonical":"https:\/\/www.asajacyl.com\/salamanca\/sin-categoria\/asaja-exige-que-espana-vote-a-favor-del-cambio-de-estatus-de-proteccion-del-lobo-en-la-ue-la-ganaderia-espanola-no-puede-esperar-mas","og_locale":"es_ES","og_type":"article","og_title":"ASAJA exige que Espa\u00f1a vote a favor del cambio de estatus de protecci\u00f3n del lobo en la UE: la ganader\u00eda espa\u00f1ola no puede esperar m\u00e1s - ASAJA Salamanca","og_description":"El 25 de septiembre, los Estados miembros de la UE, a trav\u00e9s de sus Representaciones Permanentes en Bruselas, votar\u00e1n si se incluye en el orden del d\u00eda de","og_url":"https:\/\/www.asajacyl.com\/salamanca\/sin-categoria\/asaja-exige-que-espana-vote-a-favor-del-cambio-de-estatus-de-proteccion-del-lobo-en-la-ue-la-ganaderia-espanola-no-puede-esperar-mas","og_site_name":"ASAJA Salamanca","article_published_time":"2024-09-25T07:26:32+00:00","article_modified_time":"2025-11-11T07:55:20+00:00","og_image":[{"width":1028,"height":722,"url":"https:\/\/www.asajacyl.com\/salamanca\/wp-content\/uploads\/sites\/7\/2024\/09\/image-3.jpg","type":"image\/jpeg"}],"author":"Sonia","twitter_card":"summary_large_image","twitter_misc":{"Escrito por":"Sonia","Tiempo de lectura":"3 minutos"},"schema":{"@context":"https:\/\/schema.org","@graph":[{"@type":"WebPage","@id":"https:\/\/www.asajacyl.com\/salamanca\/sin-categoria\/asaja-exige-que-espana-vote-a-favor-del-cambio-de-estatus-de-proteccion-del-lobo-en-la-ue-la-ganaderia-espanola-no-puede-esperar-mas","url":"https:\/\/www.asajacyl.com\/salamanca\/sin-categoria\/asaja-exige-que-espana-vote-a-favor-del-cambio-de-estatus-de-proteccion-del-lobo-en-la-ue-la-ganaderia-espanola-no-puede-esperar-mas","name":"ASAJA exige que Espa\u00f1a vote a favor del cambio de estatus de protecci\u00f3n del lobo en la UE: la ganader\u00eda espa\u00f1ola no puede esperar m\u00e1s - ASAJA Salamanca","isPartOf":{"@id":"https:\/\/www.asajacyl.com\/salamanca\/#website"},"primaryImageOfPage":{"@id":"https:\/\/www.asajacyl.com\/salamanca\/sin-categoria\/asaja-exige-que-espana-vote-a-favor-del-cambio-de-estatus-de-proteccion-del-lobo-en-la-ue-la-ganaderia-espanola-no-puede-esperar-mas#primaryimage"},"image":{"@id":"https:\/\/www.asajacyl.com\/salamanca\/sin-categoria\/asaja-exige-que-espana-vote-a-favor-del-cambio-de-estatus-de-proteccion-del-lobo-en-la-ue-la-ganaderia-espanola-no-puede-esperar-mas#primaryimage"},"thumbnailUrl":"https:\/\/www.asajacyl.com\/salamanca\/wp-content\/uploads\/sites\/7\/2024\/09\/image-3.jpg","datePublished":"2024-09-25T07:26:32+00:00","dateModified":"2025-11-11T07:55:20+00:00","author":{"@id":"https:\/\/www.asajacyl.com\/salamanca\/#\/schema\/person\/2bfc7da09988e1087e6291fafe99b67f"},"description":"El 25 de septiembre, los Estados miembros de la UE, a trav\u00e9s de sus Representaciones Permanentes en Bruselas, votar\u00e1n si se incluye en el orden del d\u00eda de","breadcrumb":{"@id":"https:\/\/www.asajacyl.com\/salamanca\/sin-categoria\/asaja-exige-que-espana-vote-a-favor-del-cambio-de-estatus-de-proteccion-del-lobo-en-la-ue-la-ganaderia-espanola-no-puede-esperar-mas#breadcrumb"},"inLanguage":"es","potentialAction":[{"@type":"ReadAction","target":["https:\/\/www.asajacyl.com\/salamanca\/sin-categoria\/asaja-exige-que-espana-vote-a-favor-del-cambio-de-estatus-de-proteccion-del-lobo-en-la-ue-la-ganaderia-espanola-no-puede-esperar-mas"]}]},{"@type":"ImageObject","inLanguage":"es","@id":"https:\/\/www.asajacyl.com\/salamanca\/sin-categoria\/asaja-exige-que-espana-vote-a-favor-del-cambio-de-estatus-de-proteccion-del-lobo-en-la-ue-la-ganaderia-espanola-no-puede-esperar-mas#primaryimage","url":"https:\/\/www.asajacyl.com\/salamanca\/wp-content\/uploads\/sites\/7\/2024\/09\/image-3.jpg","contentUrl":"https:\/\/www.asajacyl.com\/salamanca\/wp-content\/uploads\/sites\/7\/2024\/09\/image-3.jpg","width":1028,"height":722},{"@type":"BreadcrumbList","@id":"https:\/\/www.asajacyl.com\/salamanca\/sin-categoria\/asaja-exige-que-espana-vote-a-favor-del-cambio-de-estatus-de-proteccion-del-lobo-en-la-ue-la-ganaderia-espanola-no-puede-esperar-mas#breadcrumb","itemListElement":[{"@type":"ListItem","position":1,"name":"Portada","item":"https:\/\/www.asajacyl.com\/salamanca\/"},{"@type":"ListItem","position":2,"name":"ASAJA exige que Espa\u00f1a vote a favor del cambio de estatus de protecci\u00f3n del lobo en la UE: la ganader\u00eda espa\u00f1ola no puede esperar m\u00e1s"}]},{"@type":"WebSite","@id":"https:\/\/www.asajacyl.com\/salamanca\/#website","url":"https:\/\/www.asajacyl.com\/salamanca\/","name":"ASAJA Salamanca","description":"Otro sitio m\u00e1s de Provincias ASAJA Castilla y Le\u00f3n","potentialAction":[{"@type":"SearchAction","target":{"@type":"EntryPoint","urlTemplate":"https:\/\/www.asajacyl.com\/salamanca\/?s={search_term_string}"},"query-input":{"@type":"PropertyValueSpecification","valueRequired":true,"valueName":"search_term_string"}}],"inLanguage":"es"},{"@type":"Person","@id":"https:\/\/www.asajacyl.com\/salamanca\/#\/schema\/person\/2bfc7da09988e1087e6291fafe99b67f","name":"Sonia","image":{"@type":"ImageObject","inLanguage":"es","@id":"https:\/\/www.asajacyl.com\/salamanca\/#\/schema\/person\/image\/","url":"https:\/\/secure.gravatar.com\/avatar\/6b0d6eb461a1e3687cc023d59022ef0d?s=96&d=mm&r=g","contentUrl":"https:\/\/secure.gravatar.com\/avatar\/6b0d6eb461a1e3687cc023d59022ef0d?s=96&d=mm&r=g","caption":"Sonia"},"url":"https:\/\/www.asajacyl.com\/salamanca\/author\/juanluisde"}]}},"_links":{"self":[{"href":"https:\/\/www.asajacyl.com\/salamanca\/wp-json\/wp\/v2\/posts\/18455"}],"collection":[{"href":"https:\/\/www.asajacyl.com\/salamanca\/wp-json\/wp\/v2\/posts"}],"about":[{"href":"https:\/\/www.asajacyl.com\/salamanca\/wp-json\/wp\/v2\/types\/post"}],"author":[{"embeddable":true,"href":"https:\/\/www.asajacyl.com\/salamanca\/wp-json\/wp\/v2\/users\/10"}],"replies":[{"embeddable":true,"href":"https:\/\/www.asajacyl.com\/salamanca\/wp-json\/wp\/v2\/comments?post=18455"}],"version-history":[{"count":1,"href":"https:\/\/www.asajacyl.com\/salamanca\/wp-json\/wp\/v2\/posts\/18455\/revisions"}],"predecessor-version":[{"id":18458,"href":"https:\/\/www.asajacyl.com\/salamanca\/wp-json\/wp\/v2\/posts\/18455\/revisions\/18458"}],"wp:featuredmedia":[{"embeddable":true,"href":"https:\/\/www.asajacyl.com\/salamanca\/wp-json\/wp\/v2\/media\/18456"}],"wp:attachment":[{"href":"https:\/\/www.asajacyl.com\/salamanca\/wp-json\/wp\/v2\/media?parent=18455"}],"wp:term":[{"taxonomy":"category","embeddable":true,"href":"https:\/\/www.asajacyl.com\/salamanca\/wp-json\/wp\/v2\/categories?post=18455"},{"taxonomy":"post_tag","embeddable":true,"href":"https:\/\/www.asajacyl.com\/salamanca\/wp-json\/wp\/v2\/tags?post=18455"}],"curies":[{"name":"wp","href":"https:\/\/api.w.org\/{rel}","templated":true}]}}