{"id":18545,"date":"2024-10-15T13:50:53","date_gmt":"2024-10-15T11:50:53","guid":{"rendered":"https:\/\/www.asajacyl.com\/salamanca\/?p=18545"},"modified":"2025-11-11T08:54:03","modified_gmt":"2025-11-11T07:54:03","slug":"restricciones-de-movimientos-frente-a-la-lengua-azul-en-salamanca","status":"publish","type":"post","link":"https:\/\/www.asajacyl.com\/salamanca\/sin-categoria\/restricciones-de-movimientos-frente-a-la-lengua-azul-en-salamanca","title":{"rendered":"Restricciones de movimiento de ganado en Salamanca por los serotipos 1 y 3 de lengua azul"},"content":{"rendered":"\n<h2 class=\"wp-block-heading\">Ante la detecci\u00f3n de nuevos fotos en la provincia de C\u00e1ceres<\/h2>\n\n\n\n<p>El serotipo 3 de la lengua azul se expande a nuevas \u00e1reas en la regi\u00f3n. Se han confirmado nuevos brotes de lengua azul en Extremadura, que afectan a varias localidades. Ante la constataci\u00f3n de circulaci\u00f3n en las mismas resulta necesario aumentar la zona suspendida para este serotipo, que afectar\u00e1 a los siguientes territorios: <\/p>\n\n\n\n<ul>\n<li>La Comunidad Aut\u00f3noma de Extremadura.<\/li>\n\n\n\n<li>En la Comunidad Aut\u00f3noma de Andaluc\u00eda:<br>\u27a2 La provincia de Huelva.<br>\u27a2 En la provincia de Sevilla: las comarcas de Cazalla de la Sierra (Sierra Norte), Cantillana (Vega de Sevilla), Sanl\u00facar la Mayor (Poniente de Sevilla), Utrera (Bajo Guadalquivir), Lebrija (Las Marismas), Carmona (Los Alcores) y Sevilla (Delegaci\u00f3n Provincial).<\/li>\n\n\n\n<li>En la Comunidad Aut\u00f3noma de Castilla y Le\u00f3n:<br>\u27a2 En la provincia de \u00c1vila: las comarcas de El Barco de \u00c1vila, Arenas de San Pedro, Candeleda, Piedrah\u00edta, Navarredonda de Gredos, Navaluenga, Sotillo de la Adrada, El Barraco, Cebreros, Las Navas del Marqu\u00e9s y \u00c1vila.<br><strong>\u27a2 En la provincia de Salamanca: las comarcas de B\u00e9jar, Ciudad Rodrigo, Guijuelo, Tamames y Sequeros.<\/strong><\/li>\n\n\n\n<li>En la Comunidad Aut\u00f3noma de Castilla-La Mancha:<br>\u27a2 En la provincia de Toledo: las comarcas de Oropesa, Belvis de la Jara, Talavera de la Reina, Los Navalmorales, Torrijos y G\u00e1lvez.<br>\u27a2 En la provincia de Ciudad Real: las comarcas de Piedrabuena y Almad\u00e9n.<\/li>\n\n\n\n<li>En la Comunidad de Madrid: las comarcas de El Escorial, San Mart\u00edn de Valdeiglesias y Navalcarnero<\/li>\n<\/ul>\n\n\n\n<p>En todas estas nuevas zonas se est\u00e1n reforzado las medidas de prevenci\u00f3n, y control en la zona, entre las que se incluyen proceder a instaurar la vacunaci\u00f3n obligatoria frente al serotipo 3 del virus de la lengua azul para todos los animales mayores de 3 meses de edad de las especies ovina y bovina, establecimiento de restricciones a los movimientos de animales de especies sensibles a la enfermedad, refuerzo de la vigilancia pasiva comunicando cualquier sospecha, as\u00ed como la recomendaci\u00f3n de la desinsectaci\u00f3n de las explotaciones de rumiantes de la zona.<\/p>\n\n\n\n<p>Se puede encontrar m\u00e1s informaci\u00f3n sobre la enfermedad en la p\u00e1gina <a href=\"https:\/\/www.mapama.gob.es\/es\/ganaderia\/temas\/sanidad-animal-higieneganadera\/sanidad-animal\/enfermedades\/lengua-azul\/lengua_azul.aspx.\">https:\/\/www.mapama.gob.es\/es\/ganaderia\/temas\/sanidad-animal-higieneganadera\/sanidad-animal\/enfermedades\/lengua-azul\/lengua_azul.aspx.<\/a><\/p>\n","protected":false},"excerpt":{"rendered":"<p>Ante la detecci\u00f3n de nuevos fotos en la provincia de C\u00e1ceres El serotipo 3 de la lengua azul se expande a nuevas \u00e1reas en la regi\u00f3n. Se han confirmado nuevos brotes de lengua azul en Extremadura, que afectan a varias localidades. Ante la constataci\u00f3n de circulaci\u00f3n en las mismas resulta necesario aumentar la zona suspendida [&hellip;]<\/p>\n","protected":false},"author":10,"featured_media":18547,"comment_status":"open","ping_status":"open","sticky":false,"template":"","format":"standard","meta":{"footnotes":""},"categories":[556,510,1],"tags":[],"yoast_head":"<!-- This site is optimized with the Yoast SEO plugin v24.5 - https:\/\/yoast.com\/wordpress\/plugins\/seo\/ -->\n<title>Restricciones de movimiento de ganado en Salamanca por los serotipos 1 y 3 de lengua azul - ASAJA Salamanca<\/title>\n<meta name=\"description\" content=\"Ante la detecci\u00f3n de nuevos fotos en la provincia de C\u00e1ceres El serotipo 3 de la lengua azul se expande a nuevas \u00e1reas en la regi\u00f3n. Se han confirmado\" \/>\n<meta name=\"robots\" content=\"index, follow, max-snippet:-1, max-image-preview:large, max-video-preview:-1\" \/>\n<link rel=\"canonical\" href=\"https:\/\/www.asajacyl.com\/salamanca\/sin-categoria\/restricciones-de-movimientos-frente-a-la-lengua-azul-en-salamanca\" \/>\n<meta property=\"og:locale\" content=\"es_ES\" \/>\n<meta property=\"og:type\" content=\"article\" \/>\n<meta property=\"og:title\" content=\"Restricciones de movimiento de ganado en Salamanca por los serotipos 1 y 3 de lengua azul - ASAJA Salamanca\" \/>\n<meta property=\"og:description\" content=\"Ante la detecci\u00f3n de nuevos fotos en la provincia de C\u00e1ceres El serotipo 3 de la lengua azul se expande a nuevas \u00e1reas en la regi\u00f3n. Se han confirmado\" \/>\n<meta property=\"og:url\" content=\"https:\/\/www.asajacyl.com\/salamanca\/sin-categoria\/restricciones-de-movimientos-frente-a-la-lengua-azul-en-salamanca\" \/>\n<meta property=\"og:site_name\" content=\"ASAJA Salamanca\" \/>\n<meta property=\"article:published_time\" content=\"2024-10-15T11:50:53+00:00\" \/>\n<meta property=\"article:modified_time\" content=\"2025-11-11T07:54:03+00:00\" \/>\n<meta property=\"og:image\" content=\"https:\/\/www.asajacyl.com\/salamanca\/wp-content\/uploads\/sites\/7\/2024\/10\/Captura-5.jpg\" \/>\n\t<meta property=\"og:image:width\" content=\"744\" \/>\n\t<meta property=\"og:image:height\" content=\"371\" \/>\n\t<meta property=\"og:image:type\" content=\"image\/jpeg\" \/>\n<meta name=\"author\" content=\"Sonia\" \/>\n<meta name=\"twitter:card\" content=\"summary_large_image\" \/>\n<meta name=\"twitter:label1\" content=\"Escrito por\" \/>\n\t<meta name=\"twitter:data1\" content=\"Sonia\" \/>\n\t<meta name=\"twitter:label2\" content=\"Tiempo de lectura\" \/>\n\t<meta name=\"twitter:data2\" content=\"2 minutos\" \/>\n<script type=\"application\/ld+json\" class=\"yoast-schema-graph\">{\"@context\":\"https:\/\/schema.org\",\"@graph\":[{\"@type\":\"WebPage\",\"@id\":\"https:\/\/www.asajacyl.com\/salamanca\/sin-categoria\/restricciones-de-movimientos-frente-a-la-lengua-azul-en-salamanca\",\"url\":\"https:\/\/www.asajacyl.com\/salamanca\/sin-categoria\/restricciones-de-movimientos-frente-a-la-lengua-azul-en-salamanca\",\"name\":\"Restricciones de movimiento de ganado en Salamanca por los serotipos 1 y 3 de lengua azul - ASAJA Salamanca\",\"isPartOf\":{\"@id\":\"https:\/\/www.asajacyl.com\/salamanca\/#website\"},\"primaryImageOfPage\":{\"@id\":\"https:\/\/www.asajacyl.com\/salamanca\/sin-categoria\/restricciones-de-movimientos-frente-a-la-lengua-azul-en-salamanca#primaryimage\"},\"image\":{\"@id\":\"https:\/\/www.asajacyl.com\/salamanca\/sin-categoria\/restricciones-de-movimientos-frente-a-la-lengua-azul-en-salamanca#primaryimage\"},\"thumbnailUrl\":\"https:\/\/www.asajacyl.com\/salamanca\/wp-content\/uploads\/sites\/7\/2024\/10\/Captura-5.jpg\",\"datePublished\":\"2024-10-15T11:50:53+00:00\",\"dateModified\":\"2025-11-11T07:54:03+00:00\",\"author\":{\"@id\":\"https:\/\/www.asajacyl.com\/salamanca\/#\/schema\/person\/2bfc7da09988e1087e6291fafe99b67f\"},\"description\":\"Ante la detecci\u00f3n de nuevos fotos en la provincia de C\u00e1ceres El serotipo 3 de la lengua azul se expande a nuevas \u00e1reas en la regi\u00f3n. Se han confirmado\",\"breadcrumb\":{\"@id\":\"https:\/\/www.asajacyl.com\/salamanca\/sin-categoria\/restricciones-de-movimientos-frente-a-la-lengua-azul-en-salamanca#breadcrumb\"},\"inLanguage\":\"es\",\"potentialAction\":[{\"@type\":\"ReadAction\",\"target\":[\"https:\/\/www.asajacyl.com\/salamanca\/sin-categoria\/restricciones-de-movimientos-frente-a-la-lengua-azul-en-salamanca\"]}]},{\"@type\":\"ImageObject\",\"inLanguage\":\"es\",\"@id\":\"https:\/\/www.asajacyl.com\/salamanca\/sin-categoria\/restricciones-de-movimientos-frente-a-la-lengua-azul-en-salamanca#primaryimage\",\"url\":\"https:\/\/www.asajacyl.com\/salamanca\/wp-content\/uploads\/sites\/7\/2024\/10\/Captura-5.jpg\",\"contentUrl\":\"https:\/\/www.asajacyl.com\/salamanca\/wp-content\/uploads\/sites\/7\/2024\/10\/Captura-5.jpg\",\"width\":744,\"height\":371},{\"@type\":\"BreadcrumbList\",\"@id\":\"https:\/\/www.asajacyl.com\/salamanca\/sin-categoria\/restricciones-de-movimientos-frente-a-la-lengua-azul-en-salamanca#breadcrumb\",\"itemListElement\":[{\"@type\":\"ListItem\",\"position\":1,\"name\":\"Portada\",\"item\":\"https:\/\/www.asajacyl.com\/salamanca\/\"},{\"@type\":\"ListItem\",\"position\":2,\"name\":\"Restricciones de movimiento de ganado en Salamanca por los serotipos 1 y 3 de lengua azul\"}]},{\"@type\":\"WebSite\",\"@id\":\"https:\/\/www.asajacyl.com\/salamanca\/#website\",\"url\":\"https:\/\/www.asajacyl.com\/salamanca\/\",\"name\":\"ASAJA Salamanca\",\"description\":\"Otro sitio m\u00e1s de Provincias ASAJA Castilla y Le\u00f3n\",\"potentialAction\":[{\"@type\":\"SearchAction\",\"target\":{\"@type\":\"EntryPoint\",\"urlTemplate\":\"https:\/\/www.asajacyl.com\/salamanca\/?s={search_term_string}\"},\"query-input\":{\"@type\":\"PropertyValueSpecification\",\"valueRequired\":true,\"valueName\":\"search_term_string\"}}],\"inLanguage\":\"es\"},{\"@type\":\"Person\",\"@id\":\"https:\/\/www.asajacyl.com\/salamanca\/#\/schema\/person\/2bfc7da09988e1087e6291fafe99b67f\",\"name\":\"Sonia\",\"image\":{\"@type\":\"ImageObject\",\"inLanguage\":\"es\",\"@id\":\"https:\/\/www.asajacyl.com\/salamanca\/#\/schema\/person\/image\/\",\"url\":\"https:\/\/secure.gravatar.com\/avatar\/6b0d6eb461a1e3687cc023d59022ef0d?s=96&d=mm&r=g\",\"contentUrl\":\"https:\/\/secure.gravatar.com\/avatar\/6b0d6eb461a1e3687cc023d59022ef0d?s=96&d=mm&r=g\",\"caption\":\"Sonia\"},\"url\":\"https:\/\/www.asajacyl.com\/salamanca\/author\/juanluisde\"}]}<\/script>\n<!-- \/ Yoast SEO plugin. -->","yoast_head_json":{"title":"Restricciones de movimiento de ganado en Salamanca por los serotipos 1 y 3 de lengua azul - ASAJA Salamanca","description":"Ante la detecci\u00f3n de nuevos fotos en la provincia de C\u00e1ceres El serotipo 3 de la lengua azul se expande a nuevas \u00e1reas en la regi\u00f3n. Se han confirmado","robots":{"index":"index","follow":"follow","max-snippet":"max-snippet:-1","max-image-preview":"max-image-preview:large","max-video-preview":"max-video-preview:-1"},"canonical":"https:\/\/www.asajacyl.com\/salamanca\/sin-categoria\/restricciones-de-movimientos-frente-a-la-lengua-azul-en-salamanca","og_locale":"es_ES","og_type":"article","og_title":"Restricciones de movimiento de ganado en Salamanca por los serotipos 1 y 3 de lengua azul - ASAJA Salamanca","og_description":"Ante la detecci\u00f3n de nuevos fotos en la provincia de C\u00e1ceres El serotipo 3 de la lengua azul se expande a nuevas \u00e1reas en la regi\u00f3n. Se han confirmado","og_url":"https:\/\/www.asajacyl.com\/salamanca\/sin-categoria\/restricciones-de-movimientos-frente-a-la-lengua-azul-en-salamanca","og_site_name":"ASAJA Salamanca","article_published_time":"2024-10-15T11:50:53+00:00","article_modified_time":"2025-11-11T07:54:03+00:00","og_image":[{"width":744,"height":371,"url":"https:\/\/www.asajacyl.com\/salamanca\/wp-content\/uploads\/sites\/7\/2024\/10\/Captura-5.jpg","type":"image\/jpeg"}],"author":"Sonia","twitter_card":"summary_large_image","twitter_misc":{"Escrito por":"Sonia","Tiempo de lectura":"2 minutos"},"schema":{"@context":"https:\/\/schema.org","@graph":[{"@type":"WebPage","@id":"https:\/\/www.asajacyl.com\/salamanca\/sin-categoria\/restricciones-de-movimientos-frente-a-la-lengua-azul-en-salamanca","url":"https:\/\/www.asajacyl.com\/salamanca\/sin-categoria\/restricciones-de-movimientos-frente-a-la-lengua-azul-en-salamanca","name":"Restricciones de movimiento de ganado en Salamanca por los serotipos 1 y 3 de lengua azul - ASAJA Salamanca","isPartOf":{"@id":"https:\/\/www.asajacyl.com\/salamanca\/#website"},"primaryImageOfPage":{"@id":"https:\/\/www.asajacyl.com\/salamanca\/sin-categoria\/restricciones-de-movimientos-frente-a-la-lengua-azul-en-salamanca#primaryimage"},"image":{"@id":"https:\/\/www.asajacyl.com\/salamanca\/sin-categoria\/restricciones-de-movimientos-frente-a-la-lengua-azul-en-salamanca#primaryimage"},"thumbnailUrl":"https:\/\/www.asajacyl.com\/salamanca\/wp-content\/uploads\/sites\/7\/2024\/10\/Captura-5.jpg","datePublished":"2024-10-15T11:50:53+00:00","dateModified":"2025-11-11T07:54:03+00:00","author":{"@id":"https:\/\/www.asajacyl.com\/salamanca\/#\/schema\/person\/2bfc7da09988e1087e6291fafe99b67f"},"description":"Ante la detecci\u00f3n de nuevos fotos en la provincia de C\u00e1ceres El serotipo 3 de la lengua azul se expande a nuevas \u00e1reas en la regi\u00f3n. Se han confirmado","breadcrumb":{"@id":"https:\/\/www.asajacyl.com\/salamanca\/sin-categoria\/restricciones-de-movimientos-frente-a-la-lengua-azul-en-salamanca#breadcrumb"},"inLanguage":"es","potentialAction":[{"@type":"ReadAction","target":["https:\/\/www.asajacyl.com\/salamanca\/sin-categoria\/restricciones-de-movimientos-frente-a-la-lengua-azul-en-salamanca"]}]},{"@type":"ImageObject","inLanguage":"es","@id":"https:\/\/www.asajacyl.com\/salamanca\/sin-categoria\/restricciones-de-movimientos-frente-a-la-lengua-azul-en-salamanca#primaryimage","url":"https:\/\/www.asajacyl.com\/salamanca\/wp-content\/uploads\/sites\/7\/2024\/10\/Captura-5.jpg","contentUrl":"https:\/\/www.asajacyl.com\/salamanca\/wp-content\/uploads\/sites\/7\/2024\/10\/Captura-5.jpg","width":744,"height":371},{"@type":"BreadcrumbList","@id":"https:\/\/www.asajacyl.com\/salamanca\/sin-categoria\/restricciones-de-movimientos-frente-a-la-lengua-azul-en-salamanca#breadcrumb","itemListElement":[{"@type":"ListItem","position":1,"name":"Portada","item":"https:\/\/www.asajacyl.com\/salamanca\/"},{"@type":"ListItem","position":2,"name":"Restricciones de movimiento de ganado en Salamanca por los serotipos 1 y 3 de lengua azul"}]},{"@type":"WebSite","@id":"https:\/\/www.asajacyl.com\/salamanca\/#website","url":"https:\/\/www.asajacyl.com\/salamanca\/","name":"ASAJA Salamanca","description":"Otro sitio m\u00e1s de Provincias ASAJA Castilla y Le\u00f3n","potentialAction":[{"@type":"SearchAction","target":{"@type":"EntryPoint","urlTemplate":"https:\/\/www.asajacyl.com\/salamanca\/?s={search_term_string}"},"query-input":{"@type":"PropertyValueSpecification","valueRequired":true,"valueName":"search_term_string"}}],"inLanguage":"es"},{"@type":"Person","@id":"https:\/\/www.asajacyl.com\/salamanca\/#\/schema\/person\/2bfc7da09988e1087e6291fafe99b67f","name":"Sonia","image":{"@type":"ImageObject","inLanguage":"es","@id":"https:\/\/www.asajacyl.com\/salamanca\/#\/schema\/person\/image\/","url":"https:\/\/secure.gravatar.com\/avatar\/6b0d6eb461a1e3687cc023d59022ef0d?s=96&d=mm&r=g","contentUrl":"https:\/\/secure.gravatar.com\/avatar\/6b0d6eb461a1e3687cc023d59022ef0d?s=96&d=mm&r=g","caption":"Sonia"},"url":"https:\/\/www.asajacyl.com\/salamanca\/author\/juanluisde"}]}},"_links":{"self":[{"href":"https:\/\/www.asajacyl.com\/salamanca\/wp-json\/wp\/v2\/posts\/18545"}],"collection":[{"href":"https:\/\/www.asajacyl.com\/salamanca\/wp-json\/wp\/v2\/posts"}],"about":[{"href":"https:\/\/www.asajacyl.com\/salamanca\/wp-json\/wp\/v2\/types\/post"}],"author":[{"embeddable":true,"href":"https:\/\/www.asajacyl.com\/salamanca\/wp-json\/wp\/v2\/users\/10"}],"replies":[{"embeddable":true,"href":"https:\/\/www.asajacyl.com\/salamanca\/wp-json\/wp\/v2\/comments?post=18545"}],"version-history":[{"count":7,"href":"https:\/\/www.asajacyl.com\/salamanca\/wp-json\/wp\/v2\/posts\/18545\/revisions"}],"predecessor-version":[{"id":18554,"href":"https:\/\/www.asajacyl.com\/salamanca\/wp-json\/wp\/v2\/posts\/18545\/revisions\/18554"}],"wp:featuredmedia":[{"embeddable":true,"href":"https:\/\/www.asajacyl.com\/salamanca\/wp-json\/wp\/v2\/media\/18547"}],"wp:attachment":[{"href":"https:\/\/www.asajacyl.com\/salamanca\/wp-json\/wp\/v2\/media?parent=18545"}],"wp:term":[{"taxonomy":"category","embeddable":true,"href":"https:\/\/www.asajacyl.com\/salamanca\/wp-json\/wp\/v2\/categories?post=18545"},{"taxonomy":"post_tag","embeddable":true,"href":"https:\/\/www.asajacyl.com\/salamanca\/wp-json\/wp\/v2\/tags?post=18545"}],"curies":[{"name":"wp","href":"https:\/\/api.w.org\/{rel}","templated":true}]}}