{"id":19269,"date":"2025-05-19T09:40:44","date_gmt":"2025-05-19T07:40:44","guid":{"rendered":"https:\/\/www.asajacyl.com\/salamanca\/?p=19269"},"modified":"2025-05-21T09:33:28","modified_gmt":"2025-05-21T07:33:28","slug":"nuevos-ataques-de-buitres-en-salamanca-unavaca-y-un-ternero-muertos-en-carrascal-debarregas","status":"publish","type":"post","link":"https:\/\/www.asajacyl.com\/salamanca\/sin-categoria\/nuevos-ataques-de-buitres-en-salamanca-unavaca-y-un-ternero-muertos-en-carrascal-debarregas","title":{"rendered":"Nuevos ataques de buitres en Salamanca: una vaca y un ternero muertos en Carrascal de Barregas"},"content":{"rendered":"\n<p>Salamanca, 16 de mayo de 2025| ASAJA Salamanca vuelve a poner sobre la mesa un problema cada vez m\u00e1s grave para el sector ganadero de la provincia: los ataques reiterados de buitres que est\u00e1n provocando p\u00e9rdidas econ\u00f3micas y un gran sufrimiento a los agricultores y<br>ganaderos. En esta ocasi\u00f3n, el incidente ha ocurrido en la explotaci\u00f3n de \u00c1ngel Luis Hern\u00e1ndez, ubicada en la zona de Carrascal de Barregas, donde los buitres han matado a una vaca y a su ternero reci\u00e9n nacido.<br><\/p>\n\n\n\n<p>Seg\u00fan explica el propio ganadero, \u201cacud\u00ed a la explotaci\u00f3n sobre las 8:45 horas y la vaca a\u00fan no hab\u00eda parido, estaba en ese proceso de espera. Cuando he vuelto a las 11:45, me he encontrado con una escena terrible: la vaca hab\u00eda parido, pero ambos, madre y ternero, estaban muertos, y los buitres eran los responsables de la muerte\u201d. \u00c1ngel Luis se\u00f1ala que no es un caso aislado, sino que \u201clos ataques de buitres est\u00e1n aumentando en esta zona. Estamos desesperados porque no sabemos c\u00f3mo proteger a nuestro ganado\u201d. El ganadero comparte con preocupaci\u00f3n: \u201cNo es solo el da\u00f1o econ\u00f3mico, que ya es grave, sino el golpe emocional que supone perder animales a los que cuidamos con tanto mimo. Sentimos que nadie nos protege, llamamos a la Junta para denunciar, pero nos responden que no hay presupuesto para actuar. Estamos agotados y sin soluciones.\u201d<\/p>\n\n\n\n<p><br>Desde ASAJA Salamanca se denuncia esta situaci\u00f3n con m\u00e1xima preocupaci\u00f3n. La falta de recursos y de medidas efectivas para controlar<br>a estas aves carro\u00f1eras est\u00e1 causando un da\u00f1o serio a las explotaciones ganaderas. Los ganaderos est\u00e1n en primera l\u00ednea de un problema que crece sin control y necesitan el respaldo urgente de las autoridades. La organizaci\u00f3n exige a la Junta de Castilla y Le\u00f3n que destine los recursos necesarios para controlar esta situaci\u00f3n y proteger al sector ganadero, y pide a la sociedad que apoye a los agricultores y ganaderos, que trabajan d\u00eda a d\u00eda para mantener viva la actividad agr\u00edcola y ganadera en nuestra provincia.<\/p>\n\n\n\n<figure class=\"wp-block-image size-large is-resized\"><img loading=\"lazy\" decoding=\"async\" width=\"768\" height=\"1024\" src=\"https:\/\/www.asajacyl.com\/salamanca\/wp-content\/uploads\/sites\/7\/2025\/05\/WhatsApp-Image-2025-05-16-at-14.03.21-768x1024.jpeg\" alt=\"\" class=\"wp-image-19274\" style=\"width:349px;height:auto\" srcset=\"https:\/\/www.asajacyl.com\/salamanca\/wp-content\/uploads\/sites\/7\/2025\/05\/WhatsApp-Image-2025-05-16-at-14.03.21-768x1024.jpeg 768w, https:\/\/www.asajacyl.com\/salamanca\/wp-content\/uploads\/sites\/7\/2025\/05\/WhatsApp-Image-2025-05-16-at-14.03.21-225x300.jpeg 225w, https:\/\/www.asajacyl.com\/salamanca\/wp-content\/uploads\/sites\/7\/2025\/05\/WhatsApp-Image-2025-05-16-at-14.03.21-1152x1536.jpeg 1152w, https:\/\/www.asajacyl.com\/salamanca\/wp-content\/uploads\/sites\/7\/2025\/05\/WhatsApp-Image-2025-05-16-at-14.03.21-315x420.jpeg 315w, https:\/\/www.asajacyl.com\/salamanca\/wp-content\/uploads\/sites\/7\/2025\/05\/WhatsApp-Image-2025-05-16-at-14.03.21-696x928.jpeg 696w, https:\/\/www.asajacyl.com\/salamanca\/wp-content\/uploads\/sites\/7\/2025\/05\/WhatsApp-Image-2025-05-16-at-14.03.21-1068x1424.jpeg 1068w, https:\/\/www.asajacyl.com\/salamanca\/wp-content\/uploads\/sites\/7\/2025\/05\/WhatsApp-Image-2025-05-16-at-14.03.21.jpeg 1530w\" sizes=\"(max-width: 768px) 100vw, 768px\" \/><\/figure>\n\n\n\n<figure class=\"wp-block-image size-large is-resized\"><img loading=\"lazy\" decoding=\"async\" width=\"768\" height=\"1024\" src=\"https:\/\/www.asajacyl.com\/salamanca\/wp-content\/uploads\/sites\/7\/2025\/05\/WhatsApp-Image-2025-05-16-at-14.03.20-768x1024.jpeg\" alt=\"\" class=\"wp-image-19273\" style=\"width:350px;height:auto\" srcset=\"https:\/\/www.asajacyl.com\/salamanca\/wp-content\/uploads\/sites\/7\/2025\/05\/WhatsApp-Image-2025-05-16-at-14.03.20-768x1024.jpeg 768w, https:\/\/www.asajacyl.com\/salamanca\/wp-content\/uploads\/sites\/7\/2025\/05\/WhatsApp-Image-2025-05-16-at-14.03.20-225x300.jpeg 225w, https:\/\/www.asajacyl.com\/salamanca\/wp-content\/uploads\/sites\/7\/2025\/05\/WhatsApp-Image-2025-05-16-at-14.03.20-1152x1536.jpeg 1152w, https:\/\/www.asajacyl.com\/salamanca\/wp-content\/uploads\/sites\/7\/2025\/05\/WhatsApp-Image-2025-05-16-at-14.03.20-315x420.jpeg 315w, https:\/\/www.asajacyl.com\/salamanca\/wp-content\/uploads\/sites\/7\/2025\/05\/WhatsApp-Image-2025-05-16-at-14.03.20-696x928.jpeg 696w, https:\/\/www.asajacyl.com\/salamanca\/wp-content\/uploads\/sites\/7\/2025\/05\/WhatsApp-Image-2025-05-16-at-14.03.20-1068x1424.jpeg 1068w, https:\/\/www.asajacyl.com\/salamanca\/wp-content\/uploads\/sites\/7\/2025\/05\/WhatsApp-Image-2025-05-16-at-14.03.20.jpeg 1530w\" sizes=\"(max-width: 768px) 100vw, 768px\" \/><\/figure>\n\n\n\n<figure class=\"wp-block-image size-large is-resized\"><img loading=\"lazy\" decoding=\"async\" width=\"768\" height=\"1024\" src=\"https:\/\/www.asajacyl.com\/salamanca\/wp-content\/uploads\/sites\/7\/2025\/05\/WhatsApp-Image-2025-05-16-at-14.03.18-768x1024.jpeg\" alt=\"\" class=\"wp-image-19271\" style=\"width:348px;height:auto\" srcset=\"https:\/\/www.asajacyl.com\/salamanca\/wp-content\/uploads\/sites\/7\/2025\/05\/WhatsApp-Image-2025-05-16-at-14.03.18-768x1024.jpeg 768w, https:\/\/www.asajacyl.com\/salamanca\/wp-content\/uploads\/sites\/7\/2025\/05\/WhatsApp-Image-2025-05-16-at-14.03.18-225x300.jpeg 225w, https:\/\/www.asajacyl.com\/salamanca\/wp-content\/uploads\/sites\/7\/2025\/05\/WhatsApp-Image-2025-05-16-at-14.03.18-1152x1536.jpeg 1152w, https:\/\/www.asajacyl.com\/salamanca\/wp-content\/uploads\/sites\/7\/2025\/05\/WhatsApp-Image-2025-05-16-at-14.03.18-315x420.jpeg 315w, https:\/\/www.asajacyl.com\/salamanca\/wp-content\/uploads\/sites\/7\/2025\/05\/WhatsApp-Image-2025-05-16-at-14.03.18-696x928.jpeg 696w, https:\/\/www.asajacyl.com\/salamanca\/wp-content\/uploads\/sites\/7\/2025\/05\/WhatsApp-Image-2025-05-16-at-14.03.18-1068x1424.jpeg 1068w, https:\/\/www.asajacyl.com\/salamanca\/wp-content\/uploads\/sites\/7\/2025\/05\/WhatsApp-Image-2025-05-16-at-14.03.18.jpeg 1530w\" sizes=\"(max-width: 768px) 100vw, 768px\" \/><\/figure>\n","protected":false},"excerpt":{"rendered":"<p>Salamanca, 16 de mayo de 2025| ASAJA Salamanca vuelve a poner sobre la mesa un problema cada vez m\u00e1s grave para el sector ganadero de la provincia: los ataques reiterados de buitres que est\u00e1n provocando p\u00e9rdidas econ\u00f3micas y un gran sufrimiento a los agricultores yganaderos. En esta ocasi\u00f3n, el incidente ha ocurrido en la explotaci\u00f3n [&hellip;]<\/p>\n","protected":false},"author":10,"featured_media":19271,"comment_status":"open","ping_status":"open","sticky":false,"template":"","format":"standard","meta":{"footnotes":""},"categories":[28,1],"tags":[],"yoast_head":"<!-- This site is optimized with the Yoast SEO plugin v24.5 - https:\/\/yoast.com\/wordpress\/plugins\/seo\/ -->\n<title>Nuevos ataques de buitres en Salamanca: una vaca y un ternero muertos en Carrascal de Barregas - ASAJA Salamanca<\/title>\n<meta name=\"description\" content=\"Salamanca, 16 de mayo de 2025| ASAJA Salamanca vuelve a poner sobre la mesa un problema cada vez m\u00e1s grave para el sector ganadero de la provincia: los\" \/>\n<meta name=\"robots\" content=\"index, follow, max-snippet:-1, max-image-preview:large, max-video-preview:-1\" \/>\n<link rel=\"canonical\" href=\"https:\/\/www.asajacyl.com\/salamanca\/sin-categoria\/nuevos-ataques-de-buitres-en-salamanca-unavaca-y-un-ternero-muertos-en-carrascal-debarregas\" \/>\n<meta property=\"og:locale\" content=\"es_ES\" \/>\n<meta property=\"og:type\" content=\"article\" \/>\n<meta property=\"og:title\" content=\"Nuevos ataques de buitres en Salamanca: una vaca y un ternero muertos en Carrascal de Barregas - ASAJA Salamanca\" \/>\n<meta property=\"og:description\" content=\"Salamanca, 16 de mayo de 2025| ASAJA Salamanca vuelve a poner sobre la mesa un problema cada vez m\u00e1s grave para el sector ganadero de la provincia: los\" \/>\n<meta property=\"og:url\" content=\"https:\/\/www.asajacyl.com\/salamanca\/sin-categoria\/nuevos-ataques-de-buitres-en-salamanca-unavaca-y-un-ternero-muertos-en-carrascal-debarregas\" \/>\n<meta property=\"og:site_name\" content=\"ASAJA Salamanca\" \/>\n<meta property=\"article:published_time\" content=\"2025-05-19T07:40:44+00:00\" \/>\n<meta property=\"article:modified_time\" content=\"2025-05-21T07:33:28+00:00\" \/>\n<meta property=\"og:image\" content=\"https:\/\/www.asajacyl.com\/salamanca\/wp-content\/uploads\/sites\/7\/2025\/05\/WhatsApp-Image-2025-05-16-at-14.03.18.jpeg\" \/>\n\t<meta property=\"og:image:width\" content=\"1530\" \/>\n\t<meta property=\"og:image:height\" content=\"2040\" \/>\n\t<meta property=\"og:image:type\" content=\"image\/jpeg\" \/>\n<meta name=\"author\" content=\"Sonia\" \/>\n<meta name=\"twitter:card\" content=\"summary_large_image\" \/>\n<meta name=\"twitter:label1\" content=\"Escrito por\" \/>\n\t<meta name=\"twitter:data1\" content=\"Sonia\" \/>\n\t<meta name=\"twitter:label2\" content=\"Tiempo de lectura\" \/>\n\t<meta name=\"twitter:data2\" content=\"3 minutos\" \/>\n<script type=\"application\/ld+json\" class=\"yoast-schema-graph\">{\"@context\":\"https:\/\/schema.org\",\"@graph\":[{\"@type\":\"WebPage\",\"@id\":\"https:\/\/www.asajacyl.com\/salamanca\/sin-categoria\/nuevos-ataques-de-buitres-en-salamanca-unavaca-y-un-ternero-muertos-en-carrascal-debarregas\",\"url\":\"https:\/\/www.asajacyl.com\/salamanca\/sin-categoria\/nuevos-ataques-de-buitres-en-salamanca-unavaca-y-un-ternero-muertos-en-carrascal-debarregas\",\"name\":\"Nuevos ataques de buitres en Salamanca: una vaca y un ternero muertos en Carrascal de Barregas - ASAJA Salamanca\",\"isPartOf\":{\"@id\":\"https:\/\/www.asajacyl.com\/salamanca\/#website\"},\"primaryImageOfPage\":{\"@id\":\"https:\/\/www.asajacyl.com\/salamanca\/sin-categoria\/nuevos-ataques-de-buitres-en-salamanca-unavaca-y-un-ternero-muertos-en-carrascal-debarregas#primaryimage\"},\"image\":{\"@id\":\"https:\/\/www.asajacyl.com\/salamanca\/sin-categoria\/nuevos-ataques-de-buitres-en-salamanca-unavaca-y-un-ternero-muertos-en-carrascal-debarregas#primaryimage\"},\"thumbnailUrl\":\"https:\/\/www.asajacyl.com\/salamanca\/wp-content\/uploads\/sites\/7\/2025\/05\/WhatsApp-Image-2025-05-16-at-14.03.18.jpeg\",\"datePublished\":\"2025-05-19T07:40:44+00:00\",\"dateModified\":\"2025-05-21T07:33:28+00:00\",\"author\":{\"@id\":\"https:\/\/www.asajacyl.com\/salamanca\/#\/schema\/person\/2bfc7da09988e1087e6291fafe99b67f\"},\"description\":\"Salamanca, 16 de mayo de 2025| ASAJA Salamanca vuelve a poner sobre la mesa un problema cada vez m\u00e1s grave para el sector ganadero de la provincia: los\",\"breadcrumb\":{\"@id\":\"https:\/\/www.asajacyl.com\/salamanca\/sin-categoria\/nuevos-ataques-de-buitres-en-salamanca-unavaca-y-un-ternero-muertos-en-carrascal-debarregas#breadcrumb\"},\"inLanguage\":\"es\",\"potentialAction\":[{\"@type\":\"ReadAction\",\"target\":[\"https:\/\/www.asajacyl.com\/salamanca\/sin-categoria\/nuevos-ataques-de-buitres-en-salamanca-unavaca-y-un-ternero-muertos-en-carrascal-debarregas\"]}]},{\"@type\":\"ImageObject\",\"inLanguage\":\"es\",\"@id\":\"https:\/\/www.asajacyl.com\/salamanca\/sin-categoria\/nuevos-ataques-de-buitres-en-salamanca-unavaca-y-un-ternero-muertos-en-carrascal-debarregas#primaryimage\",\"url\":\"https:\/\/www.asajacyl.com\/salamanca\/wp-content\/uploads\/sites\/7\/2025\/05\/WhatsApp-Image-2025-05-16-at-14.03.18.jpeg\",\"contentUrl\":\"https:\/\/www.asajacyl.com\/salamanca\/wp-content\/uploads\/sites\/7\/2025\/05\/WhatsApp-Image-2025-05-16-at-14.03.18.jpeg\",\"width\":1530,\"height\":2040},{\"@type\":\"BreadcrumbList\",\"@id\":\"https:\/\/www.asajacyl.com\/salamanca\/sin-categoria\/nuevos-ataques-de-buitres-en-salamanca-unavaca-y-un-ternero-muertos-en-carrascal-debarregas#breadcrumb\",\"itemListElement\":[{\"@type\":\"ListItem\",\"position\":1,\"name\":\"Portada\",\"item\":\"https:\/\/www.asajacyl.com\/salamanca\/\"},{\"@type\":\"ListItem\",\"position\":2,\"name\":\"Nuevos ataques de buitres en Salamanca: una vaca y un ternero muertos en Carrascal de Barregas\"}]},{\"@type\":\"WebSite\",\"@id\":\"https:\/\/www.asajacyl.com\/salamanca\/#website\",\"url\":\"https:\/\/www.asajacyl.com\/salamanca\/\",\"name\":\"ASAJA Salamanca\",\"description\":\"Otro sitio m\u00e1s de Provincias ASAJA Castilla y Le\u00f3n\",\"potentialAction\":[{\"@type\":\"SearchAction\",\"target\":{\"@type\":\"EntryPoint\",\"urlTemplate\":\"https:\/\/www.asajacyl.com\/salamanca\/?s={search_term_string}\"},\"query-input\":{\"@type\":\"PropertyValueSpecification\",\"valueRequired\":true,\"valueName\":\"search_term_string\"}}],\"inLanguage\":\"es\"},{\"@type\":\"Person\",\"@id\":\"https:\/\/www.asajacyl.com\/salamanca\/#\/schema\/person\/2bfc7da09988e1087e6291fafe99b67f\",\"name\":\"Sonia\",\"image\":{\"@type\":\"ImageObject\",\"inLanguage\":\"es\",\"@id\":\"https:\/\/www.asajacyl.com\/salamanca\/#\/schema\/person\/image\/\",\"url\":\"https:\/\/secure.gravatar.com\/avatar\/6b0d6eb461a1e3687cc023d59022ef0d?s=96&d=mm&r=g\",\"contentUrl\":\"https:\/\/secure.gravatar.com\/avatar\/6b0d6eb461a1e3687cc023d59022ef0d?s=96&d=mm&r=g\",\"caption\":\"Sonia\"},\"url\":\"https:\/\/www.asajacyl.com\/salamanca\/author\/juanluisde\"}]}<\/script>\n<!-- \/ Yoast SEO plugin. -->","yoast_head_json":{"title":"Nuevos ataques de buitres en Salamanca: una vaca y un ternero muertos en Carrascal de Barregas - ASAJA Salamanca","description":"Salamanca, 16 de mayo de 2025| ASAJA Salamanca vuelve a poner sobre la mesa un problema cada vez m\u00e1s grave para el sector ganadero de la provincia: los","robots":{"index":"index","follow":"follow","max-snippet":"max-snippet:-1","max-image-preview":"max-image-preview:large","max-video-preview":"max-video-preview:-1"},"canonical":"https:\/\/www.asajacyl.com\/salamanca\/sin-categoria\/nuevos-ataques-de-buitres-en-salamanca-unavaca-y-un-ternero-muertos-en-carrascal-debarregas","og_locale":"es_ES","og_type":"article","og_title":"Nuevos ataques de buitres en Salamanca: una vaca y un ternero muertos en Carrascal de Barregas - ASAJA Salamanca","og_description":"Salamanca, 16 de mayo de 2025| ASAJA Salamanca vuelve a poner sobre la mesa un problema cada vez m\u00e1s grave para el sector ganadero de la provincia: los","og_url":"https:\/\/www.asajacyl.com\/salamanca\/sin-categoria\/nuevos-ataques-de-buitres-en-salamanca-unavaca-y-un-ternero-muertos-en-carrascal-debarregas","og_site_name":"ASAJA Salamanca","article_published_time":"2025-05-19T07:40:44+00:00","article_modified_time":"2025-05-21T07:33:28+00:00","og_image":[{"width":1530,"height":2040,"url":"https:\/\/www.asajacyl.com\/salamanca\/wp-content\/uploads\/sites\/7\/2025\/05\/WhatsApp-Image-2025-05-16-at-14.03.18.jpeg","type":"image\/jpeg"}],"author":"Sonia","twitter_card":"summary_large_image","twitter_misc":{"Escrito por":"Sonia","Tiempo de lectura":"3 minutos"},"schema":{"@context":"https:\/\/schema.org","@graph":[{"@type":"WebPage","@id":"https:\/\/www.asajacyl.com\/salamanca\/sin-categoria\/nuevos-ataques-de-buitres-en-salamanca-unavaca-y-un-ternero-muertos-en-carrascal-debarregas","url":"https:\/\/www.asajacyl.com\/salamanca\/sin-categoria\/nuevos-ataques-de-buitres-en-salamanca-unavaca-y-un-ternero-muertos-en-carrascal-debarregas","name":"Nuevos ataques de buitres en Salamanca: una vaca y un ternero muertos en Carrascal de Barregas - ASAJA Salamanca","isPartOf":{"@id":"https:\/\/www.asajacyl.com\/salamanca\/#website"},"primaryImageOfPage":{"@id":"https:\/\/www.asajacyl.com\/salamanca\/sin-categoria\/nuevos-ataques-de-buitres-en-salamanca-unavaca-y-un-ternero-muertos-en-carrascal-debarregas#primaryimage"},"image":{"@id":"https:\/\/www.asajacyl.com\/salamanca\/sin-categoria\/nuevos-ataques-de-buitres-en-salamanca-unavaca-y-un-ternero-muertos-en-carrascal-debarregas#primaryimage"},"thumbnailUrl":"https:\/\/www.asajacyl.com\/salamanca\/wp-content\/uploads\/sites\/7\/2025\/05\/WhatsApp-Image-2025-05-16-at-14.03.18.jpeg","datePublished":"2025-05-19T07:40:44+00:00","dateModified":"2025-05-21T07:33:28+00:00","author":{"@id":"https:\/\/www.asajacyl.com\/salamanca\/#\/schema\/person\/2bfc7da09988e1087e6291fafe99b67f"},"description":"Salamanca, 16 de mayo de 2025| ASAJA Salamanca vuelve a poner sobre la mesa un problema cada vez m\u00e1s grave para el sector ganadero de la provincia: los","breadcrumb":{"@id":"https:\/\/www.asajacyl.com\/salamanca\/sin-categoria\/nuevos-ataques-de-buitres-en-salamanca-unavaca-y-un-ternero-muertos-en-carrascal-debarregas#breadcrumb"},"inLanguage":"es","potentialAction":[{"@type":"ReadAction","target":["https:\/\/www.asajacyl.com\/salamanca\/sin-categoria\/nuevos-ataques-de-buitres-en-salamanca-unavaca-y-un-ternero-muertos-en-carrascal-debarregas"]}]},{"@type":"ImageObject","inLanguage":"es","@id":"https:\/\/www.asajacyl.com\/salamanca\/sin-categoria\/nuevos-ataques-de-buitres-en-salamanca-unavaca-y-un-ternero-muertos-en-carrascal-debarregas#primaryimage","url":"https:\/\/www.asajacyl.com\/salamanca\/wp-content\/uploads\/sites\/7\/2025\/05\/WhatsApp-Image-2025-05-16-at-14.03.18.jpeg","contentUrl":"https:\/\/www.asajacyl.com\/salamanca\/wp-content\/uploads\/sites\/7\/2025\/05\/WhatsApp-Image-2025-05-16-at-14.03.18.jpeg","width":1530,"height":2040},{"@type":"BreadcrumbList","@id":"https:\/\/www.asajacyl.com\/salamanca\/sin-categoria\/nuevos-ataques-de-buitres-en-salamanca-unavaca-y-un-ternero-muertos-en-carrascal-debarregas#breadcrumb","itemListElement":[{"@type":"ListItem","position":1,"name":"Portada","item":"https:\/\/www.asajacyl.com\/salamanca\/"},{"@type":"ListItem","position":2,"name":"Nuevos ataques de buitres en Salamanca: una vaca y un ternero muertos en Carrascal de Barregas"}]},{"@type":"WebSite","@id":"https:\/\/www.asajacyl.com\/salamanca\/#website","url":"https:\/\/www.asajacyl.com\/salamanca\/","name":"ASAJA Salamanca","description":"Otro sitio m\u00e1s de Provincias ASAJA Castilla y Le\u00f3n","potentialAction":[{"@type":"SearchAction","target":{"@type":"EntryPoint","urlTemplate":"https:\/\/www.asajacyl.com\/salamanca\/?s={search_term_string}"},"query-input":{"@type":"PropertyValueSpecification","valueRequired":true,"valueName":"search_term_string"}}],"inLanguage":"es"},{"@type":"Person","@id":"https:\/\/www.asajacyl.com\/salamanca\/#\/schema\/person\/2bfc7da09988e1087e6291fafe99b67f","name":"Sonia","image":{"@type":"ImageObject","inLanguage":"es","@id":"https:\/\/www.asajacyl.com\/salamanca\/#\/schema\/person\/image\/","url":"https:\/\/secure.gravatar.com\/avatar\/6b0d6eb461a1e3687cc023d59022ef0d?s=96&d=mm&r=g","contentUrl":"https:\/\/secure.gravatar.com\/avatar\/6b0d6eb461a1e3687cc023d59022ef0d?s=96&d=mm&r=g","caption":"Sonia"},"url":"https:\/\/www.asajacyl.com\/salamanca\/author\/juanluisde"}]}},"_links":{"self":[{"href":"https:\/\/www.asajacyl.com\/salamanca\/wp-json\/wp\/v2\/posts\/19269"}],"collection":[{"href":"https:\/\/www.asajacyl.com\/salamanca\/wp-json\/wp\/v2\/posts"}],"about":[{"href":"https:\/\/www.asajacyl.com\/salamanca\/wp-json\/wp\/v2\/types\/post"}],"author":[{"embeddable":true,"href":"https:\/\/www.asajacyl.com\/salamanca\/wp-json\/wp\/v2\/users\/10"}],"replies":[{"embeddable":true,"href":"https:\/\/www.asajacyl.com\/salamanca\/wp-json\/wp\/v2\/comments?post=19269"}],"version-history":[{"count":4,"href":"https:\/\/www.asajacyl.com\/salamanca\/wp-json\/wp\/v2\/posts\/19269\/revisions"}],"predecessor-version":[{"id":19292,"href":"https:\/\/www.asajacyl.com\/salamanca\/wp-json\/wp\/v2\/posts\/19269\/revisions\/19292"}],"wp:featuredmedia":[{"embeddable":true,"href":"https:\/\/www.asajacyl.com\/salamanca\/wp-json\/wp\/v2\/media\/19271"}],"wp:attachment":[{"href":"https:\/\/www.asajacyl.com\/salamanca\/wp-json\/wp\/v2\/media?parent=19269"}],"wp:term":[{"taxonomy":"category","embeddable":true,"href":"https:\/\/www.asajacyl.com\/salamanca\/wp-json\/wp\/v2\/categories?post=19269"},{"taxonomy":"post_tag","embeddable":true,"href":"https:\/\/www.asajacyl.com\/salamanca\/wp-json\/wp\/v2\/tags?post=19269"}],"curies":[{"name":"wp","href":"https:\/\/api.w.org\/{rel}","templated":true}]}}