{"id":19301,"date":"2025-05-28T11:47:29","date_gmt":"2025-05-28T09:47:29","guid":{"rendered":"https:\/\/www.asajacyl.com\/salamanca\/?p=19301"},"modified":"2025-05-28T11:47:31","modified_gmt":"2025-05-28T09:47:31","slug":"la-justicia-reconocio-la-responsabilidad-de-la-administracion-por-la-muerte-de-una-ternera-atacada-por-buitres-en-salamanca","status":"publish","type":"post","link":"https:\/\/www.asajacyl.com\/salamanca\/sin-categoria\/la-justicia-reconocio-la-responsabilidad-de-la-administracion-por-la-muerte-de-una-ternera-atacada-por-buitres-en-salamanca","title":{"rendered":"La Justicia reconoci\u00f3 la responsabilidad de la Administraci\u00f3n por la muerte de una ternera atacada por buitres en Salamanca"},"content":{"rendered":"\n<p>El Juzgado de lo Contencioso-Administrativo n\u00ba 2 de Salamanca dict\u00f3 sentencia favorable a un ganadero de la provincia, reconociendo la responsabilidad patrimonial de la Administraci\u00f3n por la muerte de una ternera como consecuencia del ataque de una bandada de buitres y obligando a indemnizar al propietario del animal por su valor econ\u00f3mico.<\/p>\n\n\n\n<p>Esta cuesti\u00f3n ya fue analizada en profundidad en la revista del pasado mes de enero por el abogado Rafael Riba Garc\u00eda, responsable de la defensa del ganadero, quien explic\u00f3 los fundamentos jur\u00eddicos y f\u00e1cticos de este tipo de reclamaciones y la necesidad de acreditar tanto la causa del ataque como el da\u00f1o sufrido.<\/p>\n\n\n\n<p>Seg\u00fan recogi\u00f3 la sentencia, la actuaci\u00f3n administrativa estuvo directamente relacionada con el perjuicio existiendo una relaci\u00f3n causa-efecto directa, inmediata y exclusiva de entre el acto de la Administraci\u00f3n y el da\u00f1o ocasionado. Se trat\u00f3 de un caso de responsabilidad objetiva basada en la ausencia del deber jur\u00eddico de soportar el da\u00f1o, sin valorar la actuaci\u00f3n administrativa.<\/p>\n\n\n\n<p>El fallo subray\u00f3 que la prohibici\u00f3n de cazar especies protegidas como el buitre no puede implicar que los ganaderos tengan el deber de asumir sin compensaci\u00f3n los da\u00f1os causados por estos animales. La provincia de Salamanca, que alberga una importante poblaci\u00f3n de aves carro\u00f1eras y cuenta con nueve muladares, se encontraba en una situaci\u00f3n cr\u00edtica por la falta de alimento de aves carro\u00f1eras en estos espacios, debido principalmente a la escasez de recursos para su gesti\u00f3n, lo que hab\u00eda incrementado los ataques a animales vivos.<\/p>\n\n\n\n<p>En el caso enjuiciado, la prueba fue determinante: un vecino presenci\u00f3 un ataque el d\u00eda anterior sobre la misma cr\u00eda, y un agente medioambiental ratific\u00f3 en su informe que la ternera fue atacada a\u00fan con vida. La sentencia deja claro que no basta con demostrar que los buitres comieron del cad\u00e1ver, sino que debe acreditarse que el ataque fue la causa directa de la muerte.<\/p>\n\n\n\n<p>En situaciones en las que no se contara con un informe favorable del agente medioambiental, la v\u00eda alternativa consiste en presentar pruebas veterinarias o realizar una necropsia que permita confirmar que las lesiones han sido provocadas por los buitres.<\/p>\n\n\n\n<p>Esta sentencia supone un importante precedente en la defensa de los intereses de los ganaderos frente a los da\u00f1os provocados por especies protegidas, en un contexto marcado por restricciones legales no siempre acompa\u00f1adas de sistemas de compensaci\u00f3n justos.<\/p>\n","protected":false},"excerpt":{"rendered":"<p>El Juzgado de lo Contencioso-Administrativo n\u00ba 2 de Salamanca dict\u00f3 sentencia favorable a un ganadero de la provincia, reconociendo la responsabilidad patrimonial de la Administraci\u00f3n por la muerte de una ternera como consecuencia del ataque de una bandada de buitres y obligando a indemnizar al propietario del animal por su valor econ\u00f3mico. Esta cuesti\u00f3n ya [&hellip;]<\/p>\n","protected":false},"author":10,"featured_media":685,"comment_status":"open","ping_status":"open","sticky":false,"template":"","format":"standard","meta":{"footnotes":""},"categories":[510,1],"tags":[],"yoast_head":"<!-- This site is optimized with the Yoast SEO plugin v24.5 - https:\/\/yoast.com\/wordpress\/plugins\/seo\/ -->\n<title>La Justicia reconoci\u00f3 la responsabilidad de la Administraci\u00f3n por la muerte de una ternera atacada por buitres en Salamanca - ASAJA Salamanca<\/title>\n<meta name=\"description\" content=\"El Juzgado de lo Contencioso-Administrativo n\u00ba 2 de Salamanca dict\u00f3 sentencia favorable a un ganadero de la provincia, reconociendo la responsabilidad\" \/>\n<meta name=\"robots\" content=\"index, follow, max-snippet:-1, max-image-preview:large, max-video-preview:-1\" \/>\n<link rel=\"canonical\" href=\"https:\/\/www.asajacyl.com\/salamanca\/sin-categoria\/la-justicia-reconocio-la-responsabilidad-de-la-administracion-por-la-muerte-de-una-ternera-atacada-por-buitres-en-salamanca\" \/>\n<meta property=\"og:locale\" content=\"es_ES\" \/>\n<meta property=\"og:type\" content=\"article\" \/>\n<meta property=\"og:title\" content=\"La Justicia reconoci\u00f3 la responsabilidad de la Administraci\u00f3n por la muerte de una ternera atacada por buitres en Salamanca - ASAJA Salamanca\" \/>\n<meta property=\"og:description\" content=\"El Juzgado de lo Contencioso-Administrativo n\u00ba 2 de Salamanca dict\u00f3 sentencia favorable a un ganadero de la provincia, reconociendo la responsabilidad\" \/>\n<meta property=\"og:url\" content=\"https:\/\/www.asajacyl.com\/salamanca\/sin-categoria\/la-justicia-reconocio-la-responsabilidad-de-la-administracion-por-la-muerte-de-una-ternera-atacada-por-buitres-en-salamanca\" \/>\n<meta property=\"og:site_name\" content=\"ASAJA Salamanca\" \/>\n<meta property=\"article:published_time\" content=\"2025-05-28T09:47:29+00:00\" \/>\n<meta property=\"article:modified_time\" content=\"2025-05-28T09:47:31+00:00\" \/>\n<meta name=\"author\" content=\"Sonia\" \/>\n<meta name=\"twitter:card\" content=\"summary_large_image\" \/>\n<meta name=\"twitter:label1\" content=\"Escrito por\" \/>\n\t<meta name=\"twitter:data1\" content=\"Sonia\" \/>\n\t<meta name=\"twitter:label2\" content=\"Tiempo de lectura\" \/>\n\t<meta name=\"twitter:data2\" content=\"2 minutos\" \/>\n<script type=\"application\/ld+json\" class=\"yoast-schema-graph\">{\"@context\":\"https:\/\/schema.org\",\"@graph\":[{\"@type\":\"WebPage\",\"@id\":\"https:\/\/www.asajacyl.com\/salamanca\/sin-categoria\/la-justicia-reconocio-la-responsabilidad-de-la-administracion-por-la-muerte-de-una-ternera-atacada-por-buitres-en-salamanca\",\"url\":\"https:\/\/www.asajacyl.com\/salamanca\/sin-categoria\/la-justicia-reconocio-la-responsabilidad-de-la-administracion-por-la-muerte-de-una-ternera-atacada-por-buitres-en-salamanca\",\"name\":\"La Justicia reconoci\u00f3 la responsabilidad de la Administraci\u00f3n por la muerte de una ternera atacada por buitres en Salamanca - ASAJA Salamanca\",\"isPartOf\":{\"@id\":\"https:\/\/www.asajacyl.com\/salamanca\/#website\"},\"primaryImageOfPage\":{\"@id\":\"https:\/\/www.asajacyl.com\/salamanca\/sin-categoria\/la-justicia-reconocio-la-responsabilidad-de-la-administracion-por-la-muerte-de-una-ternera-atacada-por-buitres-en-salamanca#primaryimage\"},\"image\":{\"@id\":\"https:\/\/www.asajacyl.com\/salamanca\/sin-categoria\/la-justicia-reconocio-la-responsabilidad-de-la-administracion-por-la-muerte-de-una-ternera-atacada-por-buitres-en-salamanca#primaryimage\"},\"thumbnailUrl\":\"\",\"datePublished\":\"2025-05-28T09:47:29+00:00\",\"dateModified\":\"2025-05-28T09:47:31+00:00\",\"author\":{\"@id\":\"https:\/\/www.asajacyl.com\/salamanca\/#\/schema\/person\/2bfc7da09988e1087e6291fafe99b67f\"},\"description\":\"El Juzgado de lo Contencioso-Administrativo n\u00ba 2 de Salamanca dict\u00f3 sentencia favorable a un ganadero de la provincia, reconociendo la responsabilidad\",\"breadcrumb\":{\"@id\":\"https:\/\/www.asajacyl.com\/salamanca\/sin-categoria\/la-justicia-reconocio-la-responsabilidad-de-la-administracion-por-la-muerte-de-una-ternera-atacada-por-buitres-en-salamanca#breadcrumb\"},\"inLanguage\":\"es\",\"potentialAction\":[{\"@type\":\"ReadAction\",\"target\":[\"https:\/\/www.asajacyl.com\/salamanca\/sin-categoria\/la-justicia-reconocio-la-responsabilidad-de-la-administracion-por-la-muerte-de-una-ternera-atacada-por-buitres-en-salamanca\"]}]},{\"@type\":\"ImageObject\",\"inLanguage\":\"es\",\"@id\":\"https:\/\/www.asajacyl.com\/salamanca\/sin-categoria\/la-justicia-reconocio-la-responsabilidad-de-la-administracion-por-la-muerte-de-una-ternera-atacada-por-buitres-en-salamanca#primaryimage\",\"url\":\"\",\"contentUrl\":\"\"},{\"@type\":\"BreadcrumbList\",\"@id\":\"https:\/\/www.asajacyl.com\/salamanca\/sin-categoria\/la-justicia-reconocio-la-responsabilidad-de-la-administracion-por-la-muerte-de-una-ternera-atacada-por-buitres-en-salamanca#breadcrumb\",\"itemListElement\":[{\"@type\":\"ListItem\",\"position\":1,\"name\":\"Portada\",\"item\":\"https:\/\/www.asajacyl.com\/salamanca\/\"},{\"@type\":\"ListItem\",\"position\":2,\"name\":\"La Justicia reconoci\u00f3 la responsabilidad de la Administraci\u00f3n por la muerte de una ternera atacada por buitres en Salamanca\"}]},{\"@type\":\"WebSite\",\"@id\":\"https:\/\/www.asajacyl.com\/salamanca\/#website\",\"url\":\"https:\/\/www.asajacyl.com\/salamanca\/\",\"name\":\"ASAJA Salamanca\",\"description\":\"Otro sitio m\u00e1s de Provincias ASAJA Castilla y Le\u00f3n\",\"potentialAction\":[{\"@type\":\"SearchAction\",\"target\":{\"@type\":\"EntryPoint\",\"urlTemplate\":\"https:\/\/www.asajacyl.com\/salamanca\/?s={search_term_string}\"},\"query-input\":{\"@type\":\"PropertyValueSpecification\",\"valueRequired\":true,\"valueName\":\"search_term_string\"}}],\"inLanguage\":\"es\"},{\"@type\":\"Person\",\"@id\":\"https:\/\/www.asajacyl.com\/salamanca\/#\/schema\/person\/2bfc7da09988e1087e6291fafe99b67f\",\"name\":\"Sonia\",\"image\":{\"@type\":\"ImageObject\",\"inLanguage\":\"es\",\"@id\":\"https:\/\/www.asajacyl.com\/salamanca\/#\/schema\/person\/image\/\",\"url\":\"https:\/\/secure.gravatar.com\/avatar\/6b0d6eb461a1e3687cc023d59022ef0d?s=96&d=mm&r=g\",\"contentUrl\":\"https:\/\/secure.gravatar.com\/avatar\/6b0d6eb461a1e3687cc023d59022ef0d?s=96&d=mm&r=g\",\"caption\":\"Sonia\"},\"url\":\"https:\/\/www.asajacyl.com\/salamanca\/author\/juanluisde\"}]}<\/script>\n<!-- \/ Yoast SEO plugin. -->","yoast_head_json":{"title":"La Justicia reconoci\u00f3 la responsabilidad de la Administraci\u00f3n por la muerte de una ternera atacada por buitres en Salamanca - ASAJA Salamanca","description":"El Juzgado de lo Contencioso-Administrativo n\u00ba 2 de Salamanca dict\u00f3 sentencia favorable a un ganadero de la provincia, reconociendo la responsabilidad","robots":{"index":"index","follow":"follow","max-snippet":"max-snippet:-1","max-image-preview":"max-image-preview:large","max-video-preview":"max-video-preview:-1"},"canonical":"https:\/\/www.asajacyl.com\/salamanca\/sin-categoria\/la-justicia-reconocio-la-responsabilidad-de-la-administracion-por-la-muerte-de-una-ternera-atacada-por-buitres-en-salamanca","og_locale":"es_ES","og_type":"article","og_title":"La Justicia reconoci\u00f3 la responsabilidad de la Administraci\u00f3n por la muerte de una ternera atacada por buitres en Salamanca - ASAJA Salamanca","og_description":"El Juzgado de lo Contencioso-Administrativo n\u00ba 2 de Salamanca dict\u00f3 sentencia favorable a un ganadero de la provincia, reconociendo la responsabilidad","og_url":"https:\/\/www.asajacyl.com\/salamanca\/sin-categoria\/la-justicia-reconocio-la-responsabilidad-de-la-administracion-por-la-muerte-de-una-ternera-atacada-por-buitres-en-salamanca","og_site_name":"ASAJA Salamanca","article_published_time":"2025-05-28T09:47:29+00:00","article_modified_time":"2025-05-28T09:47:31+00:00","author":"Sonia","twitter_card":"summary_large_image","twitter_misc":{"Escrito por":"Sonia","Tiempo de lectura":"2 minutos"},"schema":{"@context":"https:\/\/schema.org","@graph":[{"@type":"WebPage","@id":"https:\/\/www.asajacyl.com\/salamanca\/sin-categoria\/la-justicia-reconocio-la-responsabilidad-de-la-administracion-por-la-muerte-de-una-ternera-atacada-por-buitres-en-salamanca","url":"https:\/\/www.asajacyl.com\/salamanca\/sin-categoria\/la-justicia-reconocio-la-responsabilidad-de-la-administracion-por-la-muerte-de-una-ternera-atacada-por-buitres-en-salamanca","name":"La Justicia reconoci\u00f3 la responsabilidad de la Administraci\u00f3n por la muerte de una ternera atacada por buitres en Salamanca - ASAJA Salamanca","isPartOf":{"@id":"https:\/\/www.asajacyl.com\/salamanca\/#website"},"primaryImageOfPage":{"@id":"https:\/\/www.asajacyl.com\/salamanca\/sin-categoria\/la-justicia-reconocio-la-responsabilidad-de-la-administracion-por-la-muerte-de-una-ternera-atacada-por-buitres-en-salamanca#primaryimage"},"image":{"@id":"https:\/\/www.asajacyl.com\/salamanca\/sin-categoria\/la-justicia-reconocio-la-responsabilidad-de-la-administracion-por-la-muerte-de-una-ternera-atacada-por-buitres-en-salamanca#primaryimage"},"thumbnailUrl":"","datePublished":"2025-05-28T09:47:29+00:00","dateModified":"2025-05-28T09:47:31+00:00","author":{"@id":"https:\/\/www.asajacyl.com\/salamanca\/#\/schema\/person\/2bfc7da09988e1087e6291fafe99b67f"},"description":"El Juzgado de lo Contencioso-Administrativo n\u00ba 2 de Salamanca dict\u00f3 sentencia favorable a un ganadero de la provincia, reconociendo la responsabilidad","breadcrumb":{"@id":"https:\/\/www.asajacyl.com\/salamanca\/sin-categoria\/la-justicia-reconocio-la-responsabilidad-de-la-administracion-por-la-muerte-de-una-ternera-atacada-por-buitres-en-salamanca#breadcrumb"},"inLanguage":"es","potentialAction":[{"@type":"ReadAction","target":["https:\/\/www.asajacyl.com\/salamanca\/sin-categoria\/la-justicia-reconocio-la-responsabilidad-de-la-administracion-por-la-muerte-de-una-ternera-atacada-por-buitres-en-salamanca"]}]},{"@type":"ImageObject","inLanguage":"es","@id":"https:\/\/www.asajacyl.com\/salamanca\/sin-categoria\/la-justicia-reconocio-la-responsabilidad-de-la-administracion-por-la-muerte-de-una-ternera-atacada-por-buitres-en-salamanca#primaryimage","url":"","contentUrl":""},{"@type":"BreadcrumbList","@id":"https:\/\/www.asajacyl.com\/salamanca\/sin-categoria\/la-justicia-reconocio-la-responsabilidad-de-la-administracion-por-la-muerte-de-una-ternera-atacada-por-buitres-en-salamanca#breadcrumb","itemListElement":[{"@type":"ListItem","position":1,"name":"Portada","item":"https:\/\/www.asajacyl.com\/salamanca\/"},{"@type":"ListItem","position":2,"name":"La Justicia reconoci\u00f3 la responsabilidad de la Administraci\u00f3n por la muerte de una ternera atacada por buitres en Salamanca"}]},{"@type":"WebSite","@id":"https:\/\/www.asajacyl.com\/salamanca\/#website","url":"https:\/\/www.asajacyl.com\/salamanca\/","name":"ASAJA Salamanca","description":"Otro sitio m\u00e1s de Provincias ASAJA Castilla y Le\u00f3n","potentialAction":[{"@type":"SearchAction","target":{"@type":"EntryPoint","urlTemplate":"https:\/\/www.asajacyl.com\/salamanca\/?s={search_term_string}"},"query-input":{"@type":"PropertyValueSpecification","valueRequired":true,"valueName":"search_term_string"}}],"inLanguage":"es"},{"@type":"Person","@id":"https:\/\/www.asajacyl.com\/salamanca\/#\/schema\/person\/2bfc7da09988e1087e6291fafe99b67f","name":"Sonia","image":{"@type":"ImageObject","inLanguage":"es","@id":"https:\/\/www.asajacyl.com\/salamanca\/#\/schema\/person\/image\/","url":"https:\/\/secure.gravatar.com\/avatar\/6b0d6eb461a1e3687cc023d59022ef0d?s=96&d=mm&r=g","contentUrl":"https:\/\/secure.gravatar.com\/avatar\/6b0d6eb461a1e3687cc023d59022ef0d?s=96&d=mm&r=g","caption":"Sonia"},"url":"https:\/\/www.asajacyl.com\/salamanca\/author\/juanluisde"}]}},"_links":{"self":[{"href":"https:\/\/www.asajacyl.com\/salamanca\/wp-json\/wp\/v2\/posts\/19301"}],"collection":[{"href":"https:\/\/www.asajacyl.com\/salamanca\/wp-json\/wp\/v2\/posts"}],"about":[{"href":"https:\/\/www.asajacyl.com\/salamanca\/wp-json\/wp\/v2\/types\/post"}],"author":[{"embeddable":true,"href":"https:\/\/www.asajacyl.com\/salamanca\/wp-json\/wp\/v2\/users\/10"}],"replies":[{"embeddable":true,"href":"https:\/\/www.asajacyl.com\/salamanca\/wp-json\/wp\/v2\/comments?post=19301"}],"version-history":[{"count":3,"href":"https:\/\/www.asajacyl.com\/salamanca\/wp-json\/wp\/v2\/posts\/19301\/revisions"}],"predecessor-version":[{"id":19317,"href":"https:\/\/www.asajacyl.com\/salamanca\/wp-json\/wp\/v2\/posts\/19301\/revisions\/19317"}],"wp:featuredmedia":[{"embeddable":true,"href":"https:\/\/www.asajacyl.com\/salamanca\/wp-json\/"}],"wp:attachment":[{"href":"https:\/\/www.asajacyl.com\/salamanca\/wp-json\/wp\/v2\/media?parent=19301"}],"wp:term":[{"taxonomy":"category","embeddable":true,"href":"https:\/\/www.asajacyl.com\/salamanca\/wp-json\/wp\/v2\/categories?post=19301"},{"taxonomy":"post_tag","embeddable":true,"href":"https:\/\/www.asajacyl.com\/salamanca\/wp-json\/wp\/v2\/tags?post=19301"}],"curies":[{"name":"wp","href":"https:\/\/api.w.org\/{rel}","templated":true}]}}