{"id":19496,"date":"2025-07-16T14:54:45","date_gmt":"2025-07-16T12:54:45","guid":{"rendered":"https:\/\/www.asajacyl.com\/salamanca\/?p=19496"},"modified":"2025-07-16T14:58:09","modified_gmt":"2025-07-16T12:58:09","slug":"asaja-von-der-leyen-se-carga-la-soberania-alimentaria-de-europa-con-las-cosas-del-comer-no-se-juega","status":"publish","type":"post","link":"https:\/\/www.asajacyl.com\/salamanca\/sin-categoria\/asaja-von-der-leyen-se-carga-la-soberania-alimentaria-de-europa-con-las-cosas-del-comer-no-se-juega","title":{"rendered":"ASAJA Castilla y Le\u00f3n participa hoy en Bruselas en una protesta ante la amenaza de que la PAC deje de ser Agraria y Com\u00fan \u00a0"},"content":{"rendered":"\n<h2 class=\"wp-block-heading\"><strong>ASAJA se ha manifestado hoy en Bruselas<\/strong>, frente al Parlamento Europeo, junto a miles de agricultores y representantes de toda Europa, en una movilizaci\u00f3n organizada por\u00a0<strong>COPA- COGECA y FWA<\/strong>.\u00a0<strong>Para el presidente de ASAJA Castilla y Le\u00f3n, Donaciano Dujo<\/strong>, \u201chay un riesgo cierto de desmantelamiento de la PAC como pol\u00edtica com\u00fan y que sean los Estados o incluso las comunidades aut\u00f3nomas las que orienten la pol\u00edtica y las ayudas, y eso significa que las regiones m\u00e1s ricas tendr\u00e1n m\u00e1s apoyos que el resto. Parece que\u00a0<strong>Bruselas est\u00e1 dise\u00f1ando una PAC que no es ni agraria, ni com\u00fan, solo le queda ya la \u2018P\u2019 de pol\u00edtica,\u00a0<\/strong>y eso es muy grave.<\/h2>\n\n\n\n<p>La Comisi\u00f3n Europea presentar\u00e1 una propuesta de Marco Financiero Plurianual (MFP) y con ella, la disoluci\u00f3n de la Pol\u00edtica Agraria Com\u00fan (PAC) tal y como la conocemos. En lugar de una pol\u00edtica com\u00fan, con presupuesto propio y en la que el Parlamento Europeo tiene voz, la Comisi\u00f3n propone integrarla en un fondo \u00fanico multisectorial, gestionado bilateralmente entre Bruselas y los Estados.<br>Von der Leyen, \u201cquiere enterrar la PAC\u201d, una decisi\u00f3n pol\u00edtica sin precedentes que pone en peligro la soberan\u00eda alimentaria de Europa y rompe el v\u00ednculo entre el campo y los ciudadanos. Los agricultores y ganaderos no somos el problema, sino la soluci\u00f3n.<\/p>\n\n\n\n<p>Por ello, ASAJA se ha manifestado hoy en Bruselas, frente al Parlamento Europeo, junto a miles de agricultores y representantes de toda Europa, en una movilizaci\u00f3n organizada por COPA- COGECA y FWA. Por parte de ASAJA Castilla y Le\u00f3n asisten Donaciano Dujo, Jos\u00e9 Antonio Turrado y Nuria Ruiz, presidente, secretario general y gerente de la organizaci\u00f3n agraria en la Comunidad Aut\u00f3noma.<\/p>\n\n\n\n<p>El campo de Castilla y Le\u00f3n percibe en estos momentos de Europa un total de 1200 millones de euros al a\u00f1o, de los que 950 proceden del primer pilar, y los 250 restantes del segundo pilar, el conocido como programa de desarrollo rural. \u201cLo primero es garantizar que no se recorte ni un euro los fondos que recibe Castilla y Le\u00f3n, que ya es insuficiente para las necesidades de nuestra comunidad aut\u00f3noma. Y lo que estamos oyendo no es bueno, puede perjudicar justo a la agricultura y ganader\u00eda profesional, que es la que predomina en Castilla y Le\u00f3n\u201d, se\u00f1ala Donaciano Dujo.<\/p>\n\n\n\n<p>Para el presidente de ASAJA Castilla y Le\u00f3n, \u201chay un riesgo cierto de desmantelamiento de la PAC como pol\u00edtica com\u00fan y que sean los Estados o incluso las comunidades aut\u00f3nomas las que orienten la pol\u00edtica y las ayudas, y eso significa que las regiones m\u00e1s ricas tendr\u00e1n m\u00e1s apoyos que el resto. Parece que Bruselas est\u00e1 dise\u00f1ando una PAC que no es ni agraria, ni com\u00fan, solo le queda ya la \u2018P\u2019 de pol\u00edtica, y eso es muy grave, porque desplaza a los agricultores y ganaderos y adem\u00e1s no garantiza la soberan\u00eda alimentaria de todos los europeos. \u00bfQu\u00e9 relevo generacional puede favorecerse en estas condiciones?\u201d, se pregunta Donaciano Dujo.<\/p>\n\n\n\n<p>Por su parte, Pedro Barato, presidente nacional de ASAJA y vicepresidente del COPA, ha declarado que \u201cla presidenta Von der Leyen ha decidido dejar al campo fuera del proyecto europeo. Convertir la PAC en un ap\u00e9ndice presupuestario es desarmar a la UE en uno de sus pilares: el de alimentarse a s\u00ed misma\u201d.<\/p>\n\n\n\n<p>Sin presupuesto no hay seguridad<br>Desde ASAJA suscribimos plenamente las dos grandes l\u00edneas de denuncia de COPA \u2013 COGECA:<\/p>\n\n\n\n<p>El recorte presupuestario es inaceptable. En un momento de inestabilidad geopol\u00edtica, presi\u00f3n arancelaria y creciente inseguridad alimentaria, la Comisi\u00f3n no puede recortar el presupuesto agrario. La PAC no es una ayuda al agricultor y al ganadero, es una garant\u00eda para el consumidor: alimentos seguros, sostenibles y asequibles.<br>La nueva estructura liquida la cohesi\u00f3n. Integrar la PAC en un fondo com\u00fan rompe la unidad del modelo europeo y del mercado com\u00fan. Ya no habr\u00e1 pol\u00edtica com\u00fan, ni Parlamento como co-legislador. Los agricultores pierden voz. El Parlamento Europeo pierde legitimidad. Y los ciudadanos, control democr\u00e1tico.<br>Una decisi\u00f3n sin di\u00e1logo, que repite los errores del pasado<\/p>\n\n\n\n<p>ASAJA denuncia que la Comisi\u00f3n ha tomado esta decisi\u00f3n sin escuchar al sector.<br>Von der Leyen repite as\u00ed un patr\u00f3n de gesti\u00f3n marcado por la unilateralidad y la desconexi\u00f3n con el territorio. Esta reforma, cocinada entre despachos, ignora d\u00e9cadas de trabajo conjunto entre agricultores, eurodiputados y Estados miembros.<\/p>\n\n\n\n<p>Encarecimiento de la cesta de la compra<br>Esta no es solo una crisis agraria. Es una crisis que afectar\u00e1 a todos los consumidores.<br>\ud83d\udd3a Subida de precios<br>\ud83d\udd3a Inflaci\u00f3n alimentaria<br>\ud83d\udd3a P\u00e9rdida de acceso a productos frescos, locales y de calidad<\/p>\n\n\n\n<p>\u201cLa PAC es la herramienta que garantiza que los alimentos sigan siendo sanos, seguros y asequibles\u201d, advierte el presidente de ASAJA, Pedro Barato. Porque la seguridad alimentaria no se defiende solo con tratados, se defiende con agricultura viva y profesional.<\/p>\n\n\n\n<figure class=\"wp-block-image size-large is-resized\"><img loading=\"lazy\" decoding=\"async\" width=\"1024\" height=\"768\" src=\"https:\/\/www.asajacyl.com\/salamanca\/wp-content\/uploads\/sites\/7\/2025\/07\/image-1-1024x768.jpg\" alt=\"\" class=\"wp-image-19497\" style=\"width:830px;height:auto\" srcset=\"https:\/\/www.asajacyl.com\/salamanca\/wp-content\/uploads\/sites\/7\/2025\/07\/image-1-1024x768.jpg 1024w, https:\/\/www.asajacyl.com\/salamanca\/wp-content\/uploads\/sites\/7\/2025\/07\/image-1-300x225.jpg 300w, https:\/\/www.asajacyl.com\/salamanca\/wp-content\/uploads\/sites\/7\/2025\/07\/image-1-768x576.jpg 768w, https:\/\/www.asajacyl.com\/salamanca\/wp-content\/uploads\/sites\/7\/2025\/07\/image-1-1536x1152.jpg 1536w, https:\/\/www.asajacyl.com\/salamanca\/wp-content\/uploads\/sites\/7\/2025\/07\/image-1-560x420.jpg 560w, https:\/\/www.asajacyl.com\/salamanca\/wp-content\/uploads\/sites\/7\/2025\/07\/image-1-80x60.jpg 80w, https:\/\/www.asajacyl.com\/salamanca\/wp-content\/uploads\/sites\/7\/2025\/07\/image-1-696x522.jpg 696w, https:\/\/www.asajacyl.com\/salamanca\/wp-content\/uploads\/sites\/7\/2025\/07\/image-1-1068x801.jpg 1068w, https:\/\/www.asajacyl.com\/salamanca\/wp-content\/uploads\/sites\/7\/2025\/07\/image-1.jpg 1600w\" sizes=\"(max-width: 1024px) 100vw, 1024px\" \/><\/figure>\n\n\n\n<figure class=\"wp-block-image size-large is-resized\"><img loading=\"lazy\" decoding=\"async\" width=\"1024\" height=\"768\" src=\"https:\/\/www.asajacyl.com\/salamanca\/wp-content\/uploads\/sites\/7\/2025\/07\/image-2-1024x768.jpg\" alt=\"\" class=\"wp-image-19501\" style=\"width:837px;height:auto\" srcset=\"https:\/\/www.asajacyl.com\/salamanca\/wp-content\/uploads\/sites\/7\/2025\/07\/image-2-1024x768.jpg 1024w, https:\/\/www.asajacyl.com\/salamanca\/wp-content\/uploads\/sites\/7\/2025\/07\/image-2-300x225.jpg 300w, https:\/\/www.asajacyl.com\/salamanca\/wp-content\/uploads\/sites\/7\/2025\/07\/image-2-768x576.jpg 768w, https:\/\/www.asajacyl.com\/salamanca\/wp-content\/uploads\/sites\/7\/2025\/07\/image-2-1536x1152.jpg 1536w, https:\/\/www.asajacyl.com\/salamanca\/wp-content\/uploads\/sites\/7\/2025\/07\/image-2-560x420.jpg 560w, https:\/\/www.asajacyl.com\/salamanca\/wp-content\/uploads\/sites\/7\/2025\/07\/image-2-80x60.jpg 80w, https:\/\/www.asajacyl.com\/salamanca\/wp-content\/uploads\/sites\/7\/2025\/07\/image-2-696x522.jpg 696w, https:\/\/www.asajacyl.com\/salamanca\/wp-content\/uploads\/sites\/7\/2025\/07\/image-2-1068x801.jpg 1068w, https:\/\/www.asajacyl.com\/salamanca\/wp-content\/uploads\/sites\/7\/2025\/07\/image-2.jpg 1600w\" sizes=\"(max-width: 1024px) 100vw, 1024px\" \/><\/figure>\n\n\n\n<figure class=\"wp-block-image size-large is-resized\"><img loading=\"lazy\" decoding=\"async\" width=\"1024\" height=\"768\" src=\"https:\/\/www.asajacyl.com\/salamanca\/wp-content\/uploads\/sites\/7\/2025\/07\/image-3-1024x768.jpg\" alt=\"\" class=\"wp-image-19502\" style=\"width:839px;height:auto\" srcset=\"https:\/\/www.asajacyl.com\/salamanca\/wp-content\/uploads\/sites\/7\/2025\/07\/image-3-1024x768.jpg 1024w, https:\/\/www.asajacyl.com\/salamanca\/wp-content\/uploads\/sites\/7\/2025\/07\/image-3-300x225.jpg 300w, https:\/\/www.asajacyl.com\/salamanca\/wp-content\/uploads\/sites\/7\/2025\/07\/image-3-768x576.jpg 768w, https:\/\/www.asajacyl.com\/salamanca\/wp-content\/uploads\/sites\/7\/2025\/07\/image-3-1536x1152.jpg 1536w, https:\/\/www.asajacyl.com\/salamanca\/wp-content\/uploads\/sites\/7\/2025\/07\/image-3-560x420.jpg 560w, https:\/\/www.asajacyl.com\/salamanca\/wp-content\/uploads\/sites\/7\/2025\/07\/image-3-80x60.jpg 80w, https:\/\/www.asajacyl.com\/salamanca\/wp-content\/uploads\/sites\/7\/2025\/07\/image-3-696x522.jpg 696w, https:\/\/www.asajacyl.com\/salamanca\/wp-content\/uploads\/sites\/7\/2025\/07\/image-3-1068x801.jpg 1068w, https:\/\/www.asajacyl.com\/salamanca\/wp-content\/uploads\/sites\/7\/2025\/07\/image-3.jpg 1600w\" sizes=\"(max-width: 1024px) 100vw, 1024px\" \/><\/figure>\n\n\n\n<figure class=\"wp-block-image size-large is-resized\"><img loading=\"lazy\" decoding=\"async\" width=\"1024\" height=\"757\" src=\"https:\/\/www.asajacyl.com\/salamanca\/wp-content\/uploads\/sites\/7\/2025\/07\/image-4-1024x757.jpg\" alt=\"\" class=\"wp-image-19503\" style=\"width:842px;height:auto\" srcset=\"https:\/\/www.asajacyl.com\/salamanca\/wp-content\/uploads\/sites\/7\/2025\/07\/image-4-1024x757.jpg 1024w, https:\/\/www.asajacyl.com\/salamanca\/wp-content\/uploads\/sites\/7\/2025\/07\/image-4-300x222.jpg 300w, https:\/\/www.asajacyl.com\/salamanca\/wp-content\/uploads\/sites\/7\/2025\/07\/image-4-768x568.jpg 768w, https:\/\/www.asajacyl.com\/salamanca\/wp-content\/uploads\/sites\/7\/2025\/07\/image-4-568x420.jpg 568w, https:\/\/www.asajacyl.com\/salamanca\/wp-content\/uploads\/sites\/7\/2025\/07\/image-4-80x60.jpg 80w, https:\/\/www.asajacyl.com\/salamanca\/wp-content\/uploads\/sites\/7\/2025\/07\/image-4-485x360.jpg 485w, https:\/\/www.asajacyl.com\/salamanca\/wp-content\/uploads\/sites\/7\/2025\/07\/image-4-696x515.jpg 696w, https:\/\/www.asajacyl.com\/salamanca\/wp-content\/uploads\/sites\/7\/2025\/07\/image-4-1068x790.jpg 1068w, https:\/\/www.asajacyl.com\/salamanca\/wp-content\/uploads\/sites\/7\/2025\/07\/image-4.jpg 1282w\" sizes=\"(max-width: 1024px) 100vw, 1024px\" \/><\/figure>\n\n\n\n<figure class=\"wp-block-image size-large is-resized\"><img loading=\"lazy\" decoding=\"async\" width=\"1024\" height=\"791\" src=\"https:\/\/www.asajacyl.com\/salamanca\/wp-content\/uploads\/sites\/7\/2025\/07\/image-5-1024x791.jpg\" alt=\"\" class=\"wp-image-19504\" style=\"width:848px;height:auto\" srcset=\"https:\/\/www.asajacyl.com\/salamanca\/wp-content\/uploads\/sites\/7\/2025\/07\/image-5-1024x791.jpg 1024w, https:\/\/www.asajacyl.com\/salamanca\/wp-content\/uploads\/sites\/7\/2025\/07\/image-5-300x232.jpg 300w, https:\/\/www.asajacyl.com\/salamanca\/wp-content\/uploads\/sites\/7\/2025\/07\/image-5-768x593.jpg 768w, https:\/\/www.asajacyl.com\/salamanca\/wp-content\/uploads\/sites\/7\/2025\/07\/image-5-544x420.jpg 544w, https:\/\/www.asajacyl.com\/salamanca\/wp-content\/uploads\/sites\/7\/2025\/07\/image-5-696x538.jpg 696w, https:\/\/www.asajacyl.com\/salamanca\/wp-content\/uploads\/sites\/7\/2025\/07\/image-5-1068x825.jpg 1068w, https:\/\/www.asajacyl.com\/salamanca\/wp-content\/uploads\/sites\/7\/2025\/07\/image-5.jpg 1165w\" sizes=\"(max-width: 1024px) 100vw, 1024px\" \/><\/figure>\n","protected":false},"excerpt":{"rendered":"<p>ASAJA se ha manifestado hoy en Bruselas, frente al Parlamento Europeo, junto a miles de agricultores y representantes de toda Europa, en una movilizaci\u00f3n organizada por\u00a0COPA- COGECA y FWA.\u00a0Para el presidente de ASAJA Castilla y Le\u00f3n, Donaciano Dujo, \u201chay un riesgo cierto de desmantelamiento de la PAC como pol\u00edtica com\u00fan y que sean los Estados [&hellip;]<\/p>\n","protected":false},"author":10,"featured_media":19499,"comment_status":"open","ping_status":"open","sticky":false,"template":"","format":"standard","meta":{"footnotes":""},"categories":[510,1],"tags":[],"yoast_head":"<!-- This site is optimized with the Yoast SEO plugin v24.5 - https:\/\/yoast.com\/wordpress\/plugins\/seo\/ -->\n<title>ASAJA Castilla y Le\u00f3n participa hoy en Bruselas en una protesta ante la amenaza de que la PAC deje de ser Agraria y Com\u00fan \u00a0 - ASAJA Salamanca<\/title>\n<meta name=\"description\" content=\"ASAJA se ha manifestado hoy en Bruselas, frente al Parlamento Europeo, junto a miles de agricultores y representantes de toda Europa, en una movilizaci\u00f3n\" \/>\n<meta name=\"robots\" content=\"index, follow, max-snippet:-1, max-image-preview:large, max-video-preview:-1\" \/>\n<link rel=\"canonical\" href=\"https:\/\/www.asajacyl.com\/salamanca\/sin-categoria\/asaja-von-der-leyen-se-carga-la-soberania-alimentaria-de-europa-con-las-cosas-del-comer-no-se-juega\" \/>\n<meta property=\"og:locale\" content=\"es_ES\" \/>\n<meta property=\"og:type\" content=\"article\" \/>\n<meta property=\"og:title\" content=\"ASAJA Castilla y Le\u00f3n participa hoy en Bruselas en una protesta ante la amenaza de que la PAC deje de ser Agraria y Com\u00fan \u00a0 - ASAJA Salamanca\" \/>\n<meta property=\"og:description\" content=\"ASAJA se ha manifestado hoy en Bruselas, frente al Parlamento Europeo, junto a miles de agricultores y representantes de toda Europa, en una movilizaci\u00f3n\" \/>\n<meta property=\"og:url\" content=\"https:\/\/www.asajacyl.com\/salamanca\/sin-categoria\/asaja-von-der-leyen-se-carga-la-soberania-alimentaria-de-europa-con-las-cosas-del-comer-no-se-juega\" \/>\n<meta property=\"og:site_name\" content=\"ASAJA Salamanca\" \/>\n<meta property=\"article:published_time\" content=\"2025-07-16T12:54:45+00:00\" \/>\n<meta property=\"article:modified_time\" content=\"2025-07-16T12:58:09+00:00\" \/>\n<meta property=\"og:image\" content=\"https:\/\/www.asajacyl.com\/salamanca\/wp-content\/uploads\/sites\/7\/2025\/07\/WhatsApp-Image-2025-07-16-at-14.21.36.jpeg\" \/>\n\t<meta property=\"og:image:width\" content=\"1600\" \/>\n\t<meta property=\"og:image:height\" content=\"1200\" \/>\n\t<meta property=\"og:image:type\" content=\"image\/jpeg\" \/>\n<meta name=\"author\" content=\"Sonia\" \/>\n<meta name=\"twitter:card\" content=\"summary_large_image\" \/>\n<meta name=\"twitter:label1\" content=\"Escrito por\" \/>\n\t<meta name=\"twitter:data1\" content=\"Sonia\" \/>\n\t<meta name=\"twitter:label2\" content=\"Tiempo de lectura\" \/>\n\t<meta name=\"twitter:data2\" content=\"5 minutos\" \/>\n<script type=\"application\/ld+json\" class=\"yoast-schema-graph\">{\"@context\":\"https:\/\/schema.org\",\"@graph\":[{\"@type\":\"WebPage\",\"@id\":\"https:\/\/www.asajacyl.com\/salamanca\/sin-categoria\/asaja-von-der-leyen-se-carga-la-soberania-alimentaria-de-europa-con-las-cosas-del-comer-no-se-juega\",\"url\":\"https:\/\/www.asajacyl.com\/salamanca\/sin-categoria\/asaja-von-der-leyen-se-carga-la-soberania-alimentaria-de-europa-con-las-cosas-del-comer-no-se-juega\",\"name\":\"ASAJA Castilla y Le\u00f3n participa hoy en Bruselas en una protesta ante la amenaza de que la PAC deje de ser Agraria y Com\u00fan \u00a0 - ASAJA Salamanca\",\"isPartOf\":{\"@id\":\"https:\/\/www.asajacyl.com\/salamanca\/#website\"},\"primaryImageOfPage\":{\"@id\":\"https:\/\/www.asajacyl.com\/salamanca\/sin-categoria\/asaja-von-der-leyen-se-carga-la-soberania-alimentaria-de-europa-con-las-cosas-del-comer-no-se-juega#primaryimage\"},\"image\":{\"@id\":\"https:\/\/www.asajacyl.com\/salamanca\/sin-categoria\/asaja-von-der-leyen-se-carga-la-soberania-alimentaria-de-europa-con-las-cosas-del-comer-no-se-juega#primaryimage\"},\"thumbnailUrl\":\"https:\/\/www.asajacyl.com\/salamanca\/wp-content\/uploads\/sites\/7\/2025\/07\/WhatsApp-Image-2025-07-16-at-14.21.36.jpeg\",\"datePublished\":\"2025-07-16T12:54:45+00:00\",\"dateModified\":\"2025-07-16T12:58:09+00:00\",\"author\":{\"@id\":\"https:\/\/www.asajacyl.com\/salamanca\/#\/schema\/person\/2bfc7da09988e1087e6291fafe99b67f\"},\"description\":\"ASAJA se ha manifestado hoy en Bruselas, frente al Parlamento Europeo, junto a miles de agricultores y representantes de toda Europa, en una movilizaci\u00f3n\",\"breadcrumb\":{\"@id\":\"https:\/\/www.asajacyl.com\/salamanca\/sin-categoria\/asaja-von-der-leyen-se-carga-la-soberania-alimentaria-de-europa-con-las-cosas-del-comer-no-se-juega#breadcrumb\"},\"inLanguage\":\"es\",\"potentialAction\":[{\"@type\":\"ReadAction\",\"target\":[\"https:\/\/www.asajacyl.com\/salamanca\/sin-categoria\/asaja-von-der-leyen-se-carga-la-soberania-alimentaria-de-europa-con-las-cosas-del-comer-no-se-juega\"]}]},{\"@type\":\"ImageObject\",\"inLanguage\":\"es\",\"@id\":\"https:\/\/www.asajacyl.com\/salamanca\/sin-categoria\/asaja-von-der-leyen-se-carga-la-soberania-alimentaria-de-europa-con-las-cosas-del-comer-no-se-juega#primaryimage\",\"url\":\"https:\/\/www.asajacyl.com\/salamanca\/wp-content\/uploads\/sites\/7\/2025\/07\/WhatsApp-Image-2025-07-16-at-14.21.36.jpeg\",\"contentUrl\":\"https:\/\/www.asajacyl.com\/salamanca\/wp-content\/uploads\/sites\/7\/2025\/07\/WhatsApp-Image-2025-07-16-at-14.21.36.jpeg\",\"width\":1600,\"height\":1200},{\"@type\":\"BreadcrumbList\",\"@id\":\"https:\/\/www.asajacyl.com\/salamanca\/sin-categoria\/asaja-von-der-leyen-se-carga-la-soberania-alimentaria-de-europa-con-las-cosas-del-comer-no-se-juega#breadcrumb\",\"itemListElement\":[{\"@type\":\"ListItem\",\"position\":1,\"name\":\"Portada\",\"item\":\"https:\/\/www.asajacyl.com\/salamanca\/\"},{\"@type\":\"ListItem\",\"position\":2,\"name\":\"ASAJA Castilla y Le\u00f3n participa hoy en Bruselas en una protesta ante la amenaza de que la PAC deje de ser Agraria y Com\u00fan \u00a0\"}]},{\"@type\":\"WebSite\",\"@id\":\"https:\/\/www.asajacyl.com\/salamanca\/#website\",\"url\":\"https:\/\/www.asajacyl.com\/salamanca\/\",\"name\":\"ASAJA Salamanca\",\"description\":\"Otro sitio m\u00e1s de Provincias ASAJA Castilla y Le\u00f3n\",\"potentialAction\":[{\"@type\":\"SearchAction\",\"target\":{\"@type\":\"EntryPoint\",\"urlTemplate\":\"https:\/\/www.asajacyl.com\/salamanca\/?s={search_term_string}\"},\"query-input\":{\"@type\":\"PropertyValueSpecification\",\"valueRequired\":true,\"valueName\":\"search_term_string\"}}],\"inLanguage\":\"es\"},{\"@type\":\"Person\",\"@id\":\"https:\/\/www.asajacyl.com\/salamanca\/#\/schema\/person\/2bfc7da09988e1087e6291fafe99b67f\",\"name\":\"Sonia\",\"image\":{\"@type\":\"ImageObject\",\"inLanguage\":\"es\",\"@id\":\"https:\/\/www.asajacyl.com\/salamanca\/#\/schema\/person\/image\/\",\"url\":\"https:\/\/secure.gravatar.com\/avatar\/6b0d6eb461a1e3687cc023d59022ef0d?s=96&d=mm&r=g\",\"contentUrl\":\"https:\/\/secure.gravatar.com\/avatar\/6b0d6eb461a1e3687cc023d59022ef0d?s=96&d=mm&r=g\",\"caption\":\"Sonia\"},\"url\":\"https:\/\/www.asajacyl.com\/salamanca\/author\/juanluisde\"}]}<\/script>\n<!-- \/ Yoast SEO plugin. -->","yoast_head_json":{"title":"ASAJA Castilla y Le\u00f3n participa hoy en Bruselas en una protesta ante la amenaza de que la PAC deje de ser Agraria y Com\u00fan \u00a0 - ASAJA Salamanca","description":"ASAJA se ha manifestado hoy en Bruselas, frente al Parlamento Europeo, junto a miles de agricultores y representantes de toda Europa, en una movilizaci\u00f3n","robots":{"index":"index","follow":"follow","max-snippet":"max-snippet:-1","max-image-preview":"max-image-preview:large","max-video-preview":"max-video-preview:-1"},"canonical":"https:\/\/www.asajacyl.com\/salamanca\/sin-categoria\/asaja-von-der-leyen-se-carga-la-soberania-alimentaria-de-europa-con-las-cosas-del-comer-no-se-juega","og_locale":"es_ES","og_type":"article","og_title":"ASAJA Castilla y Le\u00f3n participa hoy en Bruselas en una protesta ante la amenaza de que la PAC deje de ser Agraria y Com\u00fan \u00a0 - ASAJA Salamanca","og_description":"ASAJA se ha manifestado hoy en Bruselas, frente al Parlamento Europeo, junto a miles de agricultores y representantes de toda Europa, en una movilizaci\u00f3n","og_url":"https:\/\/www.asajacyl.com\/salamanca\/sin-categoria\/asaja-von-der-leyen-se-carga-la-soberania-alimentaria-de-europa-con-las-cosas-del-comer-no-se-juega","og_site_name":"ASAJA Salamanca","article_published_time":"2025-07-16T12:54:45+00:00","article_modified_time":"2025-07-16T12:58:09+00:00","og_image":[{"width":1600,"height":1200,"url":"https:\/\/www.asajacyl.com\/salamanca\/wp-content\/uploads\/sites\/7\/2025\/07\/WhatsApp-Image-2025-07-16-at-14.21.36.jpeg","type":"image\/jpeg"}],"author":"Sonia","twitter_card":"summary_large_image","twitter_misc":{"Escrito por":"Sonia","Tiempo de lectura":"5 minutos"},"schema":{"@context":"https:\/\/schema.org","@graph":[{"@type":"WebPage","@id":"https:\/\/www.asajacyl.com\/salamanca\/sin-categoria\/asaja-von-der-leyen-se-carga-la-soberania-alimentaria-de-europa-con-las-cosas-del-comer-no-se-juega","url":"https:\/\/www.asajacyl.com\/salamanca\/sin-categoria\/asaja-von-der-leyen-se-carga-la-soberania-alimentaria-de-europa-con-las-cosas-del-comer-no-se-juega","name":"ASAJA Castilla y Le\u00f3n participa hoy en Bruselas en una protesta ante la amenaza de que la PAC deje de ser Agraria y Com\u00fan \u00a0 - ASAJA Salamanca","isPartOf":{"@id":"https:\/\/www.asajacyl.com\/salamanca\/#website"},"primaryImageOfPage":{"@id":"https:\/\/www.asajacyl.com\/salamanca\/sin-categoria\/asaja-von-der-leyen-se-carga-la-soberania-alimentaria-de-europa-con-las-cosas-del-comer-no-se-juega#primaryimage"},"image":{"@id":"https:\/\/www.asajacyl.com\/salamanca\/sin-categoria\/asaja-von-der-leyen-se-carga-la-soberania-alimentaria-de-europa-con-las-cosas-del-comer-no-se-juega#primaryimage"},"thumbnailUrl":"https:\/\/www.asajacyl.com\/salamanca\/wp-content\/uploads\/sites\/7\/2025\/07\/WhatsApp-Image-2025-07-16-at-14.21.36.jpeg","datePublished":"2025-07-16T12:54:45+00:00","dateModified":"2025-07-16T12:58:09+00:00","author":{"@id":"https:\/\/www.asajacyl.com\/salamanca\/#\/schema\/person\/2bfc7da09988e1087e6291fafe99b67f"},"description":"ASAJA se ha manifestado hoy en Bruselas, frente al Parlamento Europeo, junto a miles de agricultores y representantes de toda Europa, en una movilizaci\u00f3n","breadcrumb":{"@id":"https:\/\/www.asajacyl.com\/salamanca\/sin-categoria\/asaja-von-der-leyen-se-carga-la-soberania-alimentaria-de-europa-con-las-cosas-del-comer-no-se-juega#breadcrumb"},"inLanguage":"es","potentialAction":[{"@type":"ReadAction","target":["https:\/\/www.asajacyl.com\/salamanca\/sin-categoria\/asaja-von-der-leyen-se-carga-la-soberania-alimentaria-de-europa-con-las-cosas-del-comer-no-se-juega"]}]},{"@type":"ImageObject","inLanguage":"es","@id":"https:\/\/www.asajacyl.com\/salamanca\/sin-categoria\/asaja-von-der-leyen-se-carga-la-soberania-alimentaria-de-europa-con-las-cosas-del-comer-no-se-juega#primaryimage","url":"https:\/\/www.asajacyl.com\/salamanca\/wp-content\/uploads\/sites\/7\/2025\/07\/WhatsApp-Image-2025-07-16-at-14.21.36.jpeg","contentUrl":"https:\/\/www.asajacyl.com\/salamanca\/wp-content\/uploads\/sites\/7\/2025\/07\/WhatsApp-Image-2025-07-16-at-14.21.36.jpeg","width":1600,"height":1200},{"@type":"BreadcrumbList","@id":"https:\/\/www.asajacyl.com\/salamanca\/sin-categoria\/asaja-von-der-leyen-se-carga-la-soberania-alimentaria-de-europa-con-las-cosas-del-comer-no-se-juega#breadcrumb","itemListElement":[{"@type":"ListItem","position":1,"name":"Portada","item":"https:\/\/www.asajacyl.com\/salamanca\/"},{"@type":"ListItem","position":2,"name":"ASAJA Castilla y Le\u00f3n participa hoy en Bruselas en una protesta ante la amenaza de que la PAC deje de ser Agraria y Com\u00fan \u00a0"}]},{"@type":"WebSite","@id":"https:\/\/www.asajacyl.com\/salamanca\/#website","url":"https:\/\/www.asajacyl.com\/salamanca\/","name":"ASAJA Salamanca","description":"Otro sitio m\u00e1s de Provincias ASAJA Castilla y Le\u00f3n","potentialAction":[{"@type":"SearchAction","target":{"@type":"EntryPoint","urlTemplate":"https:\/\/www.asajacyl.com\/salamanca\/?s={search_term_string}"},"query-input":{"@type":"PropertyValueSpecification","valueRequired":true,"valueName":"search_term_string"}}],"inLanguage":"es"},{"@type":"Person","@id":"https:\/\/www.asajacyl.com\/salamanca\/#\/schema\/person\/2bfc7da09988e1087e6291fafe99b67f","name":"Sonia","image":{"@type":"ImageObject","inLanguage":"es","@id":"https:\/\/www.asajacyl.com\/salamanca\/#\/schema\/person\/image\/","url":"https:\/\/secure.gravatar.com\/avatar\/6b0d6eb461a1e3687cc023d59022ef0d?s=96&d=mm&r=g","contentUrl":"https:\/\/secure.gravatar.com\/avatar\/6b0d6eb461a1e3687cc023d59022ef0d?s=96&d=mm&r=g","caption":"Sonia"},"url":"https:\/\/www.asajacyl.com\/salamanca\/author\/juanluisde"}]}},"_links":{"self":[{"href":"https:\/\/www.asajacyl.com\/salamanca\/wp-json\/wp\/v2\/posts\/19496"}],"collection":[{"href":"https:\/\/www.asajacyl.com\/salamanca\/wp-json\/wp\/v2\/posts"}],"about":[{"href":"https:\/\/www.asajacyl.com\/salamanca\/wp-json\/wp\/v2\/types\/post"}],"author":[{"embeddable":true,"href":"https:\/\/www.asajacyl.com\/salamanca\/wp-json\/wp\/v2\/users\/10"}],"replies":[{"embeddable":true,"href":"https:\/\/www.asajacyl.com\/salamanca\/wp-json\/wp\/v2\/comments?post=19496"}],"version-history":[{"count":3,"href":"https:\/\/www.asajacyl.com\/salamanca\/wp-json\/wp\/v2\/posts\/19496\/revisions"}],"predecessor-version":[{"id":19506,"href":"https:\/\/www.asajacyl.com\/salamanca\/wp-json\/wp\/v2\/posts\/19496\/revisions\/19506"}],"wp:featuredmedia":[{"embeddable":true,"href":"https:\/\/www.asajacyl.com\/salamanca\/wp-json\/wp\/v2\/media\/19499"}],"wp:attachment":[{"href":"https:\/\/www.asajacyl.com\/salamanca\/wp-json\/wp\/v2\/media?parent=19496"}],"wp:term":[{"taxonomy":"category","embeddable":true,"href":"https:\/\/www.asajacyl.com\/salamanca\/wp-json\/wp\/v2\/categories?post=19496"},{"taxonomy":"post_tag","embeddable":true,"href":"https:\/\/www.asajacyl.com\/salamanca\/wp-json\/wp\/v2\/tags?post=19496"}],"curies":[{"name":"wp","href":"https:\/\/api.w.org\/{rel}","templated":true}]}}