{"id":19599,"date":"2025-08-20T15:02:19","date_gmt":"2025-08-20T13:02:19","guid":{"rendered":"https:\/\/www.asajacyl.com\/salamanca\/?p=19599"},"modified":"2025-08-20T15:02:20","modified_gmt":"2025-08-20T13:02:20","slug":"asaja-valora-el-plan-de-apoyo-anunciado-por-manueco-y-pide-ayudas-directas-a-ganaderos-y-agricultores-afectados-por-los-incendios","status":"publish","type":"post","link":"https:\/\/www.asajacyl.com\/salamanca\/sin-categoria\/asaja-valora-el-plan-de-apoyo-anunciado-por-manueco-y-pide-ayudas-directas-a-ganaderos-y-agricultores-afectados-por-los-incendios","title":{"rendered":"ASAJA valora el plan de apoyo anunciado por Ma\u00f1ueco y pide ayudas directas a ganaderos y agricultores afectados por los incendios"},"content":{"rendered":"\n<p>ASAJA de Castilla y Le\u00f3n valora las medidas anunciadas hoy por el presidente de la Junta, Alfonso Fern\u00e1ndez Ma\u00f1ueco, dirigidas a las zonas golpeadas por la oleada de incendios, y espera que se concreten lo antes posible las ayudas directas que recibir\u00e1n los ganaderos y agricultores afectados.<\/p>\n\n\n\n<p>El presidente de ASAJA, Donaciano Dujo, califica de positivo \u201cel enfoque integral de las ayudas presentadas, que incluyen todos los sectores productivos, desde la ganader\u00eda y la apicultura, hasta la agricultura y los frutales, una menci\u00f3n importante porque se han perdido muchos casta\u00f1os\u201d. La postura que ASAJA ha defendido desde el primer momento, ya en el Consejo Agrario de urgencia celebrado el pasado viernes, y que mantendr\u00e1 en la reuni\u00f3n sectorial espec\u00edfica convocada para el pr\u00f3ximo viernes, \u201ces que se aprueben con urgencia ayudas directas que compensen en su totalidad todos los da\u00f1os sufridos en las explotaciones ganaderas y agr\u00edcolas\u201d.<\/p>\n\n\n\n<p>Adem\u00e1s, ASAJA interpreta que la ayuda directa de 5.500 euros anunciada por Fern\u00e1ndez Ma\u00f1ueco dirigida a empresas y negocios ubicados en las zonas afectadas \u201cincluir\u00e1n a la agricultura y la ganader\u00eda, que son en su totalidad empresas de peque\u00f1os aut\u00f3nomos, por lo que entendemos que esa ayuda nos corresponde igual que a los dem\u00e1s\u201d.<\/p>\n\n\n\n<p>Respecto a las medidas de emergencia adoptadas ya estos d\u00edas por la Consejer\u00eda dirigidas al suministro de agua y alimento al ganado, la OPA valora que se haya establecido un contacto r\u00e1pido con los profesionales y espera que se act\u00fae con igual diligencia en las entregas de estos suministros, para lo que pedir\u00e1 a la Consejer\u00eda informaci\u00f3n detallada sobre fechas y lugares en los que se proporcionar\u00e1. Sobre la cifra ofrecida por el presidente de ganaderos afectados, alrededor de cincuenta, ASAJA considera que es una estimaci\u00f3n corta, porque todav\u00eda hay bastantes que no est\u00e1n identificados por la Administraci\u00f3n.<\/p>\n\n\n\n<p>En opini\u00f3n de la OPA, el sistema m\u00e1s eficiente y operativa es que una vez aprobada la ayuda directa sea el propio ganadero el que se encargue de la compra de alimentos, en lugar de estar sometido a repartos generales. En lo relativo a la agricultura perdida, principalmente en fincas de cereal, ASAJA entiende que la Administraci\u00f3n cubrir\u00e1 las p\u00e9rdidas de todos los agricultores, independientemente del seguro.<\/p>\n\n\n\n<p>Otro punto a tener en cuenta es las consecuencias para las explotaciones de la declaraci\u00f3n de \u201czona catastr\u00f3fica\u201d, lo que implicar\u00e1 ventajas fiscales para el sector, como la revisi\u00f3n de los m\u00f3dulos de IRPF 2025.<\/p>\n\n\n\n<p>En cuanto a la reconstrucci\u00f3n de infraestructuras, todas ellas son vitales para el sector, y, especialmente para los ganaderos, los vallados y mangas de manejo, que en parte son p\u00fablicas (MUP de juntas vecinales o ayuntamientos, por ejemplo) y que son imprescindibles para poder gestionar el ganado.<\/p>\n\n\n\n<p>ASAJA espera que en la reuni\u00f3n del pr\u00f3ximo viernes convocada ya por la Consejer\u00eda de Agricultura, Ganader\u00eda y Desarrollo Rural se concreten todos estos aspectos y se escuche al sector, como parte afectada y voz autorizada, para que recupere su br\u00edo el sector agrario y ganadero, motor econ\u00f3mico fundamental en estas zonas, y tambi\u00e9n actividad esencial para preservar la propia vida y paisaje y plantar cara al abandono, que pone en riesgo el futuro de nuestra tierra.<\/p>\n","protected":false},"excerpt":{"rendered":"<p>ASAJA de Castilla y Le\u00f3n valora las medidas anunciadas hoy por el presidente de la Junta, Alfonso Fern\u00e1ndez Ma\u00f1ueco, dirigidas a las zonas golpeadas por la oleada de incendios, y espera que se concreten lo antes posible las ayudas directas que recibir\u00e1n los ganaderos y agricultores afectados. El presidente de ASAJA, Donaciano Dujo, califica de [&hellip;]<\/p>\n","protected":false},"author":10,"featured_media":685,"comment_status":"open","ping_status":"open","sticky":false,"template":"","format":"standard","meta":{"footnotes":""},"categories":[1],"tags":[],"yoast_head":"<!-- This site is optimized with the Yoast SEO plugin v24.5 - https:\/\/yoast.com\/wordpress\/plugins\/seo\/ -->\n<title>ASAJA valora el plan de apoyo anunciado por Ma\u00f1ueco y pide ayudas directas a ganaderos y agricultores afectados por los incendios - ASAJA Salamanca<\/title>\n<meta name=\"description\" content=\"ASAJA de Castilla y Le\u00f3n valora las medidas anunciadas hoy por el presidente de la Junta, Alfonso Fern\u00e1ndez Ma\u00f1ueco, dirigidas a las zonas golpeadas por\" \/>\n<meta name=\"robots\" content=\"index, follow, max-snippet:-1, max-image-preview:large, max-video-preview:-1\" \/>\n<link rel=\"canonical\" href=\"https:\/\/www.asajacyl.com\/salamanca\/sin-categoria\/asaja-valora-el-plan-de-apoyo-anunciado-por-manueco-y-pide-ayudas-directas-a-ganaderos-y-agricultores-afectados-por-los-incendios\" \/>\n<meta property=\"og:locale\" content=\"es_ES\" \/>\n<meta property=\"og:type\" content=\"article\" \/>\n<meta property=\"og:title\" content=\"ASAJA valora el plan de apoyo anunciado por Ma\u00f1ueco y pide ayudas directas a ganaderos y agricultores afectados por los incendios - ASAJA Salamanca\" \/>\n<meta property=\"og:description\" content=\"ASAJA de Castilla y Le\u00f3n valora las medidas anunciadas hoy por el presidente de la Junta, Alfonso Fern\u00e1ndez Ma\u00f1ueco, dirigidas a las zonas golpeadas por\" \/>\n<meta property=\"og:url\" content=\"https:\/\/www.asajacyl.com\/salamanca\/sin-categoria\/asaja-valora-el-plan-de-apoyo-anunciado-por-manueco-y-pide-ayudas-directas-a-ganaderos-y-agricultores-afectados-por-los-incendios\" \/>\n<meta property=\"og:site_name\" content=\"ASAJA Salamanca\" \/>\n<meta property=\"article:published_time\" content=\"2025-08-20T13:02:19+00:00\" \/>\n<meta property=\"article:modified_time\" content=\"2025-08-20T13:02:20+00:00\" \/>\n<meta name=\"author\" content=\"Sonia\" \/>\n<meta name=\"twitter:card\" content=\"summary_large_image\" \/>\n<meta name=\"twitter:label1\" content=\"Escrito por\" \/>\n\t<meta name=\"twitter:data1\" content=\"Sonia\" \/>\n\t<meta name=\"twitter:label2\" content=\"Tiempo de lectura\" \/>\n\t<meta name=\"twitter:data2\" content=\"3 minutos\" \/>\n<script type=\"application\/ld+json\" class=\"yoast-schema-graph\">{\"@context\":\"https:\/\/schema.org\",\"@graph\":[{\"@type\":\"WebPage\",\"@id\":\"https:\/\/www.asajacyl.com\/salamanca\/sin-categoria\/asaja-valora-el-plan-de-apoyo-anunciado-por-manueco-y-pide-ayudas-directas-a-ganaderos-y-agricultores-afectados-por-los-incendios\",\"url\":\"https:\/\/www.asajacyl.com\/salamanca\/sin-categoria\/asaja-valora-el-plan-de-apoyo-anunciado-por-manueco-y-pide-ayudas-directas-a-ganaderos-y-agricultores-afectados-por-los-incendios\",\"name\":\"ASAJA valora el plan de apoyo anunciado por Ma\u00f1ueco y pide ayudas directas a ganaderos y agricultores afectados por los incendios - ASAJA Salamanca\",\"isPartOf\":{\"@id\":\"https:\/\/www.asajacyl.com\/salamanca\/#website\"},\"primaryImageOfPage\":{\"@id\":\"https:\/\/www.asajacyl.com\/salamanca\/sin-categoria\/asaja-valora-el-plan-de-apoyo-anunciado-por-manueco-y-pide-ayudas-directas-a-ganaderos-y-agricultores-afectados-por-los-incendios#primaryimage\"},\"image\":{\"@id\":\"https:\/\/www.asajacyl.com\/salamanca\/sin-categoria\/asaja-valora-el-plan-de-apoyo-anunciado-por-manueco-y-pide-ayudas-directas-a-ganaderos-y-agricultores-afectados-por-los-incendios#primaryimage\"},\"thumbnailUrl\":\"\",\"datePublished\":\"2025-08-20T13:02:19+00:00\",\"dateModified\":\"2025-08-20T13:02:20+00:00\",\"author\":{\"@id\":\"https:\/\/www.asajacyl.com\/salamanca\/#\/schema\/person\/2bfc7da09988e1087e6291fafe99b67f\"},\"description\":\"ASAJA de Castilla y Le\u00f3n valora las medidas anunciadas hoy por el presidente de la Junta, Alfonso Fern\u00e1ndez Ma\u00f1ueco, dirigidas a las zonas golpeadas por\",\"breadcrumb\":{\"@id\":\"https:\/\/www.asajacyl.com\/salamanca\/sin-categoria\/asaja-valora-el-plan-de-apoyo-anunciado-por-manueco-y-pide-ayudas-directas-a-ganaderos-y-agricultores-afectados-por-los-incendios#breadcrumb\"},\"inLanguage\":\"es\",\"potentialAction\":[{\"@type\":\"ReadAction\",\"target\":[\"https:\/\/www.asajacyl.com\/salamanca\/sin-categoria\/asaja-valora-el-plan-de-apoyo-anunciado-por-manueco-y-pide-ayudas-directas-a-ganaderos-y-agricultores-afectados-por-los-incendios\"]}]},{\"@type\":\"ImageObject\",\"inLanguage\":\"es\",\"@id\":\"https:\/\/www.asajacyl.com\/salamanca\/sin-categoria\/asaja-valora-el-plan-de-apoyo-anunciado-por-manueco-y-pide-ayudas-directas-a-ganaderos-y-agricultores-afectados-por-los-incendios#primaryimage\",\"url\":\"\",\"contentUrl\":\"\"},{\"@type\":\"BreadcrumbList\",\"@id\":\"https:\/\/www.asajacyl.com\/salamanca\/sin-categoria\/asaja-valora-el-plan-de-apoyo-anunciado-por-manueco-y-pide-ayudas-directas-a-ganaderos-y-agricultores-afectados-por-los-incendios#breadcrumb\",\"itemListElement\":[{\"@type\":\"ListItem\",\"position\":1,\"name\":\"Portada\",\"item\":\"https:\/\/www.asajacyl.com\/salamanca\/\"},{\"@type\":\"ListItem\",\"position\":2,\"name\":\"ASAJA valora el plan de apoyo anunciado por Ma\u00f1ueco y pide ayudas directas a ganaderos y agricultores afectados por los incendios\"}]},{\"@type\":\"WebSite\",\"@id\":\"https:\/\/www.asajacyl.com\/salamanca\/#website\",\"url\":\"https:\/\/www.asajacyl.com\/salamanca\/\",\"name\":\"ASAJA Salamanca\",\"description\":\"Otro sitio m\u00e1s de Provincias ASAJA Castilla y Le\u00f3n\",\"potentialAction\":[{\"@type\":\"SearchAction\",\"target\":{\"@type\":\"EntryPoint\",\"urlTemplate\":\"https:\/\/www.asajacyl.com\/salamanca\/?s={search_term_string}\"},\"query-input\":{\"@type\":\"PropertyValueSpecification\",\"valueRequired\":true,\"valueName\":\"search_term_string\"}}],\"inLanguage\":\"es\"},{\"@type\":\"Person\",\"@id\":\"https:\/\/www.asajacyl.com\/salamanca\/#\/schema\/person\/2bfc7da09988e1087e6291fafe99b67f\",\"name\":\"Sonia\",\"image\":{\"@type\":\"ImageObject\",\"inLanguage\":\"es\",\"@id\":\"https:\/\/www.asajacyl.com\/salamanca\/#\/schema\/person\/image\/\",\"url\":\"https:\/\/secure.gravatar.com\/avatar\/6b0d6eb461a1e3687cc023d59022ef0d?s=96&d=mm&r=g\",\"contentUrl\":\"https:\/\/secure.gravatar.com\/avatar\/6b0d6eb461a1e3687cc023d59022ef0d?s=96&d=mm&r=g\",\"caption\":\"Sonia\"},\"url\":\"https:\/\/www.asajacyl.com\/salamanca\/author\/juanluisde\"}]}<\/script>\n<!-- \/ Yoast SEO plugin. -->","yoast_head_json":{"title":"ASAJA valora el plan de apoyo anunciado por Ma\u00f1ueco y pide ayudas directas a ganaderos y agricultores afectados por los incendios - ASAJA Salamanca","description":"ASAJA de Castilla y Le\u00f3n valora las medidas anunciadas hoy por el presidente de la Junta, Alfonso Fern\u00e1ndez Ma\u00f1ueco, dirigidas a las zonas golpeadas por","robots":{"index":"index","follow":"follow","max-snippet":"max-snippet:-1","max-image-preview":"max-image-preview:large","max-video-preview":"max-video-preview:-1"},"canonical":"https:\/\/www.asajacyl.com\/salamanca\/sin-categoria\/asaja-valora-el-plan-de-apoyo-anunciado-por-manueco-y-pide-ayudas-directas-a-ganaderos-y-agricultores-afectados-por-los-incendios","og_locale":"es_ES","og_type":"article","og_title":"ASAJA valora el plan de apoyo anunciado por Ma\u00f1ueco y pide ayudas directas a ganaderos y agricultores afectados por los incendios - ASAJA Salamanca","og_description":"ASAJA de Castilla y Le\u00f3n valora las medidas anunciadas hoy por el presidente de la Junta, Alfonso Fern\u00e1ndez Ma\u00f1ueco, dirigidas a las zonas golpeadas por","og_url":"https:\/\/www.asajacyl.com\/salamanca\/sin-categoria\/asaja-valora-el-plan-de-apoyo-anunciado-por-manueco-y-pide-ayudas-directas-a-ganaderos-y-agricultores-afectados-por-los-incendios","og_site_name":"ASAJA Salamanca","article_published_time":"2025-08-20T13:02:19+00:00","article_modified_time":"2025-08-20T13:02:20+00:00","author":"Sonia","twitter_card":"summary_large_image","twitter_misc":{"Escrito por":"Sonia","Tiempo de lectura":"3 minutos"},"schema":{"@context":"https:\/\/schema.org","@graph":[{"@type":"WebPage","@id":"https:\/\/www.asajacyl.com\/salamanca\/sin-categoria\/asaja-valora-el-plan-de-apoyo-anunciado-por-manueco-y-pide-ayudas-directas-a-ganaderos-y-agricultores-afectados-por-los-incendios","url":"https:\/\/www.asajacyl.com\/salamanca\/sin-categoria\/asaja-valora-el-plan-de-apoyo-anunciado-por-manueco-y-pide-ayudas-directas-a-ganaderos-y-agricultores-afectados-por-los-incendios","name":"ASAJA valora el plan de apoyo anunciado por Ma\u00f1ueco y pide ayudas directas a ganaderos y agricultores afectados por los incendios - ASAJA Salamanca","isPartOf":{"@id":"https:\/\/www.asajacyl.com\/salamanca\/#website"},"primaryImageOfPage":{"@id":"https:\/\/www.asajacyl.com\/salamanca\/sin-categoria\/asaja-valora-el-plan-de-apoyo-anunciado-por-manueco-y-pide-ayudas-directas-a-ganaderos-y-agricultores-afectados-por-los-incendios#primaryimage"},"image":{"@id":"https:\/\/www.asajacyl.com\/salamanca\/sin-categoria\/asaja-valora-el-plan-de-apoyo-anunciado-por-manueco-y-pide-ayudas-directas-a-ganaderos-y-agricultores-afectados-por-los-incendios#primaryimage"},"thumbnailUrl":"","datePublished":"2025-08-20T13:02:19+00:00","dateModified":"2025-08-20T13:02:20+00:00","author":{"@id":"https:\/\/www.asajacyl.com\/salamanca\/#\/schema\/person\/2bfc7da09988e1087e6291fafe99b67f"},"description":"ASAJA de Castilla y Le\u00f3n valora las medidas anunciadas hoy por el presidente de la Junta, Alfonso Fern\u00e1ndez Ma\u00f1ueco, dirigidas a las zonas golpeadas por","breadcrumb":{"@id":"https:\/\/www.asajacyl.com\/salamanca\/sin-categoria\/asaja-valora-el-plan-de-apoyo-anunciado-por-manueco-y-pide-ayudas-directas-a-ganaderos-y-agricultores-afectados-por-los-incendios#breadcrumb"},"inLanguage":"es","potentialAction":[{"@type":"ReadAction","target":["https:\/\/www.asajacyl.com\/salamanca\/sin-categoria\/asaja-valora-el-plan-de-apoyo-anunciado-por-manueco-y-pide-ayudas-directas-a-ganaderos-y-agricultores-afectados-por-los-incendios"]}]},{"@type":"ImageObject","inLanguage":"es","@id":"https:\/\/www.asajacyl.com\/salamanca\/sin-categoria\/asaja-valora-el-plan-de-apoyo-anunciado-por-manueco-y-pide-ayudas-directas-a-ganaderos-y-agricultores-afectados-por-los-incendios#primaryimage","url":"","contentUrl":""},{"@type":"BreadcrumbList","@id":"https:\/\/www.asajacyl.com\/salamanca\/sin-categoria\/asaja-valora-el-plan-de-apoyo-anunciado-por-manueco-y-pide-ayudas-directas-a-ganaderos-y-agricultores-afectados-por-los-incendios#breadcrumb","itemListElement":[{"@type":"ListItem","position":1,"name":"Portada","item":"https:\/\/www.asajacyl.com\/salamanca\/"},{"@type":"ListItem","position":2,"name":"ASAJA valora el plan de apoyo anunciado por Ma\u00f1ueco y pide ayudas directas a ganaderos y agricultores afectados por los incendios"}]},{"@type":"WebSite","@id":"https:\/\/www.asajacyl.com\/salamanca\/#website","url":"https:\/\/www.asajacyl.com\/salamanca\/","name":"ASAJA Salamanca","description":"Otro sitio m\u00e1s de Provincias ASAJA Castilla y Le\u00f3n","potentialAction":[{"@type":"SearchAction","target":{"@type":"EntryPoint","urlTemplate":"https:\/\/www.asajacyl.com\/salamanca\/?s={search_term_string}"},"query-input":{"@type":"PropertyValueSpecification","valueRequired":true,"valueName":"search_term_string"}}],"inLanguage":"es"},{"@type":"Person","@id":"https:\/\/www.asajacyl.com\/salamanca\/#\/schema\/person\/2bfc7da09988e1087e6291fafe99b67f","name":"Sonia","image":{"@type":"ImageObject","inLanguage":"es","@id":"https:\/\/www.asajacyl.com\/salamanca\/#\/schema\/person\/image\/","url":"https:\/\/secure.gravatar.com\/avatar\/6b0d6eb461a1e3687cc023d59022ef0d?s=96&d=mm&r=g","contentUrl":"https:\/\/secure.gravatar.com\/avatar\/6b0d6eb461a1e3687cc023d59022ef0d?s=96&d=mm&r=g","caption":"Sonia"},"url":"https:\/\/www.asajacyl.com\/salamanca\/author\/juanluisde"}]}},"_links":{"self":[{"href":"https:\/\/www.asajacyl.com\/salamanca\/wp-json\/wp\/v2\/posts\/19599"}],"collection":[{"href":"https:\/\/www.asajacyl.com\/salamanca\/wp-json\/wp\/v2\/posts"}],"about":[{"href":"https:\/\/www.asajacyl.com\/salamanca\/wp-json\/wp\/v2\/types\/post"}],"author":[{"embeddable":true,"href":"https:\/\/www.asajacyl.com\/salamanca\/wp-json\/wp\/v2\/users\/10"}],"replies":[{"embeddable":true,"href":"https:\/\/www.asajacyl.com\/salamanca\/wp-json\/wp\/v2\/comments?post=19599"}],"version-history":[{"count":1,"href":"https:\/\/www.asajacyl.com\/salamanca\/wp-json\/wp\/v2\/posts\/19599\/revisions"}],"predecessor-version":[{"id":19602,"href":"https:\/\/www.asajacyl.com\/salamanca\/wp-json\/wp\/v2\/posts\/19599\/revisions\/19602"}],"wp:featuredmedia":[{"embeddable":true,"href":"https:\/\/www.asajacyl.com\/salamanca\/wp-json\/"}],"wp:attachment":[{"href":"https:\/\/www.asajacyl.com\/salamanca\/wp-json\/wp\/v2\/media?parent=19599"}],"wp:term":[{"taxonomy":"category","embeddable":true,"href":"https:\/\/www.asajacyl.com\/salamanca\/wp-json\/wp\/v2\/categories?post=19599"},{"taxonomy":"post_tag","embeddable":true,"href":"https:\/\/www.asajacyl.com\/salamanca\/wp-json\/wp\/v2\/tags?post=19599"}],"curies":[{"name":"wp","href":"https:\/\/api.w.org\/{rel}","templated":true}]}}