{"id":19637,"date":"2025-09-01T10:04:22","date_gmt":"2025-09-01T08:04:22","guid":{"rendered":"https:\/\/www.asajacyl.com\/salamanca\/?p=19637"},"modified":"2025-09-24T13:56:27","modified_gmt":"2025-09-24T11:56:27","slug":"publicado-el-listado-de-beneficiarios-de-las-ayudas-a-agricultores-y-ganaderos-afectados-por-los-incendios-en-castilla-y-leon","status":"publish","type":"post","link":"https:\/\/www.asajacyl.com\/salamanca\/sin-categoria\/publicado-el-listado-de-beneficiarios-de-las-ayudas-a-agricultores-y-ganaderos-afectados-por-los-incendios-en-castilla-y-leon","title":{"rendered":"Publicado el listado de beneficiarios de las ayudas a agricultores y ganaderos afectados por los incendios en Castilla y Le\u00f3n"},"content":{"rendered":"\n<p>La Junta de Castilla y Le\u00f3n ha publicado en el <em>Bolet\u00edn Oficial de Castilla y Le\u00f3n (BOCyL)<\/em> la <strong>Orden AGR\/978\/2025, de 28 de agosto<\/strong>, por la que se concede de forma directa una ayuda econ\u00f3mica a <strong>460 agricultores, ganaderos y apicultores profesionales<\/strong> cuyas explotaciones resultaron da\u00f1adas en los grandes incendios forestales del verano.<\/p>\n\n\n\n<h2 class=\"wp-block-heading\">Objeto y finalidad<\/h2>\n\n\n\n<p>La orden articula ayudas para <strong>paliar p\u00e9rdidas de producci\u00f3n agr\u00edcola y ganadera<\/strong>, la <strong>muerte o sacrificio de ganado<\/strong> y la <strong>p\u00e9rdida de colmenas<\/strong>, as\u00ed como para la <strong>reconstrucci\u00f3n o rehabilitaci\u00f3n de construcciones e instalaciones<\/strong> y la <strong>reposici\u00f3n de vallados<\/strong> da\u00f1ados por el fuego. La finalidad es <strong>proteger la viabilidad de las explotaciones, mantener la actividad y el empleo<\/strong> y <strong>recuperar cuanto antes la econom\u00eda<\/strong> en las zonas afectadas.<\/p>\n\n\n\n<h2 class=\"wp-block-heading\">\u00c1mbito territorial<\/h2>\n\n\n\n<p>Las ayudas se dirigen a explotaciones ubicadas en los <strong>municipios declarados afectados<\/strong> por las <strong>\u00d3rdenes MAV\/958\/2025 (22 de agosto)<\/strong> y <strong>MAV\/967\/2025 (26 de agosto)<\/strong>, definidos con apoyo en sistemas gr\u00e1ficos y satelitales de la Consejer\u00eda.<br><\/p>\n\n\n\n<h2 class=\"wp-block-heading\">Beneficiarios y requisitos<\/h2>\n\n\n\n<p>Se consideran beneficiarios los <strong>agricultores y ganaderos profesionales<\/strong> que <strong>presentaron la solicitud \u00fanica de la PAC 2025<\/strong> en Castilla y Le\u00f3n.<br>\u2022 <strong>Personas f\u00edsicas<\/strong>: alta en <strong>RETA<\/strong> (con o sin <strong>SETA<\/strong>) por actividad agraria.<br>\u2022 <strong>Personas jur\u00eddicas<\/strong>: cooperativas agroalimentarias, de explotaci\u00f3n comunitaria o de trabajo asociado con objeto agropecuario, y <strong>comunidades de bienes\/herencias yacentes\/sociedades civiles sin objeto mercantil<\/strong> cuando <strong>al menos un comunero o socio<\/strong> est\u00e9 de alta en RETA por la actividad agraria.<\/p>\n\n\n\n<h2 class=\"wp-block-heading\">Cuant\u00eda de las ayudas<\/h2>\n\n\n\n<p>Cada beneficiario percibe <strong>una ayuda m\u00ednima de 5.500 \u20ac<\/strong>, que <strong>podr\u00e1 incrementarse en acuerdos posteriores<\/strong> si los <strong>baremos<\/strong> aplicables superan esa cifra. El <strong>l\u00edmite m\u00e1ximo<\/strong> por beneficiario es de <strong>18.000 \u20ac<\/strong> (para da\u00f1os en producci\u00f3n, ganader\u00eda, aves y colmenas; el tope de instalaciones y cercados se fijar\u00e1 en acuerdo espec\u00edfico).<br><\/p>\n\n\n\n<h2 class=\"wp-block-heading\">Compatibilidad<\/h2>\n\n\n\n<p>Las subvenciones son <strong>compatibles<\/strong> con otras ayudas de la misma naturaleza, <strong>sin rebasar los topes<\/strong> de los reg\u00edmenes aplicables y <strong>excluyendo<\/strong> las cantidades percibidas por el <strong>mismo da\u00f1o<\/strong> en expedientes de <strong>responsabilidad patrimonial<\/strong>.<\/p>\n\n\n\n<h2 class=\"wp-block-heading\">Aceptaci\u00f3n y pago<\/h2>\n\n\n\n<p>Por la <strong>situaci\u00f3n de fuerza mayor<\/strong>, las ayudas se <strong>entienden aceptadas desde su publicaci\u00f3n<\/strong> en el BOCyL, salvo <strong>rechazo expreso en 10 d\u00edas<\/strong>.<br><br> Tras comprobar que el beneficiario est\u00e1 <strong>al corriente<\/strong> con obligaciones <strong>tributarias y de Seguridad Social<\/strong>, se realizar\u00e1 <strong>un \u00fanico pago<\/strong> por beneficiario (para la ayuda m\u00ednima).<br><br><br><br>\ud83d\udccc El listado completo de beneficiarios, con nombre y cuant\u00eda asignada, puede consultarse en el adjunto.<\/p>\n","protected":false},"excerpt":{"rendered":"<p>La Junta de Castilla y Le\u00f3n ha publicado en el Bolet\u00edn Oficial de Castilla y Le\u00f3n (BOCyL) la Orden AGR\/978\/2025, de 28 de agosto, por la que se concede de forma directa una ayuda econ\u00f3mica a 460 agricultores, ganaderos y apicultores profesionales cuyas explotaciones resultaron da\u00f1adas en los grandes incendios forestales del verano. Objeto y [&hellip;]<\/p>\n","protected":false},"author":10,"featured_media":19639,"comment_status":"open","ping_status":"open","sticky":false,"template":"","format":"standard","meta":{"footnotes":""},"categories":[510,1],"tags":[],"yoast_head":"<!-- This site is optimized with the Yoast SEO plugin v24.5 - https:\/\/yoast.com\/wordpress\/plugins\/seo\/ -->\n<title>Publicado el listado de beneficiarios de las ayudas a agricultores y ganaderos afectados por los incendios en Castilla y Le\u00f3n - ASAJA Salamanca<\/title>\n<meta name=\"description\" content=\"La Junta de Castilla y Le\u00f3n ha publicado en el Bolet\u00edn Oficial de Castilla y Le\u00f3n (BOCyL) la Orden AGR\/978\/2025, de 28 de agosto, por la que se concede de\" \/>\n<meta name=\"robots\" content=\"index, follow, max-snippet:-1, max-image-preview:large, max-video-preview:-1\" \/>\n<link rel=\"canonical\" href=\"https:\/\/www.asajacyl.com\/salamanca\/sin-categoria\/publicado-el-listado-de-beneficiarios-de-las-ayudas-a-agricultores-y-ganaderos-afectados-por-los-incendios-en-castilla-y-leon\" \/>\n<meta property=\"og:locale\" content=\"es_ES\" \/>\n<meta property=\"og:type\" content=\"article\" \/>\n<meta property=\"og:title\" content=\"Publicado el listado de beneficiarios de las ayudas a agricultores y ganaderos afectados por los incendios en Castilla y Le\u00f3n - ASAJA Salamanca\" \/>\n<meta property=\"og:description\" content=\"La Junta de Castilla y Le\u00f3n ha publicado en el Bolet\u00edn Oficial de Castilla y Le\u00f3n (BOCyL) la Orden AGR\/978\/2025, de 28 de agosto, por la que se concede de\" \/>\n<meta property=\"og:url\" content=\"https:\/\/www.asajacyl.com\/salamanca\/sin-categoria\/publicado-el-listado-de-beneficiarios-de-las-ayudas-a-agricultores-y-ganaderos-afectados-por-los-incendios-en-castilla-y-leon\" \/>\n<meta property=\"og:site_name\" content=\"ASAJA Salamanca\" \/>\n<meta property=\"article:published_time\" content=\"2025-09-01T08:04:22+00:00\" \/>\n<meta property=\"article:modified_time\" content=\"2025-09-24T11:56:27+00:00\" \/>\n<meta property=\"og:image\" content=\"https:\/\/www.asajacyl.com\/salamanca\/wp-content\/uploads\/sites\/7\/2025\/09\/20250815180605_relacionada2.jpg\" \/>\n\t<meta property=\"og:image:width\" content=\"1250\" \/>\n\t<meta property=\"og:image:height\" content=\"709\" \/>\n\t<meta property=\"og:image:type\" content=\"image\/jpeg\" \/>\n<meta name=\"author\" content=\"Sonia\" \/>\n<meta name=\"twitter:card\" content=\"summary_large_image\" \/>\n<meta name=\"twitter:label1\" content=\"Escrito por\" \/>\n\t<meta name=\"twitter:data1\" content=\"Sonia\" \/>\n\t<meta name=\"twitter:label2\" content=\"Tiempo de lectura\" \/>\n\t<meta name=\"twitter:data2\" content=\"3 minutos\" \/>\n<script type=\"application\/ld+json\" class=\"yoast-schema-graph\">{\"@context\":\"https:\/\/schema.org\",\"@graph\":[{\"@type\":\"WebPage\",\"@id\":\"https:\/\/www.asajacyl.com\/salamanca\/sin-categoria\/publicado-el-listado-de-beneficiarios-de-las-ayudas-a-agricultores-y-ganaderos-afectados-por-los-incendios-en-castilla-y-leon\",\"url\":\"https:\/\/www.asajacyl.com\/salamanca\/sin-categoria\/publicado-el-listado-de-beneficiarios-de-las-ayudas-a-agricultores-y-ganaderos-afectados-por-los-incendios-en-castilla-y-leon\",\"name\":\"Publicado el listado de beneficiarios de las ayudas a agricultores y ganaderos afectados por los incendios en Castilla y Le\u00f3n - ASAJA Salamanca\",\"isPartOf\":{\"@id\":\"https:\/\/www.asajacyl.com\/salamanca\/#website\"},\"primaryImageOfPage\":{\"@id\":\"https:\/\/www.asajacyl.com\/salamanca\/sin-categoria\/publicado-el-listado-de-beneficiarios-de-las-ayudas-a-agricultores-y-ganaderos-afectados-por-los-incendios-en-castilla-y-leon#primaryimage\"},\"image\":{\"@id\":\"https:\/\/www.asajacyl.com\/salamanca\/sin-categoria\/publicado-el-listado-de-beneficiarios-de-las-ayudas-a-agricultores-y-ganaderos-afectados-por-los-incendios-en-castilla-y-leon#primaryimage\"},\"thumbnailUrl\":\"https:\/\/www.asajacyl.com\/salamanca\/wp-content\/uploads\/sites\/7\/2025\/09\/20250815180605_relacionada2.jpg\",\"datePublished\":\"2025-09-01T08:04:22+00:00\",\"dateModified\":\"2025-09-24T11:56:27+00:00\",\"author\":{\"@id\":\"https:\/\/www.asajacyl.com\/salamanca\/#\/schema\/person\/2bfc7da09988e1087e6291fafe99b67f\"},\"description\":\"La Junta de Castilla y Le\u00f3n ha publicado en el Bolet\u00edn Oficial de Castilla y Le\u00f3n (BOCyL) la Orden AGR\/978\/2025, de 28 de agosto, por la que se concede de\",\"breadcrumb\":{\"@id\":\"https:\/\/www.asajacyl.com\/salamanca\/sin-categoria\/publicado-el-listado-de-beneficiarios-de-las-ayudas-a-agricultores-y-ganaderos-afectados-por-los-incendios-en-castilla-y-leon#breadcrumb\"},\"inLanguage\":\"es\",\"potentialAction\":[{\"@type\":\"ReadAction\",\"target\":[\"https:\/\/www.asajacyl.com\/salamanca\/sin-categoria\/publicado-el-listado-de-beneficiarios-de-las-ayudas-a-agricultores-y-ganaderos-afectados-por-los-incendios-en-castilla-y-leon\"]}]},{\"@type\":\"ImageObject\",\"inLanguage\":\"es\",\"@id\":\"https:\/\/www.asajacyl.com\/salamanca\/sin-categoria\/publicado-el-listado-de-beneficiarios-de-las-ayudas-a-agricultores-y-ganaderos-afectados-por-los-incendios-en-castilla-y-leon#primaryimage\",\"url\":\"https:\/\/www.asajacyl.com\/salamanca\/wp-content\/uploads\/sites\/7\/2025\/09\/20250815180605_relacionada2.jpg\",\"contentUrl\":\"https:\/\/www.asajacyl.com\/salamanca\/wp-content\/uploads\/sites\/7\/2025\/09\/20250815180605_relacionada2.jpg\",\"width\":1250,\"height\":709},{\"@type\":\"BreadcrumbList\",\"@id\":\"https:\/\/www.asajacyl.com\/salamanca\/sin-categoria\/publicado-el-listado-de-beneficiarios-de-las-ayudas-a-agricultores-y-ganaderos-afectados-por-los-incendios-en-castilla-y-leon#breadcrumb\",\"itemListElement\":[{\"@type\":\"ListItem\",\"position\":1,\"name\":\"Portada\",\"item\":\"https:\/\/www.asajacyl.com\/salamanca\/\"},{\"@type\":\"ListItem\",\"position\":2,\"name\":\"Publicado el listado de beneficiarios de las ayudas a agricultores y ganaderos afectados por los incendios en Castilla y Le\u00f3n\"}]},{\"@type\":\"WebSite\",\"@id\":\"https:\/\/www.asajacyl.com\/salamanca\/#website\",\"url\":\"https:\/\/www.asajacyl.com\/salamanca\/\",\"name\":\"ASAJA Salamanca\",\"description\":\"Otro sitio m\u00e1s de Provincias ASAJA Castilla y Le\u00f3n\",\"potentialAction\":[{\"@type\":\"SearchAction\",\"target\":{\"@type\":\"EntryPoint\",\"urlTemplate\":\"https:\/\/www.asajacyl.com\/salamanca\/?s={search_term_string}\"},\"query-input\":{\"@type\":\"PropertyValueSpecification\",\"valueRequired\":true,\"valueName\":\"search_term_string\"}}],\"inLanguage\":\"es\"},{\"@type\":\"Person\",\"@id\":\"https:\/\/www.asajacyl.com\/salamanca\/#\/schema\/person\/2bfc7da09988e1087e6291fafe99b67f\",\"name\":\"Sonia\",\"image\":{\"@type\":\"ImageObject\",\"inLanguage\":\"es\",\"@id\":\"https:\/\/www.asajacyl.com\/salamanca\/#\/schema\/person\/image\/\",\"url\":\"https:\/\/secure.gravatar.com\/avatar\/6b0d6eb461a1e3687cc023d59022ef0d?s=96&d=mm&r=g\",\"contentUrl\":\"https:\/\/secure.gravatar.com\/avatar\/6b0d6eb461a1e3687cc023d59022ef0d?s=96&d=mm&r=g\",\"caption\":\"Sonia\"},\"url\":\"https:\/\/www.asajacyl.com\/salamanca\/author\/juanluisde\"}]}<\/script>\n<!-- \/ Yoast SEO plugin. -->","yoast_head_json":{"title":"Publicado el listado de beneficiarios de las ayudas a agricultores y ganaderos afectados por los incendios en Castilla y Le\u00f3n - ASAJA Salamanca","description":"La Junta de Castilla y Le\u00f3n ha publicado en el Bolet\u00edn Oficial de Castilla y Le\u00f3n (BOCyL) la Orden AGR\/978\/2025, de 28 de agosto, por la que se concede de","robots":{"index":"index","follow":"follow","max-snippet":"max-snippet:-1","max-image-preview":"max-image-preview:large","max-video-preview":"max-video-preview:-1"},"canonical":"https:\/\/www.asajacyl.com\/salamanca\/sin-categoria\/publicado-el-listado-de-beneficiarios-de-las-ayudas-a-agricultores-y-ganaderos-afectados-por-los-incendios-en-castilla-y-leon","og_locale":"es_ES","og_type":"article","og_title":"Publicado el listado de beneficiarios de las ayudas a agricultores y ganaderos afectados por los incendios en Castilla y Le\u00f3n - ASAJA Salamanca","og_description":"La Junta de Castilla y Le\u00f3n ha publicado en el Bolet\u00edn Oficial de Castilla y Le\u00f3n (BOCyL) la Orden AGR\/978\/2025, de 28 de agosto, por la que se concede de","og_url":"https:\/\/www.asajacyl.com\/salamanca\/sin-categoria\/publicado-el-listado-de-beneficiarios-de-las-ayudas-a-agricultores-y-ganaderos-afectados-por-los-incendios-en-castilla-y-leon","og_site_name":"ASAJA Salamanca","article_published_time":"2025-09-01T08:04:22+00:00","article_modified_time":"2025-09-24T11:56:27+00:00","og_image":[{"width":1250,"height":709,"url":"https:\/\/www.asajacyl.com\/salamanca\/wp-content\/uploads\/sites\/7\/2025\/09\/20250815180605_relacionada2.jpg","type":"image\/jpeg"}],"author":"Sonia","twitter_card":"summary_large_image","twitter_misc":{"Escrito por":"Sonia","Tiempo de lectura":"3 minutos"},"schema":{"@context":"https:\/\/schema.org","@graph":[{"@type":"WebPage","@id":"https:\/\/www.asajacyl.com\/salamanca\/sin-categoria\/publicado-el-listado-de-beneficiarios-de-las-ayudas-a-agricultores-y-ganaderos-afectados-por-los-incendios-en-castilla-y-leon","url":"https:\/\/www.asajacyl.com\/salamanca\/sin-categoria\/publicado-el-listado-de-beneficiarios-de-las-ayudas-a-agricultores-y-ganaderos-afectados-por-los-incendios-en-castilla-y-leon","name":"Publicado el listado de beneficiarios de las ayudas a agricultores y ganaderos afectados por los incendios en Castilla y Le\u00f3n - ASAJA Salamanca","isPartOf":{"@id":"https:\/\/www.asajacyl.com\/salamanca\/#website"},"primaryImageOfPage":{"@id":"https:\/\/www.asajacyl.com\/salamanca\/sin-categoria\/publicado-el-listado-de-beneficiarios-de-las-ayudas-a-agricultores-y-ganaderos-afectados-por-los-incendios-en-castilla-y-leon#primaryimage"},"image":{"@id":"https:\/\/www.asajacyl.com\/salamanca\/sin-categoria\/publicado-el-listado-de-beneficiarios-de-las-ayudas-a-agricultores-y-ganaderos-afectados-por-los-incendios-en-castilla-y-leon#primaryimage"},"thumbnailUrl":"https:\/\/www.asajacyl.com\/salamanca\/wp-content\/uploads\/sites\/7\/2025\/09\/20250815180605_relacionada2.jpg","datePublished":"2025-09-01T08:04:22+00:00","dateModified":"2025-09-24T11:56:27+00:00","author":{"@id":"https:\/\/www.asajacyl.com\/salamanca\/#\/schema\/person\/2bfc7da09988e1087e6291fafe99b67f"},"description":"La Junta de Castilla y Le\u00f3n ha publicado en el Bolet\u00edn Oficial de Castilla y Le\u00f3n (BOCyL) la Orden AGR\/978\/2025, de 28 de agosto, por la que se concede de","breadcrumb":{"@id":"https:\/\/www.asajacyl.com\/salamanca\/sin-categoria\/publicado-el-listado-de-beneficiarios-de-las-ayudas-a-agricultores-y-ganaderos-afectados-por-los-incendios-en-castilla-y-leon#breadcrumb"},"inLanguage":"es","potentialAction":[{"@type":"ReadAction","target":["https:\/\/www.asajacyl.com\/salamanca\/sin-categoria\/publicado-el-listado-de-beneficiarios-de-las-ayudas-a-agricultores-y-ganaderos-afectados-por-los-incendios-en-castilla-y-leon"]}]},{"@type":"ImageObject","inLanguage":"es","@id":"https:\/\/www.asajacyl.com\/salamanca\/sin-categoria\/publicado-el-listado-de-beneficiarios-de-las-ayudas-a-agricultores-y-ganaderos-afectados-por-los-incendios-en-castilla-y-leon#primaryimage","url":"https:\/\/www.asajacyl.com\/salamanca\/wp-content\/uploads\/sites\/7\/2025\/09\/20250815180605_relacionada2.jpg","contentUrl":"https:\/\/www.asajacyl.com\/salamanca\/wp-content\/uploads\/sites\/7\/2025\/09\/20250815180605_relacionada2.jpg","width":1250,"height":709},{"@type":"BreadcrumbList","@id":"https:\/\/www.asajacyl.com\/salamanca\/sin-categoria\/publicado-el-listado-de-beneficiarios-de-las-ayudas-a-agricultores-y-ganaderos-afectados-por-los-incendios-en-castilla-y-leon#breadcrumb","itemListElement":[{"@type":"ListItem","position":1,"name":"Portada","item":"https:\/\/www.asajacyl.com\/salamanca\/"},{"@type":"ListItem","position":2,"name":"Publicado el listado de beneficiarios de las ayudas a agricultores y ganaderos afectados por los incendios en Castilla y Le\u00f3n"}]},{"@type":"WebSite","@id":"https:\/\/www.asajacyl.com\/salamanca\/#website","url":"https:\/\/www.asajacyl.com\/salamanca\/","name":"ASAJA Salamanca","description":"Otro sitio m\u00e1s de Provincias ASAJA Castilla y Le\u00f3n","potentialAction":[{"@type":"SearchAction","target":{"@type":"EntryPoint","urlTemplate":"https:\/\/www.asajacyl.com\/salamanca\/?s={search_term_string}"},"query-input":{"@type":"PropertyValueSpecification","valueRequired":true,"valueName":"search_term_string"}}],"inLanguage":"es"},{"@type":"Person","@id":"https:\/\/www.asajacyl.com\/salamanca\/#\/schema\/person\/2bfc7da09988e1087e6291fafe99b67f","name":"Sonia","image":{"@type":"ImageObject","inLanguage":"es","@id":"https:\/\/www.asajacyl.com\/salamanca\/#\/schema\/person\/image\/","url":"https:\/\/secure.gravatar.com\/avatar\/6b0d6eb461a1e3687cc023d59022ef0d?s=96&d=mm&r=g","contentUrl":"https:\/\/secure.gravatar.com\/avatar\/6b0d6eb461a1e3687cc023d59022ef0d?s=96&d=mm&r=g","caption":"Sonia"},"url":"https:\/\/www.asajacyl.com\/salamanca\/author\/juanluisde"}]}},"_links":{"self":[{"href":"https:\/\/www.asajacyl.com\/salamanca\/wp-json\/wp\/v2\/posts\/19637"}],"collection":[{"href":"https:\/\/www.asajacyl.com\/salamanca\/wp-json\/wp\/v2\/posts"}],"about":[{"href":"https:\/\/www.asajacyl.com\/salamanca\/wp-json\/wp\/v2\/types\/post"}],"author":[{"embeddable":true,"href":"https:\/\/www.asajacyl.com\/salamanca\/wp-json\/wp\/v2\/users\/10"}],"replies":[{"embeddable":true,"href":"https:\/\/www.asajacyl.com\/salamanca\/wp-json\/wp\/v2\/comments?post=19637"}],"version-history":[{"count":4,"href":"https:\/\/www.asajacyl.com\/salamanca\/wp-json\/wp\/v2\/posts\/19637\/revisions"}],"predecessor-version":[{"id":19646,"href":"https:\/\/www.asajacyl.com\/salamanca\/wp-json\/wp\/v2\/posts\/19637\/revisions\/19646"}],"wp:featuredmedia":[{"embeddable":true,"href":"https:\/\/www.asajacyl.com\/salamanca\/wp-json\/wp\/v2\/media\/19639"}],"wp:attachment":[{"href":"https:\/\/www.asajacyl.com\/salamanca\/wp-json\/wp\/v2\/media?parent=19637"}],"wp:term":[{"taxonomy":"category","embeddable":true,"href":"https:\/\/www.asajacyl.com\/salamanca\/wp-json\/wp\/v2\/categories?post=19637"},{"taxonomy":"post_tag","embeddable":true,"href":"https:\/\/www.asajacyl.com\/salamanca\/wp-json\/wp\/v2\/tags?post=19637"}],"curies":[{"name":"wp","href":"https:\/\/api.w.org\/{rel}","templated":true}]}}