{"id":19688,"date":"2025-09-08T12:48:27","date_gmt":"2025-09-08T10:48:27","guid":{"rendered":"https:\/\/www.asajacyl.com\/salamanca\/?p=19688"},"modified":"2025-09-24T13:56:10","modified_gmt":"2025-09-24T11:56:10","slug":"publicado-el-segundo-listado-de-las-ayudas-por-incendios-en-castilla-y-leon","status":"publish","type":"post","link":"https:\/\/www.asajacyl.com\/salamanca\/asaja-salamanca-informa\/noticias\/publicado-el-segundo-listado-de-las-ayudas-por-incendios-en-castilla-y-leon","title":{"rendered":"Publicado el segundo listado de beneficiarios de las ayudas por incendios en Castilla y Le\u00f3n"},"content":{"rendered":"\n<h2 class=\"wp-block-heading\">Un total de 70 profesionales beneficiarios incluidos <\/h2>\n\n\n\n<p>La Junta de Castilla y Le\u00f3n ha aprobado la concesi\u00f3n directa de 385.000 euros en ayudas destinadas a 70 agricultores y ganaderos profesionales cuyas explotaciones se vieron gravemente da\u00f1adas por los incendios forestales registrados en la Comunidad durante el verano de 2025.<br><br>La orden, publicada hoy en el Bolet\u00edn Oficial de Castilla y Le\u00f3n (BOCyL), establece que cada beneficiario recibir\u00e1 una ayuda m\u00ednima de 5.500 euros, que podr\u00e1 incrementarse en funci\u00f3n de la magnitud de las p\u00e9rdidas sufridas. Los da\u00f1os subvencionables incluyen la p\u00e9rdida de cultivos, ganado y colmenas, as\u00ed como la destrucci\u00f3n de instalaciones agrarias, ganaderas y ap\u00edcolas, adem\u00e1s de vallados de protecci\u00f3n.<\/p>\n\n\n\n<p>Las ayudas, publicadas hoy en el <em>Bolet\u00edn Oficial de Castilla y Le\u00f3n (BOCyL)<\/em> mediante la <strong>Orden AGR\/995\/2025, de 5 de septiembre<\/strong>, se enmarcan dentro del <strong>Acuerdo 34\/2025, de 20 de agosto<\/strong>, que establece medidas de recuperaci\u00f3n de las zonas afectadas por los incendios.<br><\/p>\n\n\n\n<p><strong>Cuant\u00edas y condiciones<\/strong><br>-Cada beneficiario recibir\u00e1 una ayuda m\u00ednima de 5.500 euros, en un \u00fanico pago.<br>-Este importe podr\u00e1 incrementarse en funci\u00f3n de los da\u00f1os sufridos, siempre que se acrediten p\u00e9rdidas superiores a esa cantidad mediante declaraci\u00f3n responsable.<br>&#8211; La cuant\u00eda m\u00e1xima establecida es de 18.000 euros por beneficiario. <br><strong>\u00bfQu\u00e9 da\u00f1os se compensan?<br><\/strong>-P\u00e9rdidas en producci\u00f3n agr\u00edcola y ganadera.<br>-Muerte de ganado o p\u00e9rdida de colmenas.<br>-Reconstrucci\u00f3n de instalaciones o construcciones agr\u00edcolas y\/o ganaderas.<br>-Reposici\u00f3n de vallados ganaderos y perimetrales da\u00f1ados.<\/p>\n\n\n\n<p><strong>Importante para agricultores y ganaderos profesionales<\/strong><br>-Si has sufrido p\u00e9rdidas por los incendios, cumples los requisitos de profesional y no apareces como beneficiario, deber\u00e1s presentar un recurso de reposici\u00f3n junto al modelo oficial de declaraci\u00f3n responsable de valoraci\u00f3n de da\u00f1os.<br>-Si figuras entre los 530 beneficiarios, pero la muerte de ganado o la p\u00e9rdida de colmenas (seg\u00fan baremos) supera los 5.500 \u20ac, tambi\u00e9n tendr\u00e1s que presentar el modelo de declaraci\u00f3n responsable de valoraci\u00f3n de da\u00f1os.<br><br>En ASAJA Salamanca nos encargamos de ayudarte con la tramitaci\u00f3n y gesti\u00f3n de esta documentaci\u00f3n.<br><br><strong>A partir del 15 de septiembre<\/strong><\/p>\n\n\n\n<p>Los titulares de explotaciones con vallados da\u00f1ados podr\u00e1n presentar una declaraci\u00f3n espec\u00edfica de valoraci\u00f3n, que deber\u00e1 acompa\u00f1arse de fotograf\u00edas georreferenciadas.<br><br><strong>\u00bfY los agricultores y ganaderos no profesionales?<\/strong><\/p>\n\n\n\n<p>Aquellos que solicitan PAC o figuran en alg\u00fan registro oficial (excepto autoconsumo), y hayan sufrido p\u00e9rdidas en producci\u00f3n agr\u00edcola, de ganado o colmenas, tambi\u00e9n deber\u00e1n presentar la declaraci\u00f3n responsable de valoraci\u00f3n de da\u00f1os.<\/p>\n\n\n\n<p><strong>Procedimiento<\/strong><br>Dadas las especiales circunstancias de fuerza mayor que motivan la concesi\u00f3n de estas ayudas, se entender\u00e1n aceptadas desde la fecha de la publicaci\u00f3n en el Bocyl de la presente orden. No obstante, <strong>si el interesado rechazara la subvenci\u00f3n en el plazo de diez<\/strong> d\u00edas desde la mencionada publicaci\u00f3n, se adoptar\u00e1 la resoluci\u00f3n que en derecho proceda.<br><br><br> En ASAJA Salamanca seguimos al lado de nuestros agricultores y ganaderos para que nadie pierda la oportunidad de acceder a estas ayudas.<br><\/p>\n\n\n\n<p><br><\/p>\n\n\n\n<p><br><\/p>\n\n\n\n<p><br><br><\/p>\n","protected":false},"excerpt":{"rendered":"<p>Un total de 70 profesionales beneficiarios incluidos La Junta de Castilla y Le\u00f3n ha aprobado la concesi\u00f3n directa de 385.000 euros en ayudas destinadas a 70 agricultores y ganaderos profesionales cuyas explotaciones se vieron gravemente da\u00f1adas por los incendios forestales registrados en la Comunidad durante el verano de 2025. La orden, publicada hoy en el [&hellip;]<\/p>\n","protected":false},"author":10,"featured_media":19689,"comment_status":"open","ping_status":"open","sticky":false,"template":"","format":"standard","meta":{"footnotes":""},"categories":[510],"tags":[],"yoast_head":"<!-- This site is optimized with the Yoast SEO plugin v24.5 - https:\/\/yoast.com\/wordpress\/plugins\/seo\/ -->\n<title>Publicado el segundo listado de beneficiarios de las ayudas por incendios en Castilla y Le\u00f3n - ASAJA Salamanca<\/title>\n<meta name=\"description\" content=\"Un total de 70 profesionales beneficiarios incluidos La Junta de Castilla y Le\u00f3n ha aprobado la concesi\u00f3n directa de 385.000 euros en ayudas destinadas a\" \/>\n<meta name=\"robots\" content=\"index, follow, max-snippet:-1, max-image-preview:large, max-video-preview:-1\" \/>\n<link rel=\"canonical\" href=\"https:\/\/www.asajacyl.com\/salamanca\/asaja-salamanca-informa\/noticias\/publicado-el-segundo-listado-de-las-ayudas-por-incendios-en-castilla-y-leon\" \/>\n<meta property=\"og:locale\" content=\"es_ES\" \/>\n<meta property=\"og:type\" content=\"article\" \/>\n<meta property=\"og:title\" content=\"Publicado el segundo listado de beneficiarios de las ayudas por incendios en Castilla y Le\u00f3n - ASAJA Salamanca\" \/>\n<meta property=\"og:description\" content=\"Un total de 70 profesionales beneficiarios incluidos La Junta de Castilla y Le\u00f3n ha aprobado la concesi\u00f3n directa de 385.000 euros en ayudas destinadas a\" \/>\n<meta property=\"og:url\" content=\"https:\/\/www.asajacyl.com\/salamanca\/asaja-salamanca-informa\/noticias\/publicado-el-segundo-listado-de-las-ayudas-por-incendios-en-castilla-y-leon\" \/>\n<meta property=\"og:site_name\" content=\"ASAJA Salamanca\" \/>\n<meta property=\"article:published_time\" content=\"2025-09-08T10:48:27+00:00\" \/>\n<meta property=\"article:modified_time\" content=\"2025-09-24T11:56:10+00:00\" \/>\n<meta property=\"og:image\" content=\"https:\/\/www.asajacyl.com\/salamanca\/wp-content\/uploads\/sites\/7\/2025\/09\/Captura-de-pantalla-2025-09-08-124725.jpg\" \/>\n\t<meta property=\"og:image:width\" content=\"996\" \/>\n\t<meta property=\"og:image:height\" content=\"477\" \/>\n\t<meta property=\"og:image:type\" content=\"image\/jpeg\" \/>\n<meta name=\"author\" content=\"Sonia\" \/>\n<meta name=\"twitter:card\" content=\"summary_large_image\" \/>\n<meta name=\"twitter:label1\" content=\"Escrito por\" \/>\n\t<meta name=\"twitter:data1\" content=\"Sonia\" \/>\n\t<meta name=\"twitter:label2\" content=\"Tiempo de lectura\" \/>\n\t<meta name=\"twitter:data2\" content=\"3 minutos\" \/>\n<script type=\"application\/ld+json\" class=\"yoast-schema-graph\">{\"@context\":\"https:\/\/schema.org\",\"@graph\":[{\"@type\":\"WebPage\",\"@id\":\"https:\/\/www.asajacyl.com\/salamanca\/asaja-salamanca-informa\/noticias\/publicado-el-segundo-listado-de-las-ayudas-por-incendios-en-castilla-y-leon\",\"url\":\"https:\/\/www.asajacyl.com\/salamanca\/asaja-salamanca-informa\/noticias\/publicado-el-segundo-listado-de-las-ayudas-por-incendios-en-castilla-y-leon\",\"name\":\"Publicado el segundo listado de beneficiarios de las ayudas por incendios en Castilla y Le\u00f3n - ASAJA Salamanca\",\"isPartOf\":{\"@id\":\"https:\/\/www.asajacyl.com\/salamanca\/#website\"},\"primaryImageOfPage\":{\"@id\":\"https:\/\/www.asajacyl.com\/salamanca\/asaja-salamanca-informa\/noticias\/publicado-el-segundo-listado-de-las-ayudas-por-incendios-en-castilla-y-leon#primaryimage\"},\"image\":{\"@id\":\"https:\/\/www.asajacyl.com\/salamanca\/asaja-salamanca-informa\/noticias\/publicado-el-segundo-listado-de-las-ayudas-por-incendios-en-castilla-y-leon#primaryimage\"},\"thumbnailUrl\":\"https:\/\/www.asajacyl.com\/salamanca\/wp-content\/uploads\/sites\/7\/2025\/09\/Captura-de-pantalla-2025-09-08-124725.jpg\",\"datePublished\":\"2025-09-08T10:48:27+00:00\",\"dateModified\":\"2025-09-24T11:56:10+00:00\",\"author\":{\"@id\":\"https:\/\/www.asajacyl.com\/salamanca\/#\/schema\/person\/2bfc7da09988e1087e6291fafe99b67f\"},\"description\":\"Un total de 70 profesionales beneficiarios incluidos La Junta de Castilla y Le\u00f3n ha aprobado la concesi\u00f3n directa de 385.000 euros en ayudas destinadas a\",\"breadcrumb\":{\"@id\":\"https:\/\/www.asajacyl.com\/salamanca\/asaja-salamanca-informa\/noticias\/publicado-el-segundo-listado-de-las-ayudas-por-incendios-en-castilla-y-leon#breadcrumb\"},\"inLanguage\":\"es\",\"potentialAction\":[{\"@type\":\"ReadAction\",\"target\":[\"https:\/\/www.asajacyl.com\/salamanca\/asaja-salamanca-informa\/noticias\/publicado-el-segundo-listado-de-las-ayudas-por-incendios-en-castilla-y-leon\"]}]},{\"@type\":\"ImageObject\",\"inLanguage\":\"es\",\"@id\":\"https:\/\/www.asajacyl.com\/salamanca\/asaja-salamanca-informa\/noticias\/publicado-el-segundo-listado-de-las-ayudas-por-incendios-en-castilla-y-leon#primaryimage\",\"url\":\"https:\/\/www.asajacyl.com\/salamanca\/wp-content\/uploads\/sites\/7\/2025\/09\/Captura-de-pantalla-2025-09-08-124725.jpg\",\"contentUrl\":\"https:\/\/www.asajacyl.com\/salamanca\/wp-content\/uploads\/sites\/7\/2025\/09\/Captura-de-pantalla-2025-09-08-124725.jpg\",\"width\":996,\"height\":477},{\"@type\":\"BreadcrumbList\",\"@id\":\"https:\/\/www.asajacyl.com\/salamanca\/asaja-salamanca-informa\/noticias\/publicado-el-segundo-listado-de-las-ayudas-por-incendios-en-castilla-y-leon#breadcrumb\",\"itemListElement\":[{\"@type\":\"ListItem\",\"position\":1,\"name\":\"Portada\",\"item\":\"https:\/\/www.asajacyl.com\/salamanca\/\"},{\"@type\":\"ListItem\",\"position\":2,\"name\":\"Publicado el segundo listado de beneficiarios de las ayudas por incendios en Castilla y Le\u00f3n\"}]},{\"@type\":\"WebSite\",\"@id\":\"https:\/\/www.asajacyl.com\/salamanca\/#website\",\"url\":\"https:\/\/www.asajacyl.com\/salamanca\/\",\"name\":\"ASAJA Salamanca\",\"description\":\"Otro sitio m\u00e1s de Provincias ASAJA Castilla y Le\u00f3n\",\"potentialAction\":[{\"@type\":\"SearchAction\",\"target\":{\"@type\":\"EntryPoint\",\"urlTemplate\":\"https:\/\/www.asajacyl.com\/salamanca\/?s={search_term_string}\"},\"query-input\":{\"@type\":\"PropertyValueSpecification\",\"valueRequired\":true,\"valueName\":\"search_term_string\"}}],\"inLanguage\":\"es\"},{\"@type\":\"Person\",\"@id\":\"https:\/\/www.asajacyl.com\/salamanca\/#\/schema\/person\/2bfc7da09988e1087e6291fafe99b67f\",\"name\":\"Sonia\",\"image\":{\"@type\":\"ImageObject\",\"inLanguage\":\"es\",\"@id\":\"https:\/\/www.asajacyl.com\/salamanca\/#\/schema\/person\/image\/\",\"url\":\"https:\/\/secure.gravatar.com\/avatar\/6b0d6eb461a1e3687cc023d59022ef0d?s=96&d=mm&r=g\",\"contentUrl\":\"https:\/\/secure.gravatar.com\/avatar\/6b0d6eb461a1e3687cc023d59022ef0d?s=96&d=mm&r=g\",\"caption\":\"Sonia\"},\"url\":\"https:\/\/www.asajacyl.com\/salamanca\/author\/juanluisde\"}]}<\/script>\n<!-- \/ Yoast SEO plugin. -->","yoast_head_json":{"title":"Publicado el segundo listado de beneficiarios de las ayudas por incendios en Castilla y Le\u00f3n - ASAJA Salamanca","description":"Un total de 70 profesionales beneficiarios incluidos La Junta de Castilla y Le\u00f3n ha aprobado la concesi\u00f3n directa de 385.000 euros en ayudas destinadas a","robots":{"index":"index","follow":"follow","max-snippet":"max-snippet:-1","max-image-preview":"max-image-preview:large","max-video-preview":"max-video-preview:-1"},"canonical":"https:\/\/www.asajacyl.com\/salamanca\/asaja-salamanca-informa\/noticias\/publicado-el-segundo-listado-de-las-ayudas-por-incendios-en-castilla-y-leon","og_locale":"es_ES","og_type":"article","og_title":"Publicado el segundo listado de beneficiarios de las ayudas por incendios en Castilla y Le\u00f3n - ASAJA Salamanca","og_description":"Un total de 70 profesionales beneficiarios incluidos La Junta de Castilla y Le\u00f3n ha aprobado la concesi\u00f3n directa de 385.000 euros en ayudas destinadas a","og_url":"https:\/\/www.asajacyl.com\/salamanca\/asaja-salamanca-informa\/noticias\/publicado-el-segundo-listado-de-las-ayudas-por-incendios-en-castilla-y-leon","og_site_name":"ASAJA Salamanca","article_published_time":"2025-09-08T10:48:27+00:00","article_modified_time":"2025-09-24T11:56:10+00:00","og_image":[{"width":996,"height":477,"url":"https:\/\/www.asajacyl.com\/salamanca\/wp-content\/uploads\/sites\/7\/2025\/09\/Captura-de-pantalla-2025-09-08-124725.jpg","type":"image\/jpeg"}],"author":"Sonia","twitter_card":"summary_large_image","twitter_misc":{"Escrito por":"Sonia","Tiempo de lectura":"3 minutos"},"schema":{"@context":"https:\/\/schema.org","@graph":[{"@type":"WebPage","@id":"https:\/\/www.asajacyl.com\/salamanca\/asaja-salamanca-informa\/noticias\/publicado-el-segundo-listado-de-las-ayudas-por-incendios-en-castilla-y-leon","url":"https:\/\/www.asajacyl.com\/salamanca\/asaja-salamanca-informa\/noticias\/publicado-el-segundo-listado-de-las-ayudas-por-incendios-en-castilla-y-leon","name":"Publicado el segundo listado de beneficiarios de las ayudas por incendios en Castilla y Le\u00f3n - ASAJA Salamanca","isPartOf":{"@id":"https:\/\/www.asajacyl.com\/salamanca\/#website"},"primaryImageOfPage":{"@id":"https:\/\/www.asajacyl.com\/salamanca\/asaja-salamanca-informa\/noticias\/publicado-el-segundo-listado-de-las-ayudas-por-incendios-en-castilla-y-leon#primaryimage"},"image":{"@id":"https:\/\/www.asajacyl.com\/salamanca\/asaja-salamanca-informa\/noticias\/publicado-el-segundo-listado-de-las-ayudas-por-incendios-en-castilla-y-leon#primaryimage"},"thumbnailUrl":"https:\/\/www.asajacyl.com\/salamanca\/wp-content\/uploads\/sites\/7\/2025\/09\/Captura-de-pantalla-2025-09-08-124725.jpg","datePublished":"2025-09-08T10:48:27+00:00","dateModified":"2025-09-24T11:56:10+00:00","author":{"@id":"https:\/\/www.asajacyl.com\/salamanca\/#\/schema\/person\/2bfc7da09988e1087e6291fafe99b67f"},"description":"Un total de 70 profesionales beneficiarios incluidos La Junta de Castilla y Le\u00f3n ha aprobado la concesi\u00f3n directa de 385.000 euros en ayudas destinadas a","breadcrumb":{"@id":"https:\/\/www.asajacyl.com\/salamanca\/asaja-salamanca-informa\/noticias\/publicado-el-segundo-listado-de-las-ayudas-por-incendios-en-castilla-y-leon#breadcrumb"},"inLanguage":"es","potentialAction":[{"@type":"ReadAction","target":["https:\/\/www.asajacyl.com\/salamanca\/asaja-salamanca-informa\/noticias\/publicado-el-segundo-listado-de-las-ayudas-por-incendios-en-castilla-y-leon"]}]},{"@type":"ImageObject","inLanguage":"es","@id":"https:\/\/www.asajacyl.com\/salamanca\/asaja-salamanca-informa\/noticias\/publicado-el-segundo-listado-de-las-ayudas-por-incendios-en-castilla-y-leon#primaryimage","url":"https:\/\/www.asajacyl.com\/salamanca\/wp-content\/uploads\/sites\/7\/2025\/09\/Captura-de-pantalla-2025-09-08-124725.jpg","contentUrl":"https:\/\/www.asajacyl.com\/salamanca\/wp-content\/uploads\/sites\/7\/2025\/09\/Captura-de-pantalla-2025-09-08-124725.jpg","width":996,"height":477},{"@type":"BreadcrumbList","@id":"https:\/\/www.asajacyl.com\/salamanca\/asaja-salamanca-informa\/noticias\/publicado-el-segundo-listado-de-las-ayudas-por-incendios-en-castilla-y-leon#breadcrumb","itemListElement":[{"@type":"ListItem","position":1,"name":"Portada","item":"https:\/\/www.asajacyl.com\/salamanca\/"},{"@type":"ListItem","position":2,"name":"Publicado el segundo listado de beneficiarios de las ayudas por incendios en Castilla y Le\u00f3n"}]},{"@type":"WebSite","@id":"https:\/\/www.asajacyl.com\/salamanca\/#website","url":"https:\/\/www.asajacyl.com\/salamanca\/","name":"ASAJA Salamanca","description":"Otro sitio m\u00e1s de Provincias ASAJA Castilla y Le\u00f3n","potentialAction":[{"@type":"SearchAction","target":{"@type":"EntryPoint","urlTemplate":"https:\/\/www.asajacyl.com\/salamanca\/?s={search_term_string}"},"query-input":{"@type":"PropertyValueSpecification","valueRequired":true,"valueName":"search_term_string"}}],"inLanguage":"es"},{"@type":"Person","@id":"https:\/\/www.asajacyl.com\/salamanca\/#\/schema\/person\/2bfc7da09988e1087e6291fafe99b67f","name":"Sonia","image":{"@type":"ImageObject","inLanguage":"es","@id":"https:\/\/www.asajacyl.com\/salamanca\/#\/schema\/person\/image\/","url":"https:\/\/secure.gravatar.com\/avatar\/6b0d6eb461a1e3687cc023d59022ef0d?s=96&d=mm&r=g","contentUrl":"https:\/\/secure.gravatar.com\/avatar\/6b0d6eb461a1e3687cc023d59022ef0d?s=96&d=mm&r=g","caption":"Sonia"},"url":"https:\/\/www.asajacyl.com\/salamanca\/author\/juanluisde"}]}},"_links":{"self":[{"href":"https:\/\/www.asajacyl.com\/salamanca\/wp-json\/wp\/v2\/posts\/19688"}],"collection":[{"href":"https:\/\/www.asajacyl.com\/salamanca\/wp-json\/wp\/v2\/posts"}],"about":[{"href":"https:\/\/www.asajacyl.com\/salamanca\/wp-json\/wp\/v2\/types\/post"}],"author":[{"embeddable":true,"href":"https:\/\/www.asajacyl.com\/salamanca\/wp-json\/wp\/v2\/users\/10"}],"replies":[{"embeddable":true,"href":"https:\/\/www.asajacyl.com\/salamanca\/wp-json\/wp\/v2\/comments?post=19688"}],"version-history":[{"count":2,"href":"https:\/\/www.asajacyl.com\/salamanca\/wp-json\/wp\/v2\/posts\/19688\/revisions"}],"predecessor-version":[{"id":19692,"href":"https:\/\/www.asajacyl.com\/salamanca\/wp-json\/wp\/v2\/posts\/19688\/revisions\/19692"}],"wp:featuredmedia":[{"embeddable":true,"href":"https:\/\/www.asajacyl.com\/salamanca\/wp-json\/wp\/v2\/media\/19689"}],"wp:attachment":[{"href":"https:\/\/www.asajacyl.com\/salamanca\/wp-json\/wp\/v2\/media?parent=19688"}],"wp:term":[{"taxonomy":"category","embeddable":true,"href":"https:\/\/www.asajacyl.com\/salamanca\/wp-json\/wp\/v2\/categories?post=19688"},{"taxonomy":"post_tag","embeddable":true,"href":"https:\/\/www.asajacyl.com\/salamanca\/wp-json\/wp\/v2\/tags?post=19688"}],"curies":[{"name":"wp","href":"https:\/\/api.w.org\/{rel}","templated":true}]}}