{"id":19799,"date":"2025-10-22T10:08:46","date_gmt":"2025-10-22T08:08:46","guid":{"rendered":"https:\/\/www.asajacyl.com\/salamanca\/?p=19799"},"modified":"2025-11-11T09:12:08","modified_gmt":"2025-11-11T08:12:08","slug":"ocho-municipios-salmantinos-recibiran-ayudas-del-gobierno-por-los-incendios-forestales","status":"publish","type":"post","link":"https:\/\/www.asajacyl.com\/salamanca\/sin-categoria\/ocho-municipios-salmantinos-recibiran-ayudas-del-gobierno-por-los-incendios-forestales","title":{"rendered":"Ocho municipios salmantinos recibir\u00e1n ayudas del Gobierno por los incendios forestales"},"content":{"rendered":"\n<p>El Gobierno ha dado luz verde este martes a un <strong>real decreto<\/strong> que autoriza la concesi\u00f3n de <strong>27 millones de euros en ayudas directas<\/strong> para los agricultores y ganaderos que sufrieron p\u00e9rdidas a causa de los <strong>grandes incendios forestales del verano pasado<\/strong>. Seg\u00fan las estimaciones del Ministerio de Agricultura, Pesca y Alimentaci\u00f3n, <strong>unas 4.000 explotaciones<\/strong> se beneficiar\u00e1n de esta medida, de las cuales <strong>1.500 corresponden a ganader\u00eda extensiva<\/strong>.<\/p>\n\n\n\n<p>El ministro Luis Planas explic\u00f3 que el objetivo es que <strong>todas las ayudas est\u00e9n tramitadas y pagadas antes de finalizar 2025<\/strong>, concretamente antes del <strong>31 de diciembre<\/strong>. <\/p>\n\n\n\n<p>Una de las principales ventajas de esta medida es que <strong>los beneficiarios no tendr\u00e1n que presentar solicitudes<\/strong>, ya que las subvenciones <strong>se otorgar\u00e1n de oficio<\/strong> por parte del propio Ministerio. Estas compensaciones responden a los destrozos que dejaron los incendios entre junio y septiembre, un periodo en el que <strong>se calcinaron m\u00e1s de 350.000 hect\u00e1reas en Espa\u00f1a<\/strong>, el <strong>10 % de ellas dedicadas a uso agr\u00edcola<\/strong>.<\/p>\n\n\n\n<p>Las ayudas ser\u00e1n <strong>compatibles con otras compensaciones<\/strong> que puedan ofrecer las comunidades aut\u00f3nomas o la <strong>Uni\u00f3n Europea<\/strong>.<br><\/p>\n\n\n\n<h4 class=\"wp-block-heading\">Requisitos para acceder a las ayudas<\/h4>\n\n\n\n<p>Podr\u00e1n recibir estas ayudas los <strong>titulares de explotaciones agrarias<\/strong> situadas en los municipios reconocidos como afectados, siempre que cumplan <strong>dos condiciones<\/strong>:<\/p>\n\n\n\n<ol>\n<li>Haber declarado <strong>ingresos agrarios superiores a 1.000 euros en 2024<\/strong>.<\/li>\n\n\n\n<li>Tener <strong>las parcelas o explotaciones inscritas correctamente en los registros oficiales<\/strong>.<\/li>\n<\/ol>\n\n\n\n<h4 class=\"wp-block-heading\">Cuant\u00edas y l\u00edmites de las subvenciones<\/h4>\n\n\n\n<p>El importe de la ayuda ser\u00e1 del <strong>20 % de los ingresos agrarios declarados<\/strong>. Sin embargo, se establecen l\u00edmites para garantizar una distribuci\u00f3n equilibrada:<\/p>\n\n\n\n<ul>\n<li><strong>M\u00ednimo:<\/strong> 1.500 euros por beneficiario.<\/li>\n\n\n\n<li><strong>M\u00e1ximo:<\/strong> 10.000 euros.<\/li>\n<\/ul>\n\n\n\n<p>Para quienes ya hayan recibido <strong>indemnizaciones del seguro agrario<\/strong>, el rango se ampl\u00eda: el m\u00ednimo pasa a <strong>6.000 euros<\/strong> y el m\u00e1ximo a <strong>16.000 euros<\/strong>. En el caso de <strong>j\u00f3venes agricultores o ganaderos que hayan iniciado su actividad en 2025<\/strong>, la ayuda ser\u00e1 una cantidad fija de <strong>1.500 euros<\/strong>.<\/p>\n\n\n\n<h4 class=\"wp-block-heading\">Revisi\u00f3n de beneficiarios<\/h4>\n\n\n\n<p>La <strong>Subsecretar\u00eda<\/strong> publicar\u00e1 en la <strong>sede electr\u00f3nica del Ministerio de Agricultura<\/strong> la propuesta de resoluci\u00f3n con la lista de titulares que cumplen los requisitos, <strong>en un plazo m\u00e1ximo de 15 d\u00edas<\/strong> desde la entrada en vigor del real decreto.<\/p>\n\n\n\n<p>Los incluidos dispondr\u00e1n de <strong>3 d\u00edas h\u00e1biles<\/strong> para <strong>rechazar la ayuda<\/strong> o <strong>corregir errores de identificaci\u00f3n o datos personales<\/strong>. <\/p>\n\n\n\n<h4 class=\"wp-block-heading\">Refuerzo del seguro agrario<\/h4>\n\n\n\n<p>El decreto tambi\u00e9n contempla un <strong>incremento de la subvenci\u00f3n<\/strong> para la contrataci\u00f3n de <strong>seguros agrarios<\/strong> en las zonas afectadas. A partir de ahora, el Ministerio podr\u00e1 cubrir <strong>hasta el 70 % del coste total de la p\u00f3liza<\/strong>, con el fin de impulsar la protecci\u00f3n de los profesionales del campo ante futuros siniestros.<\/p>\n\n\n\n<h4 class=\"wp-block-heading\">Ocho municipios salmantinos beneficiados<\/h4>\n\n\n\n<p>Seg\u00fan el <strong>anexo del real decreto<\/strong>, se reconocen <strong>224 municipios afectados<\/strong> en <strong>diez comunidades aut\u00f3nomas<\/strong>, de acuerdo con los datos del <strong>Sistema Europeo de Informaci\u00f3n sobre Incendios Forestales (EFFIS)<\/strong>. En la <strong>provincia de Salamanca<\/strong>, los municipios incluidos son:<\/p>\n\n\n\n<ul>\n<li>Candelario<\/li>\n\n\n\n<li>Cip\u00e9rez<\/li>\n\n\n\n<li>Espada\u00f1a<\/li>\n\n\n\n<li>Peralejos de Arriba<\/li>\n\n\n\n<li>Puertas<\/li>\n\n\n\n<li>Tremedal de Tormes<\/li>\n\n\n\n<li>Villar de Peralonso<\/li>\n\n\n\n<li>Villaseco de los Reyes<\/li>\n<\/ul>\n\n\n\n<p><\/p>\n","protected":false},"excerpt":{"rendered":"<p>El Gobierno ha dado luz verde este martes a un real decreto que autoriza la concesi\u00f3n de 27 millones de euros en ayudas directas para los agricultores y ganaderos que sufrieron p\u00e9rdidas a causa de los grandes incendios forestales del verano pasado. Seg\u00fan las estimaciones del Ministerio de Agricultura, Pesca y Alimentaci\u00f3n, unas 4.000 explotaciones [&hellip;]<\/p>\n","protected":false},"author":10,"featured_media":19802,"comment_status":"open","ping_status":"open","sticky":false,"template":"","format":"standard","meta":{"footnotes":""},"categories":[510,1],"tags":[],"yoast_head":"<!-- This site is optimized with the Yoast SEO plugin v24.5 - https:\/\/yoast.com\/wordpress\/plugins\/seo\/ -->\n<title>Ocho municipios salmantinos recibir\u00e1n ayudas del Gobierno por los incendios forestales - ASAJA Salamanca<\/title>\n<meta name=\"description\" content=\"El Gobierno ha dado luz verde este martes a un real decreto que autoriza la concesi\u00f3n de 27 millones de euros en ayudas directas para los agricultores y\" \/>\n<meta name=\"robots\" content=\"index, follow, max-snippet:-1, max-image-preview:large, max-video-preview:-1\" \/>\n<link rel=\"canonical\" href=\"https:\/\/www.asajacyl.com\/salamanca\/sin-categoria\/ocho-municipios-salmantinos-recibiran-ayudas-del-gobierno-por-los-incendios-forestales\" \/>\n<meta property=\"og:locale\" content=\"es_ES\" \/>\n<meta property=\"og:type\" content=\"article\" \/>\n<meta property=\"og:title\" content=\"Ocho municipios salmantinos recibir\u00e1n ayudas del Gobierno por los incendios forestales - ASAJA Salamanca\" \/>\n<meta property=\"og:description\" content=\"El Gobierno ha dado luz verde este martes a un real decreto que autoriza la concesi\u00f3n de 27 millones de euros en ayudas directas para los agricultores y\" \/>\n<meta property=\"og:url\" content=\"https:\/\/www.asajacyl.com\/salamanca\/sin-categoria\/ocho-municipios-salmantinos-recibiran-ayudas-del-gobierno-por-los-incendios-forestales\" \/>\n<meta property=\"og:site_name\" content=\"ASAJA Salamanca\" \/>\n<meta property=\"article:published_time\" content=\"2025-10-22T08:08:46+00:00\" \/>\n<meta property=\"article:modified_time\" content=\"2025-11-11T08:12:08+00:00\" \/>\n<meta property=\"og:image\" content=\"https:\/\/www.asajacyl.com\/salamanca\/wp-content\/uploads\/sites\/7\/2025\/10\/964397be-0036-4da7-9643-bc46760e86c2_source-aspect-ratio_1600w_0.jpg\" \/>\n\t<meta property=\"og:image:width\" content=\"1600\" \/>\n\t<meta property=\"og:image:height\" content=\"900\" \/>\n\t<meta property=\"og:image:type\" content=\"image\/jpeg\" \/>\n<meta name=\"author\" content=\"Sonia\" \/>\n<meta name=\"twitter:card\" content=\"summary_large_image\" \/>\n<meta name=\"twitter:label1\" content=\"Escrito por\" \/>\n\t<meta name=\"twitter:data1\" content=\"Sonia\" \/>\n\t<meta name=\"twitter:label2\" content=\"Tiempo de lectura\" \/>\n\t<meta name=\"twitter:data2\" content=\"3 minutos\" \/>\n<script type=\"application\/ld+json\" class=\"yoast-schema-graph\">{\"@context\":\"https:\/\/schema.org\",\"@graph\":[{\"@type\":\"WebPage\",\"@id\":\"https:\/\/www.asajacyl.com\/salamanca\/sin-categoria\/ocho-municipios-salmantinos-recibiran-ayudas-del-gobierno-por-los-incendios-forestales\",\"url\":\"https:\/\/www.asajacyl.com\/salamanca\/sin-categoria\/ocho-municipios-salmantinos-recibiran-ayudas-del-gobierno-por-los-incendios-forestales\",\"name\":\"Ocho municipios salmantinos recibir\u00e1n ayudas del Gobierno por los incendios forestales - ASAJA Salamanca\",\"isPartOf\":{\"@id\":\"https:\/\/www.asajacyl.com\/salamanca\/#website\"},\"primaryImageOfPage\":{\"@id\":\"https:\/\/www.asajacyl.com\/salamanca\/sin-categoria\/ocho-municipios-salmantinos-recibiran-ayudas-del-gobierno-por-los-incendios-forestales#primaryimage\"},\"image\":{\"@id\":\"https:\/\/www.asajacyl.com\/salamanca\/sin-categoria\/ocho-municipios-salmantinos-recibiran-ayudas-del-gobierno-por-los-incendios-forestales#primaryimage\"},\"thumbnailUrl\":\"https:\/\/www.asajacyl.com\/salamanca\/wp-content\/uploads\/sites\/7\/2025\/10\/964397be-0036-4da7-9643-bc46760e86c2_source-aspect-ratio_1600w_0.jpg\",\"datePublished\":\"2025-10-22T08:08:46+00:00\",\"dateModified\":\"2025-11-11T08:12:08+00:00\",\"author\":{\"@id\":\"https:\/\/www.asajacyl.com\/salamanca\/#\/schema\/person\/2bfc7da09988e1087e6291fafe99b67f\"},\"description\":\"El Gobierno ha dado luz verde este martes a un real decreto que autoriza la concesi\u00f3n de 27 millones de euros en ayudas directas para los agricultores y\",\"breadcrumb\":{\"@id\":\"https:\/\/www.asajacyl.com\/salamanca\/sin-categoria\/ocho-municipios-salmantinos-recibiran-ayudas-del-gobierno-por-los-incendios-forestales#breadcrumb\"},\"inLanguage\":\"es\",\"potentialAction\":[{\"@type\":\"ReadAction\",\"target\":[\"https:\/\/www.asajacyl.com\/salamanca\/sin-categoria\/ocho-municipios-salmantinos-recibiran-ayudas-del-gobierno-por-los-incendios-forestales\"]}]},{\"@type\":\"ImageObject\",\"inLanguage\":\"es\",\"@id\":\"https:\/\/www.asajacyl.com\/salamanca\/sin-categoria\/ocho-municipios-salmantinos-recibiran-ayudas-del-gobierno-por-los-incendios-forestales#primaryimage\",\"url\":\"https:\/\/www.asajacyl.com\/salamanca\/wp-content\/uploads\/sites\/7\/2025\/10\/964397be-0036-4da7-9643-bc46760e86c2_source-aspect-ratio_1600w_0.jpg\",\"contentUrl\":\"https:\/\/www.asajacyl.com\/salamanca\/wp-content\/uploads\/sites\/7\/2025\/10\/964397be-0036-4da7-9643-bc46760e86c2_source-aspect-ratio_1600w_0.jpg\",\"width\":1600,\"height\":900},{\"@type\":\"BreadcrumbList\",\"@id\":\"https:\/\/www.asajacyl.com\/salamanca\/sin-categoria\/ocho-municipios-salmantinos-recibiran-ayudas-del-gobierno-por-los-incendios-forestales#breadcrumb\",\"itemListElement\":[{\"@type\":\"ListItem\",\"position\":1,\"name\":\"Portada\",\"item\":\"https:\/\/www.asajacyl.com\/salamanca\/\"},{\"@type\":\"ListItem\",\"position\":2,\"name\":\"Ocho municipios salmantinos recibir\u00e1n ayudas del Gobierno por los incendios forestales\"}]},{\"@type\":\"WebSite\",\"@id\":\"https:\/\/www.asajacyl.com\/salamanca\/#website\",\"url\":\"https:\/\/www.asajacyl.com\/salamanca\/\",\"name\":\"ASAJA Salamanca\",\"description\":\"Otro sitio m\u00e1s de Provincias ASAJA Castilla y Le\u00f3n\",\"potentialAction\":[{\"@type\":\"SearchAction\",\"target\":{\"@type\":\"EntryPoint\",\"urlTemplate\":\"https:\/\/www.asajacyl.com\/salamanca\/?s={search_term_string}\"},\"query-input\":{\"@type\":\"PropertyValueSpecification\",\"valueRequired\":true,\"valueName\":\"search_term_string\"}}],\"inLanguage\":\"es\"},{\"@type\":\"Person\",\"@id\":\"https:\/\/www.asajacyl.com\/salamanca\/#\/schema\/person\/2bfc7da09988e1087e6291fafe99b67f\",\"name\":\"Sonia\",\"image\":{\"@type\":\"ImageObject\",\"inLanguage\":\"es\",\"@id\":\"https:\/\/www.asajacyl.com\/salamanca\/#\/schema\/person\/image\/\",\"url\":\"https:\/\/secure.gravatar.com\/avatar\/6b0d6eb461a1e3687cc023d59022ef0d?s=96&d=mm&r=g\",\"contentUrl\":\"https:\/\/secure.gravatar.com\/avatar\/6b0d6eb461a1e3687cc023d59022ef0d?s=96&d=mm&r=g\",\"caption\":\"Sonia\"},\"url\":\"https:\/\/www.asajacyl.com\/salamanca\/author\/juanluisde\"}]}<\/script>\n<!-- \/ Yoast SEO plugin. -->","yoast_head_json":{"title":"Ocho municipios salmantinos recibir\u00e1n ayudas del Gobierno por los incendios forestales - ASAJA Salamanca","description":"El Gobierno ha dado luz verde este martes a un real decreto que autoriza la concesi\u00f3n de 27 millones de euros en ayudas directas para los agricultores y","robots":{"index":"index","follow":"follow","max-snippet":"max-snippet:-1","max-image-preview":"max-image-preview:large","max-video-preview":"max-video-preview:-1"},"canonical":"https:\/\/www.asajacyl.com\/salamanca\/sin-categoria\/ocho-municipios-salmantinos-recibiran-ayudas-del-gobierno-por-los-incendios-forestales","og_locale":"es_ES","og_type":"article","og_title":"Ocho municipios salmantinos recibir\u00e1n ayudas del Gobierno por los incendios forestales - ASAJA Salamanca","og_description":"El Gobierno ha dado luz verde este martes a un real decreto que autoriza la concesi\u00f3n de 27 millones de euros en ayudas directas para los agricultores y","og_url":"https:\/\/www.asajacyl.com\/salamanca\/sin-categoria\/ocho-municipios-salmantinos-recibiran-ayudas-del-gobierno-por-los-incendios-forestales","og_site_name":"ASAJA Salamanca","article_published_time":"2025-10-22T08:08:46+00:00","article_modified_time":"2025-11-11T08:12:08+00:00","og_image":[{"width":1600,"height":900,"url":"https:\/\/www.asajacyl.com\/salamanca\/wp-content\/uploads\/sites\/7\/2025\/10\/964397be-0036-4da7-9643-bc46760e86c2_source-aspect-ratio_1600w_0.jpg","type":"image\/jpeg"}],"author":"Sonia","twitter_card":"summary_large_image","twitter_misc":{"Escrito por":"Sonia","Tiempo de lectura":"3 minutos"},"schema":{"@context":"https:\/\/schema.org","@graph":[{"@type":"WebPage","@id":"https:\/\/www.asajacyl.com\/salamanca\/sin-categoria\/ocho-municipios-salmantinos-recibiran-ayudas-del-gobierno-por-los-incendios-forestales","url":"https:\/\/www.asajacyl.com\/salamanca\/sin-categoria\/ocho-municipios-salmantinos-recibiran-ayudas-del-gobierno-por-los-incendios-forestales","name":"Ocho municipios salmantinos recibir\u00e1n ayudas del Gobierno por los incendios forestales - ASAJA Salamanca","isPartOf":{"@id":"https:\/\/www.asajacyl.com\/salamanca\/#website"},"primaryImageOfPage":{"@id":"https:\/\/www.asajacyl.com\/salamanca\/sin-categoria\/ocho-municipios-salmantinos-recibiran-ayudas-del-gobierno-por-los-incendios-forestales#primaryimage"},"image":{"@id":"https:\/\/www.asajacyl.com\/salamanca\/sin-categoria\/ocho-municipios-salmantinos-recibiran-ayudas-del-gobierno-por-los-incendios-forestales#primaryimage"},"thumbnailUrl":"https:\/\/www.asajacyl.com\/salamanca\/wp-content\/uploads\/sites\/7\/2025\/10\/964397be-0036-4da7-9643-bc46760e86c2_source-aspect-ratio_1600w_0.jpg","datePublished":"2025-10-22T08:08:46+00:00","dateModified":"2025-11-11T08:12:08+00:00","author":{"@id":"https:\/\/www.asajacyl.com\/salamanca\/#\/schema\/person\/2bfc7da09988e1087e6291fafe99b67f"},"description":"El Gobierno ha dado luz verde este martes a un real decreto que autoriza la concesi\u00f3n de 27 millones de euros en ayudas directas para los agricultores y","breadcrumb":{"@id":"https:\/\/www.asajacyl.com\/salamanca\/sin-categoria\/ocho-municipios-salmantinos-recibiran-ayudas-del-gobierno-por-los-incendios-forestales#breadcrumb"},"inLanguage":"es","potentialAction":[{"@type":"ReadAction","target":["https:\/\/www.asajacyl.com\/salamanca\/sin-categoria\/ocho-municipios-salmantinos-recibiran-ayudas-del-gobierno-por-los-incendios-forestales"]}]},{"@type":"ImageObject","inLanguage":"es","@id":"https:\/\/www.asajacyl.com\/salamanca\/sin-categoria\/ocho-municipios-salmantinos-recibiran-ayudas-del-gobierno-por-los-incendios-forestales#primaryimage","url":"https:\/\/www.asajacyl.com\/salamanca\/wp-content\/uploads\/sites\/7\/2025\/10\/964397be-0036-4da7-9643-bc46760e86c2_source-aspect-ratio_1600w_0.jpg","contentUrl":"https:\/\/www.asajacyl.com\/salamanca\/wp-content\/uploads\/sites\/7\/2025\/10\/964397be-0036-4da7-9643-bc46760e86c2_source-aspect-ratio_1600w_0.jpg","width":1600,"height":900},{"@type":"BreadcrumbList","@id":"https:\/\/www.asajacyl.com\/salamanca\/sin-categoria\/ocho-municipios-salmantinos-recibiran-ayudas-del-gobierno-por-los-incendios-forestales#breadcrumb","itemListElement":[{"@type":"ListItem","position":1,"name":"Portada","item":"https:\/\/www.asajacyl.com\/salamanca\/"},{"@type":"ListItem","position":2,"name":"Ocho municipios salmantinos recibir\u00e1n ayudas del Gobierno por los incendios forestales"}]},{"@type":"WebSite","@id":"https:\/\/www.asajacyl.com\/salamanca\/#website","url":"https:\/\/www.asajacyl.com\/salamanca\/","name":"ASAJA Salamanca","description":"Otro sitio m\u00e1s de Provincias ASAJA Castilla y Le\u00f3n","potentialAction":[{"@type":"SearchAction","target":{"@type":"EntryPoint","urlTemplate":"https:\/\/www.asajacyl.com\/salamanca\/?s={search_term_string}"},"query-input":{"@type":"PropertyValueSpecification","valueRequired":true,"valueName":"search_term_string"}}],"inLanguage":"es"},{"@type":"Person","@id":"https:\/\/www.asajacyl.com\/salamanca\/#\/schema\/person\/2bfc7da09988e1087e6291fafe99b67f","name":"Sonia","image":{"@type":"ImageObject","inLanguage":"es","@id":"https:\/\/www.asajacyl.com\/salamanca\/#\/schema\/person\/image\/","url":"https:\/\/secure.gravatar.com\/avatar\/6b0d6eb461a1e3687cc023d59022ef0d?s=96&d=mm&r=g","contentUrl":"https:\/\/secure.gravatar.com\/avatar\/6b0d6eb461a1e3687cc023d59022ef0d?s=96&d=mm&r=g","caption":"Sonia"},"url":"https:\/\/www.asajacyl.com\/salamanca\/author\/juanluisde"}]}},"_links":{"self":[{"href":"https:\/\/www.asajacyl.com\/salamanca\/wp-json\/wp\/v2\/posts\/19799"}],"collection":[{"href":"https:\/\/www.asajacyl.com\/salamanca\/wp-json\/wp\/v2\/posts"}],"about":[{"href":"https:\/\/www.asajacyl.com\/salamanca\/wp-json\/wp\/v2\/types\/post"}],"author":[{"embeddable":true,"href":"https:\/\/www.asajacyl.com\/salamanca\/wp-json\/wp\/v2\/users\/10"}],"replies":[{"embeddable":true,"href":"https:\/\/www.asajacyl.com\/salamanca\/wp-json\/wp\/v2\/comments?post=19799"}],"version-history":[{"count":7,"href":"https:\/\/www.asajacyl.com\/salamanca\/wp-json\/wp\/v2\/posts\/19799\/revisions"}],"predecessor-version":[{"id":19811,"href":"https:\/\/www.asajacyl.com\/salamanca\/wp-json\/wp\/v2\/posts\/19799\/revisions\/19811"}],"wp:featuredmedia":[{"embeddable":true,"href":"https:\/\/www.asajacyl.com\/salamanca\/wp-json\/wp\/v2\/media\/19802"}],"wp:attachment":[{"href":"https:\/\/www.asajacyl.com\/salamanca\/wp-json\/wp\/v2\/media?parent=19799"}],"wp:term":[{"taxonomy":"category","embeddable":true,"href":"https:\/\/www.asajacyl.com\/salamanca\/wp-json\/wp\/v2\/categories?post=19799"},{"taxonomy":"post_tag","embeddable":true,"href":"https:\/\/www.asajacyl.com\/salamanca\/wp-json\/wp\/v2\/tags?post=19799"}],"curies":[{"name":"wp","href":"https:\/\/api.w.org\/{rel}","templated":true}]}}