{"id":19942,"date":"2025-11-27T08:21:24","date_gmt":"2025-11-27T07:21:24","guid":{"rendered":"https:\/\/www.asajacyl.com\/salamanca\/?p=19942"},"modified":"2026-02-24T13:51:02","modified_gmt":"2026-02-24T12:51:02","slug":"los-empleados-de-asaja-en-castilla-y-leon-celebran-su-xv-convencion-en-tordesillas-centrada-en-las-tecnologias-digitales-para-mejorar-el-servicio-a-los-socios","status":"publish","type":"post","link":"https:\/\/www.asajacyl.com\/salamanca\/asaja-salamanca-informa\/noticias\/los-empleados-de-asaja-en-castilla-y-leon-celebran-su-xv-convencion-en-tordesillas-centrada-en-las-tecnologias-digitales-para-mejorar-el-servicio-a-los-socios","title":{"rendered":"Los empleados de ASAJA en Castilla y Le\u00f3n celebran su XV Convenci\u00f3n en Tordesillas, centrada en las tecnolog\u00edas digitales para mejorar el servicio a los socios"},"content":{"rendered":"\n<p>Tordesillas acoger\u00e1 los d\u00edas 28 y 29 de noviembre la Convenci\u00f3n de Empleados de ASAJA en Castilla y Le\u00f3n, en la que se re\u00fanen todos los profesionales que trabajan en la principal organizaci\u00f3n profesional agraria de la Comunidad Aut\u00f3noma. En esta edici\u00f3n, el enfoque principal del programa es la adaptaci\u00f3n de la estructura de la principal organizaci\u00f3n profesional agraria de la Comunidad Aut\u00f3noma a las nuevas tecnolog\u00edas digitales para mejorar los servicios que se ofrecen a los socios, los agricultores y ganaderos, siempre sin perder lo que es el sello de ASAJA, que es la atenci\u00f3n personal y directa.<br><\/p>\n\n\n\n<p>Se cumple la d\u00e9cimo quinta edici\u00f3n de este encuentro, que se celebra anualmente, y que se realiza por tercera vez -la primera fue en El Bierzo, y el a\u00f1o pasado en Ciudad Rodrigo- en una cabecera de comarca, en el caso de Tordesillas, en la tierra del vino. &nbsp;ASAJA trasladar\u00e1 a Tordesillas a sus 165 empleados (de las nueve organizaciones miembro provinciales, m\u00e1s la estructura regional) que desempe\u00f1an su trabajo de informaci\u00f3n, formaci\u00f3n, asesoramiento y gesti\u00f3n de ayudas en 45 oficinas distribuidas por todo el territorio de Castilla y Le\u00f3n.<\/p>\n\n\n\n<p>La jornada del viernes ser\u00e1 inaugurada por el alcalde de&nbsp; Tordesillas, Miguel \u00c1ngel Oliveira, acompa\u00f1ado por Juan Ram\u00f3n Alonso, el presidente de la organizaci\u00f3n anfitriona, ASAJA Valladolid. Est\u00e1n previstas tres talleres t\u00e9cnicos, comunes para todos los empleados, centradas en las utilidades y aplicaciones de la Inteligencia Artificial en los servicios a los agricultores y ganaderos, los nuevos sistemas inform\u00e1ticos de facturaci\u00f3n obligatoria, y estrategias de ayuda para mejorar el bienestar emocional. Donaciano Dujo, presidente de ASAJA Castilla y Le\u00f3n, ser\u00e1 el encargado de la ponencia final, mientras que Jos\u00e9 Antonio Turrado, secretario general, marcar\u00e1 los objetivos de la jornada.<\/p>\n\n\n\n<p>Por la tarde est\u00e1n previstas mesas de trabajo, en las que los t\u00e9cnicos de ASAJA abordar\u00e1n aspectos como la gesti\u00f3n de ayudas (PAC, Incorporaci\u00f3n y Mejora de Explotaciones, y otras muchas que se tramitan desde la organizaci\u00f3n); Seguro Agrario y seguros generales; Cuaderno de Explotaci\u00f3n y Asesoramiento general; \u00c1rea Fiscal y Laboral; Formaci\u00f3n, Gerencia y Comunicaci\u00f3n. En esta \u00faltima mesa de trabajo, centrada en c\u00f3mo lograr transmitir con fidelidad el mensaje de los agricultores y ganaderos, para que la sociedad comprenda la realidad del campo, participar\u00e1 Pablo Rodr\u00edguez Lago, director del peri\u00f3dico El Mundo de Castilla y Le\u00f3n-Diario de Valladolid.<\/p>\n\n\n\n<p>Como es habitual en estas convenciones anuales de ASAJA, en la jornada del s\u00e1bado se visitar\u00e1 una empresa relacionada con el sector, en concreto las instalaciones de Patatas Mel\u00e9ndez en Medina del Campo, planta recientemente inaugurada, que incorpora los \u00faltimos avances tecnol\u00f3gicos.<\/p>\n","protected":false},"excerpt":{"rendered":"<p>Tordesillas acoger\u00e1 los d\u00edas 28 y 29 de noviembre la Convenci\u00f3n de Empleados de ASAJA en Castilla y Le\u00f3n, en la que se re\u00fanen todos los profesionales que trabajan en la principal organizaci\u00f3n profesional agraria de la Comunidad Aut\u00f3noma. En esta edici\u00f3n, el enfoque principal del programa es la adaptaci\u00f3n de la estructura de la [&hellip;]<\/p>\n","protected":false},"author":10,"featured_media":18638,"comment_status":"open","ping_status":"open","sticky":false,"template":"","format":"standard","meta":{"footnotes":""},"categories":[510],"tags":[],"yoast_head":"<!-- This site is optimized with the Yoast SEO plugin v24.5 - https:\/\/yoast.com\/wordpress\/plugins\/seo\/ -->\n<title>Los empleados de ASAJA en Castilla y Le\u00f3n celebran su XV Convenci\u00f3n en Tordesillas, centrada en las tecnolog\u00edas digitales para mejorar el servicio a los socios - ASAJA Salamanca<\/title>\n<meta name=\"description\" content=\"Tordesillas acoger\u00e1 los d\u00edas 28 y 29 de noviembre la Convenci\u00f3n de Empleados de ASAJA en Castilla y Le\u00f3n, en la que se re\u00fanen todos los profesionales que\" \/>\n<meta name=\"robots\" content=\"index, follow, max-snippet:-1, max-image-preview:large, max-video-preview:-1\" \/>\n<link rel=\"canonical\" href=\"https:\/\/www.asajacyl.com\/salamanca\/asaja-salamanca-informa\/noticias\/los-empleados-de-asaja-en-castilla-y-leon-celebran-su-xv-convencion-en-tordesillas-centrada-en-las-tecnologias-digitales-para-mejorar-el-servicio-a-los-socios\" \/>\n<meta property=\"og:locale\" content=\"es_ES\" \/>\n<meta property=\"og:type\" content=\"article\" \/>\n<meta property=\"og:title\" content=\"Los empleados de ASAJA en Castilla y Le\u00f3n celebran su XV Convenci\u00f3n en Tordesillas, centrada en las tecnolog\u00edas digitales para mejorar el servicio a los socios - ASAJA Salamanca\" \/>\n<meta property=\"og:description\" content=\"Tordesillas acoger\u00e1 los d\u00edas 28 y 29 de noviembre la Convenci\u00f3n de Empleados de ASAJA en Castilla y Le\u00f3n, en la que se re\u00fanen todos los profesionales que\" \/>\n<meta property=\"og:url\" content=\"https:\/\/www.asajacyl.com\/salamanca\/asaja-salamanca-informa\/noticias\/los-empleados-de-asaja-en-castilla-y-leon-celebran-su-xv-convencion-en-tordesillas-centrada-en-las-tecnologias-digitales-para-mejorar-el-servicio-a-los-socios\" \/>\n<meta property=\"og:site_name\" content=\"ASAJA Salamanca\" \/>\n<meta property=\"article:published_time\" content=\"2025-11-27T07:21:24+00:00\" \/>\n<meta property=\"article:modified_time\" content=\"2026-02-24T12:51:02+00:00\" \/>\n<meta property=\"og:image\" content=\"https:\/\/www.asajacyl.com\/salamanca\/wp-content\/uploads\/sites\/7\/2024\/11\/cacho_hoja-675x420-1.jpg\" \/>\n\t<meta property=\"og:image:width\" content=\"675\" \/>\n\t<meta property=\"og:image:height\" content=\"420\" \/>\n\t<meta property=\"og:image:type\" content=\"image\/jpeg\" \/>\n<meta name=\"author\" content=\"Sonia\" \/>\n<meta name=\"twitter:card\" content=\"summary_large_image\" \/>\n<meta name=\"twitter:label1\" content=\"Escrito por\" \/>\n\t<meta name=\"twitter:data1\" content=\"Sonia\" \/>\n\t<meta name=\"twitter:label2\" content=\"Tiempo de lectura\" \/>\n\t<meta name=\"twitter:data2\" content=\"3 minutos\" \/>\n<script type=\"application\/ld+json\" class=\"yoast-schema-graph\">{\"@context\":\"https:\/\/schema.org\",\"@graph\":[{\"@type\":\"WebPage\",\"@id\":\"https:\/\/www.asajacyl.com\/salamanca\/asaja-salamanca-informa\/noticias\/los-empleados-de-asaja-en-castilla-y-leon-celebran-su-xv-convencion-en-tordesillas-centrada-en-las-tecnologias-digitales-para-mejorar-el-servicio-a-los-socios\",\"url\":\"https:\/\/www.asajacyl.com\/salamanca\/asaja-salamanca-informa\/noticias\/los-empleados-de-asaja-en-castilla-y-leon-celebran-su-xv-convencion-en-tordesillas-centrada-en-las-tecnologias-digitales-para-mejorar-el-servicio-a-los-socios\",\"name\":\"Los empleados de ASAJA en Castilla y Le\u00f3n celebran su XV Convenci\u00f3n en Tordesillas, centrada en las tecnolog\u00edas digitales para mejorar el servicio a los socios - ASAJA Salamanca\",\"isPartOf\":{\"@id\":\"https:\/\/www.asajacyl.com\/salamanca\/#website\"},\"primaryImageOfPage\":{\"@id\":\"https:\/\/www.asajacyl.com\/salamanca\/asaja-salamanca-informa\/noticias\/los-empleados-de-asaja-en-castilla-y-leon-celebran-su-xv-convencion-en-tordesillas-centrada-en-las-tecnologias-digitales-para-mejorar-el-servicio-a-los-socios#primaryimage\"},\"image\":{\"@id\":\"https:\/\/www.asajacyl.com\/salamanca\/asaja-salamanca-informa\/noticias\/los-empleados-de-asaja-en-castilla-y-leon-celebran-su-xv-convencion-en-tordesillas-centrada-en-las-tecnologias-digitales-para-mejorar-el-servicio-a-los-socios#primaryimage\"},\"thumbnailUrl\":\"https:\/\/www.asajacyl.com\/salamanca\/wp-content\/uploads\/sites\/7\/2024\/11\/cacho_hoja-675x420-1.jpg\",\"datePublished\":\"2025-11-27T07:21:24+00:00\",\"dateModified\":\"2026-02-24T12:51:02+00:00\",\"author\":{\"@id\":\"https:\/\/www.asajacyl.com\/salamanca\/#\/schema\/person\/2bfc7da09988e1087e6291fafe99b67f\"},\"description\":\"Tordesillas acoger\u00e1 los d\u00edas 28 y 29 de noviembre la Convenci\u00f3n de Empleados de ASAJA en Castilla y Le\u00f3n, en la que se re\u00fanen todos los profesionales que\",\"breadcrumb\":{\"@id\":\"https:\/\/www.asajacyl.com\/salamanca\/asaja-salamanca-informa\/noticias\/los-empleados-de-asaja-en-castilla-y-leon-celebran-su-xv-convencion-en-tordesillas-centrada-en-las-tecnologias-digitales-para-mejorar-el-servicio-a-los-socios#breadcrumb\"},\"inLanguage\":\"es\",\"potentialAction\":[{\"@type\":\"ReadAction\",\"target\":[\"https:\/\/www.asajacyl.com\/salamanca\/asaja-salamanca-informa\/noticias\/los-empleados-de-asaja-en-castilla-y-leon-celebran-su-xv-convencion-en-tordesillas-centrada-en-las-tecnologias-digitales-para-mejorar-el-servicio-a-los-socios\"]}]},{\"@type\":\"ImageObject\",\"inLanguage\":\"es\",\"@id\":\"https:\/\/www.asajacyl.com\/salamanca\/asaja-salamanca-informa\/noticias\/los-empleados-de-asaja-en-castilla-y-leon-celebran-su-xv-convencion-en-tordesillas-centrada-en-las-tecnologias-digitales-para-mejorar-el-servicio-a-los-socios#primaryimage\",\"url\":\"https:\/\/www.asajacyl.com\/salamanca\/wp-content\/uploads\/sites\/7\/2024\/11\/cacho_hoja-675x420-1.jpg\",\"contentUrl\":\"https:\/\/www.asajacyl.com\/salamanca\/wp-content\/uploads\/sites\/7\/2024\/11\/cacho_hoja-675x420-1.jpg\",\"width\":675,\"height\":420},{\"@type\":\"BreadcrumbList\",\"@id\":\"https:\/\/www.asajacyl.com\/salamanca\/asaja-salamanca-informa\/noticias\/los-empleados-de-asaja-en-castilla-y-leon-celebran-su-xv-convencion-en-tordesillas-centrada-en-las-tecnologias-digitales-para-mejorar-el-servicio-a-los-socios#breadcrumb\",\"itemListElement\":[{\"@type\":\"ListItem\",\"position\":1,\"name\":\"Portada\",\"item\":\"https:\/\/www.asajacyl.com\/salamanca\/\"},{\"@type\":\"ListItem\",\"position\":2,\"name\":\"Los empleados de ASAJA en Castilla y Le\u00f3n celebran su XV Convenci\u00f3n en Tordesillas, centrada en las tecnolog\u00edas digitales para mejorar el servicio a los socios\"}]},{\"@type\":\"WebSite\",\"@id\":\"https:\/\/www.asajacyl.com\/salamanca\/#website\",\"url\":\"https:\/\/www.asajacyl.com\/salamanca\/\",\"name\":\"ASAJA Salamanca\",\"description\":\"Otro sitio m\u00e1s de Provincias ASAJA Castilla y Le\u00f3n\",\"potentialAction\":[{\"@type\":\"SearchAction\",\"target\":{\"@type\":\"EntryPoint\",\"urlTemplate\":\"https:\/\/www.asajacyl.com\/salamanca\/?s={search_term_string}\"},\"query-input\":{\"@type\":\"PropertyValueSpecification\",\"valueRequired\":true,\"valueName\":\"search_term_string\"}}],\"inLanguage\":\"es\"},{\"@type\":\"Person\",\"@id\":\"https:\/\/www.asajacyl.com\/salamanca\/#\/schema\/person\/2bfc7da09988e1087e6291fafe99b67f\",\"name\":\"Sonia\",\"image\":{\"@type\":\"ImageObject\",\"inLanguage\":\"es\",\"@id\":\"https:\/\/www.asajacyl.com\/salamanca\/#\/schema\/person\/image\/\",\"url\":\"https:\/\/secure.gravatar.com\/avatar\/6b0d6eb461a1e3687cc023d59022ef0d?s=96&d=mm&r=g\",\"contentUrl\":\"https:\/\/secure.gravatar.com\/avatar\/6b0d6eb461a1e3687cc023d59022ef0d?s=96&d=mm&r=g\",\"caption\":\"Sonia\"},\"url\":\"https:\/\/www.asajacyl.com\/salamanca\/author\/juanluisde\"}]}<\/script>\n<!-- \/ Yoast SEO plugin. -->","yoast_head_json":{"title":"Los empleados de ASAJA en Castilla y Le\u00f3n celebran su XV Convenci\u00f3n en Tordesillas, centrada en las tecnolog\u00edas digitales para mejorar el servicio a los socios - ASAJA Salamanca","description":"Tordesillas acoger\u00e1 los d\u00edas 28 y 29 de noviembre la Convenci\u00f3n de Empleados de ASAJA en Castilla y Le\u00f3n, en la que se re\u00fanen todos los profesionales que","robots":{"index":"index","follow":"follow","max-snippet":"max-snippet:-1","max-image-preview":"max-image-preview:large","max-video-preview":"max-video-preview:-1"},"canonical":"https:\/\/www.asajacyl.com\/salamanca\/asaja-salamanca-informa\/noticias\/los-empleados-de-asaja-en-castilla-y-leon-celebran-su-xv-convencion-en-tordesillas-centrada-en-las-tecnologias-digitales-para-mejorar-el-servicio-a-los-socios","og_locale":"es_ES","og_type":"article","og_title":"Los empleados de ASAJA en Castilla y Le\u00f3n celebran su XV Convenci\u00f3n en Tordesillas, centrada en las tecnolog\u00edas digitales para mejorar el servicio a los socios - ASAJA Salamanca","og_description":"Tordesillas acoger\u00e1 los d\u00edas 28 y 29 de noviembre la Convenci\u00f3n de Empleados de ASAJA en Castilla y Le\u00f3n, en la que se re\u00fanen todos los profesionales que","og_url":"https:\/\/www.asajacyl.com\/salamanca\/asaja-salamanca-informa\/noticias\/los-empleados-de-asaja-en-castilla-y-leon-celebran-su-xv-convencion-en-tordesillas-centrada-en-las-tecnologias-digitales-para-mejorar-el-servicio-a-los-socios","og_site_name":"ASAJA Salamanca","article_published_time":"2025-11-27T07:21:24+00:00","article_modified_time":"2026-02-24T12:51:02+00:00","og_image":[{"width":675,"height":420,"url":"https:\/\/www.asajacyl.com\/salamanca\/wp-content\/uploads\/sites\/7\/2024\/11\/cacho_hoja-675x420-1.jpg","type":"image\/jpeg"}],"author":"Sonia","twitter_card":"summary_large_image","twitter_misc":{"Escrito por":"Sonia","Tiempo de lectura":"3 minutos"},"schema":{"@context":"https:\/\/schema.org","@graph":[{"@type":"WebPage","@id":"https:\/\/www.asajacyl.com\/salamanca\/asaja-salamanca-informa\/noticias\/los-empleados-de-asaja-en-castilla-y-leon-celebran-su-xv-convencion-en-tordesillas-centrada-en-las-tecnologias-digitales-para-mejorar-el-servicio-a-los-socios","url":"https:\/\/www.asajacyl.com\/salamanca\/asaja-salamanca-informa\/noticias\/los-empleados-de-asaja-en-castilla-y-leon-celebran-su-xv-convencion-en-tordesillas-centrada-en-las-tecnologias-digitales-para-mejorar-el-servicio-a-los-socios","name":"Los empleados de ASAJA en Castilla y Le\u00f3n celebran su XV Convenci\u00f3n en Tordesillas, centrada en las tecnolog\u00edas digitales para mejorar el servicio a los socios - ASAJA Salamanca","isPartOf":{"@id":"https:\/\/www.asajacyl.com\/salamanca\/#website"},"primaryImageOfPage":{"@id":"https:\/\/www.asajacyl.com\/salamanca\/asaja-salamanca-informa\/noticias\/los-empleados-de-asaja-en-castilla-y-leon-celebran-su-xv-convencion-en-tordesillas-centrada-en-las-tecnologias-digitales-para-mejorar-el-servicio-a-los-socios#primaryimage"},"image":{"@id":"https:\/\/www.asajacyl.com\/salamanca\/asaja-salamanca-informa\/noticias\/los-empleados-de-asaja-en-castilla-y-leon-celebran-su-xv-convencion-en-tordesillas-centrada-en-las-tecnologias-digitales-para-mejorar-el-servicio-a-los-socios#primaryimage"},"thumbnailUrl":"https:\/\/www.asajacyl.com\/salamanca\/wp-content\/uploads\/sites\/7\/2024\/11\/cacho_hoja-675x420-1.jpg","datePublished":"2025-11-27T07:21:24+00:00","dateModified":"2026-02-24T12:51:02+00:00","author":{"@id":"https:\/\/www.asajacyl.com\/salamanca\/#\/schema\/person\/2bfc7da09988e1087e6291fafe99b67f"},"description":"Tordesillas acoger\u00e1 los d\u00edas 28 y 29 de noviembre la Convenci\u00f3n de Empleados de ASAJA en Castilla y Le\u00f3n, en la que se re\u00fanen todos los profesionales que","breadcrumb":{"@id":"https:\/\/www.asajacyl.com\/salamanca\/asaja-salamanca-informa\/noticias\/los-empleados-de-asaja-en-castilla-y-leon-celebran-su-xv-convencion-en-tordesillas-centrada-en-las-tecnologias-digitales-para-mejorar-el-servicio-a-los-socios#breadcrumb"},"inLanguage":"es","potentialAction":[{"@type":"ReadAction","target":["https:\/\/www.asajacyl.com\/salamanca\/asaja-salamanca-informa\/noticias\/los-empleados-de-asaja-en-castilla-y-leon-celebran-su-xv-convencion-en-tordesillas-centrada-en-las-tecnologias-digitales-para-mejorar-el-servicio-a-los-socios"]}]},{"@type":"ImageObject","inLanguage":"es","@id":"https:\/\/www.asajacyl.com\/salamanca\/asaja-salamanca-informa\/noticias\/los-empleados-de-asaja-en-castilla-y-leon-celebran-su-xv-convencion-en-tordesillas-centrada-en-las-tecnologias-digitales-para-mejorar-el-servicio-a-los-socios#primaryimage","url":"https:\/\/www.asajacyl.com\/salamanca\/wp-content\/uploads\/sites\/7\/2024\/11\/cacho_hoja-675x420-1.jpg","contentUrl":"https:\/\/www.asajacyl.com\/salamanca\/wp-content\/uploads\/sites\/7\/2024\/11\/cacho_hoja-675x420-1.jpg","width":675,"height":420},{"@type":"BreadcrumbList","@id":"https:\/\/www.asajacyl.com\/salamanca\/asaja-salamanca-informa\/noticias\/los-empleados-de-asaja-en-castilla-y-leon-celebran-su-xv-convencion-en-tordesillas-centrada-en-las-tecnologias-digitales-para-mejorar-el-servicio-a-los-socios#breadcrumb","itemListElement":[{"@type":"ListItem","position":1,"name":"Portada","item":"https:\/\/www.asajacyl.com\/salamanca\/"},{"@type":"ListItem","position":2,"name":"Los empleados de ASAJA en Castilla y Le\u00f3n celebran su XV Convenci\u00f3n en Tordesillas, centrada en las tecnolog\u00edas digitales para mejorar el servicio a los socios"}]},{"@type":"WebSite","@id":"https:\/\/www.asajacyl.com\/salamanca\/#website","url":"https:\/\/www.asajacyl.com\/salamanca\/","name":"ASAJA Salamanca","description":"Otro sitio m\u00e1s de Provincias ASAJA Castilla y Le\u00f3n","potentialAction":[{"@type":"SearchAction","target":{"@type":"EntryPoint","urlTemplate":"https:\/\/www.asajacyl.com\/salamanca\/?s={search_term_string}"},"query-input":{"@type":"PropertyValueSpecification","valueRequired":true,"valueName":"search_term_string"}}],"inLanguage":"es"},{"@type":"Person","@id":"https:\/\/www.asajacyl.com\/salamanca\/#\/schema\/person\/2bfc7da09988e1087e6291fafe99b67f","name":"Sonia","image":{"@type":"ImageObject","inLanguage":"es","@id":"https:\/\/www.asajacyl.com\/salamanca\/#\/schema\/person\/image\/","url":"https:\/\/secure.gravatar.com\/avatar\/6b0d6eb461a1e3687cc023d59022ef0d?s=96&d=mm&r=g","contentUrl":"https:\/\/secure.gravatar.com\/avatar\/6b0d6eb461a1e3687cc023d59022ef0d?s=96&d=mm&r=g","caption":"Sonia"},"url":"https:\/\/www.asajacyl.com\/salamanca\/author\/juanluisde"}]}},"_links":{"self":[{"href":"https:\/\/www.asajacyl.com\/salamanca\/wp-json\/wp\/v2\/posts\/19942"}],"collection":[{"href":"https:\/\/www.asajacyl.com\/salamanca\/wp-json\/wp\/v2\/posts"}],"about":[{"href":"https:\/\/www.asajacyl.com\/salamanca\/wp-json\/wp\/v2\/types\/post"}],"author":[{"embeddable":true,"href":"https:\/\/www.asajacyl.com\/salamanca\/wp-json\/wp\/v2\/users\/10"}],"replies":[{"embeddable":true,"href":"https:\/\/www.asajacyl.com\/salamanca\/wp-json\/wp\/v2\/comments?post=19942"}],"version-history":[{"count":1,"href":"https:\/\/www.asajacyl.com\/salamanca\/wp-json\/wp\/v2\/posts\/19942\/revisions"}],"predecessor-version":[{"id":19943,"href":"https:\/\/www.asajacyl.com\/salamanca\/wp-json\/wp\/v2\/posts\/19942\/revisions\/19943"}],"wp:featuredmedia":[{"embeddable":true,"href":"https:\/\/www.asajacyl.com\/salamanca\/wp-json\/wp\/v2\/media\/18638"}],"wp:attachment":[{"href":"https:\/\/www.asajacyl.com\/salamanca\/wp-json\/wp\/v2\/media?parent=19942"}],"wp:term":[{"taxonomy":"category","embeddable":true,"href":"https:\/\/www.asajacyl.com\/salamanca\/wp-json\/wp\/v2\/categories?post=19942"},{"taxonomy":"post_tag","embeddable":true,"href":"https:\/\/www.asajacyl.com\/salamanca\/wp-json\/wp\/v2\/tags?post=19942"}],"curies":[{"name":"wp","href":"https:\/\/api.w.org\/{rel}","templated":true}]}}