{"id":19953,"date":"2025-12-11T12:10:59","date_gmt":"2025-12-11T11:10:59","guid":{"rendered":"https:\/\/www.asajacyl.com\/salamanca\/?p=19953"},"modified":"2026-02-24T13:50:47","modified_gmt":"2026-02-24T12:50:47","slug":"asaja-salamanca-analiza-en-ciudad-rodrigo-el-impacto-de-la-nueva-pac-y-la-dermatosis-nodular-contagiosa-en-la-ganaderia-de-la-provincia","status":"publish","type":"post","link":"https:\/\/www.asajacyl.com\/salamanca\/asaja-salamanca-informa\/notas-de-prensa\/asaja-salamanca-analiza-en-ciudad-rodrigo-el-impacto-de-la-nueva-pac-y-la-dermatosis-nodular-contagiosa-en-la-ganaderia-de-la-provincia","title":{"rendered":"ASAJA Salamanca analiza en Ciudad Rodrigo el impacto de la nueva PAC y la Dermatosis Nodular Contagiosa en la ganader\u00eda de la provincia"},"content":{"rendered":"\n<p>Ciudad Rodrigo, 10 de diciembre de 2025| ASAJA Salamanca ha celebrado hoy en Ciudad Rodrigo la jornada t\u00e9cnica \u201cGanader\u00eda entre Fronteras: Impacto de la nueva PAC y Dermatosis Nodular Contagiosa (DNC)\u201d, un encuentro que ha reunido a ganaderos de toda la comarca para abordar dos de los asuntos que m\u00e1s preocupan actualmente al sector.<\/p>\n\n\n\n<p>La sesi\u00f3n ha tenido lugar en la sala de la UNED de Ciudad Rodrigo, coincidiendo con la Feria de San Andr\u00e9s 2025, y ha contado con una amplia participaci\u00f3n de profesionales del campo, adem\u00e1s de representantes institucionales y t\u00e9cnicos especializados.<\/p>\n\n\n\n<p><strong>Inauguraci\u00f3n institucional<br><\/strong>El acto ha sido inaugurado por Juan Luis Delgado, presidente de ASAJA Salamanca, quien ha agradecido la asistencia de los ganaderos y el apoyo de todas las entidades colaboradoras que han hecho posible esta jornada. Delgado destac\u00f3 que \u201cahora m\u00e1s que nunca es fundamental que el sector reciba informaci\u00f3n clara, actualizada y rigurosa para afrontar los retos que tenemos por delante\u201d.<\/p>\n\n\n\n<p>Tambi\u00e9n ha participado en la inauguraci\u00f3n Joana Raquel Veloso, concejala del Ayuntamiento de Ciudad Rodrigo, quien ha subrayado el compromiso del consistorio con el sector ganadero y con la celebraci\u00f3n de encuentros que favorezcan la formaci\u00f3n, el di\u00e1logo y la puesta en com\u00fan de necesidades reales del territorio.<\/p>\n\n\n\n<p><strong>Sanidad animal, eje central de la primera ponencia<\/strong><br>La primera ponencia corri\u00f3 a cargo de Marcos Moreno, t\u00e9cnico de MSD, quien ofreci\u00f3 una explicaci\u00f3n detallada sobre la Dermatosis Nodular Contagiosa (DNC), una enfermedad v\u00edrica emergente que preocupa al sector por su r\u00e1pida expansi\u00f3n y su impacto en la salud y el bienestar de los animales.<\/p>\n\n\n\n<p>Moreno expuso los s\u00edntomas, v\u00edas de transmisi\u00f3n, protocolos de actuaci\u00f3n, medidas preventivas y las estrategias de control recomendadas. Subray\u00f3 adem\u00e1s la importancia de la detecci\u00f3n temprana y de la colaboraci\u00f3n entre ganaderos, veterinarios y administraciones.<\/p>\n\n\n\n<p><strong>La nueva PAC y su aplicaci\u00f3n real en la provincia<br><\/strong>La segunda intervenci\u00f3n estuvo a cargo del Director General de Pol\u00edtica Agraria Comunitaria de Castilla y Le\u00f3n, Angel Mar\u00eda G\u00f3mez Rivero, quien analiz\u00f3 en profundidad los cambios que introduce la nueva PAC 2028-2034, los nuevos requisitos para ganaderos y agricultores, la evoluci\u00f3n de los eco-reg\u00edmenes y las modificaciones que afectar\u00e1n directamente a las explotaciones de la provincia.<\/p>\n\n\n\n<p>El representante de la Junta destac\u00f3 la necesidad de mantener una comunicaci\u00f3n fluida con el sector para adaptar medidas, resolver dudas y asegurar que las ayudas y normativas respondan a la realidad del campo salmantino y las explotaciones extensivas.<\/p>\n\n\n\n<p><strong>Clausura y reconocimiento al sector<br><\/strong>La jornada fue clausurada por el presidente de ASAJA Castilla y Le\u00f3n, Donaciano Dujo y el alcalde de Ciudad Rodrigo, Marcos Iglesias, quienes agradecieron la participaci\u00f3n de los asistentes y reiteraron el compromiso de las instituciones con la defensa de los intereses de los ganaderos en un contexto de cambios normativos y amenazas sanitarias.<\/p>\n\n\n\n<p>Por su parte Dujo, afirm\u00f3 que \u201clo que hace falta es rentabilidad, ASAJA est\u00e1 en contra de la propuesta de la nueva PAC y estaremos de manifestaci\u00f3n el 18 de diciembre, coincidiendo con la cumbre de los jefes de estado, y ah\u00ed estaremos nosotros\u201d. Dujo adem\u00e1s afirm\u00f3 que, \u201cEspa\u00f1a es el s\u00e9ptimo pa\u00eds de exportaci\u00f3n y tenemos toda la calidad en nuestros productos, y por ello tenemos que aprovecharlo\u201d. Habl\u00f3 tambi\u00e9n de la gesti\u00f3n del lobo, \u201cestamos trabajando en la actualizaci\u00f3n del estatus\u201d.<\/p>\n\n\n\n<p>Iglesias confirm\u00f3 que \u201cestamos muy agradecidos con ASAJA; el a\u00f1o pasado acogimos aqu\u00ed a todos los trabajadores y fue un momento muy entra\u00f1able\u201d. El alcalde tambi\u00e9n se refiri\u00f3 a las enfermedades en la ganader\u00eda y destac\u00f3 que, en el marco de San Andr\u00e9s, siempre existe cierta incertidumbre debido a la aparici\u00f3n de nuevas enfermedades, lo que podr\u00eda poner en riesgo su celebraci\u00f3n. \u201cLos ganaderos sois muy importantes para la comarca de Ciudad Rodrigo. Sin vosotros, la cadena se caer\u00eda\u201d, concluy\u00f3.<\/p>\n\n\n\n<p>El encuentro finaliz\u00f3 con un vino espa\u00f1ol, que permiti\u00f3 a los asistentes intercambiar impresiones y compartir inquietudes en un ambiente de cercan\u00eda.<\/p>\n\n\n\n<figure class=\"wp-block-image size-large is-resized\"><img loading=\"lazy\" decoding=\"async\" width=\"1024\" height=\"683\" src=\"https:\/\/www.asajacyl.com\/salamanca\/wp-content\/uploads\/sites\/7\/2025\/12\/IMG_6755-1024x683.jpg\" alt=\"\" class=\"wp-image-19952\" style=\"width:485px;height:auto\" srcset=\"https:\/\/www.asajacyl.com\/salamanca\/wp-content\/uploads\/sites\/7\/2025\/12\/IMG_6755-1024x683.jpg 1024w, https:\/\/www.asajacyl.com\/salamanca\/wp-content\/uploads\/sites\/7\/2025\/12\/IMG_6755-300x200.jpg 300w, https:\/\/www.asajacyl.com\/salamanca\/wp-content\/uploads\/sites\/7\/2025\/12\/IMG_6755-768x512.jpg 768w, https:\/\/www.asajacyl.com\/salamanca\/wp-content\/uploads\/sites\/7\/2025\/12\/IMG_6755-1536x1024.jpg 1536w, https:\/\/www.asajacyl.com\/salamanca\/wp-content\/uploads\/sites\/7\/2025\/12\/IMG_6755-2048x1366.jpg 2048w, https:\/\/www.asajacyl.com\/salamanca\/wp-content\/uploads\/sites\/7\/2025\/12\/IMG_6755-630x420.jpg 630w, https:\/\/www.asajacyl.com\/salamanca\/wp-content\/uploads\/sites\/7\/2025\/12\/IMG_6755-696x464.jpg 696w, https:\/\/www.asajacyl.com\/salamanca\/wp-content\/uploads\/sites\/7\/2025\/12\/IMG_6755-1068x712.jpg 1068w, https:\/\/www.asajacyl.com\/salamanca\/wp-content\/uploads\/sites\/7\/2025\/12\/IMG_6755-1920x1280.jpg 1920w\" sizes=\"(max-width: 1024px) 100vw, 1024px\" \/><\/figure>\n\n\n\n<figure class=\"wp-block-image size-large is-resized\"><img loading=\"lazy\" decoding=\"async\" width=\"1024\" height=\"683\" src=\"https:\/\/www.asajacyl.com\/salamanca\/wp-content\/uploads\/sites\/7\/2025\/12\/IMG_6784-1024x683.jpg\" alt=\"\" class=\"wp-image-19956\" style=\"width:492px;height:auto\" srcset=\"https:\/\/www.asajacyl.com\/salamanca\/wp-content\/uploads\/sites\/7\/2025\/12\/IMG_6784-1024x683.jpg 1024w, https:\/\/www.asajacyl.com\/salamanca\/wp-content\/uploads\/sites\/7\/2025\/12\/IMG_6784-300x200.jpg 300w, https:\/\/www.asajacyl.com\/salamanca\/wp-content\/uploads\/sites\/7\/2025\/12\/IMG_6784-768x512.jpg 768w, https:\/\/www.asajacyl.com\/salamanca\/wp-content\/uploads\/sites\/7\/2025\/12\/IMG_6784-1536x1024.jpg 1536w, https:\/\/www.asajacyl.com\/salamanca\/wp-content\/uploads\/sites\/7\/2025\/12\/IMG_6784-2048x1366.jpg 2048w, https:\/\/www.asajacyl.com\/salamanca\/wp-content\/uploads\/sites\/7\/2025\/12\/IMG_6784-630x420.jpg 630w, https:\/\/www.asajacyl.com\/salamanca\/wp-content\/uploads\/sites\/7\/2025\/12\/IMG_6784-696x464.jpg 696w, https:\/\/www.asajacyl.com\/salamanca\/wp-content\/uploads\/sites\/7\/2025\/12\/IMG_6784-1068x712.jpg 1068w, https:\/\/www.asajacyl.com\/salamanca\/wp-content\/uploads\/sites\/7\/2025\/12\/IMG_6784-1920x1280.jpg 1920w\" sizes=\"(max-width: 1024px) 100vw, 1024px\" \/><\/figure>\n\n\n\n<figure class=\"wp-block-image size-large is-resized\"><img loading=\"lazy\" decoding=\"async\" width=\"1024\" height=\"683\" src=\"https:\/\/www.asajacyl.com\/salamanca\/wp-content\/uploads\/sites\/7\/2025\/12\/IMG_6798-1024x683.jpg\" alt=\"\" class=\"wp-image-19957\" style=\"width:503px;height:auto\" srcset=\"https:\/\/www.asajacyl.com\/salamanca\/wp-content\/uploads\/sites\/7\/2025\/12\/IMG_6798-1024x683.jpg 1024w, https:\/\/www.asajacyl.com\/salamanca\/wp-content\/uploads\/sites\/7\/2025\/12\/IMG_6798-300x200.jpg 300w, https:\/\/www.asajacyl.com\/salamanca\/wp-content\/uploads\/sites\/7\/2025\/12\/IMG_6798-768x512.jpg 768w, https:\/\/www.asajacyl.com\/salamanca\/wp-content\/uploads\/sites\/7\/2025\/12\/IMG_6798-1536x1024.jpg 1536w, https:\/\/www.asajacyl.com\/salamanca\/wp-content\/uploads\/sites\/7\/2025\/12\/IMG_6798-2048x1366.jpg 2048w, https:\/\/www.asajacyl.com\/salamanca\/wp-content\/uploads\/sites\/7\/2025\/12\/IMG_6798-630x420.jpg 630w, https:\/\/www.asajacyl.com\/salamanca\/wp-content\/uploads\/sites\/7\/2025\/12\/IMG_6798-696x464.jpg 696w, https:\/\/www.asajacyl.com\/salamanca\/wp-content\/uploads\/sites\/7\/2025\/12\/IMG_6798-1068x712.jpg 1068w, https:\/\/www.asajacyl.com\/salamanca\/wp-content\/uploads\/sites\/7\/2025\/12\/IMG_6798-1920x1280.jpg 1920w\" sizes=\"(max-width: 1024px) 100vw, 1024px\" \/><\/figure>\n","protected":false},"excerpt":{"rendered":"<p>Ciudad Rodrigo, 10 de diciembre de 2025| ASAJA Salamanca ha celebrado hoy en Ciudad Rodrigo la jornada t\u00e9cnica \u201cGanader\u00eda entre Fronteras: Impacto de la nueva PAC y Dermatosis Nodular Contagiosa (DNC)\u201d, un encuentro que ha reunido a ganaderos de toda la comarca para abordar dos de los asuntos que m\u00e1s preocupan actualmente al sector. La [&hellip;]<\/p>\n","protected":false},"author":10,"featured_media":19958,"comment_status":"open","ping_status":"open","sticky":false,"template":"","format":"standard","meta":{"footnotes":""},"categories":[28],"tags":[],"yoast_head":"<!-- This site is optimized with the Yoast SEO plugin v24.5 - https:\/\/yoast.com\/wordpress\/plugins\/seo\/ -->\n<title>ASAJA Salamanca analiza en Ciudad Rodrigo el impacto de la nueva PAC y la Dermatosis Nodular Contagiosa en la ganader\u00eda de la provincia - ASAJA Salamanca<\/title>\n<meta name=\"description\" content=\"Ciudad Rodrigo, 10 de diciembre de 2025| ASAJA Salamanca ha celebrado hoy en Ciudad Rodrigo la jornada t\u00e9cnica \u201cGanader\u00eda entre Fronteras: Impacto de la\" \/>\n<meta name=\"robots\" content=\"index, follow, max-snippet:-1, max-image-preview:large, max-video-preview:-1\" \/>\n<link rel=\"canonical\" href=\"https:\/\/www.asajacyl.com\/salamanca\/asaja-salamanca-informa\/notas-de-prensa\/asaja-salamanca-analiza-en-ciudad-rodrigo-el-impacto-de-la-nueva-pac-y-la-dermatosis-nodular-contagiosa-en-la-ganaderia-de-la-provincia\" \/>\n<meta property=\"og:locale\" content=\"es_ES\" \/>\n<meta property=\"og:type\" content=\"article\" \/>\n<meta property=\"og:title\" content=\"ASAJA Salamanca analiza en Ciudad Rodrigo el impacto de la nueva PAC y la Dermatosis Nodular Contagiosa en la ganader\u00eda de la provincia - ASAJA Salamanca\" \/>\n<meta property=\"og:description\" content=\"Ciudad Rodrigo, 10 de diciembre de 2025| ASAJA Salamanca ha celebrado hoy en Ciudad Rodrigo la jornada t\u00e9cnica \u201cGanader\u00eda entre Fronteras: Impacto de la\" \/>\n<meta property=\"og:url\" content=\"https:\/\/www.asajacyl.com\/salamanca\/asaja-salamanca-informa\/notas-de-prensa\/asaja-salamanca-analiza-en-ciudad-rodrigo-el-impacto-de-la-nueva-pac-y-la-dermatosis-nodular-contagiosa-en-la-ganaderia-de-la-provincia\" \/>\n<meta property=\"og:site_name\" content=\"ASAJA Salamanca\" \/>\n<meta property=\"article:published_time\" content=\"2025-12-11T11:10:59+00:00\" \/>\n<meta property=\"article:modified_time\" content=\"2026-02-24T12:50:47+00:00\" \/>\n<meta property=\"og:image\" content=\"https:\/\/www.asajacyl.com\/salamanca\/wp-content\/uploads\/sites\/7\/2025\/12\/IMG_6790.jpg\" \/>\n\t<meta property=\"og:image:width\" content=\"2500\" \/>\n\t<meta property=\"og:image:height\" content=\"1667\" \/>\n\t<meta property=\"og:image:type\" content=\"image\/jpeg\" \/>\n<meta name=\"author\" content=\"Sonia\" \/>\n<meta name=\"twitter:card\" content=\"summary_large_image\" \/>\n<meta name=\"twitter:label1\" content=\"Escrito por\" \/>\n\t<meta name=\"twitter:data1\" content=\"Sonia\" \/>\n\t<meta name=\"twitter:label2\" content=\"Tiempo de lectura\" \/>\n\t<meta name=\"twitter:data2\" content=\"4 minutos\" \/>\n<script type=\"application\/ld+json\" class=\"yoast-schema-graph\">{\"@context\":\"https:\/\/schema.org\",\"@graph\":[{\"@type\":\"WebPage\",\"@id\":\"https:\/\/www.asajacyl.com\/salamanca\/asaja-salamanca-informa\/notas-de-prensa\/asaja-salamanca-analiza-en-ciudad-rodrigo-el-impacto-de-la-nueva-pac-y-la-dermatosis-nodular-contagiosa-en-la-ganaderia-de-la-provincia\",\"url\":\"https:\/\/www.asajacyl.com\/salamanca\/asaja-salamanca-informa\/notas-de-prensa\/asaja-salamanca-analiza-en-ciudad-rodrigo-el-impacto-de-la-nueva-pac-y-la-dermatosis-nodular-contagiosa-en-la-ganaderia-de-la-provincia\",\"name\":\"ASAJA Salamanca analiza en Ciudad Rodrigo el impacto de la nueva PAC y la Dermatosis Nodular Contagiosa en la ganader\u00eda de la provincia - ASAJA Salamanca\",\"isPartOf\":{\"@id\":\"https:\/\/www.asajacyl.com\/salamanca\/#website\"},\"primaryImageOfPage\":{\"@id\":\"https:\/\/www.asajacyl.com\/salamanca\/asaja-salamanca-informa\/notas-de-prensa\/asaja-salamanca-analiza-en-ciudad-rodrigo-el-impacto-de-la-nueva-pac-y-la-dermatosis-nodular-contagiosa-en-la-ganaderia-de-la-provincia#primaryimage\"},\"image\":{\"@id\":\"https:\/\/www.asajacyl.com\/salamanca\/asaja-salamanca-informa\/notas-de-prensa\/asaja-salamanca-analiza-en-ciudad-rodrigo-el-impacto-de-la-nueva-pac-y-la-dermatosis-nodular-contagiosa-en-la-ganaderia-de-la-provincia#primaryimage\"},\"thumbnailUrl\":\"https:\/\/www.asajacyl.com\/salamanca\/wp-content\/uploads\/sites\/7\/2025\/12\/IMG_6790.jpg\",\"datePublished\":\"2025-12-11T11:10:59+00:00\",\"dateModified\":\"2026-02-24T12:50:47+00:00\",\"author\":{\"@id\":\"https:\/\/www.asajacyl.com\/salamanca\/#\/schema\/person\/2bfc7da09988e1087e6291fafe99b67f\"},\"description\":\"Ciudad Rodrigo, 10 de diciembre de 2025| ASAJA Salamanca ha celebrado hoy en Ciudad Rodrigo la jornada t\u00e9cnica \u201cGanader\u00eda entre Fronteras: Impacto de la\",\"breadcrumb\":{\"@id\":\"https:\/\/www.asajacyl.com\/salamanca\/asaja-salamanca-informa\/notas-de-prensa\/asaja-salamanca-analiza-en-ciudad-rodrigo-el-impacto-de-la-nueva-pac-y-la-dermatosis-nodular-contagiosa-en-la-ganaderia-de-la-provincia#breadcrumb\"},\"inLanguage\":\"es\",\"potentialAction\":[{\"@type\":\"ReadAction\",\"target\":[\"https:\/\/www.asajacyl.com\/salamanca\/asaja-salamanca-informa\/notas-de-prensa\/asaja-salamanca-analiza-en-ciudad-rodrigo-el-impacto-de-la-nueva-pac-y-la-dermatosis-nodular-contagiosa-en-la-ganaderia-de-la-provincia\"]}]},{\"@type\":\"ImageObject\",\"inLanguage\":\"es\",\"@id\":\"https:\/\/www.asajacyl.com\/salamanca\/asaja-salamanca-informa\/notas-de-prensa\/asaja-salamanca-analiza-en-ciudad-rodrigo-el-impacto-de-la-nueva-pac-y-la-dermatosis-nodular-contagiosa-en-la-ganaderia-de-la-provincia#primaryimage\",\"url\":\"https:\/\/www.asajacyl.com\/salamanca\/wp-content\/uploads\/sites\/7\/2025\/12\/IMG_6790.jpg\",\"contentUrl\":\"https:\/\/www.asajacyl.com\/salamanca\/wp-content\/uploads\/sites\/7\/2025\/12\/IMG_6790.jpg\",\"width\":2500,\"height\":1667},{\"@type\":\"BreadcrumbList\",\"@id\":\"https:\/\/www.asajacyl.com\/salamanca\/asaja-salamanca-informa\/notas-de-prensa\/asaja-salamanca-analiza-en-ciudad-rodrigo-el-impacto-de-la-nueva-pac-y-la-dermatosis-nodular-contagiosa-en-la-ganaderia-de-la-provincia#breadcrumb\",\"itemListElement\":[{\"@type\":\"ListItem\",\"position\":1,\"name\":\"Portada\",\"item\":\"https:\/\/www.asajacyl.com\/salamanca\/\"},{\"@type\":\"ListItem\",\"position\":2,\"name\":\"ASAJA Salamanca analiza en Ciudad Rodrigo el impacto de la nueva PAC y la Dermatosis Nodular Contagiosa en la ganader\u00eda de la provincia\"}]},{\"@type\":\"WebSite\",\"@id\":\"https:\/\/www.asajacyl.com\/salamanca\/#website\",\"url\":\"https:\/\/www.asajacyl.com\/salamanca\/\",\"name\":\"ASAJA Salamanca\",\"description\":\"Otro sitio m\u00e1s de Provincias ASAJA Castilla y Le\u00f3n\",\"potentialAction\":[{\"@type\":\"SearchAction\",\"target\":{\"@type\":\"EntryPoint\",\"urlTemplate\":\"https:\/\/www.asajacyl.com\/salamanca\/?s={search_term_string}\"},\"query-input\":{\"@type\":\"PropertyValueSpecification\",\"valueRequired\":true,\"valueName\":\"search_term_string\"}}],\"inLanguage\":\"es\"},{\"@type\":\"Person\",\"@id\":\"https:\/\/www.asajacyl.com\/salamanca\/#\/schema\/person\/2bfc7da09988e1087e6291fafe99b67f\",\"name\":\"Sonia\",\"image\":{\"@type\":\"ImageObject\",\"inLanguage\":\"es\",\"@id\":\"https:\/\/www.asajacyl.com\/salamanca\/#\/schema\/person\/image\/\",\"url\":\"https:\/\/secure.gravatar.com\/avatar\/6b0d6eb461a1e3687cc023d59022ef0d?s=96&d=mm&r=g\",\"contentUrl\":\"https:\/\/secure.gravatar.com\/avatar\/6b0d6eb461a1e3687cc023d59022ef0d?s=96&d=mm&r=g\",\"caption\":\"Sonia\"},\"url\":\"https:\/\/www.asajacyl.com\/salamanca\/author\/juanluisde\"}]}<\/script>\n<!-- \/ Yoast SEO plugin. -->","yoast_head_json":{"title":"ASAJA Salamanca analiza en Ciudad Rodrigo el impacto de la nueva PAC y la Dermatosis Nodular Contagiosa en la ganader\u00eda de la provincia - ASAJA Salamanca","description":"Ciudad Rodrigo, 10 de diciembre de 2025| ASAJA Salamanca ha celebrado hoy en Ciudad Rodrigo la jornada t\u00e9cnica \u201cGanader\u00eda entre Fronteras: Impacto de la","robots":{"index":"index","follow":"follow","max-snippet":"max-snippet:-1","max-image-preview":"max-image-preview:large","max-video-preview":"max-video-preview:-1"},"canonical":"https:\/\/www.asajacyl.com\/salamanca\/asaja-salamanca-informa\/notas-de-prensa\/asaja-salamanca-analiza-en-ciudad-rodrigo-el-impacto-de-la-nueva-pac-y-la-dermatosis-nodular-contagiosa-en-la-ganaderia-de-la-provincia","og_locale":"es_ES","og_type":"article","og_title":"ASAJA Salamanca analiza en Ciudad Rodrigo el impacto de la nueva PAC y la Dermatosis Nodular Contagiosa en la ganader\u00eda de la provincia - ASAJA Salamanca","og_description":"Ciudad Rodrigo, 10 de diciembre de 2025| ASAJA Salamanca ha celebrado hoy en Ciudad Rodrigo la jornada t\u00e9cnica \u201cGanader\u00eda entre Fronteras: Impacto de la","og_url":"https:\/\/www.asajacyl.com\/salamanca\/asaja-salamanca-informa\/notas-de-prensa\/asaja-salamanca-analiza-en-ciudad-rodrigo-el-impacto-de-la-nueva-pac-y-la-dermatosis-nodular-contagiosa-en-la-ganaderia-de-la-provincia","og_site_name":"ASAJA Salamanca","article_published_time":"2025-12-11T11:10:59+00:00","article_modified_time":"2026-02-24T12:50:47+00:00","og_image":[{"width":2500,"height":1667,"url":"https:\/\/www.asajacyl.com\/salamanca\/wp-content\/uploads\/sites\/7\/2025\/12\/IMG_6790.jpg","type":"image\/jpeg"}],"author":"Sonia","twitter_card":"summary_large_image","twitter_misc":{"Escrito por":"Sonia","Tiempo de lectura":"4 minutos"},"schema":{"@context":"https:\/\/schema.org","@graph":[{"@type":"WebPage","@id":"https:\/\/www.asajacyl.com\/salamanca\/asaja-salamanca-informa\/notas-de-prensa\/asaja-salamanca-analiza-en-ciudad-rodrigo-el-impacto-de-la-nueva-pac-y-la-dermatosis-nodular-contagiosa-en-la-ganaderia-de-la-provincia","url":"https:\/\/www.asajacyl.com\/salamanca\/asaja-salamanca-informa\/notas-de-prensa\/asaja-salamanca-analiza-en-ciudad-rodrigo-el-impacto-de-la-nueva-pac-y-la-dermatosis-nodular-contagiosa-en-la-ganaderia-de-la-provincia","name":"ASAJA Salamanca analiza en Ciudad Rodrigo el impacto de la nueva PAC y la Dermatosis Nodular Contagiosa en la ganader\u00eda de la provincia - ASAJA Salamanca","isPartOf":{"@id":"https:\/\/www.asajacyl.com\/salamanca\/#website"},"primaryImageOfPage":{"@id":"https:\/\/www.asajacyl.com\/salamanca\/asaja-salamanca-informa\/notas-de-prensa\/asaja-salamanca-analiza-en-ciudad-rodrigo-el-impacto-de-la-nueva-pac-y-la-dermatosis-nodular-contagiosa-en-la-ganaderia-de-la-provincia#primaryimage"},"image":{"@id":"https:\/\/www.asajacyl.com\/salamanca\/asaja-salamanca-informa\/notas-de-prensa\/asaja-salamanca-analiza-en-ciudad-rodrigo-el-impacto-de-la-nueva-pac-y-la-dermatosis-nodular-contagiosa-en-la-ganaderia-de-la-provincia#primaryimage"},"thumbnailUrl":"https:\/\/www.asajacyl.com\/salamanca\/wp-content\/uploads\/sites\/7\/2025\/12\/IMG_6790.jpg","datePublished":"2025-12-11T11:10:59+00:00","dateModified":"2026-02-24T12:50:47+00:00","author":{"@id":"https:\/\/www.asajacyl.com\/salamanca\/#\/schema\/person\/2bfc7da09988e1087e6291fafe99b67f"},"description":"Ciudad Rodrigo, 10 de diciembre de 2025| ASAJA Salamanca ha celebrado hoy en Ciudad Rodrigo la jornada t\u00e9cnica \u201cGanader\u00eda entre Fronteras: Impacto de la","breadcrumb":{"@id":"https:\/\/www.asajacyl.com\/salamanca\/asaja-salamanca-informa\/notas-de-prensa\/asaja-salamanca-analiza-en-ciudad-rodrigo-el-impacto-de-la-nueva-pac-y-la-dermatosis-nodular-contagiosa-en-la-ganaderia-de-la-provincia#breadcrumb"},"inLanguage":"es","potentialAction":[{"@type":"ReadAction","target":["https:\/\/www.asajacyl.com\/salamanca\/asaja-salamanca-informa\/notas-de-prensa\/asaja-salamanca-analiza-en-ciudad-rodrigo-el-impacto-de-la-nueva-pac-y-la-dermatosis-nodular-contagiosa-en-la-ganaderia-de-la-provincia"]}]},{"@type":"ImageObject","inLanguage":"es","@id":"https:\/\/www.asajacyl.com\/salamanca\/asaja-salamanca-informa\/notas-de-prensa\/asaja-salamanca-analiza-en-ciudad-rodrigo-el-impacto-de-la-nueva-pac-y-la-dermatosis-nodular-contagiosa-en-la-ganaderia-de-la-provincia#primaryimage","url":"https:\/\/www.asajacyl.com\/salamanca\/wp-content\/uploads\/sites\/7\/2025\/12\/IMG_6790.jpg","contentUrl":"https:\/\/www.asajacyl.com\/salamanca\/wp-content\/uploads\/sites\/7\/2025\/12\/IMG_6790.jpg","width":2500,"height":1667},{"@type":"BreadcrumbList","@id":"https:\/\/www.asajacyl.com\/salamanca\/asaja-salamanca-informa\/notas-de-prensa\/asaja-salamanca-analiza-en-ciudad-rodrigo-el-impacto-de-la-nueva-pac-y-la-dermatosis-nodular-contagiosa-en-la-ganaderia-de-la-provincia#breadcrumb","itemListElement":[{"@type":"ListItem","position":1,"name":"Portada","item":"https:\/\/www.asajacyl.com\/salamanca\/"},{"@type":"ListItem","position":2,"name":"ASAJA Salamanca analiza en Ciudad Rodrigo el impacto de la nueva PAC y la Dermatosis Nodular Contagiosa en la ganader\u00eda de la provincia"}]},{"@type":"WebSite","@id":"https:\/\/www.asajacyl.com\/salamanca\/#website","url":"https:\/\/www.asajacyl.com\/salamanca\/","name":"ASAJA Salamanca","description":"Otro sitio m\u00e1s de Provincias ASAJA Castilla y Le\u00f3n","potentialAction":[{"@type":"SearchAction","target":{"@type":"EntryPoint","urlTemplate":"https:\/\/www.asajacyl.com\/salamanca\/?s={search_term_string}"},"query-input":{"@type":"PropertyValueSpecification","valueRequired":true,"valueName":"search_term_string"}}],"inLanguage":"es"},{"@type":"Person","@id":"https:\/\/www.asajacyl.com\/salamanca\/#\/schema\/person\/2bfc7da09988e1087e6291fafe99b67f","name":"Sonia","image":{"@type":"ImageObject","inLanguage":"es","@id":"https:\/\/www.asajacyl.com\/salamanca\/#\/schema\/person\/image\/","url":"https:\/\/secure.gravatar.com\/avatar\/6b0d6eb461a1e3687cc023d59022ef0d?s=96&d=mm&r=g","contentUrl":"https:\/\/secure.gravatar.com\/avatar\/6b0d6eb461a1e3687cc023d59022ef0d?s=96&d=mm&r=g","caption":"Sonia"},"url":"https:\/\/www.asajacyl.com\/salamanca\/author\/juanluisde"}]}},"_links":{"self":[{"href":"https:\/\/www.asajacyl.com\/salamanca\/wp-json\/wp\/v2\/posts\/19953"}],"collection":[{"href":"https:\/\/www.asajacyl.com\/salamanca\/wp-json\/wp\/v2\/posts"}],"about":[{"href":"https:\/\/www.asajacyl.com\/salamanca\/wp-json\/wp\/v2\/types\/post"}],"author":[{"embeddable":true,"href":"https:\/\/www.asajacyl.com\/salamanca\/wp-json\/wp\/v2\/users\/10"}],"replies":[{"embeddable":true,"href":"https:\/\/www.asajacyl.com\/salamanca\/wp-json\/wp\/v2\/comments?post=19953"}],"version-history":[{"count":1,"href":"https:\/\/www.asajacyl.com\/salamanca\/wp-json\/wp\/v2\/posts\/19953\/revisions"}],"predecessor-version":[{"id":19959,"href":"https:\/\/www.asajacyl.com\/salamanca\/wp-json\/wp\/v2\/posts\/19953\/revisions\/19959"}],"wp:featuredmedia":[{"embeddable":true,"href":"https:\/\/www.asajacyl.com\/salamanca\/wp-json\/wp\/v2\/media\/19958"}],"wp:attachment":[{"href":"https:\/\/www.asajacyl.com\/salamanca\/wp-json\/wp\/v2\/media?parent=19953"}],"wp:term":[{"taxonomy":"category","embeddable":true,"href":"https:\/\/www.asajacyl.com\/salamanca\/wp-json\/wp\/v2\/categories?post=19953"},{"taxonomy":"post_tag","embeddable":true,"href":"https:\/\/www.asajacyl.com\/salamanca\/wp-json\/wp\/v2\/tags?post=19953"}],"curies":[{"name":"wp","href":"https:\/\/api.w.org\/{rel}","templated":true}]}}