{"id":19960,"date":"2025-12-11T13:49:39","date_gmt":"2025-12-11T12:49:39","guid":{"rendered":"https:\/\/www.asajacyl.com\/salamanca\/?p=19960"},"modified":"2025-12-18T14:04:48","modified_gmt":"2025-12-18T13:04:48","slug":"la-junta-refuerza-la-prevencion-de-la-peste-porcina-africana-con-nuevas-medidas-de-control-del-jabali","status":"publish","type":"post","link":"https:\/\/www.asajacyl.com\/salamanca\/asaja-salamanca-informa\/noticias\/la-junta-refuerza-la-prevencion-de-la-peste-porcina-africana-con-nuevas-medidas-de-control-del-jabali","title":{"rendered":"La Junta refuerza la prevenci\u00f3n de la Peste Porcina Africana con nuevas medidas de control del jabal\u00ed"},"content":{"rendered":"\n<p>La Junta de Castilla y Le\u00f3n ha intensificado hoy las medidas de prevenci\u00f3n frente a la Peste Porcina Africana (PPA) con la declaraci\u00f3n de <strong>emergencia cineg\u00e9tica por jabal\u00ed<\/strong>, anunciada por el consejero de Medio Ambiente, Vivienda y Ordenaci\u00f3n del Territorio, Juan Carlos Su\u00e1rez-Qui\u00f1ones, ante el Consejo de Gobierno. El objetivo es <strong>reforzar de manera urgente el control de las poblaciones de jabal\u00ed<\/strong> en toda la Comunidad, principales vectores de esta enfermedad.<\/p>\n\n\n\n<p>La orden publicada en el Bolet\u00edn Oficial de Castilla y Le\u00f3n contempla <strong>medidas extraordinarias<\/strong> tanto para la caza sostenible como para los controles poblacionales, con efectos inmediatos:<\/p>\n\n\n\n<h3 class=\"wp-block-heading\">Medidas en la caza sostenible<\/h3>\n\n\n\n<ul>\n<li>Se eliminan las restricciones de cupo de jabal\u00ed en los planes cineg\u00e9ticos de los cotos.<\/li>\n\n\n\n<li>Se permite la caza por <strong>rececho y aguardo o espera<\/strong> en todos los cotos, con uso de <strong>visores nocturnos<\/strong> bajo autorizaci\u00f3n de los titulares.<\/li>\n\n\n\n<li>Se autoriza la caza <strong>al salto<\/strong> (en solitario, con o sin perro) y <strong>en mano<\/strong> (grupos de hasta 6 cazadores) todos los d\u00edas de la temporada general (del cuarto domingo de octubre al cuarto domingo de enero).<\/li>\n\n\n\n<li>Se permite la caza mediante <strong>monter\u00eda y gancho<\/strong> en todos los cotos, incluidos los de caza menor, sin limitaciones de n\u00famero de cacer\u00edas ni superficie m\u00ednima.<\/li>\n\n\n\n<li>Se autoriza la <strong>alimentaci\u00f3n suplementaria de origen vegetal<\/strong> para aumentar la efectividad de las acciones de caza.<\/li>\n\n\n\n<li>Se permite la caza de otros suidos silvestres, como el <strong>cerdo vietnamita<\/strong> y sus hibridaciones.<\/li>\n\n\n\n<li>Se flexibiliza la comunicaci\u00f3n de capturas, que podr\u00e1n entregarse en formato papel al titular cineg\u00e9tico, quien remitir\u00e1 los resultados a la administraci\u00f3n quincenalmente.<\/li>\n<\/ul>\n\n\n\n<h3 class=\"wp-block-heading\">Medidas en el control poblacional<\/h3>\n\n\n\n<ul>\n<li>Se habilitan actuaciones durante <strong>los 365 d\u00edas del a\u00f1o<\/strong>, tanto en cotos como en terrenos no cineg\u00e9ticos (zonas urbanas, vedados y \u00e1reas de seguridad).<\/li>\n\n\n\n<li>Se permite el uso de <strong>capturaderos homologados<\/strong> de otras comunidades aut\u00f3nomas o pa\u00edses de la UE, as\u00ed como visores nocturnos y alimentaci\u00f3n suplementaria.<\/li>\n\n\n\n<li>Se fija un plazo m\u00e1ximo de <strong>cinco d\u00edas<\/strong> para la resoluci\u00f3n de solicitudes de control poblacional.<\/li>\n<\/ul>\n\n\n\n<p>La orden se dicta en coordinaci\u00f3n con la <strong>Consejer\u00eda de Agricultura, Ganader\u00eda y Desarrollo Rural<\/strong>, en el marco de las acciones preventivas frente a la PPA. Adem\u00e1s, el consejero Su\u00e1rez-Qui\u00f1ones mantuvo ayer un encuentro con la <strong>Federaci\u00f3n de Caza de Castilla y Le\u00f3n<\/strong> para tratar los aspectos de esta orden y otros asuntos relacionados con la gesti\u00f3n cineg\u00e9tica.<\/p>\n\n\n\n<p><\/p>\n","protected":false},"excerpt":{"rendered":"<p>La Junta de Castilla y Le\u00f3n ha intensificado hoy las medidas de prevenci\u00f3n frente a la Peste Porcina Africana (PPA) con la declaraci\u00f3n de emergencia cineg\u00e9tica por jabal\u00ed, anunciada por el consejero de Medio Ambiente, Vivienda y Ordenaci\u00f3n del Territorio, Juan Carlos Su\u00e1rez-Qui\u00f1ones, ante el Consejo de Gobierno. El objetivo es reforzar de manera urgente [&hellip;]<\/p>\n","protected":false},"author":10,"featured_media":19962,"comment_status":"open","ping_status":"open","sticky":false,"template":"","format":"standard","meta":{"footnotes":""},"categories":[510],"tags":[],"yoast_head":"<!-- This site is optimized with the Yoast SEO plugin v24.5 - https:\/\/yoast.com\/wordpress\/plugins\/seo\/ -->\n<title>La Junta refuerza la prevenci\u00f3n de la Peste Porcina Africana con nuevas medidas de control del jabal\u00ed - ASAJA Salamanca<\/title>\n<meta name=\"description\" content=\"La Junta de Castilla y Le\u00f3n ha intensificado hoy las medidas de prevenci\u00f3n frente a la Peste Porcina Africana (PPA) con la declaraci\u00f3n de emergencia\" \/>\n<meta name=\"robots\" content=\"index, follow, max-snippet:-1, max-image-preview:large, max-video-preview:-1\" \/>\n<link rel=\"canonical\" href=\"https:\/\/www.asajacyl.com\/salamanca\/asaja-salamanca-informa\/noticias\/la-junta-refuerza-la-prevencion-de-la-peste-porcina-africana-con-nuevas-medidas-de-control-del-jabali\" \/>\n<meta property=\"og:locale\" content=\"es_ES\" \/>\n<meta property=\"og:type\" content=\"article\" \/>\n<meta property=\"og:title\" content=\"La Junta refuerza la prevenci\u00f3n de la Peste Porcina Africana con nuevas medidas de control del jabal\u00ed - ASAJA Salamanca\" \/>\n<meta property=\"og:description\" content=\"La Junta de Castilla y Le\u00f3n ha intensificado hoy las medidas de prevenci\u00f3n frente a la Peste Porcina Africana (PPA) con la declaraci\u00f3n de emergencia\" \/>\n<meta property=\"og:url\" content=\"https:\/\/www.asajacyl.com\/salamanca\/asaja-salamanca-informa\/noticias\/la-junta-refuerza-la-prevencion-de-la-peste-porcina-africana-con-nuevas-medidas-de-control-del-jabali\" \/>\n<meta property=\"og:site_name\" content=\"ASAJA Salamanca\" \/>\n<meta property=\"article:published_time\" content=\"2025-12-11T12:49:39+00:00\" \/>\n<meta property=\"article:modified_time\" content=\"2025-12-18T13:04:48+00:00\" \/>\n<meta property=\"og:image\" content=\"https:\/\/www.asajacyl.com\/salamanca\/wp-content\/uploads\/sites\/7\/2025\/12\/peste-porcina-1.jpg\" \/>\n\t<meta property=\"og:image:width\" content=\"1200\" \/>\n\t<meta property=\"og:image:height\" content=\"675\" \/>\n\t<meta property=\"og:image:type\" content=\"image\/jpeg\" \/>\n<meta name=\"author\" content=\"Sonia\" \/>\n<meta name=\"twitter:card\" content=\"summary_large_image\" \/>\n<meta name=\"twitter:label1\" content=\"Escrito por\" \/>\n\t<meta name=\"twitter:data1\" content=\"Sonia\" \/>\n\t<meta name=\"twitter:label2\" content=\"Tiempo de lectura\" \/>\n\t<meta name=\"twitter:data2\" content=\"2 minutos\" \/>\n<script type=\"application\/ld+json\" class=\"yoast-schema-graph\">{\"@context\":\"https:\/\/schema.org\",\"@graph\":[{\"@type\":\"WebPage\",\"@id\":\"https:\/\/www.asajacyl.com\/salamanca\/asaja-salamanca-informa\/noticias\/la-junta-refuerza-la-prevencion-de-la-peste-porcina-africana-con-nuevas-medidas-de-control-del-jabali\",\"url\":\"https:\/\/www.asajacyl.com\/salamanca\/asaja-salamanca-informa\/noticias\/la-junta-refuerza-la-prevencion-de-la-peste-porcina-africana-con-nuevas-medidas-de-control-del-jabali\",\"name\":\"La Junta refuerza la prevenci\u00f3n de la Peste Porcina Africana con nuevas medidas de control del jabal\u00ed - ASAJA Salamanca\",\"isPartOf\":{\"@id\":\"https:\/\/www.asajacyl.com\/salamanca\/#website\"},\"primaryImageOfPage\":{\"@id\":\"https:\/\/www.asajacyl.com\/salamanca\/asaja-salamanca-informa\/noticias\/la-junta-refuerza-la-prevencion-de-la-peste-porcina-africana-con-nuevas-medidas-de-control-del-jabali#primaryimage\"},\"image\":{\"@id\":\"https:\/\/www.asajacyl.com\/salamanca\/asaja-salamanca-informa\/noticias\/la-junta-refuerza-la-prevencion-de-la-peste-porcina-africana-con-nuevas-medidas-de-control-del-jabali#primaryimage\"},\"thumbnailUrl\":\"https:\/\/www.asajacyl.com\/salamanca\/wp-content\/uploads\/sites\/7\/2025\/12\/peste-porcina-1.jpg\",\"datePublished\":\"2025-12-11T12:49:39+00:00\",\"dateModified\":\"2025-12-18T13:04:48+00:00\",\"author\":{\"@id\":\"https:\/\/www.asajacyl.com\/salamanca\/#\/schema\/person\/2bfc7da09988e1087e6291fafe99b67f\"},\"description\":\"La Junta de Castilla y Le\u00f3n ha intensificado hoy las medidas de prevenci\u00f3n frente a la Peste Porcina Africana (PPA) con la declaraci\u00f3n de emergencia\",\"breadcrumb\":{\"@id\":\"https:\/\/www.asajacyl.com\/salamanca\/asaja-salamanca-informa\/noticias\/la-junta-refuerza-la-prevencion-de-la-peste-porcina-africana-con-nuevas-medidas-de-control-del-jabali#breadcrumb\"},\"inLanguage\":\"es\",\"potentialAction\":[{\"@type\":\"ReadAction\",\"target\":[\"https:\/\/www.asajacyl.com\/salamanca\/asaja-salamanca-informa\/noticias\/la-junta-refuerza-la-prevencion-de-la-peste-porcina-africana-con-nuevas-medidas-de-control-del-jabali\"]}]},{\"@type\":\"ImageObject\",\"inLanguage\":\"es\",\"@id\":\"https:\/\/www.asajacyl.com\/salamanca\/asaja-salamanca-informa\/noticias\/la-junta-refuerza-la-prevencion-de-la-peste-porcina-africana-con-nuevas-medidas-de-control-del-jabali#primaryimage\",\"url\":\"https:\/\/www.asajacyl.com\/salamanca\/wp-content\/uploads\/sites\/7\/2025\/12\/peste-porcina-1.jpg\",\"contentUrl\":\"https:\/\/www.asajacyl.com\/salamanca\/wp-content\/uploads\/sites\/7\/2025\/12\/peste-porcina-1.jpg\",\"width\":1200,\"height\":675},{\"@type\":\"BreadcrumbList\",\"@id\":\"https:\/\/www.asajacyl.com\/salamanca\/asaja-salamanca-informa\/noticias\/la-junta-refuerza-la-prevencion-de-la-peste-porcina-africana-con-nuevas-medidas-de-control-del-jabali#breadcrumb\",\"itemListElement\":[{\"@type\":\"ListItem\",\"position\":1,\"name\":\"Portada\",\"item\":\"https:\/\/www.asajacyl.com\/salamanca\/\"},{\"@type\":\"ListItem\",\"position\":2,\"name\":\"La Junta refuerza la prevenci\u00f3n de la Peste Porcina Africana con nuevas medidas de control del jabal\u00ed\"}]},{\"@type\":\"WebSite\",\"@id\":\"https:\/\/www.asajacyl.com\/salamanca\/#website\",\"url\":\"https:\/\/www.asajacyl.com\/salamanca\/\",\"name\":\"ASAJA Salamanca\",\"description\":\"Otro sitio m\u00e1s de Provincias ASAJA Castilla y Le\u00f3n\",\"potentialAction\":[{\"@type\":\"SearchAction\",\"target\":{\"@type\":\"EntryPoint\",\"urlTemplate\":\"https:\/\/www.asajacyl.com\/salamanca\/?s={search_term_string}\"},\"query-input\":{\"@type\":\"PropertyValueSpecification\",\"valueRequired\":true,\"valueName\":\"search_term_string\"}}],\"inLanguage\":\"es\"},{\"@type\":\"Person\",\"@id\":\"https:\/\/www.asajacyl.com\/salamanca\/#\/schema\/person\/2bfc7da09988e1087e6291fafe99b67f\",\"name\":\"Sonia\",\"image\":{\"@type\":\"ImageObject\",\"inLanguage\":\"es\",\"@id\":\"https:\/\/www.asajacyl.com\/salamanca\/#\/schema\/person\/image\/\",\"url\":\"https:\/\/secure.gravatar.com\/avatar\/6b0d6eb461a1e3687cc023d59022ef0d?s=96&d=mm&r=g\",\"contentUrl\":\"https:\/\/secure.gravatar.com\/avatar\/6b0d6eb461a1e3687cc023d59022ef0d?s=96&d=mm&r=g\",\"caption\":\"Sonia\"},\"url\":\"https:\/\/www.asajacyl.com\/salamanca\/author\/juanluisde\"}]}<\/script>\n<!-- \/ Yoast SEO plugin. -->","yoast_head_json":{"title":"La Junta refuerza la prevenci\u00f3n de la Peste Porcina Africana con nuevas medidas de control del jabal\u00ed - ASAJA Salamanca","description":"La Junta de Castilla y Le\u00f3n ha intensificado hoy las medidas de prevenci\u00f3n frente a la Peste Porcina Africana (PPA) con la declaraci\u00f3n de emergencia","robots":{"index":"index","follow":"follow","max-snippet":"max-snippet:-1","max-image-preview":"max-image-preview:large","max-video-preview":"max-video-preview:-1"},"canonical":"https:\/\/www.asajacyl.com\/salamanca\/asaja-salamanca-informa\/noticias\/la-junta-refuerza-la-prevencion-de-la-peste-porcina-africana-con-nuevas-medidas-de-control-del-jabali","og_locale":"es_ES","og_type":"article","og_title":"La Junta refuerza la prevenci\u00f3n de la Peste Porcina Africana con nuevas medidas de control del jabal\u00ed - ASAJA Salamanca","og_description":"La Junta de Castilla y Le\u00f3n ha intensificado hoy las medidas de prevenci\u00f3n frente a la Peste Porcina Africana (PPA) con la declaraci\u00f3n de emergencia","og_url":"https:\/\/www.asajacyl.com\/salamanca\/asaja-salamanca-informa\/noticias\/la-junta-refuerza-la-prevencion-de-la-peste-porcina-africana-con-nuevas-medidas-de-control-del-jabali","og_site_name":"ASAJA Salamanca","article_published_time":"2025-12-11T12:49:39+00:00","article_modified_time":"2025-12-18T13:04:48+00:00","og_image":[{"width":1200,"height":675,"url":"https:\/\/www.asajacyl.com\/salamanca\/wp-content\/uploads\/sites\/7\/2025\/12\/peste-porcina-1.jpg","type":"image\/jpeg"}],"author":"Sonia","twitter_card":"summary_large_image","twitter_misc":{"Escrito por":"Sonia","Tiempo de lectura":"2 minutos"},"schema":{"@context":"https:\/\/schema.org","@graph":[{"@type":"WebPage","@id":"https:\/\/www.asajacyl.com\/salamanca\/asaja-salamanca-informa\/noticias\/la-junta-refuerza-la-prevencion-de-la-peste-porcina-africana-con-nuevas-medidas-de-control-del-jabali","url":"https:\/\/www.asajacyl.com\/salamanca\/asaja-salamanca-informa\/noticias\/la-junta-refuerza-la-prevencion-de-la-peste-porcina-africana-con-nuevas-medidas-de-control-del-jabali","name":"La Junta refuerza la prevenci\u00f3n de la Peste Porcina Africana con nuevas medidas de control del jabal\u00ed - ASAJA Salamanca","isPartOf":{"@id":"https:\/\/www.asajacyl.com\/salamanca\/#website"},"primaryImageOfPage":{"@id":"https:\/\/www.asajacyl.com\/salamanca\/asaja-salamanca-informa\/noticias\/la-junta-refuerza-la-prevencion-de-la-peste-porcina-africana-con-nuevas-medidas-de-control-del-jabali#primaryimage"},"image":{"@id":"https:\/\/www.asajacyl.com\/salamanca\/asaja-salamanca-informa\/noticias\/la-junta-refuerza-la-prevencion-de-la-peste-porcina-africana-con-nuevas-medidas-de-control-del-jabali#primaryimage"},"thumbnailUrl":"https:\/\/www.asajacyl.com\/salamanca\/wp-content\/uploads\/sites\/7\/2025\/12\/peste-porcina-1.jpg","datePublished":"2025-12-11T12:49:39+00:00","dateModified":"2025-12-18T13:04:48+00:00","author":{"@id":"https:\/\/www.asajacyl.com\/salamanca\/#\/schema\/person\/2bfc7da09988e1087e6291fafe99b67f"},"description":"La Junta de Castilla y Le\u00f3n ha intensificado hoy las medidas de prevenci\u00f3n frente a la Peste Porcina Africana (PPA) con la declaraci\u00f3n de emergencia","breadcrumb":{"@id":"https:\/\/www.asajacyl.com\/salamanca\/asaja-salamanca-informa\/noticias\/la-junta-refuerza-la-prevencion-de-la-peste-porcina-africana-con-nuevas-medidas-de-control-del-jabali#breadcrumb"},"inLanguage":"es","potentialAction":[{"@type":"ReadAction","target":["https:\/\/www.asajacyl.com\/salamanca\/asaja-salamanca-informa\/noticias\/la-junta-refuerza-la-prevencion-de-la-peste-porcina-africana-con-nuevas-medidas-de-control-del-jabali"]}]},{"@type":"ImageObject","inLanguage":"es","@id":"https:\/\/www.asajacyl.com\/salamanca\/asaja-salamanca-informa\/noticias\/la-junta-refuerza-la-prevencion-de-la-peste-porcina-africana-con-nuevas-medidas-de-control-del-jabali#primaryimage","url":"https:\/\/www.asajacyl.com\/salamanca\/wp-content\/uploads\/sites\/7\/2025\/12\/peste-porcina-1.jpg","contentUrl":"https:\/\/www.asajacyl.com\/salamanca\/wp-content\/uploads\/sites\/7\/2025\/12\/peste-porcina-1.jpg","width":1200,"height":675},{"@type":"BreadcrumbList","@id":"https:\/\/www.asajacyl.com\/salamanca\/asaja-salamanca-informa\/noticias\/la-junta-refuerza-la-prevencion-de-la-peste-porcina-africana-con-nuevas-medidas-de-control-del-jabali#breadcrumb","itemListElement":[{"@type":"ListItem","position":1,"name":"Portada","item":"https:\/\/www.asajacyl.com\/salamanca\/"},{"@type":"ListItem","position":2,"name":"La Junta refuerza la prevenci\u00f3n de la Peste Porcina Africana con nuevas medidas de control del jabal\u00ed"}]},{"@type":"WebSite","@id":"https:\/\/www.asajacyl.com\/salamanca\/#website","url":"https:\/\/www.asajacyl.com\/salamanca\/","name":"ASAJA Salamanca","description":"Otro sitio m\u00e1s de Provincias ASAJA Castilla y Le\u00f3n","potentialAction":[{"@type":"SearchAction","target":{"@type":"EntryPoint","urlTemplate":"https:\/\/www.asajacyl.com\/salamanca\/?s={search_term_string}"},"query-input":{"@type":"PropertyValueSpecification","valueRequired":true,"valueName":"search_term_string"}}],"inLanguage":"es"},{"@type":"Person","@id":"https:\/\/www.asajacyl.com\/salamanca\/#\/schema\/person\/2bfc7da09988e1087e6291fafe99b67f","name":"Sonia","image":{"@type":"ImageObject","inLanguage":"es","@id":"https:\/\/www.asajacyl.com\/salamanca\/#\/schema\/person\/image\/","url":"https:\/\/secure.gravatar.com\/avatar\/6b0d6eb461a1e3687cc023d59022ef0d?s=96&d=mm&r=g","contentUrl":"https:\/\/secure.gravatar.com\/avatar\/6b0d6eb461a1e3687cc023d59022ef0d?s=96&d=mm&r=g","caption":"Sonia"},"url":"https:\/\/www.asajacyl.com\/salamanca\/author\/juanluisde"}]}},"_links":{"self":[{"href":"https:\/\/www.asajacyl.com\/salamanca\/wp-json\/wp\/v2\/posts\/19960"}],"collection":[{"href":"https:\/\/www.asajacyl.com\/salamanca\/wp-json\/wp\/v2\/posts"}],"about":[{"href":"https:\/\/www.asajacyl.com\/salamanca\/wp-json\/wp\/v2\/types\/post"}],"author":[{"embeddable":true,"href":"https:\/\/www.asajacyl.com\/salamanca\/wp-json\/wp\/v2\/users\/10"}],"replies":[{"embeddable":true,"href":"https:\/\/www.asajacyl.com\/salamanca\/wp-json\/wp\/v2\/comments?post=19960"}],"version-history":[{"count":1,"href":"https:\/\/www.asajacyl.com\/salamanca\/wp-json\/wp\/v2\/posts\/19960\/revisions"}],"predecessor-version":[{"id":19963,"href":"https:\/\/www.asajacyl.com\/salamanca\/wp-json\/wp\/v2\/posts\/19960\/revisions\/19963"}],"wp:featuredmedia":[{"embeddable":true,"href":"https:\/\/www.asajacyl.com\/salamanca\/wp-json\/wp\/v2\/media\/19962"}],"wp:attachment":[{"href":"https:\/\/www.asajacyl.com\/salamanca\/wp-json\/wp\/v2\/media?parent=19960"}],"wp:term":[{"taxonomy":"category","embeddable":true,"href":"https:\/\/www.asajacyl.com\/salamanca\/wp-json\/wp\/v2\/categories?post=19960"},{"taxonomy":"post_tag","embeddable":true,"href":"https:\/\/www.asajacyl.com\/salamanca\/wp-json\/wp\/v2\/tags?post=19960"}],"curies":[{"name":"wp","href":"https:\/\/api.w.org\/{rel}","templated":true}]}}