{"id":19965,"date":"2025-12-12T11:38:20","date_gmt":"2025-12-12T10:38:20","guid":{"rendered":"https:\/\/www.asajacyl.com\/salamanca\/?p=19965"},"modified":"2025-12-30T08:43:12","modified_gmt":"2025-12-30T07:43:12","slug":"18-de-diciembre-el-campo-europeo-se-moviliza-en-bruselas-contra-el-enfoque-de-la-ue-hacia-la-agricultura","status":"publish","type":"post","link":"https:\/\/www.asajacyl.com\/salamanca\/asaja-salamanca-informa\/noticias\/18-de-diciembre-el-campo-europeo-se-moviliza-en-bruselas-contra-el-enfoque-de-la-ue-hacia-la-agricultura","title":{"rendered":"18 de diciembre: el campo europeo se moviliza en Bruselas contra el enfoque de la UE hacia la agricultura"},"content":{"rendered":"\n<p>El\u00a0<strong>18 de diciembre<\/strong>\u00a0se espera que\u00a0<strong>10.000 agricultores<\/strong>\u00a0se re\u00fanan en\u00a0<strong>Bruselas<\/strong>\u00a0para denunciar el\u00a0<strong>creciente enfoque enga\u00f1oso de la UE hacia la agricultura<\/strong>. Desde\u00a0<strong>2024<\/strong>, los agricultores han advertido a la Uni\u00f3n Europea sobre las\u00a0<strong>reformas de la PAC y del presupuesto<\/strong>, la\u00a0<strong>regulaci\u00f3n excesiva<\/strong>\u00a0que limita la iniciativa agr\u00edcola y el impulso para concluir\u00a0<strong>acuerdos comerciales inaceptables<\/strong>, como el de\u00a0<strong>Mercosur<\/strong>. A finales de\u00a0<strong>2025<\/strong>, las expectativas siguen sin cumplirse y la determinaci\u00f3n de la Comisi\u00f3n de seguir adelante ser\u00eda un\u00a0<strong>error hist\u00f3rico<\/strong>\u00a0para el proyecto europeo, sus agricultores y los consumidores.<\/p>\n\n\n\n<figure class=\"wp-block-image size-full\"><img loading=\"lazy\" decoding=\"async\" width=\"930\" height=\"608\" src=\"https:\/\/www.asajacyl.com\/salamanca\/wp-content\/uploads\/sites\/7\/2025\/12\/Captura-de-pantalla-2025-11-22-104011-930x608-1.jpg\" alt=\"\" class=\"wp-image-19966\" srcset=\"https:\/\/www.asajacyl.com\/salamanca\/wp-content\/uploads\/sites\/7\/2025\/12\/Captura-de-pantalla-2025-11-22-104011-930x608-1.jpg 930w, https:\/\/www.asajacyl.com\/salamanca\/wp-content\/uploads\/sites\/7\/2025\/12\/Captura-de-pantalla-2025-11-22-104011-930x608-1-300x196.jpg 300w, https:\/\/www.asajacyl.com\/salamanca\/wp-content\/uploads\/sites\/7\/2025\/12\/Captura-de-pantalla-2025-11-22-104011-930x608-1-768x502.jpg 768w, https:\/\/www.asajacyl.com\/salamanca\/wp-content\/uploads\/sites\/7\/2025\/12\/Captura-de-pantalla-2025-11-22-104011-930x608-1-642x420.jpg 642w, https:\/\/www.asajacyl.com\/salamanca\/wp-content\/uploads\/sites\/7\/2025\/12\/Captura-de-pantalla-2025-11-22-104011-930x608-1-696x455.jpg 696w\" sizes=\"(max-width: 930px) 100vw, 930px\" \/><\/figure>\n\n\n\n<p>La&nbsp;<strong>agricultura y la seguridad alimentaria<\/strong>&nbsp;son pilares de la&nbsp;<strong>soberan\u00eda europea<\/strong>. Las comunidades agr\u00edcolas, firmes defensoras del ideal europeo, no pueden permanecer en silencio ante un&nbsp;<strong>error estrat\u00e9gico<\/strong>&nbsp;de tal magnitud. A pesar de los discursos que presentan la agricultura como sector estrat\u00e9gico, las acciones de la Comisi\u00f3n reflejan un&nbsp;<strong>retroceso en las ambiciones agr\u00edcolas comunes<\/strong>, creando una brecha entre palabras y hechos que afecta a familias rurales, comunidades y consumidores.<\/p>\n\n\n\n<p>Por ello, el&nbsp;<strong>18 de diciembre<\/strong>, la&nbsp;<strong>Copa y la Cogeca<\/strong>&nbsp;convocan una&nbsp;<strong>jornada paneuropea de protesta<\/strong>, pocas horas antes de que la presidenta&nbsp;<strong>Von der Leyen<\/strong>&nbsp;viaje a&nbsp;<strong>Brasil<\/strong>&nbsp;para cerrar el acuerdo con&nbsp;<strong>Mercosur<\/strong>&nbsp;y mientras los jefes de Estado y de Gobierno de la UE se re\u00fanen en una sesi\u00f3n clave sobre el&nbsp;<strong>futuro presupuesto europeo<\/strong>. Alrededor de&nbsp;<strong>40 organizaciones agr\u00edcolas<\/strong>&nbsp;de toda Europa han confirmado su participaci\u00f3n. Se espera que&nbsp;<strong>10.000 agricultores<\/strong>&nbsp;transmitan un mensaje firme y unido a la Comisi\u00f3n.<\/p>\n\n\n\n<p><strong>ASAJA estar\u00e1 presente en Bruselas<\/strong>, representando al campo espa\u00f1ol y defendiendo las reivindicaciones de nuestros agricultores y ganaderos. La organizaci\u00f3n se suma a esta jornada para trasladar directamente a las instituciones europeas la urgencia de apoyar al sector con pol\u00edticas realistas, coherentes y sostenibles.<\/p>\n\n\n\n<p>Los agricultores reclaman&nbsp;<strong>soluciones audaces y tangibles<\/strong>&nbsp;para sus explotaciones y cooperativas:<\/p>\n\n\n\n<ul>\n<li>Una\u00a0<strong>PAC fuerte, com\u00fan y bien financiada<\/strong>\u00a0despu\u00e9s de 2027.<\/li>\n\n\n\n<li><strong>Normas comerciales justas y transparentes<\/strong>\u00a0que protejan los est\u00e1ndares europeos y los sectores sensibles.<\/li>\n\n\n\n<li>Una\u00a0<strong>simplificaci\u00f3n real<\/strong>, mejor regulaci\u00f3n y seguridad jur\u00eddica.<\/li>\n\n\n\n<li><\/li>\n<\/ul>\n","protected":false},"excerpt":{"rendered":"<p>El\u00a018 de diciembre\u00a0se espera que\u00a010.000 agricultores\u00a0se re\u00fanan en\u00a0Bruselas\u00a0para denunciar el\u00a0creciente enfoque enga\u00f1oso de la UE hacia la agricultura. Desde\u00a02024, los agricultores han advertido a la Uni\u00f3n Europea sobre las\u00a0reformas de la PAC y del presupuesto, la\u00a0regulaci\u00f3n excesiva\u00a0que limita la iniciativa agr\u00edcola y el impulso para concluir\u00a0acuerdos comerciales inaceptables, como el de\u00a0Mercosur. A finales de\u00a02025, las [&hellip;]<\/p>\n","protected":false},"author":10,"featured_media":19966,"comment_status":"open","ping_status":"open","sticky":false,"template":"","format":"standard","meta":{"footnotes":""},"categories":[510],"tags":[],"yoast_head":"<!-- This site is optimized with the Yoast SEO plugin v24.5 - https:\/\/yoast.com\/wordpress\/plugins\/seo\/ -->\n<title>18 de diciembre: el campo europeo se moviliza en Bruselas contra el enfoque de la UE hacia la agricultura - ASAJA Salamanca<\/title>\n<meta name=\"description\" content=\"El\u00a018 de diciembre\u00a0se espera que\u00a010.000 agricultores\u00a0se re\u00fanan en\u00a0Bruselas\u00a0para denunciar el\u00a0creciente enfoque enga\u00f1oso de la UE hacia la agricultura.\" \/>\n<meta name=\"robots\" content=\"index, follow, max-snippet:-1, max-image-preview:large, max-video-preview:-1\" \/>\n<link rel=\"canonical\" href=\"https:\/\/www.asajacyl.com\/salamanca\/asaja-salamanca-informa\/noticias\/18-de-diciembre-el-campo-europeo-se-moviliza-en-bruselas-contra-el-enfoque-de-la-ue-hacia-la-agricultura\" \/>\n<meta property=\"og:locale\" content=\"es_ES\" \/>\n<meta property=\"og:type\" content=\"article\" \/>\n<meta property=\"og:title\" content=\"18 de diciembre: el campo europeo se moviliza en Bruselas contra el enfoque de la UE hacia la agricultura - ASAJA Salamanca\" \/>\n<meta property=\"og:description\" content=\"El\u00a018 de diciembre\u00a0se espera que\u00a010.000 agricultores\u00a0se re\u00fanan en\u00a0Bruselas\u00a0para denunciar el\u00a0creciente enfoque enga\u00f1oso de la UE hacia la agricultura.\" \/>\n<meta property=\"og:url\" content=\"https:\/\/www.asajacyl.com\/salamanca\/asaja-salamanca-informa\/noticias\/18-de-diciembre-el-campo-europeo-se-moviliza-en-bruselas-contra-el-enfoque-de-la-ue-hacia-la-agricultura\" \/>\n<meta property=\"og:site_name\" content=\"ASAJA Salamanca\" \/>\n<meta property=\"article:published_time\" content=\"2025-12-12T10:38:20+00:00\" \/>\n<meta property=\"article:modified_time\" content=\"2025-12-30T07:43:12+00:00\" \/>\n<meta property=\"og:image\" content=\"https:\/\/www.asajacyl.com\/salamanca\/wp-content\/uploads\/sites\/7\/2025\/12\/Captura-de-pantalla-2025-11-22-104011-930x608-1.jpg\" \/>\n\t<meta property=\"og:image:width\" content=\"930\" \/>\n\t<meta property=\"og:image:height\" content=\"608\" \/>\n\t<meta property=\"og:image:type\" content=\"image\/jpeg\" \/>\n<meta name=\"author\" content=\"Sonia\" \/>\n<meta name=\"twitter:card\" content=\"summary_large_image\" \/>\n<meta name=\"twitter:label1\" content=\"Escrito por\" \/>\n\t<meta name=\"twitter:data1\" content=\"Sonia\" \/>\n\t<meta name=\"twitter:label2\" content=\"Tiempo de lectura\" \/>\n\t<meta name=\"twitter:data2\" content=\"2 minutos\" \/>\n<script type=\"application\/ld+json\" class=\"yoast-schema-graph\">{\"@context\":\"https:\/\/schema.org\",\"@graph\":[{\"@type\":\"WebPage\",\"@id\":\"https:\/\/www.asajacyl.com\/salamanca\/asaja-salamanca-informa\/noticias\/18-de-diciembre-el-campo-europeo-se-moviliza-en-bruselas-contra-el-enfoque-de-la-ue-hacia-la-agricultura\",\"url\":\"https:\/\/www.asajacyl.com\/salamanca\/asaja-salamanca-informa\/noticias\/18-de-diciembre-el-campo-europeo-se-moviliza-en-bruselas-contra-el-enfoque-de-la-ue-hacia-la-agricultura\",\"name\":\"18 de diciembre: el campo europeo se moviliza en Bruselas contra el enfoque de la UE hacia la agricultura - ASAJA Salamanca\",\"isPartOf\":{\"@id\":\"https:\/\/www.asajacyl.com\/salamanca\/#website\"},\"primaryImageOfPage\":{\"@id\":\"https:\/\/www.asajacyl.com\/salamanca\/asaja-salamanca-informa\/noticias\/18-de-diciembre-el-campo-europeo-se-moviliza-en-bruselas-contra-el-enfoque-de-la-ue-hacia-la-agricultura#primaryimage\"},\"image\":{\"@id\":\"https:\/\/www.asajacyl.com\/salamanca\/asaja-salamanca-informa\/noticias\/18-de-diciembre-el-campo-europeo-se-moviliza-en-bruselas-contra-el-enfoque-de-la-ue-hacia-la-agricultura#primaryimage\"},\"thumbnailUrl\":\"https:\/\/www.asajacyl.com\/salamanca\/wp-content\/uploads\/sites\/7\/2025\/12\/Captura-de-pantalla-2025-11-22-104011-930x608-1.jpg\",\"datePublished\":\"2025-12-12T10:38:20+00:00\",\"dateModified\":\"2025-12-30T07:43:12+00:00\",\"author\":{\"@id\":\"https:\/\/www.asajacyl.com\/salamanca\/#\/schema\/person\/2bfc7da09988e1087e6291fafe99b67f\"},\"description\":\"El\u00a018 de diciembre\u00a0se espera que\u00a010.000 agricultores\u00a0se re\u00fanan en\u00a0Bruselas\u00a0para denunciar el\u00a0creciente enfoque enga\u00f1oso de la UE hacia la agricultura.\",\"breadcrumb\":{\"@id\":\"https:\/\/www.asajacyl.com\/salamanca\/asaja-salamanca-informa\/noticias\/18-de-diciembre-el-campo-europeo-se-moviliza-en-bruselas-contra-el-enfoque-de-la-ue-hacia-la-agricultura#breadcrumb\"},\"inLanguage\":\"es\",\"potentialAction\":[{\"@type\":\"ReadAction\",\"target\":[\"https:\/\/www.asajacyl.com\/salamanca\/asaja-salamanca-informa\/noticias\/18-de-diciembre-el-campo-europeo-se-moviliza-en-bruselas-contra-el-enfoque-de-la-ue-hacia-la-agricultura\"]}]},{\"@type\":\"ImageObject\",\"inLanguage\":\"es\",\"@id\":\"https:\/\/www.asajacyl.com\/salamanca\/asaja-salamanca-informa\/noticias\/18-de-diciembre-el-campo-europeo-se-moviliza-en-bruselas-contra-el-enfoque-de-la-ue-hacia-la-agricultura#primaryimage\",\"url\":\"https:\/\/www.asajacyl.com\/salamanca\/wp-content\/uploads\/sites\/7\/2025\/12\/Captura-de-pantalla-2025-11-22-104011-930x608-1.jpg\",\"contentUrl\":\"https:\/\/www.asajacyl.com\/salamanca\/wp-content\/uploads\/sites\/7\/2025\/12\/Captura-de-pantalla-2025-11-22-104011-930x608-1.jpg\",\"width\":930,\"height\":608},{\"@type\":\"BreadcrumbList\",\"@id\":\"https:\/\/www.asajacyl.com\/salamanca\/asaja-salamanca-informa\/noticias\/18-de-diciembre-el-campo-europeo-se-moviliza-en-bruselas-contra-el-enfoque-de-la-ue-hacia-la-agricultura#breadcrumb\",\"itemListElement\":[{\"@type\":\"ListItem\",\"position\":1,\"name\":\"Portada\",\"item\":\"https:\/\/www.asajacyl.com\/salamanca\/\"},{\"@type\":\"ListItem\",\"position\":2,\"name\":\"18 de diciembre: el campo europeo se moviliza en Bruselas contra el enfoque de la UE hacia la agricultura\"}]},{\"@type\":\"WebSite\",\"@id\":\"https:\/\/www.asajacyl.com\/salamanca\/#website\",\"url\":\"https:\/\/www.asajacyl.com\/salamanca\/\",\"name\":\"ASAJA Salamanca\",\"description\":\"Otro sitio m\u00e1s de Provincias ASAJA Castilla y Le\u00f3n\",\"potentialAction\":[{\"@type\":\"SearchAction\",\"target\":{\"@type\":\"EntryPoint\",\"urlTemplate\":\"https:\/\/www.asajacyl.com\/salamanca\/?s={search_term_string}\"},\"query-input\":{\"@type\":\"PropertyValueSpecification\",\"valueRequired\":true,\"valueName\":\"search_term_string\"}}],\"inLanguage\":\"es\"},{\"@type\":\"Person\",\"@id\":\"https:\/\/www.asajacyl.com\/salamanca\/#\/schema\/person\/2bfc7da09988e1087e6291fafe99b67f\",\"name\":\"Sonia\",\"image\":{\"@type\":\"ImageObject\",\"inLanguage\":\"es\",\"@id\":\"https:\/\/www.asajacyl.com\/salamanca\/#\/schema\/person\/image\/\",\"url\":\"https:\/\/secure.gravatar.com\/avatar\/6b0d6eb461a1e3687cc023d59022ef0d?s=96&d=mm&r=g\",\"contentUrl\":\"https:\/\/secure.gravatar.com\/avatar\/6b0d6eb461a1e3687cc023d59022ef0d?s=96&d=mm&r=g\",\"caption\":\"Sonia\"},\"url\":\"https:\/\/www.asajacyl.com\/salamanca\/author\/juanluisde\"}]}<\/script>\n<!-- \/ Yoast SEO plugin. -->","yoast_head_json":{"title":"18 de diciembre: el campo europeo se moviliza en Bruselas contra el enfoque de la UE hacia la agricultura - ASAJA Salamanca","description":"El\u00a018 de diciembre\u00a0se espera que\u00a010.000 agricultores\u00a0se re\u00fanan en\u00a0Bruselas\u00a0para denunciar el\u00a0creciente enfoque enga\u00f1oso de la UE hacia la agricultura.","robots":{"index":"index","follow":"follow","max-snippet":"max-snippet:-1","max-image-preview":"max-image-preview:large","max-video-preview":"max-video-preview:-1"},"canonical":"https:\/\/www.asajacyl.com\/salamanca\/asaja-salamanca-informa\/noticias\/18-de-diciembre-el-campo-europeo-se-moviliza-en-bruselas-contra-el-enfoque-de-la-ue-hacia-la-agricultura","og_locale":"es_ES","og_type":"article","og_title":"18 de diciembre: el campo europeo se moviliza en Bruselas contra el enfoque de la UE hacia la agricultura - ASAJA Salamanca","og_description":"El\u00a018 de diciembre\u00a0se espera que\u00a010.000 agricultores\u00a0se re\u00fanan en\u00a0Bruselas\u00a0para denunciar el\u00a0creciente enfoque enga\u00f1oso de la UE hacia la agricultura.","og_url":"https:\/\/www.asajacyl.com\/salamanca\/asaja-salamanca-informa\/noticias\/18-de-diciembre-el-campo-europeo-se-moviliza-en-bruselas-contra-el-enfoque-de-la-ue-hacia-la-agricultura","og_site_name":"ASAJA Salamanca","article_published_time":"2025-12-12T10:38:20+00:00","article_modified_time":"2025-12-30T07:43:12+00:00","og_image":[{"width":930,"height":608,"url":"https:\/\/www.asajacyl.com\/salamanca\/wp-content\/uploads\/sites\/7\/2025\/12\/Captura-de-pantalla-2025-11-22-104011-930x608-1.jpg","type":"image\/jpeg"}],"author":"Sonia","twitter_card":"summary_large_image","twitter_misc":{"Escrito por":"Sonia","Tiempo de lectura":"2 minutos"},"schema":{"@context":"https:\/\/schema.org","@graph":[{"@type":"WebPage","@id":"https:\/\/www.asajacyl.com\/salamanca\/asaja-salamanca-informa\/noticias\/18-de-diciembre-el-campo-europeo-se-moviliza-en-bruselas-contra-el-enfoque-de-la-ue-hacia-la-agricultura","url":"https:\/\/www.asajacyl.com\/salamanca\/asaja-salamanca-informa\/noticias\/18-de-diciembre-el-campo-europeo-se-moviliza-en-bruselas-contra-el-enfoque-de-la-ue-hacia-la-agricultura","name":"18 de diciembre: el campo europeo se moviliza en Bruselas contra el enfoque de la UE hacia la agricultura - ASAJA Salamanca","isPartOf":{"@id":"https:\/\/www.asajacyl.com\/salamanca\/#website"},"primaryImageOfPage":{"@id":"https:\/\/www.asajacyl.com\/salamanca\/asaja-salamanca-informa\/noticias\/18-de-diciembre-el-campo-europeo-se-moviliza-en-bruselas-contra-el-enfoque-de-la-ue-hacia-la-agricultura#primaryimage"},"image":{"@id":"https:\/\/www.asajacyl.com\/salamanca\/asaja-salamanca-informa\/noticias\/18-de-diciembre-el-campo-europeo-se-moviliza-en-bruselas-contra-el-enfoque-de-la-ue-hacia-la-agricultura#primaryimage"},"thumbnailUrl":"https:\/\/www.asajacyl.com\/salamanca\/wp-content\/uploads\/sites\/7\/2025\/12\/Captura-de-pantalla-2025-11-22-104011-930x608-1.jpg","datePublished":"2025-12-12T10:38:20+00:00","dateModified":"2025-12-30T07:43:12+00:00","author":{"@id":"https:\/\/www.asajacyl.com\/salamanca\/#\/schema\/person\/2bfc7da09988e1087e6291fafe99b67f"},"description":"El\u00a018 de diciembre\u00a0se espera que\u00a010.000 agricultores\u00a0se re\u00fanan en\u00a0Bruselas\u00a0para denunciar el\u00a0creciente enfoque enga\u00f1oso de la UE hacia la agricultura.","breadcrumb":{"@id":"https:\/\/www.asajacyl.com\/salamanca\/asaja-salamanca-informa\/noticias\/18-de-diciembre-el-campo-europeo-se-moviliza-en-bruselas-contra-el-enfoque-de-la-ue-hacia-la-agricultura#breadcrumb"},"inLanguage":"es","potentialAction":[{"@type":"ReadAction","target":["https:\/\/www.asajacyl.com\/salamanca\/asaja-salamanca-informa\/noticias\/18-de-diciembre-el-campo-europeo-se-moviliza-en-bruselas-contra-el-enfoque-de-la-ue-hacia-la-agricultura"]}]},{"@type":"ImageObject","inLanguage":"es","@id":"https:\/\/www.asajacyl.com\/salamanca\/asaja-salamanca-informa\/noticias\/18-de-diciembre-el-campo-europeo-se-moviliza-en-bruselas-contra-el-enfoque-de-la-ue-hacia-la-agricultura#primaryimage","url":"https:\/\/www.asajacyl.com\/salamanca\/wp-content\/uploads\/sites\/7\/2025\/12\/Captura-de-pantalla-2025-11-22-104011-930x608-1.jpg","contentUrl":"https:\/\/www.asajacyl.com\/salamanca\/wp-content\/uploads\/sites\/7\/2025\/12\/Captura-de-pantalla-2025-11-22-104011-930x608-1.jpg","width":930,"height":608},{"@type":"BreadcrumbList","@id":"https:\/\/www.asajacyl.com\/salamanca\/asaja-salamanca-informa\/noticias\/18-de-diciembre-el-campo-europeo-se-moviliza-en-bruselas-contra-el-enfoque-de-la-ue-hacia-la-agricultura#breadcrumb","itemListElement":[{"@type":"ListItem","position":1,"name":"Portada","item":"https:\/\/www.asajacyl.com\/salamanca\/"},{"@type":"ListItem","position":2,"name":"18 de diciembre: el campo europeo se moviliza en Bruselas contra el enfoque de la UE hacia la agricultura"}]},{"@type":"WebSite","@id":"https:\/\/www.asajacyl.com\/salamanca\/#website","url":"https:\/\/www.asajacyl.com\/salamanca\/","name":"ASAJA Salamanca","description":"Otro sitio m\u00e1s de Provincias ASAJA Castilla y Le\u00f3n","potentialAction":[{"@type":"SearchAction","target":{"@type":"EntryPoint","urlTemplate":"https:\/\/www.asajacyl.com\/salamanca\/?s={search_term_string}"},"query-input":{"@type":"PropertyValueSpecification","valueRequired":true,"valueName":"search_term_string"}}],"inLanguage":"es"},{"@type":"Person","@id":"https:\/\/www.asajacyl.com\/salamanca\/#\/schema\/person\/2bfc7da09988e1087e6291fafe99b67f","name":"Sonia","image":{"@type":"ImageObject","inLanguage":"es","@id":"https:\/\/www.asajacyl.com\/salamanca\/#\/schema\/person\/image\/","url":"https:\/\/secure.gravatar.com\/avatar\/6b0d6eb461a1e3687cc023d59022ef0d?s=96&d=mm&r=g","contentUrl":"https:\/\/secure.gravatar.com\/avatar\/6b0d6eb461a1e3687cc023d59022ef0d?s=96&d=mm&r=g","caption":"Sonia"},"url":"https:\/\/www.asajacyl.com\/salamanca\/author\/juanluisde"}]}},"_links":{"self":[{"href":"https:\/\/www.asajacyl.com\/salamanca\/wp-json\/wp\/v2\/posts\/19965"}],"collection":[{"href":"https:\/\/www.asajacyl.com\/salamanca\/wp-json\/wp\/v2\/posts"}],"about":[{"href":"https:\/\/www.asajacyl.com\/salamanca\/wp-json\/wp\/v2\/types\/post"}],"author":[{"embeddable":true,"href":"https:\/\/www.asajacyl.com\/salamanca\/wp-json\/wp\/v2\/users\/10"}],"replies":[{"embeddable":true,"href":"https:\/\/www.asajacyl.com\/salamanca\/wp-json\/wp\/v2\/comments?post=19965"}],"version-history":[{"count":1,"href":"https:\/\/www.asajacyl.com\/salamanca\/wp-json\/wp\/v2\/posts\/19965\/revisions"}],"predecessor-version":[{"id":19967,"href":"https:\/\/www.asajacyl.com\/salamanca\/wp-json\/wp\/v2\/posts\/19965\/revisions\/19967"}],"wp:featuredmedia":[{"embeddable":true,"href":"https:\/\/www.asajacyl.com\/salamanca\/wp-json\/wp\/v2\/media\/19966"}],"wp:attachment":[{"href":"https:\/\/www.asajacyl.com\/salamanca\/wp-json\/wp\/v2\/media?parent=19965"}],"wp:term":[{"taxonomy":"category","embeddable":true,"href":"https:\/\/www.asajacyl.com\/salamanca\/wp-json\/wp\/v2\/categories?post=19965"},{"taxonomy":"post_tag","embeddable":true,"href":"https:\/\/www.asajacyl.com\/salamanca\/wp-json\/wp\/v2\/tags?post=19965"}],"curies":[{"name":"wp","href":"https:\/\/api.w.org\/{rel}","templated":true}]}}