{"id":19973,"date":"2025-12-15T10:31:32","date_gmt":"2025-12-15T09:31:32","guid":{"rendered":"https:\/\/www.asajacyl.com\/salamanca\/?p=19973"},"modified":"2025-12-18T14:04:33","modified_gmt":"2025-12-18T13:04:33","slug":"jornada-la-ganaderia-como-potencialendogeno-en-cyl","status":"publish","type":"post","link":"https:\/\/www.asajacyl.com\/salamanca\/servicios-socio\/cursos-jornadas\/jornada-la-ganaderia-como-potencialendogeno-en-cyl","title":{"rendered":"Jornada: La ganader\u00eda como potencial end\u00f3geno en CyL"},"content":{"rendered":"\n<p><br>FECHA: 16 de diciembre de 2025<br>MODALIDAD DE IMPARTICI\u00d3N:\u00a0Presencial<br>TITULO DE LA ACCI\u00d3N FORMATIVALUGAR DE CELEBRACI\u00d3N: Vitigudino (Salamanca), Sal\u00f3n del Centro Cultural, C\/ S. Blas n\u00ba 2, 37210 Vitigudino<\/p>\n\n\n\n<p>DURACI\u00d3N: 5 horas presenciales<\/p>\n\n\n\n<p>HORARIO: de 9:00 a 14:00 horas<\/p>\n\n\n\n<p><strong>DESTINATARIOS:<\/strong><\/p>\n\n\n\n<p>Titulares de explotaciones ganaderas y personas &nbsp;interesadas en mantener el tejido productivo del sector ganadero en el medio rural<\/p>\n\n\n\n<ul>\n<li>Llamando oficina de ASAJA (923190720)<\/li>\n\n\n\n<li>En la direcci\u00f3n de mail: \u00a0elena@asajasalamanca.com<\/li>\n<\/ul>\n\n\n\n<p><strong>FECHA DE RECEPCI\u00d3N DE SOLICITUDES:\u00a0<\/strong>hasta 15-12-2025<\/p>\n\n\n\n<p><strong>ESTA OPERACI\u00d3N EST\u00c1 COFINANCIADA POR LA UNION EUROPEA A TRAV\u00c9S DEL FEADER EN UN 55%<\/strong><\/p>\n\n\n\n<p><strong><em><u>O<\/u><\/em><\/strong><strong><em><u>RGANIZA<\/u><\/em><\/strong><strong><em>:&nbsp;<\/em><\/strong><em>ASAJA Salamanca<\/em><\/p>\n\n\n\n<p><strong><em><u>I<\/u><\/em><\/strong><strong><em><u>M<\/u><\/em><\/strong><strong><em><u>P<\/u><\/em><\/strong><strong><em><u>AR<\/u><\/em><\/strong><strong><em><u>TE<\/u><\/em><\/strong><em><u>:<\/u><\/em><em><u>&nbsp;<\/u><\/em><em>ASAJA Salamanca<\/em><\/p>\n\n\n\n<p><strong><em><u>FINANCIAN:<\/u><\/em><\/strong><\/p>\n\n\n\n<figure class=\"wp-block-image size-full\"><img loading=\"lazy\" decoding=\"async\" width=\"962\" height=\"591\" src=\"https:\/\/www.asajacyl.com\/salamanca\/wp-content\/uploads\/sites\/7\/2025\/04\/Captura-5.jpg\" alt=\"\" class=\"wp-image-19935\" srcset=\"https:\/\/www.asajacyl.com\/salamanca\/wp-content\/uploads\/sites\/7\/2025\/04\/Captura-5.jpg 962w, https:\/\/www.asajacyl.com\/salamanca\/wp-content\/uploads\/sites\/7\/2025\/04\/Captura-5-300x184.jpg 300w, https:\/\/www.asajacyl.com\/salamanca\/wp-content\/uploads\/sites\/7\/2025\/04\/Captura-5-768x472.jpg 768w, https:\/\/www.asajacyl.com\/salamanca\/wp-content\/uploads\/sites\/7\/2025\/04\/Captura-5-684x420.jpg 684w, https:\/\/www.asajacyl.com\/salamanca\/wp-content\/uploads\/sites\/7\/2025\/04\/Captura-5-696x428.jpg 696w, https:\/\/www.asajacyl.com\/salamanca\/wp-content\/uploads\/sites\/7\/2025\/04\/Captura-5-356x220.jpg 356w\" sizes=\"(max-width: 962px) 100vw, 962px\" \/><\/figure>\n\n\n\n<figure class=\"wp-block-image size-full\"><img loading=\"lazy\" decoding=\"async\" width=\"560\" height=\"798\" src=\"https:\/\/www.asajacyl.com\/salamanca\/wp-content\/uploads\/sites\/7\/2025\/12\/image.jpg\" alt=\"\" class=\"wp-image-19974\" srcset=\"https:\/\/www.asajacyl.com\/salamanca\/wp-content\/uploads\/sites\/7\/2025\/12\/image.jpg 560w, https:\/\/www.asajacyl.com\/salamanca\/wp-content\/uploads\/sites\/7\/2025\/12\/image-211x300.jpg 211w, https:\/\/www.asajacyl.com\/salamanca\/wp-content\/uploads\/sites\/7\/2025\/12\/image-295x420.jpg 295w\" sizes=\"(max-width: 560px) 100vw, 560px\" \/><\/figure>\n","protected":false},"excerpt":{"rendered":"<p>FECHA: 16 de diciembre de 2025MODALIDAD DE IMPARTICI\u00d3N:\u00a0PresencialTITULO DE LA ACCI\u00d3N FORMATIVALUGAR DE CELEBRACI\u00d3N: Vitigudino (Salamanca), Sal\u00f3n del Centro Cultural, C\/ S. Blas n\u00ba 2, 37210 Vitigudino DURACI\u00d3N: 5 horas presenciales HORARIO: de 9:00 a 14:00 horas DESTINATARIOS: Titulares de explotaciones ganaderas y personas &nbsp;interesadas en mantener el tejido productivo del sector ganadero en el [&hellip;]<\/p>\n","protected":false},"author":10,"featured_media":19975,"comment_status":"open","ping_status":"open","sticky":false,"template":"","format":"standard","meta":{"footnotes":""},"categories":[36,510],"tags":[],"yoast_head":"<!-- This site is optimized with the Yoast SEO plugin v24.5 - https:\/\/yoast.com\/wordpress\/plugins\/seo\/ -->\n<title>Jornada: La ganader\u00eda como potencial end\u00f3geno en CyL - ASAJA Salamanca<\/title>\n<meta name=\"description\" content=\"FECHA: 16 de diciembre de 2025MODALIDAD DE IMPARTICI\u00d3N:\u00a0PresencialTITULO DE LA ACCI\u00d3N FORMATIVALUGAR DE CELEBRACI\u00d3N: Vitigudino (Salamanca), Sal\u00f3n del\" \/>\n<meta name=\"robots\" content=\"index, follow, max-snippet:-1, max-image-preview:large, max-video-preview:-1\" \/>\n<link rel=\"canonical\" href=\"https:\/\/www.asajacyl.com\/salamanca\/servicios-socio\/cursos-jornadas\/jornada-la-ganaderia-como-potencialendogeno-en-cyl\" \/>\n<meta property=\"og:locale\" content=\"es_ES\" \/>\n<meta property=\"og:type\" content=\"article\" \/>\n<meta property=\"og:title\" content=\"Jornada: La ganader\u00eda como potencial end\u00f3geno en CyL - ASAJA Salamanca\" \/>\n<meta property=\"og:description\" content=\"FECHA: 16 de diciembre de 2025MODALIDAD DE IMPARTICI\u00d3N:\u00a0PresencialTITULO DE LA ACCI\u00d3N FORMATIVALUGAR DE CELEBRACI\u00d3N: Vitigudino (Salamanca), Sal\u00f3n del\" \/>\n<meta property=\"og:url\" content=\"https:\/\/www.asajacyl.com\/salamanca\/servicios-socio\/cursos-jornadas\/jornada-la-ganaderia-como-potencialendogeno-en-cyl\" \/>\n<meta property=\"og:site_name\" content=\"ASAJA Salamanca\" \/>\n<meta property=\"article:published_time\" content=\"2025-12-15T09:31:32+00:00\" \/>\n<meta property=\"article:modified_time\" content=\"2025-12-18T13:04:33+00:00\" \/>\n<meta property=\"og:image\" content=\"https:\/\/www.asajacyl.com\/salamanca\/wp-content\/uploads\/sites\/7\/2025\/12\/Captura-1.jpg\" \/>\n\t<meta property=\"og:image:width\" content=\"632\" \/>\n\t<meta property=\"og:image:height\" content=\"317\" \/>\n\t<meta property=\"og:image:type\" content=\"image\/jpeg\" \/>\n<meta name=\"author\" content=\"Sonia\" \/>\n<meta name=\"twitter:card\" content=\"summary_large_image\" \/>\n<meta name=\"twitter:label1\" content=\"Escrito por\" \/>\n\t<meta name=\"twitter:data1\" content=\"Sonia\" \/>\n\t<meta name=\"twitter:label2\" content=\"Tiempo de lectura\" \/>\n\t<meta name=\"twitter:data2\" content=\"2 minutos\" \/>\n<script type=\"application\/ld+json\" class=\"yoast-schema-graph\">{\"@context\":\"https:\/\/schema.org\",\"@graph\":[{\"@type\":\"WebPage\",\"@id\":\"https:\/\/www.asajacyl.com\/salamanca\/servicios-socio\/cursos-jornadas\/jornada-la-ganaderia-como-potencialendogeno-en-cyl\",\"url\":\"https:\/\/www.asajacyl.com\/salamanca\/servicios-socio\/cursos-jornadas\/jornada-la-ganaderia-como-potencialendogeno-en-cyl\",\"name\":\"Jornada: La ganader\u00eda como potencial end\u00f3geno en CyL - ASAJA Salamanca\",\"isPartOf\":{\"@id\":\"https:\/\/www.asajacyl.com\/salamanca\/#website\"},\"primaryImageOfPage\":{\"@id\":\"https:\/\/www.asajacyl.com\/salamanca\/servicios-socio\/cursos-jornadas\/jornada-la-ganaderia-como-potencialendogeno-en-cyl#primaryimage\"},\"image\":{\"@id\":\"https:\/\/www.asajacyl.com\/salamanca\/servicios-socio\/cursos-jornadas\/jornada-la-ganaderia-como-potencialendogeno-en-cyl#primaryimage\"},\"thumbnailUrl\":\"https:\/\/www.asajacyl.com\/salamanca\/wp-content\/uploads\/sites\/7\/2025\/12\/Captura-1.jpg\",\"datePublished\":\"2025-12-15T09:31:32+00:00\",\"dateModified\":\"2025-12-18T13:04:33+00:00\",\"author\":{\"@id\":\"https:\/\/www.asajacyl.com\/salamanca\/#\/schema\/person\/2bfc7da09988e1087e6291fafe99b67f\"},\"description\":\"FECHA: 16 de diciembre de 2025MODALIDAD DE IMPARTICI\u00d3N:\u00a0PresencialTITULO DE LA ACCI\u00d3N FORMATIVALUGAR DE CELEBRACI\u00d3N: Vitigudino (Salamanca), Sal\u00f3n del\",\"breadcrumb\":{\"@id\":\"https:\/\/www.asajacyl.com\/salamanca\/servicios-socio\/cursos-jornadas\/jornada-la-ganaderia-como-potencialendogeno-en-cyl#breadcrumb\"},\"inLanguage\":\"es\",\"potentialAction\":[{\"@type\":\"ReadAction\",\"target\":[\"https:\/\/www.asajacyl.com\/salamanca\/servicios-socio\/cursos-jornadas\/jornada-la-ganaderia-como-potencialendogeno-en-cyl\"]}]},{\"@type\":\"ImageObject\",\"inLanguage\":\"es\",\"@id\":\"https:\/\/www.asajacyl.com\/salamanca\/servicios-socio\/cursos-jornadas\/jornada-la-ganaderia-como-potencialendogeno-en-cyl#primaryimage\",\"url\":\"https:\/\/www.asajacyl.com\/salamanca\/wp-content\/uploads\/sites\/7\/2025\/12\/Captura-1.jpg\",\"contentUrl\":\"https:\/\/www.asajacyl.com\/salamanca\/wp-content\/uploads\/sites\/7\/2025\/12\/Captura-1.jpg\",\"width\":632,\"height\":317},{\"@type\":\"BreadcrumbList\",\"@id\":\"https:\/\/www.asajacyl.com\/salamanca\/servicios-socio\/cursos-jornadas\/jornada-la-ganaderia-como-potencialendogeno-en-cyl#breadcrumb\",\"itemListElement\":[{\"@type\":\"ListItem\",\"position\":1,\"name\":\"Portada\",\"item\":\"https:\/\/www.asajacyl.com\/salamanca\/\"},{\"@type\":\"ListItem\",\"position\":2,\"name\":\"Jornada: La ganader\u00eda como potencial end\u00f3geno en CyL\"}]},{\"@type\":\"WebSite\",\"@id\":\"https:\/\/www.asajacyl.com\/salamanca\/#website\",\"url\":\"https:\/\/www.asajacyl.com\/salamanca\/\",\"name\":\"ASAJA Salamanca\",\"description\":\"Otro sitio m\u00e1s de Provincias ASAJA Castilla y Le\u00f3n\",\"potentialAction\":[{\"@type\":\"SearchAction\",\"target\":{\"@type\":\"EntryPoint\",\"urlTemplate\":\"https:\/\/www.asajacyl.com\/salamanca\/?s={search_term_string}\"},\"query-input\":{\"@type\":\"PropertyValueSpecification\",\"valueRequired\":true,\"valueName\":\"search_term_string\"}}],\"inLanguage\":\"es\"},{\"@type\":\"Person\",\"@id\":\"https:\/\/www.asajacyl.com\/salamanca\/#\/schema\/person\/2bfc7da09988e1087e6291fafe99b67f\",\"name\":\"Sonia\",\"image\":{\"@type\":\"ImageObject\",\"inLanguage\":\"es\",\"@id\":\"https:\/\/www.asajacyl.com\/salamanca\/#\/schema\/person\/image\/\",\"url\":\"https:\/\/secure.gravatar.com\/avatar\/6b0d6eb461a1e3687cc023d59022ef0d?s=96&d=mm&r=g\",\"contentUrl\":\"https:\/\/secure.gravatar.com\/avatar\/6b0d6eb461a1e3687cc023d59022ef0d?s=96&d=mm&r=g\",\"caption\":\"Sonia\"},\"url\":\"https:\/\/www.asajacyl.com\/salamanca\/author\/juanluisde\"}]}<\/script>\n<!-- \/ Yoast SEO plugin. -->","yoast_head_json":{"title":"Jornada: La ganader\u00eda como potencial end\u00f3geno en CyL - ASAJA Salamanca","description":"FECHA: 16 de diciembre de 2025MODALIDAD DE IMPARTICI\u00d3N:\u00a0PresencialTITULO DE LA ACCI\u00d3N FORMATIVALUGAR DE CELEBRACI\u00d3N: Vitigudino (Salamanca), Sal\u00f3n del","robots":{"index":"index","follow":"follow","max-snippet":"max-snippet:-1","max-image-preview":"max-image-preview:large","max-video-preview":"max-video-preview:-1"},"canonical":"https:\/\/www.asajacyl.com\/salamanca\/servicios-socio\/cursos-jornadas\/jornada-la-ganaderia-como-potencialendogeno-en-cyl","og_locale":"es_ES","og_type":"article","og_title":"Jornada: La ganader\u00eda como potencial end\u00f3geno en CyL - ASAJA Salamanca","og_description":"FECHA: 16 de diciembre de 2025MODALIDAD DE IMPARTICI\u00d3N:\u00a0PresencialTITULO DE LA ACCI\u00d3N FORMATIVALUGAR DE CELEBRACI\u00d3N: Vitigudino (Salamanca), Sal\u00f3n del","og_url":"https:\/\/www.asajacyl.com\/salamanca\/servicios-socio\/cursos-jornadas\/jornada-la-ganaderia-como-potencialendogeno-en-cyl","og_site_name":"ASAJA Salamanca","article_published_time":"2025-12-15T09:31:32+00:00","article_modified_time":"2025-12-18T13:04:33+00:00","og_image":[{"width":632,"height":317,"url":"https:\/\/www.asajacyl.com\/salamanca\/wp-content\/uploads\/sites\/7\/2025\/12\/Captura-1.jpg","type":"image\/jpeg"}],"author":"Sonia","twitter_card":"summary_large_image","twitter_misc":{"Escrito por":"Sonia","Tiempo de lectura":"2 minutos"},"schema":{"@context":"https:\/\/schema.org","@graph":[{"@type":"WebPage","@id":"https:\/\/www.asajacyl.com\/salamanca\/servicios-socio\/cursos-jornadas\/jornada-la-ganaderia-como-potencialendogeno-en-cyl","url":"https:\/\/www.asajacyl.com\/salamanca\/servicios-socio\/cursos-jornadas\/jornada-la-ganaderia-como-potencialendogeno-en-cyl","name":"Jornada: La ganader\u00eda como potencial end\u00f3geno en CyL - ASAJA Salamanca","isPartOf":{"@id":"https:\/\/www.asajacyl.com\/salamanca\/#website"},"primaryImageOfPage":{"@id":"https:\/\/www.asajacyl.com\/salamanca\/servicios-socio\/cursos-jornadas\/jornada-la-ganaderia-como-potencialendogeno-en-cyl#primaryimage"},"image":{"@id":"https:\/\/www.asajacyl.com\/salamanca\/servicios-socio\/cursos-jornadas\/jornada-la-ganaderia-como-potencialendogeno-en-cyl#primaryimage"},"thumbnailUrl":"https:\/\/www.asajacyl.com\/salamanca\/wp-content\/uploads\/sites\/7\/2025\/12\/Captura-1.jpg","datePublished":"2025-12-15T09:31:32+00:00","dateModified":"2025-12-18T13:04:33+00:00","author":{"@id":"https:\/\/www.asajacyl.com\/salamanca\/#\/schema\/person\/2bfc7da09988e1087e6291fafe99b67f"},"description":"FECHA: 16 de diciembre de 2025MODALIDAD DE IMPARTICI\u00d3N:\u00a0PresencialTITULO DE LA ACCI\u00d3N FORMATIVALUGAR DE CELEBRACI\u00d3N: Vitigudino (Salamanca), Sal\u00f3n del","breadcrumb":{"@id":"https:\/\/www.asajacyl.com\/salamanca\/servicios-socio\/cursos-jornadas\/jornada-la-ganaderia-como-potencialendogeno-en-cyl#breadcrumb"},"inLanguage":"es","potentialAction":[{"@type":"ReadAction","target":["https:\/\/www.asajacyl.com\/salamanca\/servicios-socio\/cursos-jornadas\/jornada-la-ganaderia-como-potencialendogeno-en-cyl"]}]},{"@type":"ImageObject","inLanguage":"es","@id":"https:\/\/www.asajacyl.com\/salamanca\/servicios-socio\/cursos-jornadas\/jornada-la-ganaderia-como-potencialendogeno-en-cyl#primaryimage","url":"https:\/\/www.asajacyl.com\/salamanca\/wp-content\/uploads\/sites\/7\/2025\/12\/Captura-1.jpg","contentUrl":"https:\/\/www.asajacyl.com\/salamanca\/wp-content\/uploads\/sites\/7\/2025\/12\/Captura-1.jpg","width":632,"height":317},{"@type":"BreadcrumbList","@id":"https:\/\/www.asajacyl.com\/salamanca\/servicios-socio\/cursos-jornadas\/jornada-la-ganaderia-como-potencialendogeno-en-cyl#breadcrumb","itemListElement":[{"@type":"ListItem","position":1,"name":"Portada","item":"https:\/\/www.asajacyl.com\/salamanca\/"},{"@type":"ListItem","position":2,"name":"Jornada: La ganader\u00eda como potencial end\u00f3geno en CyL"}]},{"@type":"WebSite","@id":"https:\/\/www.asajacyl.com\/salamanca\/#website","url":"https:\/\/www.asajacyl.com\/salamanca\/","name":"ASAJA Salamanca","description":"Otro sitio m\u00e1s de Provincias ASAJA Castilla y Le\u00f3n","potentialAction":[{"@type":"SearchAction","target":{"@type":"EntryPoint","urlTemplate":"https:\/\/www.asajacyl.com\/salamanca\/?s={search_term_string}"},"query-input":{"@type":"PropertyValueSpecification","valueRequired":true,"valueName":"search_term_string"}}],"inLanguage":"es"},{"@type":"Person","@id":"https:\/\/www.asajacyl.com\/salamanca\/#\/schema\/person\/2bfc7da09988e1087e6291fafe99b67f","name":"Sonia","image":{"@type":"ImageObject","inLanguage":"es","@id":"https:\/\/www.asajacyl.com\/salamanca\/#\/schema\/person\/image\/","url":"https:\/\/secure.gravatar.com\/avatar\/6b0d6eb461a1e3687cc023d59022ef0d?s=96&d=mm&r=g","contentUrl":"https:\/\/secure.gravatar.com\/avatar\/6b0d6eb461a1e3687cc023d59022ef0d?s=96&d=mm&r=g","caption":"Sonia"},"url":"https:\/\/www.asajacyl.com\/salamanca\/author\/juanluisde"}]}},"_links":{"self":[{"href":"https:\/\/www.asajacyl.com\/salamanca\/wp-json\/wp\/v2\/posts\/19973"}],"collection":[{"href":"https:\/\/www.asajacyl.com\/salamanca\/wp-json\/wp\/v2\/posts"}],"about":[{"href":"https:\/\/www.asajacyl.com\/salamanca\/wp-json\/wp\/v2\/types\/post"}],"author":[{"embeddable":true,"href":"https:\/\/www.asajacyl.com\/salamanca\/wp-json\/wp\/v2\/users\/10"}],"replies":[{"embeddable":true,"href":"https:\/\/www.asajacyl.com\/salamanca\/wp-json\/wp\/v2\/comments?post=19973"}],"version-history":[{"count":2,"href":"https:\/\/www.asajacyl.com\/salamanca\/wp-json\/wp\/v2\/posts\/19973\/revisions"}],"predecessor-version":[{"id":19977,"href":"https:\/\/www.asajacyl.com\/salamanca\/wp-json\/wp\/v2\/posts\/19973\/revisions\/19977"}],"wp:featuredmedia":[{"embeddable":true,"href":"https:\/\/www.asajacyl.com\/salamanca\/wp-json\/wp\/v2\/media\/19975"}],"wp:attachment":[{"href":"https:\/\/www.asajacyl.com\/salamanca\/wp-json\/wp\/v2\/media?parent=19973"}],"wp:term":[{"taxonomy":"category","embeddable":true,"href":"https:\/\/www.asajacyl.com\/salamanca\/wp-json\/wp\/v2\/categories?post=19973"},{"taxonomy":"post_tag","embeddable":true,"href":"https:\/\/www.asajacyl.com\/salamanca\/wp-json\/wp\/v2\/tags?post=19973"}],"curies":[{"name":"wp","href":"https:\/\/api.w.org\/{rel}","templated":true}]}}