{"id":19996,"date":"2025-12-18T09:07:55","date_gmt":"2025-12-18T08:07:55","guid":{"rendered":"https:\/\/www.asajacyl.com\/salamanca\/?p=19996"},"modified":"2025-12-30T08:42:58","modified_gmt":"2025-12-30T07:42:58","slug":"18d-castilla-y-leon-se-suma-a-la-movilizacion-historica-de-agricultores-europeos-en-bruselas","status":"publish","type":"post","link":"https:\/\/www.asajacyl.com\/salamanca\/asaja-salamanca-informa\/noticias\/18d-castilla-y-leon-se-suma-a-la-movilizacion-historica-de-agricultores-europeos-en-bruselas","title":{"rendered":"\u00a0#18D Castilla y Le\u00f3n se suma a la movilizaci\u00f3n hist\u00f3rica de agricultores europeos en Bruselas"},"content":{"rendered":"\n<p><strong>Donaciano Dujo: \u201cSi no se cambia la orientaci\u00f3n actual de la PAC, desaparecer\u00e1 la agricultura tal y como la conocemos\u201d<\/strong><\/p>\n\n\n\n<p>Ma\u00f1ana Bruselas acoger\u00e1 una gran manifestaci\u00f3n de agricultores de los 27 estados miembros de la Uni\u00f3n Europea, convocados por sus organizaciones profesionales, bajo el paraguas de la COPA y la COGECA, que agrupan a las OPA y cooperativas de toda Europa. ASAJA estar\u00e1 presente con una delegaci\u00f3n muy importante de agricultores y ganaderos de nuestro pa\u00eds. Desde Castilla y Le\u00f3n, se trasladar\u00e1n miembros de nuestras organizaciones provinciales, encabezados por el presidente regional de ASAJA, Donaciano Dujo.<\/p>\n\n\n\n<p>La movilizaci\u00f3n de ma\u00f1ana se perfila como hist\u00f3rica, porque por primera vez est\u00e1 confirmada la participaci\u00f3n de representantes de todos los pa\u00edses miembro, posici\u00f3n com\u00fan que fortalece el mensaje que se quiere transmitir a las instituciones comunitarias:&nbsp;basta de decisiones alejadas de la realidad agraria&nbsp;cuando est\u00e1n en juego la&nbsp;agricultura y la seguridad alimentaria europeas, es m\u00e1s que nunca necesaria una PAC con presupuesto propio y potente (se est\u00e1 hablando de una reducci\u00f3n del 22%), estructurada en dos pilares (unir ayudas directas y desarrollo rural supone un riesgo para los ingresos agrarios) y con car\u00e1cter com\u00fan en sus planteamientos. Otros puntos importantes de la movilizaci\u00f3n es la reclamaci\u00f3n de una pol\u00edtica comercial justa, ante la incertidumbre que generan acuerdos como Mercosur u otros pa\u00edses que operan con normas de producci\u00f3n m\u00e1s laxas que las europeas, as\u00ed como la exigencia de una simplificaci\u00f3n normativa real y urgente.<\/p>\n\n\n\n<p>Lo que est\u00e1 en juego en Bruselas es determinante para el futuro de la agricultura y ganader\u00eda de Castilla y Le\u00f3n, afirma Donaciano Dujo. \u201cNuestras producciones mayoritarias son continentales, necesariamente precisan de una dimensi\u00f3n importante para poder ser sostenibles econ\u00f3micamente, y los criterios que se barajan en la nueva PAC supondr\u00eda aplicar una degresividad que penalizar\u00eda a los m\u00e1s profesionales, con recortes de entre 6.000 y 8.000 euros para una explotaci\u00f3n tipo de cereal, por ejemplo\u201d.&nbsp; En unos momentos en los que est\u00e1 amenazada la rentabilidad de la agricultura, tanto de secano como de regad\u00edo -con m\u00e1rgenes m\u00ednimos o directamente rebasados por los costes de producci\u00f3n- cualquier ajuste en las ayudas PAC ser\u00edan el estoque final que arrasar\u00eda con la agricultura en Castilla y Le\u00f3n.<\/p>\n\n\n\n<p>La manifestaci\u00f3n de ma\u00f1ana tiene previsto su inicio a las 12 horas, aunque dada su magnitud los agricultores se ir\u00e1n concentrando en el punto de partida una hora antes. Las cifras calculadas desde el COPA apuntan la participaci\u00f3n de &nbsp;m\u00e1s de 10.000 agricultores y 200 tractores.<\/p>\n\n\n\n<p>Para Donaciano Dujo est\u00e1 en juego el desmantelamiento del modelo de agricultura europea y de los agricultores que la hemos sostenido durante siglos, por eso se tiene que o\u00edr nuestra voz, clara y un\u00edvoca, porque todo el sector europeo est\u00e1 unido. Bajar costes, elevar precios, simplificar burocracia y defender la soberan\u00eda alimentaria es la hoja de ruta para garantizar el futuro del campo\u201d.<\/p>\n\n\n\n<figure class=\"wp-block-image size-large is-resized\"><img loading=\"lazy\" decoding=\"async\" width=\"825\" height=\"1024\" src=\"https:\/\/www.asajacyl.com\/salamanca\/wp-content\/uploads\/sites\/7\/2025\/12\/WhatsApp-Image-2025-12-18-at-08.56.41-825x1024.jpeg\" alt=\"\" class=\"wp-image-19997\" style=\"width:512px;height:auto\" srcset=\"https:\/\/www.asajacyl.com\/salamanca\/wp-content\/uploads\/sites\/7\/2025\/12\/WhatsApp-Image-2025-12-18-at-08.56.41-825x1024.jpeg 825w, https:\/\/www.asajacyl.com\/salamanca\/wp-content\/uploads\/sites\/7\/2025\/12\/WhatsApp-Image-2025-12-18-at-08.56.41-242x300.jpeg 242w, https:\/\/www.asajacyl.com\/salamanca\/wp-content\/uploads\/sites\/7\/2025\/12\/WhatsApp-Image-2025-12-18-at-08.56.41-768x953.jpeg 768w, https:\/\/www.asajacyl.com\/salamanca\/wp-content\/uploads\/sites\/7\/2025\/12\/WhatsApp-Image-2025-12-18-at-08.56.41-1238x1536.jpeg 1238w, https:\/\/www.asajacyl.com\/salamanca\/wp-content\/uploads\/sites\/7\/2025\/12\/WhatsApp-Image-2025-12-18-at-08.56.41-339x420.jpeg 339w, https:\/\/www.asajacyl.com\/salamanca\/wp-content\/uploads\/sites\/7\/2025\/12\/WhatsApp-Image-2025-12-18-at-08.56.41-696x863.jpeg 696w, https:\/\/www.asajacyl.com\/salamanca\/wp-content\/uploads\/sites\/7\/2025\/12\/WhatsApp-Image-2025-12-18-at-08.56.41-1068x1325.jpeg 1068w, https:\/\/www.asajacyl.com\/salamanca\/wp-content\/uploads\/sites\/7\/2025\/12\/WhatsApp-Image-2025-12-18-at-08.56.41.jpeg 1284w\" sizes=\"(max-width: 825px) 100vw, 825px\" \/><\/figure>\n","protected":false},"excerpt":{"rendered":"<p>Donaciano Dujo: \u201cSi no se cambia la orientaci\u00f3n actual de la PAC, desaparecer\u00e1 la agricultura tal y como la conocemos\u201d Ma\u00f1ana Bruselas acoger\u00e1 una gran manifestaci\u00f3n de agricultores de los 27 estados miembros de la Uni\u00f3n Europea, convocados por sus organizaciones profesionales, bajo el paraguas de la COPA y la COGECA, que agrupan a las [&hellip;]<\/p>\n","protected":false},"author":10,"featured_media":19997,"comment_status":"open","ping_status":"open","sticky":false,"template":"","format":"standard","meta":{"footnotes":""},"categories":[510],"tags":[],"yoast_head":"<!-- This site is optimized with the Yoast SEO plugin v24.5 - https:\/\/yoast.com\/wordpress\/plugins\/seo\/ -->\n<title>\u00a0#18D Castilla y Le\u00f3n se suma a la movilizaci\u00f3n hist\u00f3rica de agricultores europeos en Bruselas - ASAJA Salamanca<\/title>\n<meta name=\"description\" content=\"Donaciano Dujo: \u201cSi no se cambia la orientaci\u00f3n actual de la PAC, desaparecer\u00e1 la agricultura tal y como la conocemos\u201d Ma\u00f1ana Bruselas acoger\u00e1 una gran\" \/>\n<meta name=\"robots\" content=\"index, follow, max-snippet:-1, max-image-preview:large, max-video-preview:-1\" \/>\n<link rel=\"canonical\" href=\"https:\/\/www.asajacyl.com\/salamanca\/asaja-salamanca-informa\/noticias\/18d-castilla-y-leon-se-suma-a-la-movilizacion-historica-de-agricultores-europeos-en-bruselas\" \/>\n<meta property=\"og:locale\" content=\"es_ES\" \/>\n<meta property=\"og:type\" content=\"article\" \/>\n<meta property=\"og:title\" content=\"\u00a0#18D Castilla y Le\u00f3n se suma a la movilizaci\u00f3n hist\u00f3rica de agricultores europeos en Bruselas - ASAJA Salamanca\" \/>\n<meta property=\"og:description\" content=\"Donaciano Dujo: \u201cSi no se cambia la orientaci\u00f3n actual de la PAC, desaparecer\u00e1 la agricultura tal y como la conocemos\u201d Ma\u00f1ana Bruselas acoger\u00e1 una gran\" \/>\n<meta property=\"og:url\" content=\"https:\/\/www.asajacyl.com\/salamanca\/asaja-salamanca-informa\/noticias\/18d-castilla-y-leon-se-suma-a-la-movilizacion-historica-de-agricultores-europeos-en-bruselas\" \/>\n<meta property=\"og:site_name\" content=\"ASAJA Salamanca\" \/>\n<meta property=\"article:published_time\" content=\"2025-12-18T08:07:55+00:00\" \/>\n<meta property=\"article:modified_time\" content=\"2025-12-30T07:42:58+00:00\" \/>\n<meta property=\"og:image\" content=\"https:\/\/www.asajacyl.com\/salamanca\/wp-content\/uploads\/sites\/7\/2025\/12\/WhatsApp-Image-2025-12-18-at-08.56.41.jpeg\" \/>\n\t<meta property=\"og:image:width\" content=\"1284\" \/>\n\t<meta property=\"og:image:height\" content=\"1593\" \/>\n\t<meta property=\"og:image:type\" content=\"image\/jpeg\" \/>\n<meta name=\"author\" content=\"Sonia\" \/>\n<meta name=\"twitter:card\" content=\"summary_large_image\" \/>\n<meta name=\"twitter:label1\" content=\"Escrito por\" \/>\n\t<meta name=\"twitter:data1\" content=\"Sonia\" \/>\n\t<meta name=\"twitter:label2\" content=\"Tiempo de lectura\" \/>\n\t<meta name=\"twitter:data2\" content=\"3 minutos\" \/>\n<script type=\"application\/ld+json\" class=\"yoast-schema-graph\">{\"@context\":\"https:\/\/schema.org\",\"@graph\":[{\"@type\":\"WebPage\",\"@id\":\"https:\/\/www.asajacyl.com\/salamanca\/asaja-salamanca-informa\/noticias\/18d-castilla-y-leon-se-suma-a-la-movilizacion-historica-de-agricultores-europeos-en-bruselas\",\"url\":\"https:\/\/www.asajacyl.com\/salamanca\/asaja-salamanca-informa\/noticias\/18d-castilla-y-leon-se-suma-a-la-movilizacion-historica-de-agricultores-europeos-en-bruselas\",\"name\":\"\u00a0#18D Castilla y Le\u00f3n se suma a la movilizaci\u00f3n hist\u00f3rica de agricultores europeos en Bruselas - ASAJA Salamanca\",\"isPartOf\":{\"@id\":\"https:\/\/www.asajacyl.com\/salamanca\/#website\"},\"primaryImageOfPage\":{\"@id\":\"https:\/\/www.asajacyl.com\/salamanca\/asaja-salamanca-informa\/noticias\/18d-castilla-y-leon-se-suma-a-la-movilizacion-historica-de-agricultores-europeos-en-bruselas#primaryimage\"},\"image\":{\"@id\":\"https:\/\/www.asajacyl.com\/salamanca\/asaja-salamanca-informa\/noticias\/18d-castilla-y-leon-se-suma-a-la-movilizacion-historica-de-agricultores-europeos-en-bruselas#primaryimage\"},\"thumbnailUrl\":\"https:\/\/www.asajacyl.com\/salamanca\/wp-content\/uploads\/sites\/7\/2025\/12\/WhatsApp-Image-2025-12-18-at-08.56.41.jpeg\",\"datePublished\":\"2025-12-18T08:07:55+00:00\",\"dateModified\":\"2025-12-30T07:42:58+00:00\",\"author\":{\"@id\":\"https:\/\/www.asajacyl.com\/salamanca\/#\/schema\/person\/2bfc7da09988e1087e6291fafe99b67f\"},\"description\":\"Donaciano Dujo: \u201cSi no se cambia la orientaci\u00f3n actual de la PAC, desaparecer\u00e1 la agricultura tal y como la conocemos\u201d Ma\u00f1ana Bruselas acoger\u00e1 una gran\",\"breadcrumb\":{\"@id\":\"https:\/\/www.asajacyl.com\/salamanca\/asaja-salamanca-informa\/noticias\/18d-castilla-y-leon-se-suma-a-la-movilizacion-historica-de-agricultores-europeos-en-bruselas#breadcrumb\"},\"inLanguage\":\"es\",\"potentialAction\":[{\"@type\":\"ReadAction\",\"target\":[\"https:\/\/www.asajacyl.com\/salamanca\/asaja-salamanca-informa\/noticias\/18d-castilla-y-leon-se-suma-a-la-movilizacion-historica-de-agricultores-europeos-en-bruselas\"]}]},{\"@type\":\"ImageObject\",\"inLanguage\":\"es\",\"@id\":\"https:\/\/www.asajacyl.com\/salamanca\/asaja-salamanca-informa\/noticias\/18d-castilla-y-leon-se-suma-a-la-movilizacion-historica-de-agricultores-europeos-en-bruselas#primaryimage\",\"url\":\"https:\/\/www.asajacyl.com\/salamanca\/wp-content\/uploads\/sites\/7\/2025\/12\/WhatsApp-Image-2025-12-18-at-08.56.41.jpeg\",\"contentUrl\":\"https:\/\/www.asajacyl.com\/salamanca\/wp-content\/uploads\/sites\/7\/2025\/12\/WhatsApp-Image-2025-12-18-at-08.56.41.jpeg\",\"width\":1284,\"height\":1593},{\"@type\":\"BreadcrumbList\",\"@id\":\"https:\/\/www.asajacyl.com\/salamanca\/asaja-salamanca-informa\/noticias\/18d-castilla-y-leon-se-suma-a-la-movilizacion-historica-de-agricultores-europeos-en-bruselas#breadcrumb\",\"itemListElement\":[{\"@type\":\"ListItem\",\"position\":1,\"name\":\"Portada\",\"item\":\"https:\/\/www.asajacyl.com\/salamanca\/\"},{\"@type\":\"ListItem\",\"position\":2,\"name\":\"\u00a0#18D Castilla y Le\u00f3n se suma a la movilizaci\u00f3n hist\u00f3rica de agricultores europeos en Bruselas\"}]},{\"@type\":\"WebSite\",\"@id\":\"https:\/\/www.asajacyl.com\/salamanca\/#website\",\"url\":\"https:\/\/www.asajacyl.com\/salamanca\/\",\"name\":\"ASAJA Salamanca\",\"description\":\"Otro sitio m\u00e1s de Provincias ASAJA Castilla y Le\u00f3n\",\"potentialAction\":[{\"@type\":\"SearchAction\",\"target\":{\"@type\":\"EntryPoint\",\"urlTemplate\":\"https:\/\/www.asajacyl.com\/salamanca\/?s={search_term_string}\"},\"query-input\":{\"@type\":\"PropertyValueSpecification\",\"valueRequired\":true,\"valueName\":\"search_term_string\"}}],\"inLanguage\":\"es\"},{\"@type\":\"Person\",\"@id\":\"https:\/\/www.asajacyl.com\/salamanca\/#\/schema\/person\/2bfc7da09988e1087e6291fafe99b67f\",\"name\":\"Sonia\",\"image\":{\"@type\":\"ImageObject\",\"inLanguage\":\"es\",\"@id\":\"https:\/\/www.asajacyl.com\/salamanca\/#\/schema\/person\/image\/\",\"url\":\"https:\/\/secure.gravatar.com\/avatar\/6b0d6eb461a1e3687cc023d59022ef0d?s=96&d=mm&r=g\",\"contentUrl\":\"https:\/\/secure.gravatar.com\/avatar\/6b0d6eb461a1e3687cc023d59022ef0d?s=96&d=mm&r=g\",\"caption\":\"Sonia\"},\"url\":\"https:\/\/www.asajacyl.com\/salamanca\/author\/juanluisde\"}]}<\/script>\n<!-- \/ Yoast SEO plugin. -->","yoast_head_json":{"title":"\u00a0#18D Castilla y Le\u00f3n se suma a la movilizaci\u00f3n hist\u00f3rica de agricultores europeos en Bruselas - ASAJA Salamanca","description":"Donaciano Dujo: \u201cSi no se cambia la orientaci\u00f3n actual de la PAC, desaparecer\u00e1 la agricultura tal y como la conocemos\u201d Ma\u00f1ana Bruselas acoger\u00e1 una gran","robots":{"index":"index","follow":"follow","max-snippet":"max-snippet:-1","max-image-preview":"max-image-preview:large","max-video-preview":"max-video-preview:-1"},"canonical":"https:\/\/www.asajacyl.com\/salamanca\/asaja-salamanca-informa\/noticias\/18d-castilla-y-leon-se-suma-a-la-movilizacion-historica-de-agricultores-europeos-en-bruselas","og_locale":"es_ES","og_type":"article","og_title":"\u00a0#18D Castilla y Le\u00f3n se suma a la movilizaci\u00f3n hist\u00f3rica de agricultores europeos en Bruselas - ASAJA Salamanca","og_description":"Donaciano Dujo: \u201cSi no se cambia la orientaci\u00f3n actual de la PAC, desaparecer\u00e1 la agricultura tal y como la conocemos\u201d Ma\u00f1ana Bruselas acoger\u00e1 una gran","og_url":"https:\/\/www.asajacyl.com\/salamanca\/asaja-salamanca-informa\/noticias\/18d-castilla-y-leon-se-suma-a-la-movilizacion-historica-de-agricultores-europeos-en-bruselas","og_site_name":"ASAJA Salamanca","article_published_time":"2025-12-18T08:07:55+00:00","article_modified_time":"2025-12-30T07:42:58+00:00","og_image":[{"width":1284,"height":1593,"url":"https:\/\/www.asajacyl.com\/salamanca\/wp-content\/uploads\/sites\/7\/2025\/12\/WhatsApp-Image-2025-12-18-at-08.56.41.jpeg","type":"image\/jpeg"}],"author":"Sonia","twitter_card":"summary_large_image","twitter_misc":{"Escrito por":"Sonia","Tiempo de lectura":"3 minutos"},"schema":{"@context":"https:\/\/schema.org","@graph":[{"@type":"WebPage","@id":"https:\/\/www.asajacyl.com\/salamanca\/asaja-salamanca-informa\/noticias\/18d-castilla-y-leon-se-suma-a-la-movilizacion-historica-de-agricultores-europeos-en-bruselas","url":"https:\/\/www.asajacyl.com\/salamanca\/asaja-salamanca-informa\/noticias\/18d-castilla-y-leon-se-suma-a-la-movilizacion-historica-de-agricultores-europeos-en-bruselas","name":"\u00a0#18D Castilla y Le\u00f3n se suma a la movilizaci\u00f3n hist\u00f3rica de agricultores europeos en Bruselas - ASAJA Salamanca","isPartOf":{"@id":"https:\/\/www.asajacyl.com\/salamanca\/#website"},"primaryImageOfPage":{"@id":"https:\/\/www.asajacyl.com\/salamanca\/asaja-salamanca-informa\/noticias\/18d-castilla-y-leon-se-suma-a-la-movilizacion-historica-de-agricultores-europeos-en-bruselas#primaryimage"},"image":{"@id":"https:\/\/www.asajacyl.com\/salamanca\/asaja-salamanca-informa\/noticias\/18d-castilla-y-leon-se-suma-a-la-movilizacion-historica-de-agricultores-europeos-en-bruselas#primaryimage"},"thumbnailUrl":"https:\/\/www.asajacyl.com\/salamanca\/wp-content\/uploads\/sites\/7\/2025\/12\/WhatsApp-Image-2025-12-18-at-08.56.41.jpeg","datePublished":"2025-12-18T08:07:55+00:00","dateModified":"2025-12-30T07:42:58+00:00","author":{"@id":"https:\/\/www.asajacyl.com\/salamanca\/#\/schema\/person\/2bfc7da09988e1087e6291fafe99b67f"},"description":"Donaciano Dujo: \u201cSi no se cambia la orientaci\u00f3n actual de la PAC, desaparecer\u00e1 la agricultura tal y como la conocemos\u201d Ma\u00f1ana Bruselas acoger\u00e1 una gran","breadcrumb":{"@id":"https:\/\/www.asajacyl.com\/salamanca\/asaja-salamanca-informa\/noticias\/18d-castilla-y-leon-se-suma-a-la-movilizacion-historica-de-agricultores-europeos-en-bruselas#breadcrumb"},"inLanguage":"es","potentialAction":[{"@type":"ReadAction","target":["https:\/\/www.asajacyl.com\/salamanca\/asaja-salamanca-informa\/noticias\/18d-castilla-y-leon-se-suma-a-la-movilizacion-historica-de-agricultores-europeos-en-bruselas"]}]},{"@type":"ImageObject","inLanguage":"es","@id":"https:\/\/www.asajacyl.com\/salamanca\/asaja-salamanca-informa\/noticias\/18d-castilla-y-leon-se-suma-a-la-movilizacion-historica-de-agricultores-europeos-en-bruselas#primaryimage","url":"https:\/\/www.asajacyl.com\/salamanca\/wp-content\/uploads\/sites\/7\/2025\/12\/WhatsApp-Image-2025-12-18-at-08.56.41.jpeg","contentUrl":"https:\/\/www.asajacyl.com\/salamanca\/wp-content\/uploads\/sites\/7\/2025\/12\/WhatsApp-Image-2025-12-18-at-08.56.41.jpeg","width":1284,"height":1593},{"@type":"BreadcrumbList","@id":"https:\/\/www.asajacyl.com\/salamanca\/asaja-salamanca-informa\/noticias\/18d-castilla-y-leon-se-suma-a-la-movilizacion-historica-de-agricultores-europeos-en-bruselas#breadcrumb","itemListElement":[{"@type":"ListItem","position":1,"name":"Portada","item":"https:\/\/www.asajacyl.com\/salamanca\/"},{"@type":"ListItem","position":2,"name":"\u00a0#18D Castilla y Le\u00f3n se suma a la movilizaci\u00f3n hist\u00f3rica de agricultores europeos en Bruselas"}]},{"@type":"WebSite","@id":"https:\/\/www.asajacyl.com\/salamanca\/#website","url":"https:\/\/www.asajacyl.com\/salamanca\/","name":"ASAJA Salamanca","description":"Otro sitio m\u00e1s de Provincias ASAJA Castilla y Le\u00f3n","potentialAction":[{"@type":"SearchAction","target":{"@type":"EntryPoint","urlTemplate":"https:\/\/www.asajacyl.com\/salamanca\/?s={search_term_string}"},"query-input":{"@type":"PropertyValueSpecification","valueRequired":true,"valueName":"search_term_string"}}],"inLanguage":"es"},{"@type":"Person","@id":"https:\/\/www.asajacyl.com\/salamanca\/#\/schema\/person\/2bfc7da09988e1087e6291fafe99b67f","name":"Sonia","image":{"@type":"ImageObject","inLanguage":"es","@id":"https:\/\/www.asajacyl.com\/salamanca\/#\/schema\/person\/image\/","url":"https:\/\/secure.gravatar.com\/avatar\/6b0d6eb461a1e3687cc023d59022ef0d?s=96&d=mm&r=g","contentUrl":"https:\/\/secure.gravatar.com\/avatar\/6b0d6eb461a1e3687cc023d59022ef0d?s=96&d=mm&r=g","caption":"Sonia"},"url":"https:\/\/www.asajacyl.com\/salamanca\/author\/juanluisde"}]}},"_links":{"self":[{"href":"https:\/\/www.asajacyl.com\/salamanca\/wp-json\/wp\/v2\/posts\/19996"}],"collection":[{"href":"https:\/\/www.asajacyl.com\/salamanca\/wp-json\/wp\/v2\/posts"}],"about":[{"href":"https:\/\/www.asajacyl.com\/salamanca\/wp-json\/wp\/v2\/types\/post"}],"author":[{"embeddable":true,"href":"https:\/\/www.asajacyl.com\/salamanca\/wp-json\/wp\/v2\/users\/10"}],"replies":[{"embeddable":true,"href":"https:\/\/www.asajacyl.com\/salamanca\/wp-json\/wp\/v2\/comments?post=19996"}],"version-history":[{"count":1,"href":"https:\/\/www.asajacyl.com\/salamanca\/wp-json\/wp\/v2\/posts\/19996\/revisions"}],"predecessor-version":[{"id":19998,"href":"https:\/\/www.asajacyl.com\/salamanca\/wp-json\/wp\/v2\/posts\/19996\/revisions\/19998"}],"wp:featuredmedia":[{"embeddable":true,"href":"https:\/\/www.asajacyl.com\/salamanca\/wp-json\/wp\/v2\/media\/19997"}],"wp:attachment":[{"href":"https:\/\/www.asajacyl.com\/salamanca\/wp-json\/wp\/v2\/media?parent=19996"}],"wp:term":[{"taxonomy":"category","embeddable":true,"href":"https:\/\/www.asajacyl.com\/salamanca\/wp-json\/wp\/v2\/categories?post=19996"},{"taxonomy":"post_tag","embeddable":true,"href":"https:\/\/www.asajacyl.com\/salamanca\/wp-json\/wp\/v2\/tags?post=19996"}],"curies":[{"name":"wp","href":"https:\/\/api.w.org\/{rel}","templated":true}]}}