{"id":20012,"date":"2025-12-19T09:50:05","date_gmt":"2025-12-19T08:50:05","guid":{"rendered":"https:\/\/www.asajacyl.com\/salamanca\/?p=20012"},"modified":"2026-02-24T13:50:34","modified_gmt":"2026-02-24T12:50:34","slug":"el-campo-europeo-logra-frenar-la-firma-del-acuerdo-con-mercosur-tras-una-masiva-movilizacion-en-bruselas","status":"publish","type":"post","link":"https:\/\/www.asajacyl.com\/salamanca\/asaja-salamanca-informa\/noticias\/el-campo-europeo-logra-frenar-la-firma-del-acuerdo-con-mercosur-tras-una-masiva-movilizacion-en-bruselas","title":{"rendered":"El campo europeo logra frenar la firma del acuerdo con MERCOSUR tras una masiva movilizaci\u00f3n en Bruselas"},"content":{"rendered":"\n<p>M\u00e1s de <strong>10.000 agricultores y ganaderos procedentes de toda Europa<\/strong>, entre ellos <strong>300 llegados desde Espa\u00f1<\/strong>a <strong>y una delegaci\u00f3n de Salamanca encabezada por su presidente, Juan Luis Delgado,<\/strong> se manifestaron ayer en <strong>Bruselas<\/strong> para defender el futuro del sector agrario y exigir cambios inmediatos en las pol\u00edticas comunitarias que est\u00e1n poniendo en riesgo la viabilidad de miles de explotaciones.<\/p>\n\n\n\n<p>La movilizaci\u00f3n, que volvi\u00f3 a evidenciar la unidad del campo europeo, consigui\u00f3 <strong>un primer logro importante<\/strong>: el <strong>aplazamiento de la firma del acuerdo comercial entre la Uni\u00f3n Europea y MERCOSUR<\/strong>. Un tratado que el sector rechaza frontalmente por permitir la entrada de producciones agrarias de terceros pa\u00edses que no cumplen los mismos est\u00e1ndares sanitarios, medioambientales y laborales que se exigen a los agricultores y ganaderos europeos, generando una clara competencia desleal.<\/p>\n\n\n\n<p>Durante la protesta, los participantes denunciaron el incremento constante e inasumible de los costes de producci\u00f3n, la falta de precios justos en origen, la excesiva carga burocr\u00e1tica que asfixia al sector y unas pol\u00edticas comerciales que priorizan intereses ajenos al campo frente a la rentabilidad de las explotaciones. Asimismo, se reclam\u00f3 una <strong>Pol\u00edtica Agraria Com\u00fan m\u00e1s justa y equilibrada<\/strong>, que apueste de manera decidida por los profesionales del sector, garantice el relevo generacional y asegure el mantenimiento de la actividad agraria en el medio rural.<\/p>\n\n\n\n<p>Desde <strong>ASAJA Salamanca<\/strong> se valora positivamente el aplazamiento del acuerdo con MERCOSUR, pero tambi\u00e9n se muestra <strong>preocupaci\u00f3n por la futura PAC 2028-2034<\/strong>, cuyas propuestas preliminares plantean <strong>recortes significativos en determinadas ayudas directas<\/strong>, una <strong>mayor carga administrativa<\/strong> y criterios ambientales que, en su forma actual, podr\u00edan dejar fuera a muchas explotaciones familiares. La organizaci\u00f3n insiste en que la PAC debe garantizar <strong>precios justos, apoyos suficientes para la rentabilidad de las explotaciones y medidas efectivas de transici\u00f3n hacia la sostenibilidad<\/strong>, sin comprometer la viabilidad econ\u00f3mica de los agricultores y ganaderos profesionales.<\/p>\n\n\n\n<p>ASAJA Salamanca advierte de que el futuro del campo est\u00e1 en juego y que solo a trav\u00e9s de la movilizaci\u00f3n y la defensa firme de los intereses del sector se podr\u00e1n conseguir pol\u00edticas que garanticen la soberan\u00eda alimentaria, la seguridad de los consumidores y la continuidad de un modelo de agricultura y ganader\u00eda profesional, social y sostenible. Por ello, la organizaci\u00f3n <strong>anuncia pr\u00f3ximas movilizaciones<\/strong> si no se producen avances reales, recordando que la defensa del sector es una tarea continua y que el campo seguir\u00e1 alzando la voz hasta lograr pol\u00edticas que garanticen la <strong>soberan\u00eda alimentaria, la rentabilidad de las explotaciones y la supervivencia del medio rural<\/strong>.<\/p>\n\n\n\n<h2 class=\"wp-block-heading\"><strong>GALER\u00cdA DE IM\u00c1GENES<\/strong><\/h2>\n\n\n\n<figure class=\"wp-block-gallery has-nested-images columns-default is-cropped wp-block-gallery-1 is-layout-flex wp-block-gallery-is-layout-flex\">\n<figure class=\"wp-block-image size-large\"><img loading=\"lazy\" decoding=\"async\" width=\"1024\" height=\"659\" data-id=\"20023\" src=\"https:\/\/www.asajacyl.com\/salamanca\/wp-content\/uploads\/sites\/7\/2025\/12\/599949990_1278831410952157_5269463919246799761_n-1024x659.jpg\" alt=\"\" class=\"wp-image-20023\" srcset=\"https:\/\/www.asajacyl.com\/salamanca\/wp-content\/uploads\/sites\/7\/2025\/12\/599949990_1278831410952157_5269463919246799761_n-1024x659.jpg 1024w, https:\/\/www.asajacyl.com\/salamanca\/wp-content\/uploads\/sites\/7\/2025\/12\/599949990_1278831410952157_5269463919246799761_n-300x193.jpg 300w, https:\/\/www.asajacyl.com\/salamanca\/wp-content\/uploads\/sites\/7\/2025\/12\/599949990_1278831410952157_5269463919246799761_n-768x494.jpg 768w, https:\/\/www.asajacyl.com\/salamanca\/wp-content\/uploads\/sites\/7\/2025\/12\/599949990_1278831410952157_5269463919246799761_n-1536x988.jpg 1536w, https:\/\/www.asajacyl.com\/salamanca\/wp-content\/uploads\/sites\/7\/2025\/12\/599949990_1278831410952157_5269463919246799761_n-653x420.jpg 653w, https:\/\/www.asajacyl.com\/salamanca\/wp-content\/uploads\/sites\/7\/2025\/12\/599949990_1278831410952157_5269463919246799761_n-696x448.jpg 696w, https:\/\/www.asajacyl.com\/salamanca\/wp-content\/uploads\/sites\/7\/2025\/12\/599949990_1278831410952157_5269463919246799761_n-1068x687.jpg 1068w, https:\/\/www.asajacyl.com\/salamanca\/wp-content\/uploads\/sites\/7\/2025\/12\/599949990_1278831410952157_5269463919246799761_n.jpg 1567w\" sizes=\"(max-width: 1024px) 100vw, 1024px\" \/><\/figure>\n\n\n\n<figure class=\"wp-block-image size-large\"><img loading=\"lazy\" decoding=\"async\" width=\"1024\" height=\"768\" data-id=\"20019\" src=\"https:\/\/www.asajacyl.com\/salamanca\/wp-content\/uploads\/sites\/7\/2025\/12\/WhatsApp-Image-2025-12-19-at-09.38.41-1024x768.jpeg\" alt=\"\" class=\"wp-image-20019\" srcset=\"https:\/\/www.asajacyl.com\/salamanca\/wp-content\/uploads\/sites\/7\/2025\/12\/WhatsApp-Image-2025-12-19-at-09.38.41-1024x768.jpeg 1024w, https:\/\/www.asajacyl.com\/salamanca\/wp-content\/uploads\/sites\/7\/2025\/12\/WhatsApp-Image-2025-12-19-at-09.38.41-300x225.jpeg 300w, https:\/\/www.asajacyl.com\/salamanca\/wp-content\/uploads\/sites\/7\/2025\/12\/WhatsApp-Image-2025-12-19-at-09.38.41-768x576.jpeg 768w, https:\/\/www.asajacyl.com\/salamanca\/wp-content\/uploads\/sites\/7\/2025\/12\/WhatsApp-Image-2025-12-19-at-09.38.41-1536x1152.jpeg 1536w, https:\/\/www.asajacyl.com\/salamanca\/wp-content\/uploads\/sites\/7\/2025\/12\/WhatsApp-Image-2025-12-19-at-09.38.41-560x420.jpeg 560w, https:\/\/www.asajacyl.com\/salamanca\/wp-content\/uploads\/sites\/7\/2025\/12\/WhatsApp-Image-2025-12-19-at-09.38.41-80x60.jpeg 80w, https:\/\/www.asajacyl.com\/salamanca\/wp-content\/uploads\/sites\/7\/2025\/12\/WhatsApp-Image-2025-12-19-at-09.38.41-696x522.jpeg 696w, https:\/\/www.asajacyl.com\/salamanca\/wp-content\/uploads\/sites\/7\/2025\/12\/WhatsApp-Image-2025-12-19-at-09.38.41-1068x801.jpeg 1068w, https:\/\/www.asajacyl.com\/salamanca\/wp-content\/uploads\/sites\/7\/2025\/12\/WhatsApp-Image-2025-12-19-at-09.38.41.jpeg 1600w\" sizes=\"(max-width: 1024px) 100vw, 1024px\" \/><\/figure>\n\n\n\n<figure class=\"wp-block-image size-large\"><img loading=\"lazy\" decoding=\"async\" width=\"768\" height=\"1024\" data-id=\"20014\" src=\"https:\/\/www.asajacyl.com\/salamanca\/wp-content\/uploads\/sites\/7\/2025\/12\/WhatsApp-Image-2025-12-18-at-12.48.01-768x1024.jpeg\" alt=\"\" class=\"wp-image-20014\" srcset=\"https:\/\/www.asajacyl.com\/salamanca\/wp-content\/uploads\/sites\/7\/2025\/12\/WhatsApp-Image-2025-12-18-at-12.48.01-768x1024.jpeg 768w, https:\/\/www.asajacyl.com\/salamanca\/wp-content\/uploads\/sites\/7\/2025\/12\/WhatsApp-Image-2025-12-18-at-12.48.01-225x300.jpeg 225w, https:\/\/www.asajacyl.com\/salamanca\/wp-content\/uploads\/sites\/7\/2025\/12\/WhatsApp-Image-2025-12-18-at-12.48.01-1152x1536.jpeg 1152w, https:\/\/www.asajacyl.com\/salamanca\/wp-content\/uploads\/sites\/7\/2025\/12\/WhatsApp-Image-2025-12-18-at-12.48.01-315x420.jpeg 315w, https:\/\/www.asajacyl.com\/salamanca\/wp-content\/uploads\/sites\/7\/2025\/12\/WhatsApp-Image-2025-12-18-at-12.48.01-696x928.jpeg 696w, https:\/\/www.asajacyl.com\/salamanca\/wp-content\/uploads\/sites\/7\/2025\/12\/WhatsApp-Image-2025-12-18-at-12.48.01-1068x1424.jpeg 1068w, https:\/\/www.asajacyl.com\/salamanca\/wp-content\/uploads\/sites\/7\/2025\/12\/WhatsApp-Image-2025-12-18-at-12.48.01.jpeg 1200w\" sizes=\"(max-width: 768px) 100vw, 768px\" \/><\/figure>\n\n\n\n<figure class=\"wp-block-image size-large\"><img loading=\"lazy\" decoding=\"async\" width=\"1024\" height=\"768\" data-id=\"20013\" src=\"https:\/\/www.asajacyl.com\/salamanca\/wp-content\/uploads\/sites\/7\/2025\/12\/WhatsApp-Image-2025-12-18-at-12.39.08-1024x768.jpeg\" alt=\"\" class=\"wp-image-20013\" srcset=\"https:\/\/www.asajacyl.com\/salamanca\/wp-content\/uploads\/sites\/7\/2025\/12\/WhatsApp-Image-2025-12-18-at-12.39.08-1024x768.jpeg 1024w, https:\/\/www.asajacyl.com\/salamanca\/wp-content\/uploads\/sites\/7\/2025\/12\/WhatsApp-Image-2025-12-18-at-12.39.08-300x225.jpeg 300w, https:\/\/www.asajacyl.com\/salamanca\/wp-content\/uploads\/sites\/7\/2025\/12\/WhatsApp-Image-2025-12-18-at-12.39.08-768x576.jpeg 768w, https:\/\/www.asajacyl.com\/salamanca\/wp-content\/uploads\/sites\/7\/2025\/12\/WhatsApp-Image-2025-12-18-at-12.39.08-1536x1152.jpeg 1536w, https:\/\/www.asajacyl.com\/salamanca\/wp-content\/uploads\/sites\/7\/2025\/12\/WhatsApp-Image-2025-12-18-at-12.39.08-560x420.jpeg 560w, https:\/\/www.asajacyl.com\/salamanca\/wp-content\/uploads\/sites\/7\/2025\/12\/WhatsApp-Image-2025-12-18-at-12.39.08-80x60.jpeg 80w, https:\/\/www.asajacyl.com\/salamanca\/wp-content\/uploads\/sites\/7\/2025\/12\/WhatsApp-Image-2025-12-18-at-12.39.08-696x522.jpeg 696w, https:\/\/www.asajacyl.com\/salamanca\/wp-content\/uploads\/sites\/7\/2025\/12\/WhatsApp-Image-2025-12-18-at-12.39.08-1068x801.jpeg 1068w, https:\/\/www.asajacyl.com\/salamanca\/wp-content\/uploads\/sites\/7\/2025\/12\/WhatsApp-Image-2025-12-18-at-12.39.08.jpeg 1600w\" sizes=\"(max-width: 1024px) 100vw, 1024px\" \/><\/figure>\n\n\n\n<figure class=\"wp-block-image size-large\"><img loading=\"lazy\" decoding=\"async\" width=\"1024\" height=\"572\" data-id=\"20015\" src=\"https:\/\/www.asajacyl.com\/salamanca\/wp-content\/uploads\/sites\/7\/2025\/12\/WhatsApp-Image-2025-12-18-at-21.38.18-2-1024x572.jpeg\" alt=\"\" class=\"wp-image-20015\" srcset=\"https:\/\/www.asajacyl.com\/salamanca\/wp-content\/uploads\/sites\/7\/2025\/12\/WhatsApp-Image-2025-12-18-at-21.38.18-2-1024x572.jpeg 1024w, https:\/\/www.asajacyl.com\/salamanca\/wp-content\/uploads\/sites\/7\/2025\/12\/WhatsApp-Image-2025-12-18-at-21.38.18-2-300x168.jpeg 300w, https:\/\/www.asajacyl.com\/salamanca\/wp-content\/uploads\/sites\/7\/2025\/12\/WhatsApp-Image-2025-12-18-at-21.38.18-2-768x429.jpeg 768w, https:\/\/www.asajacyl.com\/salamanca\/wp-content\/uploads\/sites\/7\/2025\/12\/WhatsApp-Image-2025-12-18-at-21.38.18-2-752x420.jpeg 752w, https:\/\/www.asajacyl.com\/salamanca\/wp-content\/uploads\/sites\/7\/2025\/12\/WhatsApp-Image-2025-12-18-at-21.38.18-2-696x389.jpeg 696w, https:\/\/www.asajacyl.com\/salamanca\/wp-content\/uploads\/sites\/7\/2025\/12\/WhatsApp-Image-2025-12-18-at-21.38.18-2-1068x596.jpeg 1068w, https:\/\/www.asajacyl.com\/salamanca\/wp-content\/uploads\/sites\/7\/2025\/12\/WhatsApp-Image-2025-12-18-at-21.38.18-2.jpeg 1080w\" sizes=\"(max-width: 1024px) 100vw, 1024px\" \/><\/figure>\n\n\n\n<figure class=\"wp-block-image size-large\"><img loading=\"lazy\" decoding=\"async\" width=\"1024\" height=\"654\" data-id=\"20016\" src=\"https:\/\/www.asajacyl.com\/salamanca\/wp-content\/uploads\/sites\/7\/2025\/12\/WhatsApp-Image-2025-12-18-at-21.38.18-1024x654.jpeg\" alt=\"\" class=\"wp-image-20016\" srcset=\"https:\/\/www.asajacyl.com\/salamanca\/wp-content\/uploads\/sites\/7\/2025\/12\/WhatsApp-Image-2025-12-18-at-21.38.18-1024x654.jpeg 1024w, https:\/\/www.asajacyl.com\/salamanca\/wp-content\/uploads\/sites\/7\/2025\/12\/WhatsApp-Image-2025-12-18-at-21.38.18-300x192.jpeg 300w, https:\/\/www.asajacyl.com\/salamanca\/wp-content\/uploads\/sites\/7\/2025\/12\/WhatsApp-Image-2025-12-18-at-21.38.18-768x491.jpeg 768w, https:\/\/www.asajacyl.com\/salamanca\/wp-content\/uploads\/sites\/7\/2025\/12\/WhatsApp-Image-2025-12-18-at-21.38.18-657x420.jpeg 657w, https:\/\/www.asajacyl.com\/salamanca\/wp-content\/uploads\/sites\/7\/2025\/12\/WhatsApp-Image-2025-12-18-at-21.38.18-696x445.jpeg 696w, https:\/\/www.asajacyl.com\/salamanca\/wp-content\/uploads\/sites\/7\/2025\/12\/WhatsApp-Image-2025-12-18-at-21.38.18-1068x682.jpeg 1068w, https:\/\/www.asajacyl.com\/salamanca\/wp-content\/uploads\/sites\/7\/2025\/12\/WhatsApp-Image-2025-12-18-at-21.38.18.jpeg 1080w\" sizes=\"(max-width: 1024px) 100vw, 1024px\" \/><\/figure>\n\n\n\n<figure class=\"wp-block-image size-large\"><img loading=\"lazy\" decoding=\"async\" width=\"768\" height=\"1024\" data-id=\"20017\" src=\"https:\/\/www.asajacyl.com\/salamanca\/wp-content\/uploads\/sites\/7\/2025\/12\/WhatsApp-Image-2025-12-18-at-22.36.00-1-768x1024.jpeg\" alt=\"\" class=\"wp-image-20017\" srcset=\"https:\/\/www.asajacyl.com\/salamanca\/wp-content\/uploads\/sites\/7\/2025\/12\/WhatsApp-Image-2025-12-18-at-22.36.00-1-768x1024.jpeg 768w, https:\/\/www.asajacyl.com\/salamanca\/wp-content\/uploads\/sites\/7\/2025\/12\/WhatsApp-Image-2025-12-18-at-22.36.00-1-225x300.jpeg 225w, https:\/\/www.asajacyl.com\/salamanca\/wp-content\/uploads\/sites\/7\/2025\/12\/WhatsApp-Image-2025-12-18-at-22.36.00-1-1152x1536.jpeg 1152w, https:\/\/www.asajacyl.com\/salamanca\/wp-content\/uploads\/sites\/7\/2025\/12\/WhatsApp-Image-2025-12-18-at-22.36.00-1-315x420.jpeg 315w, https:\/\/www.asajacyl.com\/salamanca\/wp-content\/uploads\/sites\/7\/2025\/12\/WhatsApp-Image-2025-12-18-at-22.36.00-1-696x928.jpeg 696w, https:\/\/www.asajacyl.com\/salamanca\/wp-content\/uploads\/sites\/7\/2025\/12\/WhatsApp-Image-2025-12-18-at-22.36.00-1-1068x1424.jpeg 1068w, https:\/\/www.asajacyl.com\/salamanca\/wp-content\/uploads\/sites\/7\/2025\/12\/WhatsApp-Image-2025-12-18-at-22.36.00-1.jpeg 1440w\" sizes=\"(max-width: 768px) 100vw, 768px\" \/><\/figure>\n\n\n\n<figure class=\"wp-block-image size-large\"><img loading=\"lazy\" decoding=\"async\" width=\"768\" height=\"1024\" data-id=\"20018\" src=\"https:\/\/www.asajacyl.com\/salamanca\/wp-content\/uploads\/sites\/7\/2025\/12\/WhatsApp-Image-2025-12-18-at-22.36.00-768x1024.jpeg\" alt=\"\" class=\"wp-image-20018\" srcset=\"https:\/\/www.asajacyl.com\/salamanca\/wp-content\/uploads\/sites\/7\/2025\/12\/WhatsApp-Image-2025-12-18-at-22.36.00-768x1024.jpeg 768w, https:\/\/www.asajacyl.com\/salamanca\/wp-content\/uploads\/sites\/7\/2025\/12\/WhatsApp-Image-2025-12-18-at-22.36.00-225x300.jpeg 225w, https:\/\/www.asajacyl.com\/salamanca\/wp-content\/uploads\/sites\/7\/2025\/12\/WhatsApp-Image-2025-12-18-at-22.36.00-315x420.jpeg 315w, https:\/\/www.asajacyl.com\/salamanca\/wp-content\/uploads\/sites\/7\/2025\/12\/WhatsApp-Image-2025-12-18-at-22.36.00-696x928.jpeg 696w, https:\/\/www.asajacyl.com\/salamanca\/wp-content\/uploads\/sites\/7\/2025\/12\/WhatsApp-Image-2025-12-18-at-22.36.00-1068x1424.jpeg 1068w, https:\/\/www.asajacyl.com\/salamanca\/wp-content\/uploads\/sites\/7\/2025\/12\/WhatsApp-Image-2025-12-18-at-22.36.00.jpeg 1080w\" sizes=\"(max-width: 768px) 100vw, 768px\" \/><\/figure>\n\n\n\n<figure class=\"wp-block-image size-large\"><img loading=\"lazy\" decoding=\"async\" width=\"1024\" height=\"683\" data-id=\"20020\" src=\"https:\/\/www.asajacyl.com\/salamanca\/wp-content\/uploads\/sites\/7\/2025\/12\/499a844f-d9a9-45a5-bb64-ae1647d22f02_alta-libre-aspect-ratio_default_0-1024x683.jpg\" alt=\"\" class=\"wp-image-20020\" srcset=\"https:\/\/www.asajacyl.com\/salamanca\/wp-content\/uploads\/sites\/7\/2025\/12\/499a844f-d9a9-45a5-bb64-ae1647d22f02_alta-libre-aspect-ratio_default_0-1024x683.jpg 1024w, https:\/\/www.asajacyl.com\/salamanca\/wp-content\/uploads\/sites\/7\/2025\/12\/499a844f-d9a9-45a5-bb64-ae1647d22f02_alta-libre-aspect-ratio_default_0-300x200.jpg 300w, https:\/\/www.asajacyl.com\/salamanca\/wp-content\/uploads\/sites\/7\/2025\/12\/499a844f-d9a9-45a5-bb64-ae1647d22f02_alta-libre-aspect-ratio_default_0-768x512.jpg 768w, https:\/\/www.asajacyl.com\/salamanca\/wp-content\/uploads\/sites\/7\/2025\/12\/499a844f-d9a9-45a5-bb64-ae1647d22f02_alta-libre-aspect-ratio_default_0-630x420.jpg 630w, https:\/\/www.asajacyl.com\/salamanca\/wp-content\/uploads\/sites\/7\/2025\/12\/499a844f-d9a9-45a5-bb64-ae1647d22f02_alta-libre-aspect-ratio_default_0-696x464.jpg 696w, https:\/\/www.asajacyl.com\/salamanca\/wp-content\/uploads\/sites\/7\/2025\/12\/499a844f-d9a9-45a5-bb64-ae1647d22f02_alta-libre-aspect-ratio_default_0-1068x712.jpg 1068w, https:\/\/www.asajacyl.com\/salamanca\/wp-content\/uploads\/sites\/7\/2025\/12\/499a844f-d9a9-45a5-bb64-ae1647d22f02_alta-libre-aspect-ratio_default_0.jpg 1200w\" sizes=\"(max-width: 1024px) 100vw, 1024px\" \/><\/figure>\n\n\n\n<figure class=\"wp-block-image size-large\"><img loading=\"lazy\" decoding=\"async\" width=\"1024\" height=\"768\" data-id=\"20021\" src=\"https:\/\/www.asajacyl.com\/salamanca\/wp-content\/uploads\/sites\/7\/2025\/12\/597792346_1278836047618360_2636611524969367199_n-1024x768.jpg\" alt=\"\" class=\"wp-image-20021\" srcset=\"https:\/\/www.asajacyl.com\/salamanca\/wp-content\/uploads\/sites\/7\/2025\/12\/597792346_1278836047618360_2636611524969367199_n-1024x768.jpg 1024w, https:\/\/www.asajacyl.com\/salamanca\/wp-content\/uploads\/sites\/7\/2025\/12\/597792346_1278836047618360_2636611524969367199_n-300x225.jpg 300w, https:\/\/www.asajacyl.com\/salamanca\/wp-content\/uploads\/sites\/7\/2025\/12\/597792346_1278836047618360_2636611524969367199_n-768x576.jpg 768w, https:\/\/www.asajacyl.com\/salamanca\/wp-content\/uploads\/sites\/7\/2025\/12\/597792346_1278836047618360_2636611524969367199_n-1536x1152.jpg 1536w, https:\/\/www.asajacyl.com\/salamanca\/wp-content\/uploads\/sites\/7\/2025\/12\/597792346_1278836047618360_2636611524969367199_n-560x420.jpg 560w, https:\/\/www.asajacyl.com\/salamanca\/wp-content\/uploads\/sites\/7\/2025\/12\/597792346_1278836047618360_2636611524969367199_n-80x60.jpg 80w, https:\/\/www.asajacyl.com\/salamanca\/wp-content\/uploads\/sites\/7\/2025\/12\/597792346_1278836047618360_2636611524969367199_n-696x522.jpg 696w, https:\/\/www.asajacyl.com\/salamanca\/wp-content\/uploads\/sites\/7\/2025\/12\/597792346_1278836047618360_2636611524969367199_n-1068x801.jpg 1068w, https:\/\/www.asajacyl.com\/salamanca\/wp-content\/uploads\/sites\/7\/2025\/12\/597792346_1278836047618360_2636611524969367199_n-1920x1440.jpg 1920w, https:\/\/www.asajacyl.com\/salamanca\/wp-content\/uploads\/sites\/7\/2025\/12\/597792346_1278836047618360_2636611524969367199_n.jpg 2048w\" sizes=\"(max-width: 1024px) 100vw, 1024px\" \/><\/figure>\n\n\n\n<figure class=\"wp-block-image size-large\"><img loading=\"lazy\" decoding=\"async\" width=\"1024\" height=\"768\" data-id=\"20029\" src=\"https:\/\/www.asajacyl.com\/salamanca\/wp-content\/uploads\/sites\/7\/2025\/12\/FOTOS-MANIFA-BRUSELAS-14-1024x768.jpg\" alt=\"\" class=\"wp-image-20029\" srcset=\"https:\/\/www.asajacyl.com\/salamanca\/wp-content\/uploads\/sites\/7\/2025\/12\/FOTOS-MANIFA-BRUSELAS-14-1024x768.jpg 1024w, https:\/\/www.asajacyl.com\/salamanca\/wp-content\/uploads\/sites\/7\/2025\/12\/FOTOS-MANIFA-BRUSELAS-14-300x225.jpg 300w, https:\/\/www.asajacyl.com\/salamanca\/wp-content\/uploads\/sites\/7\/2025\/12\/FOTOS-MANIFA-BRUSELAS-14-768x576.jpg 768w, https:\/\/www.asajacyl.com\/salamanca\/wp-content\/uploads\/sites\/7\/2025\/12\/FOTOS-MANIFA-BRUSELAS-14-1536x1152.jpg 1536w, https:\/\/www.asajacyl.com\/salamanca\/wp-content\/uploads\/sites\/7\/2025\/12\/FOTOS-MANIFA-BRUSELAS-14-560x420.jpg 560w, https:\/\/www.asajacyl.com\/salamanca\/wp-content\/uploads\/sites\/7\/2025\/12\/FOTOS-MANIFA-BRUSELAS-14-80x60.jpg 80w, https:\/\/www.asajacyl.com\/salamanca\/wp-content\/uploads\/sites\/7\/2025\/12\/FOTOS-MANIFA-BRUSELAS-14-696x522.jpg 696w, https:\/\/www.asajacyl.com\/salamanca\/wp-content\/uploads\/sites\/7\/2025\/12\/FOTOS-MANIFA-BRUSELAS-14-1068x801.jpg 1068w, https:\/\/www.asajacyl.com\/salamanca\/wp-content\/uploads\/sites\/7\/2025\/12\/FOTOS-MANIFA-BRUSELAS-14.jpg 1600w\" sizes=\"(max-width: 1024px) 100vw, 1024px\" \/><\/figure>\n\n\n\n<figure class=\"wp-block-image size-large\"><img loading=\"lazy\" decoding=\"async\" width=\"1024\" height=\"768\" data-id=\"20022\" src=\"https:\/\/www.asajacyl.com\/salamanca\/wp-content\/uploads\/sites\/7\/2025\/12\/599936789_1278835854285046_967017538183175410_n-1024x768.jpg\" alt=\"\" class=\"wp-image-20022\" srcset=\"https:\/\/www.asajacyl.com\/salamanca\/wp-content\/uploads\/sites\/7\/2025\/12\/599936789_1278835854285046_967017538183175410_n-1024x768.jpg 1024w, https:\/\/www.asajacyl.com\/salamanca\/wp-content\/uploads\/sites\/7\/2025\/12\/599936789_1278835854285046_967017538183175410_n-300x225.jpg 300w, https:\/\/www.asajacyl.com\/salamanca\/wp-content\/uploads\/sites\/7\/2025\/12\/599936789_1278835854285046_967017538183175410_n-768x576.jpg 768w, https:\/\/www.asajacyl.com\/salamanca\/wp-content\/uploads\/sites\/7\/2025\/12\/599936789_1278835854285046_967017538183175410_n-1536x1152.jpg 1536w, https:\/\/www.asajacyl.com\/salamanca\/wp-content\/uploads\/sites\/7\/2025\/12\/599936789_1278835854285046_967017538183175410_n-560x420.jpg 560w, https:\/\/www.asajacyl.com\/salamanca\/wp-content\/uploads\/sites\/7\/2025\/12\/599936789_1278835854285046_967017538183175410_n-80x60.jpg 80w, https:\/\/www.asajacyl.com\/salamanca\/wp-content\/uploads\/sites\/7\/2025\/12\/599936789_1278835854285046_967017538183175410_n-696x522.jpg 696w, https:\/\/www.asajacyl.com\/salamanca\/wp-content\/uploads\/sites\/7\/2025\/12\/599936789_1278835854285046_967017538183175410_n-1068x801.jpg 1068w, https:\/\/www.asajacyl.com\/salamanca\/wp-content\/uploads\/sites\/7\/2025\/12\/599936789_1278835854285046_967017538183175410_n-1920x1440.jpg 1920w, https:\/\/www.asajacyl.com\/salamanca\/wp-content\/uploads\/sites\/7\/2025\/12\/599936789_1278835854285046_967017538183175410_n.jpg 2048w\" sizes=\"(max-width: 1024px) 100vw, 1024px\" \/><\/figure>\n\n\n\n<figure class=\"wp-block-image size-large\"><img loading=\"lazy\" decoding=\"async\" width=\"1024\" height=\"576\" data-id=\"20024\" src=\"https:\/\/www.asajacyl.com\/salamanca\/wp-content\/uploads\/sites\/7\/2025\/12\/601809278_1278830627618902_1254794346289982208_n-1024x576.jpg\" alt=\"\" class=\"wp-image-20024\" srcset=\"https:\/\/www.asajacyl.com\/salamanca\/wp-content\/uploads\/sites\/7\/2025\/12\/601809278_1278830627618902_1254794346289982208_n-1024x576.jpg 1024w, https:\/\/www.asajacyl.com\/salamanca\/wp-content\/uploads\/sites\/7\/2025\/12\/601809278_1278830627618902_1254794346289982208_n-300x169.jpg 300w, https:\/\/www.asajacyl.com\/salamanca\/wp-content\/uploads\/sites\/7\/2025\/12\/601809278_1278830627618902_1254794346289982208_n-768x432.jpg 768w, https:\/\/www.asajacyl.com\/salamanca\/wp-content\/uploads\/sites\/7\/2025\/12\/601809278_1278830627618902_1254794346289982208_n-1536x864.jpg 1536w, https:\/\/www.asajacyl.com\/salamanca\/wp-content\/uploads\/sites\/7\/2025\/12\/601809278_1278830627618902_1254794346289982208_n-747x420.jpg 747w, https:\/\/www.asajacyl.com\/salamanca\/wp-content\/uploads\/sites\/7\/2025\/12\/601809278_1278830627618902_1254794346289982208_n-696x392.jpg 696w, https:\/\/www.asajacyl.com\/salamanca\/wp-content\/uploads\/sites\/7\/2025\/12\/601809278_1278830627618902_1254794346289982208_n-1068x601.jpg 1068w, https:\/\/www.asajacyl.com\/salamanca\/wp-content\/uploads\/sites\/7\/2025\/12\/601809278_1278830627618902_1254794346289982208_n.jpg 1600w\" sizes=\"(max-width: 1024px) 100vw, 1024px\" \/><\/figure>\n\n\n\n<figure class=\"wp-block-image size-large\"><img loading=\"lazy\" decoding=\"async\" width=\"1960\" height=\"1308\" data-id=\"20025\" src=\"https:\/\/www.asajacyl.com\/salamanca\/wp-content\/uploads\/sites\/7\/2025\/12\/AD3N6EA2IBA7VFCSA4FXLKLWAY.jpg\" alt=\"\" class=\"wp-image-20025\" \/><\/figure>\n\n\n\n<figure class=\"wp-block-image size-large\"><img loading=\"lazy\" decoding=\"async\" width=\"1024\" height=\"683\" data-id=\"20026\" src=\"https:\/\/www.asajacyl.com\/salamanca\/wp-content\/uploads\/sites\/7\/2025\/12\/ccbabee3-5733-4d16-9cab-b8c6f779d53d_alta-libre-aspect-ratio_default_0-1024x683.jpg\" alt=\"\" class=\"wp-image-20026\" srcset=\"https:\/\/www.asajacyl.com\/salamanca\/wp-content\/uploads\/sites\/7\/2025\/12\/ccbabee3-5733-4d16-9cab-b8c6f779d53d_alta-libre-aspect-ratio_default_0-1024x683.jpg 1024w, https:\/\/www.asajacyl.com\/salamanca\/wp-content\/uploads\/sites\/7\/2025\/12\/ccbabee3-5733-4d16-9cab-b8c6f779d53d_alta-libre-aspect-ratio_default_0-300x200.jpg 300w, https:\/\/www.asajacyl.com\/salamanca\/wp-content\/uploads\/sites\/7\/2025\/12\/ccbabee3-5733-4d16-9cab-b8c6f779d53d_alta-libre-aspect-ratio_default_0-768x512.jpg 768w, https:\/\/www.asajacyl.com\/salamanca\/wp-content\/uploads\/sites\/7\/2025\/12\/ccbabee3-5733-4d16-9cab-b8c6f779d53d_alta-libre-aspect-ratio_default_0-630x420.jpg 630w, https:\/\/www.asajacyl.com\/salamanca\/wp-content\/uploads\/sites\/7\/2025\/12\/ccbabee3-5733-4d16-9cab-b8c6f779d53d_alta-libre-aspect-ratio_default_0-696x464.jpg 696w, https:\/\/www.asajacyl.com\/salamanca\/wp-content\/uploads\/sites\/7\/2025\/12\/ccbabee3-5733-4d16-9cab-b8c6f779d53d_alta-libre-aspect-ratio_default_0-1068x712.jpg 1068w, https:\/\/www.asajacyl.com\/salamanca\/wp-content\/uploads\/sites\/7\/2025\/12\/ccbabee3-5733-4d16-9cab-b8c6f779d53d_alta-libre-aspect-ratio_default_0.jpg 1200w\" sizes=\"(max-width: 1024px) 100vw, 1024px\" \/><\/figure>\n\n\n\n<figure class=\"wp-block-image size-large\"><img loading=\"lazy\" decoding=\"async\" width=\"1024\" height=\"683\" data-id=\"20027\" src=\"https:\/\/www.asajacyl.com\/salamanca\/wp-content\/uploads\/sites\/7\/2025\/12\/e5541176-66c6-44df-8f51-3f4526a3eee8_alta-libre-aspect-ratio_default_0-1024x683.jpg\" alt=\"\" class=\"wp-image-20027\" srcset=\"https:\/\/www.asajacyl.com\/salamanca\/wp-content\/uploads\/sites\/7\/2025\/12\/e5541176-66c6-44df-8f51-3f4526a3eee8_alta-libre-aspect-ratio_default_0-1024x683.jpg 1024w, https:\/\/www.asajacyl.com\/salamanca\/wp-content\/uploads\/sites\/7\/2025\/12\/e5541176-66c6-44df-8f51-3f4526a3eee8_alta-libre-aspect-ratio_default_0-300x200.jpg 300w, https:\/\/www.asajacyl.com\/salamanca\/wp-content\/uploads\/sites\/7\/2025\/12\/e5541176-66c6-44df-8f51-3f4526a3eee8_alta-libre-aspect-ratio_default_0-768x512.jpg 768w, https:\/\/www.asajacyl.com\/salamanca\/wp-content\/uploads\/sites\/7\/2025\/12\/e5541176-66c6-44df-8f51-3f4526a3eee8_alta-libre-aspect-ratio_default_0-630x420.jpg 630w, https:\/\/www.asajacyl.com\/salamanca\/wp-content\/uploads\/sites\/7\/2025\/12\/e5541176-66c6-44df-8f51-3f4526a3eee8_alta-libre-aspect-ratio_default_0-696x464.jpg 696w, https:\/\/www.asajacyl.com\/salamanca\/wp-content\/uploads\/sites\/7\/2025\/12\/e5541176-66c6-44df-8f51-3f4526a3eee8_alta-libre-aspect-ratio_default_0-1068x712.jpg 1068w, https:\/\/www.asajacyl.com\/salamanca\/wp-content\/uploads\/sites\/7\/2025\/12\/e5541176-66c6-44df-8f51-3f4526a3eee8_alta-libre-aspect-ratio_default_0.jpg 1200w\" sizes=\"(max-width: 1024px) 100vw, 1024px\" \/><\/figure>\n\n\n\n<figure class=\"wp-block-image size-large\"><img loading=\"lazy\" decoding=\"async\" width=\"1960\" height=\"1308\" data-id=\"20028\" src=\"https:\/\/www.asajacyl.com\/salamanca\/wp-content\/uploads\/sites\/7\/2025\/12\/HZLT7675XBHRTMUGRAYHW77AAU.jpg\" alt=\"\" class=\"wp-image-20028\" \/><\/figure>\n<\/figure>\n","protected":false},"excerpt":{"rendered":"<p>M\u00e1s de 10.000 agricultores y ganaderos procedentes de toda Europa, entre ellos 300 llegados desde Espa\u00f1a y una delegaci\u00f3n de Salamanca encabezada por su presidente, Juan Luis Delgado, se manifestaron ayer en Bruselas para defender el futuro del sector agrario y exigir cambios inmediatos en las pol\u00edticas comunitarias que est\u00e1n poniendo en riesgo la viabilidad [&hellip;]<\/p>\n","protected":false},"author":10,"featured_media":20024,"comment_status":"open","ping_status":"open","sticky":false,"template":"","format":"standard","meta":{"footnotes":""},"categories":[510],"tags":[],"yoast_head":"<!-- This site is optimized with the Yoast SEO plugin v24.5 - https:\/\/yoast.com\/wordpress\/plugins\/seo\/ -->\n<title>El campo europeo logra frenar la firma del acuerdo con MERCOSUR tras una masiva movilizaci\u00f3n en Bruselas - ASAJA Salamanca<\/title>\n<meta name=\"description\" content=\"M\u00e1s de 10.000 agricultores y ganaderos procedentes de toda Europa, entre ellos 300 llegados desde Espa\u00f1a y una delegaci\u00f3n de Salamanca encabezada por su\" \/>\n<meta name=\"robots\" content=\"index, follow, max-snippet:-1, max-image-preview:large, max-video-preview:-1\" \/>\n<link rel=\"canonical\" href=\"https:\/\/www.asajacyl.com\/salamanca\/asaja-salamanca-informa\/noticias\/el-campo-europeo-logra-frenar-la-firma-del-acuerdo-con-mercosur-tras-una-masiva-movilizacion-en-bruselas\" \/>\n<meta property=\"og:locale\" content=\"es_ES\" \/>\n<meta property=\"og:type\" content=\"article\" \/>\n<meta property=\"og:title\" content=\"El campo europeo logra frenar la firma del acuerdo con MERCOSUR tras una masiva movilizaci\u00f3n en Bruselas - ASAJA Salamanca\" \/>\n<meta property=\"og:description\" content=\"M\u00e1s de 10.000 agricultores y ganaderos procedentes de toda Europa, entre ellos 300 llegados desde Espa\u00f1a y una delegaci\u00f3n de Salamanca encabezada por su\" \/>\n<meta property=\"og:url\" content=\"https:\/\/www.asajacyl.com\/salamanca\/asaja-salamanca-informa\/noticias\/el-campo-europeo-logra-frenar-la-firma-del-acuerdo-con-mercosur-tras-una-masiva-movilizacion-en-bruselas\" \/>\n<meta property=\"og:site_name\" content=\"ASAJA Salamanca\" \/>\n<meta property=\"article:published_time\" content=\"2025-12-19T08:50:05+00:00\" \/>\n<meta property=\"article:modified_time\" content=\"2026-02-24T12:50:34+00:00\" \/>\n<meta property=\"og:image\" content=\"https:\/\/www.asajacyl.com\/salamanca\/wp-content\/uploads\/sites\/7\/2025\/12\/601809278_1278830627618902_1254794346289982208_n.jpg\" \/>\n\t<meta property=\"og:image:width\" content=\"1600\" \/>\n\t<meta property=\"og:image:height\" content=\"900\" \/>\n\t<meta property=\"og:image:type\" content=\"image\/jpeg\" \/>\n<meta name=\"author\" content=\"Sonia\" \/>\n<meta name=\"twitter:card\" content=\"summary_large_image\" \/>\n<meta name=\"twitter:label1\" content=\"Escrito por\" \/>\n\t<meta name=\"twitter:data1\" content=\"Sonia\" \/>\n\t<meta name=\"twitter:label2\" content=\"Tiempo de lectura\" \/>\n\t<meta name=\"twitter:data2\" content=\"6 minutos\" \/>\n<script type=\"application\/ld+json\" class=\"yoast-schema-graph\">{\"@context\":\"https:\/\/schema.org\",\"@graph\":[{\"@type\":\"WebPage\",\"@id\":\"https:\/\/www.asajacyl.com\/salamanca\/asaja-salamanca-informa\/noticias\/el-campo-europeo-logra-frenar-la-firma-del-acuerdo-con-mercosur-tras-una-masiva-movilizacion-en-bruselas\",\"url\":\"https:\/\/www.asajacyl.com\/salamanca\/asaja-salamanca-informa\/noticias\/el-campo-europeo-logra-frenar-la-firma-del-acuerdo-con-mercosur-tras-una-masiva-movilizacion-en-bruselas\",\"name\":\"El campo europeo logra frenar la firma del acuerdo con MERCOSUR tras una masiva movilizaci\u00f3n en Bruselas - ASAJA Salamanca\",\"isPartOf\":{\"@id\":\"https:\/\/www.asajacyl.com\/salamanca\/#website\"},\"primaryImageOfPage\":{\"@id\":\"https:\/\/www.asajacyl.com\/salamanca\/asaja-salamanca-informa\/noticias\/el-campo-europeo-logra-frenar-la-firma-del-acuerdo-con-mercosur-tras-una-masiva-movilizacion-en-bruselas#primaryimage\"},\"image\":{\"@id\":\"https:\/\/www.asajacyl.com\/salamanca\/asaja-salamanca-informa\/noticias\/el-campo-europeo-logra-frenar-la-firma-del-acuerdo-con-mercosur-tras-una-masiva-movilizacion-en-bruselas#primaryimage\"},\"thumbnailUrl\":\"https:\/\/www.asajacyl.com\/salamanca\/wp-content\/uploads\/sites\/7\/2025\/12\/601809278_1278830627618902_1254794346289982208_n.jpg\",\"datePublished\":\"2025-12-19T08:50:05+00:00\",\"dateModified\":\"2026-02-24T12:50:34+00:00\",\"author\":{\"@id\":\"https:\/\/www.asajacyl.com\/salamanca\/#\/schema\/person\/2bfc7da09988e1087e6291fafe99b67f\"},\"description\":\"M\u00e1s de 10.000 agricultores y ganaderos procedentes de toda Europa, entre ellos 300 llegados desde Espa\u00f1a y una delegaci\u00f3n de Salamanca encabezada por su\",\"breadcrumb\":{\"@id\":\"https:\/\/www.asajacyl.com\/salamanca\/asaja-salamanca-informa\/noticias\/el-campo-europeo-logra-frenar-la-firma-del-acuerdo-con-mercosur-tras-una-masiva-movilizacion-en-bruselas#breadcrumb\"},\"inLanguage\":\"es\",\"potentialAction\":[{\"@type\":\"ReadAction\",\"target\":[\"https:\/\/www.asajacyl.com\/salamanca\/asaja-salamanca-informa\/noticias\/el-campo-europeo-logra-frenar-la-firma-del-acuerdo-con-mercosur-tras-una-masiva-movilizacion-en-bruselas\"]}]},{\"@type\":\"ImageObject\",\"inLanguage\":\"es\",\"@id\":\"https:\/\/www.asajacyl.com\/salamanca\/asaja-salamanca-informa\/noticias\/el-campo-europeo-logra-frenar-la-firma-del-acuerdo-con-mercosur-tras-una-masiva-movilizacion-en-bruselas#primaryimage\",\"url\":\"https:\/\/www.asajacyl.com\/salamanca\/wp-content\/uploads\/sites\/7\/2025\/12\/601809278_1278830627618902_1254794346289982208_n.jpg\",\"contentUrl\":\"https:\/\/www.asajacyl.com\/salamanca\/wp-content\/uploads\/sites\/7\/2025\/12\/601809278_1278830627618902_1254794346289982208_n.jpg\",\"width\":1600,\"height\":900},{\"@type\":\"BreadcrumbList\",\"@id\":\"https:\/\/www.asajacyl.com\/salamanca\/asaja-salamanca-informa\/noticias\/el-campo-europeo-logra-frenar-la-firma-del-acuerdo-con-mercosur-tras-una-masiva-movilizacion-en-bruselas#breadcrumb\",\"itemListElement\":[{\"@type\":\"ListItem\",\"position\":1,\"name\":\"Portada\",\"item\":\"https:\/\/www.asajacyl.com\/salamanca\/\"},{\"@type\":\"ListItem\",\"position\":2,\"name\":\"El campo europeo logra frenar la firma del acuerdo con MERCOSUR tras una masiva movilizaci\u00f3n en Bruselas\"}]},{\"@type\":\"WebSite\",\"@id\":\"https:\/\/www.asajacyl.com\/salamanca\/#website\",\"url\":\"https:\/\/www.asajacyl.com\/salamanca\/\",\"name\":\"ASAJA Salamanca\",\"description\":\"Otro sitio m\u00e1s de Provincias ASAJA Castilla y Le\u00f3n\",\"potentialAction\":[{\"@type\":\"SearchAction\",\"target\":{\"@type\":\"EntryPoint\",\"urlTemplate\":\"https:\/\/www.asajacyl.com\/salamanca\/?s={search_term_string}\"},\"query-input\":{\"@type\":\"PropertyValueSpecification\",\"valueRequired\":true,\"valueName\":\"search_term_string\"}}],\"inLanguage\":\"es\"},{\"@type\":\"Person\",\"@id\":\"https:\/\/www.asajacyl.com\/salamanca\/#\/schema\/person\/2bfc7da09988e1087e6291fafe99b67f\",\"name\":\"Sonia\",\"image\":{\"@type\":\"ImageObject\",\"inLanguage\":\"es\",\"@id\":\"https:\/\/www.asajacyl.com\/salamanca\/#\/schema\/person\/image\/\",\"url\":\"https:\/\/secure.gravatar.com\/avatar\/6b0d6eb461a1e3687cc023d59022ef0d?s=96&d=mm&r=g\",\"contentUrl\":\"https:\/\/secure.gravatar.com\/avatar\/6b0d6eb461a1e3687cc023d59022ef0d?s=96&d=mm&r=g\",\"caption\":\"Sonia\"},\"url\":\"https:\/\/www.asajacyl.com\/salamanca\/author\/juanluisde\"}]}<\/script>\n<!-- \/ Yoast SEO plugin. -->","yoast_head_json":{"title":"El campo europeo logra frenar la firma del acuerdo con MERCOSUR tras una masiva movilizaci\u00f3n en Bruselas - ASAJA Salamanca","description":"M\u00e1s de 10.000 agricultores y ganaderos procedentes de toda Europa, entre ellos 300 llegados desde Espa\u00f1a y una delegaci\u00f3n de Salamanca encabezada por su","robots":{"index":"index","follow":"follow","max-snippet":"max-snippet:-1","max-image-preview":"max-image-preview:large","max-video-preview":"max-video-preview:-1"},"canonical":"https:\/\/www.asajacyl.com\/salamanca\/asaja-salamanca-informa\/noticias\/el-campo-europeo-logra-frenar-la-firma-del-acuerdo-con-mercosur-tras-una-masiva-movilizacion-en-bruselas","og_locale":"es_ES","og_type":"article","og_title":"El campo europeo logra frenar la firma del acuerdo con MERCOSUR tras una masiva movilizaci\u00f3n en Bruselas - ASAJA Salamanca","og_description":"M\u00e1s de 10.000 agricultores y ganaderos procedentes de toda Europa, entre ellos 300 llegados desde Espa\u00f1a y una delegaci\u00f3n de Salamanca encabezada por su","og_url":"https:\/\/www.asajacyl.com\/salamanca\/asaja-salamanca-informa\/noticias\/el-campo-europeo-logra-frenar-la-firma-del-acuerdo-con-mercosur-tras-una-masiva-movilizacion-en-bruselas","og_site_name":"ASAJA Salamanca","article_published_time":"2025-12-19T08:50:05+00:00","article_modified_time":"2026-02-24T12:50:34+00:00","og_image":[{"width":1600,"height":900,"url":"https:\/\/www.asajacyl.com\/salamanca\/wp-content\/uploads\/sites\/7\/2025\/12\/601809278_1278830627618902_1254794346289982208_n.jpg","type":"image\/jpeg"}],"author":"Sonia","twitter_card":"summary_large_image","twitter_misc":{"Escrito por":"Sonia","Tiempo de lectura":"6 minutos"},"schema":{"@context":"https:\/\/schema.org","@graph":[{"@type":"WebPage","@id":"https:\/\/www.asajacyl.com\/salamanca\/asaja-salamanca-informa\/noticias\/el-campo-europeo-logra-frenar-la-firma-del-acuerdo-con-mercosur-tras-una-masiva-movilizacion-en-bruselas","url":"https:\/\/www.asajacyl.com\/salamanca\/asaja-salamanca-informa\/noticias\/el-campo-europeo-logra-frenar-la-firma-del-acuerdo-con-mercosur-tras-una-masiva-movilizacion-en-bruselas","name":"El campo europeo logra frenar la firma del acuerdo con MERCOSUR tras una masiva movilizaci\u00f3n en Bruselas - ASAJA Salamanca","isPartOf":{"@id":"https:\/\/www.asajacyl.com\/salamanca\/#website"},"primaryImageOfPage":{"@id":"https:\/\/www.asajacyl.com\/salamanca\/asaja-salamanca-informa\/noticias\/el-campo-europeo-logra-frenar-la-firma-del-acuerdo-con-mercosur-tras-una-masiva-movilizacion-en-bruselas#primaryimage"},"image":{"@id":"https:\/\/www.asajacyl.com\/salamanca\/asaja-salamanca-informa\/noticias\/el-campo-europeo-logra-frenar-la-firma-del-acuerdo-con-mercosur-tras-una-masiva-movilizacion-en-bruselas#primaryimage"},"thumbnailUrl":"https:\/\/www.asajacyl.com\/salamanca\/wp-content\/uploads\/sites\/7\/2025\/12\/601809278_1278830627618902_1254794346289982208_n.jpg","datePublished":"2025-12-19T08:50:05+00:00","dateModified":"2026-02-24T12:50:34+00:00","author":{"@id":"https:\/\/www.asajacyl.com\/salamanca\/#\/schema\/person\/2bfc7da09988e1087e6291fafe99b67f"},"description":"M\u00e1s de 10.000 agricultores y ganaderos procedentes de toda Europa, entre ellos 300 llegados desde Espa\u00f1a y una delegaci\u00f3n de Salamanca encabezada por su","breadcrumb":{"@id":"https:\/\/www.asajacyl.com\/salamanca\/asaja-salamanca-informa\/noticias\/el-campo-europeo-logra-frenar-la-firma-del-acuerdo-con-mercosur-tras-una-masiva-movilizacion-en-bruselas#breadcrumb"},"inLanguage":"es","potentialAction":[{"@type":"ReadAction","target":["https:\/\/www.asajacyl.com\/salamanca\/asaja-salamanca-informa\/noticias\/el-campo-europeo-logra-frenar-la-firma-del-acuerdo-con-mercosur-tras-una-masiva-movilizacion-en-bruselas"]}]},{"@type":"ImageObject","inLanguage":"es","@id":"https:\/\/www.asajacyl.com\/salamanca\/asaja-salamanca-informa\/noticias\/el-campo-europeo-logra-frenar-la-firma-del-acuerdo-con-mercosur-tras-una-masiva-movilizacion-en-bruselas#primaryimage","url":"https:\/\/www.asajacyl.com\/salamanca\/wp-content\/uploads\/sites\/7\/2025\/12\/601809278_1278830627618902_1254794346289982208_n.jpg","contentUrl":"https:\/\/www.asajacyl.com\/salamanca\/wp-content\/uploads\/sites\/7\/2025\/12\/601809278_1278830627618902_1254794346289982208_n.jpg","width":1600,"height":900},{"@type":"BreadcrumbList","@id":"https:\/\/www.asajacyl.com\/salamanca\/asaja-salamanca-informa\/noticias\/el-campo-europeo-logra-frenar-la-firma-del-acuerdo-con-mercosur-tras-una-masiva-movilizacion-en-bruselas#breadcrumb","itemListElement":[{"@type":"ListItem","position":1,"name":"Portada","item":"https:\/\/www.asajacyl.com\/salamanca\/"},{"@type":"ListItem","position":2,"name":"El campo europeo logra frenar la firma del acuerdo con MERCOSUR tras una masiva movilizaci\u00f3n en Bruselas"}]},{"@type":"WebSite","@id":"https:\/\/www.asajacyl.com\/salamanca\/#website","url":"https:\/\/www.asajacyl.com\/salamanca\/","name":"ASAJA Salamanca","description":"Otro sitio m\u00e1s de Provincias ASAJA Castilla y Le\u00f3n","potentialAction":[{"@type":"SearchAction","target":{"@type":"EntryPoint","urlTemplate":"https:\/\/www.asajacyl.com\/salamanca\/?s={search_term_string}"},"query-input":{"@type":"PropertyValueSpecification","valueRequired":true,"valueName":"search_term_string"}}],"inLanguage":"es"},{"@type":"Person","@id":"https:\/\/www.asajacyl.com\/salamanca\/#\/schema\/person\/2bfc7da09988e1087e6291fafe99b67f","name":"Sonia","image":{"@type":"ImageObject","inLanguage":"es","@id":"https:\/\/www.asajacyl.com\/salamanca\/#\/schema\/person\/image\/","url":"https:\/\/secure.gravatar.com\/avatar\/6b0d6eb461a1e3687cc023d59022ef0d?s=96&d=mm&r=g","contentUrl":"https:\/\/secure.gravatar.com\/avatar\/6b0d6eb461a1e3687cc023d59022ef0d?s=96&d=mm&r=g","caption":"Sonia"},"url":"https:\/\/www.asajacyl.com\/salamanca\/author\/juanluisde"}]}},"_links":{"self":[{"href":"https:\/\/www.asajacyl.com\/salamanca\/wp-json\/wp\/v2\/posts\/20012"}],"collection":[{"href":"https:\/\/www.asajacyl.com\/salamanca\/wp-json\/wp\/v2\/posts"}],"about":[{"href":"https:\/\/www.asajacyl.com\/salamanca\/wp-json\/wp\/v2\/types\/post"}],"author":[{"embeddable":true,"href":"https:\/\/www.asajacyl.com\/salamanca\/wp-json\/wp\/v2\/users\/10"}],"replies":[{"embeddable":true,"href":"https:\/\/www.asajacyl.com\/salamanca\/wp-json\/wp\/v2\/comments?post=20012"}],"version-history":[{"count":3,"href":"https:\/\/www.asajacyl.com\/salamanca\/wp-json\/wp\/v2\/posts\/20012\/revisions"}],"predecessor-version":[{"id":20034,"href":"https:\/\/www.asajacyl.com\/salamanca\/wp-json\/wp\/v2\/posts\/20012\/revisions\/20034"}],"wp:featuredmedia":[{"embeddable":true,"href":"https:\/\/www.asajacyl.com\/salamanca\/wp-json\/wp\/v2\/media\/20024"}],"wp:attachment":[{"href":"https:\/\/www.asajacyl.com\/salamanca\/wp-json\/wp\/v2\/media?parent=20012"}],"wp:term":[{"taxonomy":"category","embeddable":true,"href":"https:\/\/www.asajacyl.com\/salamanca\/wp-json\/wp\/v2\/categories?post=20012"},{"taxonomy":"post_tag","embeddable":true,"href":"https:\/\/www.asajacyl.com\/salamanca\/wp-json\/wp\/v2\/tags?post=20012"}],"curies":[{"name":"wp","href":"https:\/\/api.w.org\/{rel}","templated":true}]}}