{"id":20047,"date":"2025-12-30T08:46:47","date_gmt":"2025-12-30T07:46:47","guid":{"rendered":"https:\/\/www.asajacyl.com\/salamanca\/?p=20047"},"modified":"2025-12-30T08:46:49","modified_gmt":"2025-12-30T07:46:49","slug":"asaja-salamanca-avisa-el-campo-volvera-a-movilizarse-ante-la-falta-de-respuestas-para-agricultores-y-ganaderos","status":"publish","type":"post","link":"https:\/\/www.asajacyl.com\/salamanca\/asaja-salamanca-informa\/notas-de-prensa\/asaja-salamanca-avisa-el-campo-volvera-a-movilizarse-ante-la-falta-de-respuestas-para-agricultores-y-ganaderos","title":{"rendered":"ASAJA Salamanca avisa: el campo volver\u00e1 a movilizarse ante la falta de respuestas para agricultores y ganaderos"},"content":{"rendered":"\n<p>ASAJA Salamanca advierte de que el sector agrario no puede seguir soportando la falta de decisiones pol\u00edticas claras y eficaces y anuncia que, ante la ausencia de respuestas por parte de las administraciones, el campo volver\u00e1 a movilizarse a comienzos del pr\u00f3ximo a\u00f1o.<br>La organizaci\u00f3n agraria recuerda que el campo salmantino atraviesa una situaci\u00f3n especialmente complicada, marcada por el aumento de los costes de producci\u00f3n, la p\u00e9rdida de rentabilidad y una creciente inseguridad jur\u00eddica, agravada por decisiones comerciales que ponen en desventaja a los productores europeos.<\/p>\n\n\n\n<p>En este sentido, ASAJA Salamanca muestra su profunda preocupaci\u00f3n por los acuerdos comerciales con terceros pa\u00edses, y en especial por el acuerdo entre la Uni\u00f3n Europea y MERCOSUR, que amenaza directamente a sectores estrat\u00e9gicos como el vacuno de carne, los cereales o el az\u00facar. La organizaci\u00f3n denuncia que no se puede competir en igualdad de condiciones con producciones que no cumplen las mismas exigencias sanitarias, medioambientales y laborales que se imponen a los agricultores y ganaderos europeos.<br>ASAJA insiste en la necesidad de una Pol\u00edtica Agraria Com\u00fan (PAC) fuerte, verdaderamente com\u00fan y bien financiada m\u00e1s all\u00e1 de 2027, acompa\u00f1ada de un Marco Financiero Plurianual que respalde la competitividad y el crecimiento del sector. \u201cSin presupuesto suficiente, no hay PAC, y sin PAC no hay futuro para el medio rural\u201d, subrayan.<\/p>\n\n\n\n<p>Asimismo, la organizaci\u00f3n reclama un comercio justo y transparente, que proteja eficazmente nuestras normas de producci\u00f3n y a los sectores m\u00e1s sensibles frente a la entrada de productos procedentes de pa\u00edses terceros, como los incluidos en MERCOSUR, evitando as\u00ed una competencia desleal que hunde los precios en origen.<\/p>\n\n\n\n<p>Otro de los pilares fundamentales es la simplificaci\u00f3n administrativa, una mejor regulaci\u00f3n y una mayor seguridad jur\u00eddica. ASAJA Salamanca denuncia que la excesiva burocracia y los continuos cambios normativos est\u00e1n asfixiando a las explotaciones, restando tiempo, recursos y viabilidad a agricultores y ganaderos.<\/p>\n\n\n\n<p>Desde ASAJA Salamanca subrayan que, sin medidas efectivas que protejan la producci\u00f3n local y garanticen la competitividad, los agricultores y ganaderos no podr\u00e1n mantener la rentabilidad de sus explotaciones ni asegurar el futuro del medio rural. \u201cEl campo necesita hechos, no m\u00e1s promesas. Agricultores y ganaderos est\u00e1n cansados de asumir las consecuencias de decisiones pol\u00edticas y comerciales que no tienen en cuenta la realidad del territorio\u201d, concluyen.<\/p>\n","protected":false},"excerpt":{"rendered":"<p>ASAJA Salamanca advierte de que el sector agrario no puede seguir soportando la falta de decisiones pol\u00edticas claras y eficaces y anuncia que, ante la ausencia de respuestas por parte de las administraciones, el campo volver\u00e1 a movilizarse a comienzos del pr\u00f3ximo a\u00f1o.La organizaci\u00f3n agraria recuerda que el campo salmantino atraviesa una situaci\u00f3n especialmente complicada, [&hellip;]<\/p>\n","protected":false},"author":10,"featured_media":20019,"comment_status":"open","ping_status":"open","sticky":false,"template":"","format":"standard","meta":{"footnotes":""},"categories":[28],"tags":[],"yoast_head":"<!-- This site is optimized with the Yoast SEO plugin v24.5 - https:\/\/yoast.com\/wordpress\/plugins\/seo\/ -->\n<title>ASAJA Salamanca avisa: el campo volver\u00e1 a movilizarse ante la falta de respuestas para agricultores y ganaderos - ASAJA Salamanca<\/title>\n<meta name=\"description\" content=\"ASAJA Salamanca advierte de que el sector agrario no puede seguir soportando la falta de decisiones pol\u00edticas claras y eficaces y anuncia que, ante la\" \/>\n<meta name=\"robots\" content=\"index, follow, max-snippet:-1, max-image-preview:large, max-video-preview:-1\" \/>\n<link rel=\"canonical\" href=\"https:\/\/www.asajacyl.com\/salamanca\/asaja-salamanca-informa\/notas-de-prensa\/asaja-salamanca-avisa-el-campo-volvera-a-movilizarse-ante-la-falta-de-respuestas-para-agricultores-y-ganaderos\" \/>\n<meta property=\"og:locale\" content=\"es_ES\" \/>\n<meta property=\"og:type\" content=\"article\" \/>\n<meta property=\"og:title\" content=\"ASAJA Salamanca avisa: el campo volver\u00e1 a movilizarse ante la falta de respuestas para agricultores y ganaderos - ASAJA Salamanca\" \/>\n<meta property=\"og:description\" content=\"ASAJA Salamanca advierte de que el sector agrario no puede seguir soportando la falta de decisiones pol\u00edticas claras y eficaces y anuncia que, ante la\" \/>\n<meta property=\"og:url\" content=\"https:\/\/www.asajacyl.com\/salamanca\/asaja-salamanca-informa\/notas-de-prensa\/asaja-salamanca-avisa-el-campo-volvera-a-movilizarse-ante-la-falta-de-respuestas-para-agricultores-y-ganaderos\" \/>\n<meta property=\"og:site_name\" content=\"ASAJA Salamanca\" \/>\n<meta property=\"article:published_time\" content=\"2025-12-30T07:46:47+00:00\" \/>\n<meta property=\"article:modified_time\" content=\"2025-12-30T07:46:49+00:00\" \/>\n<meta property=\"og:image\" content=\"https:\/\/www.asajacyl.com\/salamanca\/wp-content\/uploads\/sites\/7\/2025\/12\/WhatsApp-Image-2025-12-19-at-09.38.41.jpeg\" \/>\n\t<meta property=\"og:image:width\" content=\"1600\" \/>\n\t<meta property=\"og:image:height\" content=\"1200\" \/>\n\t<meta property=\"og:image:type\" content=\"image\/jpeg\" \/>\n<meta name=\"author\" content=\"Sonia\" \/>\n<meta name=\"twitter:card\" content=\"summary_large_image\" \/>\n<meta name=\"twitter:label1\" content=\"Escrito por\" \/>\n\t<meta name=\"twitter:data1\" content=\"Sonia\" \/>\n\t<meta name=\"twitter:label2\" content=\"Tiempo de lectura\" \/>\n\t<meta name=\"twitter:data2\" content=\"2 minutos\" \/>\n<script type=\"application\/ld+json\" class=\"yoast-schema-graph\">{\"@context\":\"https:\/\/schema.org\",\"@graph\":[{\"@type\":\"WebPage\",\"@id\":\"https:\/\/www.asajacyl.com\/salamanca\/asaja-salamanca-informa\/notas-de-prensa\/asaja-salamanca-avisa-el-campo-volvera-a-movilizarse-ante-la-falta-de-respuestas-para-agricultores-y-ganaderos\",\"url\":\"https:\/\/www.asajacyl.com\/salamanca\/asaja-salamanca-informa\/notas-de-prensa\/asaja-salamanca-avisa-el-campo-volvera-a-movilizarse-ante-la-falta-de-respuestas-para-agricultores-y-ganaderos\",\"name\":\"ASAJA Salamanca avisa: el campo volver\u00e1 a movilizarse ante la falta de respuestas para agricultores y ganaderos - ASAJA Salamanca\",\"isPartOf\":{\"@id\":\"https:\/\/www.asajacyl.com\/salamanca\/#website\"},\"primaryImageOfPage\":{\"@id\":\"https:\/\/www.asajacyl.com\/salamanca\/asaja-salamanca-informa\/notas-de-prensa\/asaja-salamanca-avisa-el-campo-volvera-a-movilizarse-ante-la-falta-de-respuestas-para-agricultores-y-ganaderos#primaryimage\"},\"image\":{\"@id\":\"https:\/\/www.asajacyl.com\/salamanca\/asaja-salamanca-informa\/notas-de-prensa\/asaja-salamanca-avisa-el-campo-volvera-a-movilizarse-ante-la-falta-de-respuestas-para-agricultores-y-ganaderos#primaryimage\"},\"thumbnailUrl\":\"https:\/\/www.asajacyl.com\/salamanca\/wp-content\/uploads\/sites\/7\/2025\/12\/WhatsApp-Image-2025-12-19-at-09.38.41.jpeg\",\"datePublished\":\"2025-12-30T07:46:47+00:00\",\"dateModified\":\"2025-12-30T07:46:49+00:00\",\"author\":{\"@id\":\"https:\/\/www.asajacyl.com\/salamanca\/#\/schema\/person\/2bfc7da09988e1087e6291fafe99b67f\"},\"description\":\"ASAJA Salamanca advierte de que el sector agrario no puede seguir soportando la falta de decisiones pol\u00edticas claras y eficaces y anuncia que, ante la\",\"breadcrumb\":{\"@id\":\"https:\/\/www.asajacyl.com\/salamanca\/asaja-salamanca-informa\/notas-de-prensa\/asaja-salamanca-avisa-el-campo-volvera-a-movilizarse-ante-la-falta-de-respuestas-para-agricultores-y-ganaderos#breadcrumb\"},\"inLanguage\":\"es\",\"potentialAction\":[{\"@type\":\"ReadAction\",\"target\":[\"https:\/\/www.asajacyl.com\/salamanca\/asaja-salamanca-informa\/notas-de-prensa\/asaja-salamanca-avisa-el-campo-volvera-a-movilizarse-ante-la-falta-de-respuestas-para-agricultores-y-ganaderos\"]}]},{\"@type\":\"ImageObject\",\"inLanguage\":\"es\",\"@id\":\"https:\/\/www.asajacyl.com\/salamanca\/asaja-salamanca-informa\/notas-de-prensa\/asaja-salamanca-avisa-el-campo-volvera-a-movilizarse-ante-la-falta-de-respuestas-para-agricultores-y-ganaderos#primaryimage\",\"url\":\"https:\/\/www.asajacyl.com\/salamanca\/wp-content\/uploads\/sites\/7\/2025\/12\/WhatsApp-Image-2025-12-19-at-09.38.41.jpeg\",\"contentUrl\":\"https:\/\/www.asajacyl.com\/salamanca\/wp-content\/uploads\/sites\/7\/2025\/12\/WhatsApp-Image-2025-12-19-at-09.38.41.jpeg\",\"width\":1600,\"height\":1200},{\"@type\":\"BreadcrumbList\",\"@id\":\"https:\/\/www.asajacyl.com\/salamanca\/asaja-salamanca-informa\/notas-de-prensa\/asaja-salamanca-avisa-el-campo-volvera-a-movilizarse-ante-la-falta-de-respuestas-para-agricultores-y-ganaderos#breadcrumb\",\"itemListElement\":[{\"@type\":\"ListItem\",\"position\":1,\"name\":\"Portada\",\"item\":\"https:\/\/www.asajacyl.com\/salamanca\/\"},{\"@type\":\"ListItem\",\"position\":2,\"name\":\"ASAJA Salamanca avisa: el campo volver\u00e1 a movilizarse ante la falta de respuestas para agricultores y ganaderos\"}]},{\"@type\":\"WebSite\",\"@id\":\"https:\/\/www.asajacyl.com\/salamanca\/#website\",\"url\":\"https:\/\/www.asajacyl.com\/salamanca\/\",\"name\":\"ASAJA Salamanca\",\"description\":\"Otro sitio m\u00e1s de Provincias ASAJA Castilla y Le\u00f3n\",\"potentialAction\":[{\"@type\":\"SearchAction\",\"target\":{\"@type\":\"EntryPoint\",\"urlTemplate\":\"https:\/\/www.asajacyl.com\/salamanca\/?s={search_term_string}\"},\"query-input\":{\"@type\":\"PropertyValueSpecification\",\"valueRequired\":true,\"valueName\":\"search_term_string\"}}],\"inLanguage\":\"es\"},{\"@type\":\"Person\",\"@id\":\"https:\/\/www.asajacyl.com\/salamanca\/#\/schema\/person\/2bfc7da09988e1087e6291fafe99b67f\",\"name\":\"Sonia\",\"image\":{\"@type\":\"ImageObject\",\"inLanguage\":\"es\",\"@id\":\"https:\/\/www.asajacyl.com\/salamanca\/#\/schema\/person\/image\/\",\"url\":\"https:\/\/secure.gravatar.com\/avatar\/6b0d6eb461a1e3687cc023d59022ef0d?s=96&d=mm&r=g\",\"contentUrl\":\"https:\/\/secure.gravatar.com\/avatar\/6b0d6eb461a1e3687cc023d59022ef0d?s=96&d=mm&r=g\",\"caption\":\"Sonia\"},\"url\":\"https:\/\/www.asajacyl.com\/salamanca\/author\/juanluisde\"}]}<\/script>\n<!-- \/ Yoast SEO plugin. -->","yoast_head_json":{"title":"ASAJA Salamanca avisa: el campo volver\u00e1 a movilizarse ante la falta de respuestas para agricultores y ganaderos - ASAJA Salamanca","description":"ASAJA Salamanca advierte de que el sector agrario no puede seguir soportando la falta de decisiones pol\u00edticas claras y eficaces y anuncia que, ante la","robots":{"index":"index","follow":"follow","max-snippet":"max-snippet:-1","max-image-preview":"max-image-preview:large","max-video-preview":"max-video-preview:-1"},"canonical":"https:\/\/www.asajacyl.com\/salamanca\/asaja-salamanca-informa\/notas-de-prensa\/asaja-salamanca-avisa-el-campo-volvera-a-movilizarse-ante-la-falta-de-respuestas-para-agricultores-y-ganaderos","og_locale":"es_ES","og_type":"article","og_title":"ASAJA Salamanca avisa: el campo volver\u00e1 a movilizarse ante la falta de respuestas para agricultores y ganaderos - ASAJA Salamanca","og_description":"ASAJA Salamanca advierte de que el sector agrario no puede seguir soportando la falta de decisiones pol\u00edticas claras y eficaces y anuncia que, ante la","og_url":"https:\/\/www.asajacyl.com\/salamanca\/asaja-salamanca-informa\/notas-de-prensa\/asaja-salamanca-avisa-el-campo-volvera-a-movilizarse-ante-la-falta-de-respuestas-para-agricultores-y-ganaderos","og_site_name":"ASAJA Salamanca","article_published_time":"2025-12-30T07:46:47+00:00","article_modified_time":"2025-12-30T07:46:49+00:00","og_image":[{"width":1600,"height":1200,"url":"https:\/\/www.asajacyl.com\/salamanca\/wp-content\/uploads\/sites\/7\/2025\/12\/WhatsApp-Image-2025-12-19-at-09.38.41.jpeg","type":"image\/jpeg"}],"author":"Sonia","twitter_card":"summary_large_image","twitter_misc":{"Escrito por":"Sonia","Tiempo de lectura":"2 minutos"},"schema":{"@context":"https:\/\/schema.org","@graph":[{"@type":"WebPage","@id":"https:\/\/www.asajacyl.com\/salamanca\/asaja-salamanca-informa\/notas-de-prensa\/asaja-salamanca-avisa-el-campo-volvera-a-movilizarse-ante-la-falta-de-respuestas-para-agricultores-y-ganaderos","url":"https:\/\/www.asajacyl.com\/salamanca\/asaja-salamanca-informa\/notas-de-prensa\/asaja-salamanca-avisa-el-campo-volvera-a-movilizarse-ante-la-falta-de-respuestas-para-agricultores-y-ganaderos","name":"ASAJA Salamanca avisa: el campo volver\u00e1 a movilizarse ante la falta de respuestas para agricultores y ganaderos - ASAJA Salamanca","isPartOf":{"@id":"https:\/\/www.asajacyl.com\/salamanca\/#website"},"primaryImageOfPage":{"@id":"https:\/\/www.asajacyl.com\/salamanca\/asaja-salamanca-informa\/notas-de-prensa\/asaja-salamanca-avisa-el-campo-volvera-a-movilizarse-ante-la-falta-de-respuestas-para-agricultores-y-ganaderos#primaryimage"},"image":{"@id":"https:\/\/www.asajacyl.com\/salamanca\/asaja-salamanca-informa\/notas-de-prensa\/asaja-salamanca-avisa-el-campo-volvera-a-movilizarse-ante-la-falta-de-respuestas-para-agricultores-y-ganaderos#primaryimage"},"thumbnailUrl":"https:\/\/www.asajacyl.com\/salamanca\/wp-content\/uploads\/sites\/7\/2025\/12\/WhatsApp-Image-2025-12-19-at-09.38.41.jpeg","datePublished":"2025-12-30T07:46:47+00:00","dateModified":"2025-12-30T07:46:49+00:00","author":{"@id":"https:\/\/www.asajacyl.com\/salamanca\/#\/schema\/person\/2bfc7da09988e1087e6291fafe99b67f"},"description":"ASAJA Salamanca advierte de que el sector agrario no puede seguir soportando la falta de decisiones pol\u00edticas claras y eficaces y anuncia que, ante la","breadcrumb":{"@id":"https:\/\/www.asajacyl.com\/salamanca\/asaja-salamanca-informa\/notas-de-prensa\/asaja-salamanca-avisa-el-campo-volvera-a-movilizarse-ante-la-falta-de-respuestas-para-agricultores-y-ganaderos#breadcrumb"},"inLanguage":"es","potentialAction":[{"@type":"ReadAction","target":["https:\/\/www.asajacyl.com\/salamanca\/asaja-salamanca-informa\/notas-de-prensa\/asaja-salamanca-avisa-el-campo-volvera-a-movilizarse-ante-la-falta-de-respuestas-para-agricultores-y-ganaderos"]}]},{"@type":"ImageObject","inLanguage":"es","@id":"https:\/\/www.asajacyl.com\/salamanca\/asaja-salamanca-informa\/notas-de-prensa\/asaja-salamanca-avisa-el-campo-volvera-a-movilizarse-ante-la-falta-de-respuestas-para-agricultores-y-ganaderos#primaryimage","url":"https:\/\/www.asajacyl.com\/salamanca\/wp-content\/uploads\/sites\/7\/2025\/12\/WhatsApp-Image-2025-12-19-at-09.38.41.jpeg","contentUrl":"https:\/\/www.asajacyl.com\/salamanca\/wp-content\/uploads\/sites\/7\/2025\/12\/WhatsApp-Image-2025-12-19-at-09.38.41.jpeg","width":1600,"height":1200},{"@type":"BreadcrumbList","@id":"https:\/\/www.asajacyl.com\/salamanca\/asaja-salamanca-informa\/notas-de-prensa\/asaja-salamanca-avisa-el-campo-volvera-a-movilizarse-ante-la-falta-de-respuestas-para-agricultores-y-ganaderos#breadcrumb","itemListElement":[{"@type":"ListItem","position":1,"name":"Portada","item":"https:\/\/www.asajacyl.com\/salamanca\/"},{"@type":"ListItem","position":2,"name":"ASAJA Salamanca avisa: el campo volver\u00e1 a movilizarse ante la falta de respuestas para agricultores y ganaderos"}]},{"@type":"WebSite","@id":"https:\/\/www.asajacyl.com\/salamanca\/#website","url":"https:\/\/www.asajacyl.com\/salamanca\/","name":"ASAJA Salamanca","description":"Otro sitio m\u00e1s de Provincias ASAJA Castilla y Le\u00f3n","potentialAction":[{"@type":"SearchAction","target":{"@type":"EntryPoint","urlTemplate":"https:\/\/www.asajacyl.com\/salamanca\/?s={search_term_string}"},"query-input":{"@type":"PropertyValueSpecification","valueRequired":true,"valueName":"search_term_string"}}],"inLanguage":"es"},{"@type":"Person","@id":"https:\/\/www.asajacyl.com\/salamanca\/#\/schema\/person\/2bfc7da09988e1087e6291fafe99b67f","name":"Sonia","image":{"@type":"ImageObject","inLanguage":"es","@id":"https:\/\/www.asajacyl.com\/salamanca\/#\/schema\/person\/image\/","url":"https:\/\/secure.gravatar.com\/avatar\/6b0d6eb461a1e3687cc023d59022ef0d?s=96&d=mm&r=g","contentUrl":"https:\/\/secure.gravatar.com\/avatar\/6b0d6eb461a1e3687cc023d59022ef0d?s=96&d=mm&r=g","caption":"Sonia"},"url":"https:\/\/www.asajacyl.com\/salamanca\/author\/juanluisde"}]}},"_links":{"self":[{"href":"https:\/\/www.asajacyl.com\/salamanca\/wp-json\/wp\/v2\/posts\/20047"}],"collection":[{"href":"https:\/\/www.asajacyl.com\/salamanca\/wp-json\/wp\/v2\/posts"}],"about":[{"href":"https:\/\/www.asajacyl.com\/salamanca\/wp-json\/wp\/v2\/types\/post"}],"author":[{"embeddable":true,"href":"https:\/\/www.asajacyl.com\/salamanca\/wp-json\/wp\/v2\/users\/10"}],"replies":[{"embeddable":true,"href":"https:\/\/www.asajacyl.com\/salamanca\/wp-json\/wp\/v2\/comments?post=20047"}],"version-history":[{"count":1,"href":"https:\/\/www.asajacyl.com\/salamanca\/wp-json\/wp\/v2\/posts\/20047\/revisions"}],"predecessor-version":[{"id":20048,"href":"https:\/\/www.asajacyl.com\/salamanca\/wp-json\/wp\/v2\/posts\/20047\/revisions\/20048"}],"wp:featuredmedia":[{"embeddable":true,"href":"https:\/\/www.asajacyl.com\/salamanca\/wp-json\/wp\/v2\/media\/20019"}],"wp:attachment":[{"href":"https:\/\/www.asajacyl.com\/salamanca\/wp-json\/wp\/v2\/media?parent=20047"}],"wp:term":[{"taxonomy":"category","embeddable":true,"href":"https:\/\/www.asajacyl.com\/salamanca\/wp-json\/wp\/v2\/categories?post=20047"},{"taxonomy":"post_tag","embeddable":true,"href":"https:\/\/www.asajacyl.com\/salamanca\/wp-json\/wp\/v2\/tags?post=20047"}],"curies":[{"name":"wp","href":"https:\/\/api.w.org\/{rel}","templated":true}]}}