{"id":20061,"date":"2026-01-05T12:38:20","date_gmt":"2026-01-05T11:38:20","guid":{"rendered":"https:\/\/www.asajacyl.com\/salamanca\/?p=20061"},"modified":"2026-01-05T12:38:22","modified_gmt":"2026-01-05T11:38:22","slug":"la-junta-convoca-ayudas-para-inversiones-en-la-mejora-de-los-lugares-de-trabajo-en-2026","status":"publish","type":"post","link":"https:\/\/www.asajacyl.com\/salamanca\/asaja-salamanca-informa\/noticias\/la-junta-convoca-ayudas-para-inversiones-en-la-mejora-de-los-lugares-de-trabajo-en-2026","title":{"rendered":"La Junta convoca ayudas para inversiones en la mejora de los lugares de trabajo en 2026"},"content":{"rendered":"\n<p>La Junta de Castilla y Le\u00f3n ha publicado la convocatoria de <strong>ayudas para inversiones destinadas a la mejora de los lugares de trabajo<\/strong>, correspondientes al ejercicio <strong>2026<\/strong>. Estas subvenciones tienen como objetivo <strong>mejorar las condiciones de seguridad y salud laboral<\/strong> en los centros de trabajo de la Comunidad.<\/p>\n\n\n\n<h3 class=\"wp-block-heading\">valuaci\u00f3n de riesgos: requisito imprescindible<\/h3>\n\n\n\n<p>Uno de los aspectos clave de esta convocatoria es que <strong>la inversi\u00f3n para la que se solicita la ayuda debe estar justificada en la Evaluaci\u00f3n de Riesgos de la empresa<\/strong>, que deber\u00e1 estar <strong>vigente y actualizada<\/strong>. Adem\u00e1s, la actuaci\u00f3n subvencionable tendr\u00e1 que figurar expresamente en la <strong>Planificaci\u00f3n de la Actividad Preventiva<\/strong>, conforme a lo establecido en la Ley de Prevenci\u00f3n de Riesgos Laborales.<\/p>\n\n\n\n<p>Desde la Junta se recuerda que <strong>no se conceder\u00e1n ayudas para inversiones que no respondan a una necesidad preventiva real<\/strong>, debidamente acreditada mediante dicha evaluaci\u00f3n.<\/p>\n\n\n\n<h3 class=\"wp-block-heading\">Periodo subvencionable<\/h3>\n\n\n\n<p>Las inversiones objeto de subvenci\u00f3n deber\u00e1n haberse <strong>realizado y pagado<\/strong> dentro del periodo comprendido entre:<\/p>\n\n\n\n<ul>\n<li><strong>1 de agosto de 2025<\/strong> y<\/li>\n\n\n\n<li><strong>31 de julio de 2026<\/strong>, ambos inclusive.<\/li>\n<\/ul>\n\n\n\n<p>Solo se admitir\u00e1n aquellos gastos que se encuentren correctamente justificados dentro de este plazo.<\/p>\n\n\n\n<h3 class=\"wp-block-heading\">Actuaciones subvencionables<\/h3>\n\n\n\n<p>La convocatoria contempla ayudas para <strong>mejoras materiales en los lugares de trabajo<\/strong>, siempre que est\u00e9n vinculadas a la prevenci\u00f3n de riesgos laborales. Entre las principales actuaciones subvencionables se incluyen:<\/p>\n\n\n\n<ul>\n<li><strong>Mejoras en las condiciones constructivas<\/strong> de los centros de trabajo: suelos, desniveles, barandillas, escaleras, rampas, puertas y v\u00edas de circulaci\u00f3n internas.<\/li>\n\n\n\n<li><strong>Adecuaci\u00f3n de la iluminaci\u00f3n<\/strong> a la normativa vigente.<\/li>\n\n\n\n<li><strong>Mejoras en las condiciones ambientales<\/strong>, como ventilaci\u00f3n, temperatura o calidad del ambiente de trabajo.<\/li>\n\n\n\n<li><strong>Actuaciones en servicios higi\u00e9nicos y locales<\/strong>: vestuarios, duchas, lavabos, retretes, locales de descanso y de primeros auxilios.<\/li>\n\n\n\n<li><strong>Medidas de protecci\u00f3n frente a agentes cancer\u00edgenos<\/strong>, de acuerdo con la normativa espec\u00edfica.<\/li>\n<\/ul>\n\n\n\n<p>Por el contrario, <strong>no son subvencionables<\/strong> los equipos de protecci\u00f3n individual (EPI), sistemas de extinci\u00f3n de incendios, medidores de CO\u2082, purificadores de aire ni materiales fungibles.<\/p>\n\n\n\n<h3 class=\"wp-block-heading\">Plazo de solicitud<\/h3>\n\n\n\n<p>El plazo para presentar solicitudes estar\u00e1 abierto <strong>del 28 de enero al 27 de febrero de 2026<\/strong>, y la tramitaci\u00f3n deber\u00e1 realizarse de forma <strong>telem\u00e1tica a trav\u00e9s de la sede electr\u00f3nica de la Junta de Castilla y Le\u00f3n<\/strong>.<\/p>\n\n\n\n<p>Desde ASAJA Salamanca se recomienda a las empresas interesadas <strong>revisar con antelaci\u00f3n su Evaluaci\u00f3n de Riesgos y la planificaci\u00f3n preventiva<\/strong>, con el fin de comprobar que las inversiones previstas cumplen todos los requisitos exigidos en la convocatoria.<\/p>\n\n\n\n<p>Consulta en el adjunto el BOCYL completo: <\/p>\n","protected":false},"excerpt":{"rendered":"<p>La Junta de Castilla y Le\u00f3n ha publicado la convocatoria de ayudas para inversiones destinadas a la mejora de los lugares de trabajo, correspondientes al ejercicio 2026. Estas subvenciones tienen como objetivo mejorar las condiciones de seguridad y salud laboral en los centros de trabajo de la Comunidad. valuaci\u00f3n de riesgos: requisito imprescindible Uno de [&hellip;]<\/p>\n","protected":false},"author":10,"featured_media":20063,"comment_status":"open","ping_status":"open","sticky":false,"template":"","format":"standard","meta":{"footnotes":""},"categories":[510],"tags":[],"yoast_head":"<!-- This site is optimized with the Yoast SEO plugin v24.5 - https:\/\/yoast.com\/wordpress\/plugins\/seo\/ -->\n<title>La Junta convoca ayudas para inversiones en la mejora de los lugares de trabajo en 2026 - ASAJA Salamanca<\/title>\n<meta name=\"description\" content=\"La Junta de Castilla y Le\u00f3n ha publicado la convocatoria de ayudas para inversiones destinadas a la mejora de los lugares de trabajo, correspondientes al\" \/>\n<meta name=\"robots\" content=\"index, follow, max-snippet:-1, max-image-preview:large, max-video-preview:-1\" \/>\n<link rel=\"canonical\" href=\"https:\/\/www.asajacyl.com\/salamanca\/asaja-salamanca-informa\/noticias\/la-junta-convoca-ayudas-para-inversiones-en-la-mejora-de-los-lugares-de-trabajo-en-2026\" \/>\n<meta property=\"og:locale\" content=\"es_ES\" \/>\n<meta property=\"og:type\" content=\"article\" \/>\n<meta property=\"og:title\" content=\"La Junta convoca ayudas para inversiones en la mejora de los lugares de trabajo en 2026 - ASAJA Salamanca\" \/>\n<meta property=\"og:description\" content=\"La Junta de Castilla y Le\u00f3n ha publicado la convocatoria de ayudas para inversiones destinadas a la mejora de los lugares de trabajo, correspondientes al\" \/>\n<meta property=\"og:url\" content=\"https:\/\/www.asajacyl.com\/salamanca\/asaja-salamanca-informa\/noticias\/la-junta-convoca-ayudas-para-inversiones-en-la-mejora-de-los-lugares-de-trabajo-en-2026\" \/>\n<meta property=\"og:site_name\" content=\"ASAJA Salamanca\" \/>\n<meta property=\"article:published_time\" content=\"2026-01-05T11:38:20+00:00\" \/>\n<meta property=\"article:modified_time\" content=\"2026-01-05T11:38:22+00:00\" \/>\n<meta property=\"og:image\" content=\"https:\/\/www.asajacyl.com\/salamanca\/wp-content\/uploads\/sites\/7\/2026\/01\/aerosolescondensados.jpg\" \/>\n\t<meta property=\"og:image:width\" content=\"865\" \/>\n\t<meta property=\"og:image:height\" content=\"550\" \/>\n\t<meta property=\"og:image:type\" content=\"image\/jpeg\" \/>\n<meta name=\"author\" content=\"Sonia\" \/>\n<meta name=\"twitter:card\" content=\"summary_large_image\" \/>\n<meta name=\"twitter:label1\" content=\"Escrito por\" \/>\n\t<meta name=\"twitter:data1\" content=\"Sonia\" \/>\n\t<meta name=\"twitter:label2\" content=\"Tiempo de lectura\" \/>\n\t<meta name=\"twitter:data2\" content=\"3 minutos\" \/>\n<script type=\"application\/ld+json\" class=\"yoast-schema-graph\">{\"@context\":\"https:\/\/schema.org\",\"@graph\":[{\"@type\":\"WebPage\",\"@id\":\"https:\/\/www.asajacyl.com\/salamanca\/asaja-salamanca-informa\/noticias\/la-junta-convoca-ayudas-para-inversiones-en-la-mejora-de-los-lugares-de-trabajo-en-2026\",\"url\":\"https:\/\/www.asajacyl.com\/salamanca\/asaja-salamanca-informa\/noticias\/la-junta-convoca-ayudas-para-inversiones-en-la-mejora-de-los-lugares-de-trabajo-en-2026\",\"name\":\"La Junta convoca ayudas para inversiones en la mejora de los lugares de trabajo en 2026 - ASAJA Salamanca\",\"isPartOf\":{\"@id\":\"https:\/\/www.asajacyl.com\/salamanca\/#website\"},\"primaryImageOfPage\":{\"@id\":\"https:\/\/www.asajacyl.com\/salamanca\/asaja-salamanca-informa\/noticias\/la-junta-convoca-ayudas-para-inversiones-en-la-mejora-de-los-lugares-de-trabajo-en-2026#primaryimage\"},\"image\":{\"@id\":\"https:\/\/www.asajacyl.com\/salamanca\/asaja-salamanca-informa\/noticias\/la-junta-convoca-ayudas-para-inversiones-en-la-mejora-de-los-lugares-de-trabajo-en-2026#primaryimage\"},\"thumbnailUrl\":\"https:\/\/www.asajacyl.com\/salamanca\/wp-content\/uploads\/sites\/7\/2026\/01\/aerosolescondensados.jpg\",\"datePublished\":\"2026-01-05T11:38:20+00:00\",\"dateModified\":\"2026-01-05T11:38:22+00:00\",\"author\":{\"@id\":\"https:\/\/www.asajacyl.com\/salamanca\/#\/schema\/person\/2bfc7da09988e1087e6291fafe99b67f\"},\"description\":\"La Junta de Castilla y Le\u00f3n ha publicado la convocatoria de ayudas para inversiones destinadas a la mejora de los lugares de trabajo, correspondientes al\",\"breadcrumb\":{\"@id\":\"https:\/\/www.asajacyl.com\/salamanca\/asaja-salamanca-informa\/noticias\/la-junta-convoca-ayudas-para-inversiones-en-la-mejora-de-los-lugares-de-trabajo-en-2026#breadcrumb\"},\"inLanguage\":\"es\",\"potentialAction\":[{\"@type\":\"ReadAction\",\"target\":[\"https:\/\/www.asajacyl.com\/salamanca\/asaja-salamanca-informa\/noticias\/la-junta-convoca-ayudas-para-inversiones-en-la-mejora-de-los-lugares-de-trabajo-en-2026\"]}]},{\"@type\":\"ImageObject\",\"inLanguage\":\"es\",\"@id\":\"https:\/\/www.asajacyl.com\/salamanca\/asaja-salamanca-informa\/noticias\/la-junta-convoca-ayudas-para-inversiones-en-la-mejora-de-los-lugares-de-trabajo-en-2026#primaryimage\",\"url\":\"https:\/\/www.asajacyl.com\/salamanca\/wp-content\/uploads\/sites\/7\/2026\/01\/aerosolescondensados.jpg\",\"contentUrl\":\"https:\/\/www.asajacyl.com\/salamanca\/wp-content\/uploads\/sites\/7\/2026\/01\/aerosolescondensados.jpg\",\"width\":865,\"height\":550},{\"@type\":\"BreadcrumbList\",\"@id\":\"https:\/\/www.asajacyl.com\/salamanca\/asaja-salamanca-informa\/noticias\/la-junta-convoca-ayudas-para-inversiones-en-la-mejora-de-los-lugares-de-trabajo-en-2026#breadcrumb\",\"itemListElement\":[{\"@type\":\"ListItem\",\"position\":1,\"name\":\"Portada\",\"item\":\"https:\/\/www.asajacyl.com\/salamanca\/\"},{\"@type\":\"ListItem\",\"position\":2,\"name\":\"La Junta convoca ayudas para inversiones en la mejora de los lugares de trabajo en 2026\"}]},{\"@type\":\"WebSite\",\"@id\":\"https:\/\/www.asajacyl.com\/salamanca\/#website\",\"url\":\"https:\/\/www.asajacyl.com\/salamanca\/\",\"name\":\"ASAJA Salamanca\",\"description\":\"Otro sitio m\u00e1s de Provincias ASAJA Castilla y Le\u00f3n\",\"potentialAction\":[{\"@type\":\"SearchAction\",\"target\":{\"@type\":\"EntryPoint\",\"urlTemplate\":\"https:\/\/www.asajacyl.com\/salamanca\/?s={search_term_string}\"},\"query-input\":{\"@type\":\"PropertyValueSpecification\",\"valueRequired\":true,\"valueName\":\"search_term_string\"}}],\"inLanguage\":\"es\"},{\"@type\":\"Person\",\"@id\":\"https:\/\/www.asajacyl.com\/salamanca\/#\/schema\/person\/2bfc7da09988e1087e6291fafe99b67f\",\"name\":\"Sonia\",\"image\":{\"@type\":\"ImageObject\",\"inLanguage\":\"es\",\"@id\":\"https:\/\/www.asajacyl.com\/salamanca\/#\/schema\/person\/image\/\",\"url\":\"https:\/\/secure.gravatar.com\/avatar\/6b0d6eb461a1e3687cc023d59022ef0d?s=96&d=mm&r=g\",\"contentUrl\":\"https:\/\/secure.gravatar.com\/avatar\/6b0d6eb461a1e3687cc023d59022ef0d?s=96&d=mm&r=g\",\"caption\":\"Sonia\"},\"url\":\"https:\/\/www.asajacyl.com\/salamanca\/author\/juanluisde\"}]}<\/script>\n<!-- \/ Yoast SEO plugin. -->","yoast_head_json":{"title":"La Junta convoca ayudas para inversiones en la mejora de los lugares de trabajo en 2026 - ASAJA Salamanca","description":"La Junta de Castilla y Le\u00f3n ha publicado la convocatoria de ayudas para inversiones destinadas a la mejora de los lugares de trabajo, correspondientes al","robots":{"index":"index","follow":"follow","max-snippet":"max-snippet:-1","max-image-preview":"max-image-preview:large","max-video-preview":"max-video-preview:-1"},"canonical":"https:\/\/www.asajacyl.com\/salamanca\/asaja-salamanca-informa\/noticias\/la-junta-convoca-ayudas-para-inversiones-en-la-mejora-de-los-lugares-de-trabajo-en-2026","og_locale":"es_ES","og_type":"article","og_title":"La Junta convoca ayudas para inversiones en la mejora de los lugares de trabajo en 2026 - ASAJA Salamanca","og_description":"La Junta de Castilla y Le\u00f3n ha publicado la convocatoria de ayudas para inversiones destinadas a la mejora de los lugares de trabajo, correspondientes al","og_url":"https:\/\/www.asajacyl.com\/salamanca\/asaja-salamanca-informa\/noticias\/la-junta-convoca-ayudas-para-inversiones-en-la-mejora-de-los-lugares-de-trabajo-en-2026","og_site_name":"ASAJA Salamanca","article_published_time":"2026-01-05T11:38:20+00:00","article_modified_time":"2026-01-05T11:38:22+00:00","og_image":[{"width":865,"height":550,"url":"https:\/\/www.asajacyl.com\/salamanca\/wp-content\/uploads\/sites\/7\/2026\/01\/aerosolescondensados.jpg","type":"image\/jpeg"}],"author":"Sonia","twitter_card":"summary_large_image","twitter_misc":{"Escrito por":"Sonia","Tiempo de lectura":"3 minutos"},"schema":{"@context":"https:\/\/schema.org","@graph":[{"@type":"WebPage","@id":"https:\/\/www.asajacyl.com\/salamanca\/asaja-salamanca-informa\/noticias\/la-junta-convoca-ayudas-para-inversiones-en-la-mejora-de-los-lugares-de-trabajo-en-2026","url":"https:\/\/www.asajacyl.com\/salamanca\/asaja-salamanca-informa\/noticias\/la-junta-convoca-ayudas-para-inversiones-en-la-mejora-de-los-lugares-de-trabajo-en-2026","name":"La Junta convoca ayudas para inversiones en la mejora de los lugares de trabajo en 2026 - ASAJA Salamanca","isPartOf":{"@id":"https:\/\/www.asajacyl.com\/salamanca\/#website"},"primaryImageOfPage":{"@id":"https:\/\/www.asajacyl.com\/salamanca\/asaja-salamanca-informa\/noticias\/la-junta-convoca-ayudas-para-inversiones-en-la-mejora-de-los-lugares-de-trabajo-en-2026#primaryimage"},"image":{"@id":"https:\/\/www.asajacyl.com\/salamanca\/asaja-salamanca-informa\/noticias\/la-junta-convoca-ayudas-para-inversiones-en-la-mejora-de-los-lugares-de-trabajo-en-2026#primaryimage"},"thumbnailUrl":"https:\/\/www.asajacyl.com\/salamanca\/wp-content\/uploads\/sites\/7\/2026\/01\/aerosolescondensados.jpg","datePublished":"2026-01-05T11:38:20+00:00","dateModified":"2026-01-05T11:38:22+00:00","author":{"@id":"https:\/\/www.asajacyl.com\/salamanca\/#\/schema\/person\/2bfc7da09988e1087e6291fafe99b67f"},"description":"La Junta de Castilla y Le\u00f3n ha publicado la convocatoria de ayudas para inversiones destinadas a la mejora de los lugares de trabajo, correspondientes al","breadcrumb":{"@id":"https:\/\/www.asajacyl.com\/salamanca\/asaja-salamanca-informa\/noticias\/la-junta-convoca-ayudas-para-inversiones-en-la-mejora-de-los-lugares-de-trabajo-en-2026#breadcrumb"},"inLanguage":"es","potentialAction":[{"@type":"ReadAction","target":["https:\/\/www.asajacyl.com\/salamanca\/asaja-salamanca-informa\/noticias\/la-junta-convoca-ayudas-para-inversiones-en-la-mejora-de-los-lugares-de-trabajo-en-2026"]}]},{"@type":"ImageObject","inLanguage":"es","@id":"https:\/\/www.asajacyl.com\/salamanca\/asaja-salamanca-informa\/noticias\/la-junta-convoca-ayudas-para-inversiones-en-la-mejora-de-los-lugares-de-trabajo-en-2026#primaryimage","url":"https:\/\/www.asajacyl.com\/salamanca\/wp-content\/uploads\/sites\/7\/2026\/01\/aerosolescondensados.jpg","contentUrl":"https:\/\/www.asajacyl.com\/salamanca\/wp-content\/uploads\/sites\/7\/2026\/01\/aerosolescondensados.jpg","width":865,"height":550},{"@type":"BreadcrumbList","@id":"https:\/\/www.asajacyl.com\/salamanca\/asaja-salamanca-informa\/noticias\/la-junta-convoca-ayudas-para-inversiones-en-la-mejora-de-los-lugares-de-trabajo-en-2026#breadcrumb","itemListElement":[{"@type":"ListItem","position":1,"name":"Portada","item":"https:\/\/www.asajacyl.com\/salamanca\/"},{"@type":"ListItem","position":2,"name":"La Junta convoca ayudas para inversiones en la mejora de los lugares de trabajo en 2026"}]},{"@type":"WebSite","@id":"https:\/\/www.asajacyl.com\/salamanca\/#website","url":"https:\/\/www.asajacyl.com\/salamanca\/","name":"ASAJA Salamanca","description":"Otro sitio m\u00e1s de Provincias ASAJA Castilla y Le\u00f3n","potentialAction":[{"@type":"SearchAction","target":{"@type":"EntryPoint","urlTemplate":"https:\/\/www.asajacyl.com\/salamanca\/?s={search_term_string}"},"query-input":{"@type":"PropertyValueSpecification","valueRequired":true,"valueName":"search_term_string"}}],"inLanguage":"es"},{"@type":"Person","@id":"https:\/\/www.asajacyl.com\/salamanca\/#\/schema\/person\/2bfc7da09988e1087e6291fafe99b67f","name":"Sonia","image":{"@type":"ImageObject","inLanguage":"es","@id":"https:\/\/www.asajacyl.com\/salamanca\/#\/schema\/person\/image\/","url":"https:\/\/secure.gravatar.com\/avatar\/6b0d6eb461a1e3687cc023d59022ef0d?s=96&d=mm&r=g","contentUrl":"https:\/\/secure.gravatar.com\/avatar\/6b0d6eb461a1e3687cc023d59022ef0d?s=96&d=mm&r=g","caption":"Sonia"},"url":"https:\/\/www.asajacyl.com\/salamanca\/author\/juanluisde"}]}},"_links":{"self":[{"href":"https:\/\/www.asajacyl.com\/salamanca\/wp-json\/wp\/v2\/posts\/20061"}],"collection":[{"href":"https:\/\/www.asajacyl.com\/salamanca\/wp-json\/wp\/v2\/posts"}],"about":[{"href":"https:\/\/www.asajacyl.com\/salamanca\/wp-json\/wp\/v2\/types\/post"}],"author":[{"embeddable":true,"href":"https:\/\/www.asajacyl.com\/salamanca\/wp-json\/wp\/v2\/users\/10"}],"replies":[{"embeddable":true,"href":"https:\/\/www.asajacyl.com\/salamanca\/wp-json\/wp\/v2\/comments?post=20061"}],"version-history":[{"count":1,"href":"https:\/\/www.asajacyl.com\/salamanca\/wp-json\/wp\/v2\/posts\/20061\/revisions"}],"predecessor-version":[{"id":20064,"href":"https:\/\/www.asajacyl.com\/salamanca\/wp-json\/wp\/v2\/posts\/20061\/revisions\/20064"}],"wp:featuredmedia":[{"embeddable":true,"href":"https:\/\/www.asajacyl.com\/salamanca\/wp-json\/wp\/v2\/media\/20063"}],"wp:attachment":[{"href":"https:\/\/www.asajacyl.com\/salamanca\/wp-json\/wp\/v2\/media?parent=20061"}],"wp:term":[{"taxonomy":"category","embeddable":true,"href":"https:\/\/www.asajacyl.com\/salamanca\/wp-json\/wp\/v2\/categories?post=20061"},{"taxonomy":"post_tag","embeddable":true,"href":"https:\/\/www.asajacyl.com\/salamanca\/wp-json\/wp\/v2\/tags?post=20061"}],"curies":[{"name":"wp","href":"https:\/\/api.w.org\/{rel}","templated":true}]}}