{"id":20076,"date":"2026-01-07T14:27:40","date_gmt":"2026-01-07T13:27:40","guid":{"rendered":"https:\/\/www.asajacyl.com\/salamanca\/?p=20076"},"modified":"2026-01-07T14:27:42","modified_gmt":"2026-01-07T13:27:42","slug":"asaja-exige-al-gobierno-una-posicion-firme-contra-mercosur","status":"publish","type":"post","link":"https:\/\/www.asajacyl.com\/salamanca\/asaja-salamanca-informa\/notas-de-prensa\/asaja-exige-al-gobierno-una-posicion-firme-contra-mercosur","title":{"rendered":"ASAJA exige al gobierno una posici\u00f3n firme contra MERCOSUR"},"content":{"rendered":"\n<p><strong>La OPA pide garant\u00edas reales para la agricultura europea ante el nuevo Marco Financiero Plurianual<\/strong><\/p>\n\n\n\n<p><strong><em>Coincidiendo con la reuni\u00f3n extraordinaria de ministros de Agricultura de la Uni\u00f3n Europea, ASAJA exige al Gobierno de Espa\u00f1a una posici\u00f3n firme contra el Acuerdo UE-Mercosur en su forma actual y reclama garant\u00edas reales para la agricultura y la ganader\u00eda europeas ante la modificaci\u00f3n del Marco Financiero Plurianual post-2027. La organizaci\u00f3n advierte de que el acuerdo amenaza la viabilidad de miles de explotaciones y perjudica tambi\u00e9n a los consumidores, al permitir la entrada de alimentos con est\u00e1ndares de calidad, seguridad y sostenibilidad inferiores a los exigidos en la UE.<\/em><\/strong><\/p>\n\n\n\n<p><strong>Madrid, 7 de enero de 2026.-<\/strong>La Asociaci\u00f3n Agraria J\u00f3venes Agricultores (ASAJA) ha reclamado hoy al Gobierno de Espa\u00f1a una posici\u00f3n clara y firme de <strong>oposici\u00f3n al Acuerdo UE\u2013Mercosur en su forma actual<\/strong>, coincidiendo con la <strong>reuni\u00f3n extraordinaria de ministros de Agricultura de la Uni\u00f3n Europea<\/strong>, en la que la Comisi\u00f3n presentar\u00e1 una propuesta de modificaci\u00f3n del Marco Financiero Plurianual (MFP) post-2027.<\/p>\n\n\n\n<p>ASAJA ha trasladado esta posici\u00f3n en una <strong>carta dirigida al ministro de Agricultura, Pesca y Alimentaci\u00f3n<\/strong>, Luis Planas, en la que advierte del <strong>grave impacto que el acuerdo tendr\u00eda sobre sectores especialmente sensibles<\/strong> como la carne de vacuno, las aves, el az\u00facar, el etanol, los c\u00edtricos, el arroz, la miel o el ma\u00edz, y de la <strong>falta de reciprocidad en las normas sanitarias, medioambientales y de trazabilidad<\/strong> exigidas a las producciones importadas frente a las europeas.<\/p>\n\n\n\n<p>El acuerdo, tal y como est\u00e1 planteado, <strong>pone en riesgo la viabilidad econ\u00f3mica de miles de explotaciones agrarias y ganaderas<\/strong>, en un contexto ya marcado por el aumento de costes, la presi\u00f3n regulatoria y la inestabilidad de los mercados. La organizaci\u00f3n considera adem\u00e1s <strong>claramente insuficiente el reglamento de salvaguardias propuesto por la Comisi\u00f3n Europea<\/strong>, al no permitir una actuaci\u00f3n preventiva ni autom\u00e1tica ante perturbaciones del mercado.<\/p>\n\n\n\n<p>ASAJA alerta de que el Acuerdo UE-Mercosur no solo perjudica a agricultores y ganaderos europeos, sino tambi\u00e9n a los consumidores, al abrir la puerta a alimentos producidos con <strong>est\u00e1ndares de calidad, seguridad alimentaria y sostenibilidad inferiores<\/strong> a los exigidos en la Uni\u00f3n Europea. La reciente decisi\u00f3n del Gobierno franc\u00e9s de prohibir determinadas sustancias fitosanitarias en frutas importadas de Sudam\u00e9rica confirma la <strong>preocupaci\u00f3n creciente por la falta de reciprocidad<\/strong>. Por todo ello la organizaci\u00f3n reclama al Gobierno de Espa\u00f1a que <strong>no utilice compensaciones presupuestarias para justificar Mercosur<\/strong> y defienda una pol\u00edtica agraria y comercial coherente, que proteja la producci\u00f3n europea, garantice alimentos seguros y de calidad y preserve el futuro del medio rural.<\/p>\n\n\n\n<p><strong><em>La nueva propuesta presupuestaria: avances con riesgos<\/em><\/strong><\/p>\n\n\n\n<p>En paralelo, ASAJA ha analizado la propuesta que la Comisi\u00f3n Europea presentar\u00e1 hoy a los ministros de Agricultura, que contempla:<\/p>\n\n\n\n<ul>\n<li>Un <strong>incremento potencial de 45.000 millones de euros para agricultura<\/strong>, mediante el adelanto de m\u00e1rgenes presupuestarios del futuro MFP.<\/li>\n\n\n\n<li>La <strong>apertura de 48.700 millones de euros del Fondo Rural<\/strong> para medidas agr\u00edcolas.<\/li>\n\n\n\n<li>Dos medidas adicionales relativas a <strong>fertilizantes<\/strong> (CBAM o antidumping) y a la <strong>reciprocidad comercial frente a terceros pa\u00edses<\/strong>.<\/li>\n<\/ul>\n\n\n\n<p>ASAJA advierte de que <strong>estos fondos ser\u00edan de car\u00e1cter voluntario para los Estados miembros<\/strong>, lo que introduce un <strong>riesgo real de desigualdad y fragmentaci\u00f3n del mercado \u00fanico<\/strong>, si algunos pa\u00edses no los solicitan o los aplican de forma desigual. Por ello, la organizaci\u00f3n exige que cualquier refuerzo presupuestario para la PAC sea <strong>obligatorio, exclusivo para la agricultura y con un marco de rendimiento propio<\/strong>, que tenga en cuenta indicadores socioecon\u00f3micos y no \u00fanicamente ambientales.<\/p>\n","protected":false},"excerpt":{"rendered":"<p>La OPA pide garant\u00edas reales para la agricultura europea ante el nuevo Marco Financiero Plurianual Coincidiendo con la reuni\u00f3n extraordinaria de ministros de Agricultura de la Uni\u00f3n Europea, ASAJA exige al Gobierno de Espa\u00f1a una posici\u00f3n firme contra el Acuerdo UE-Mercosur en su forma actual y reclama garant\u00edas reales para la agricultura y la ganader\u00eda [&hellip;]<\/p>\n","protected":false},"author":10,"featured_media":20024,"comment_status":"open","ping_status":"open","sticky":false,"template":"","format":"standard","meta":{"footnotes":""},"categories":[28],"tags":[],"yoast_head":"<!-- This site is optimized with the Yoast SEO plugin v24.5 - https:\/\/yoast.com\/wordpress\/plugins\/seo\/ -->\n<title>ASAJA exige al gobierno una posici\u00f3n firme contra MERCOSUR - ASAJA Salamanca<\/title>\n<meta name=\"description\" content=\"La OPA pide garant\u00edas reales para la agricultura europea ante el nuevo Marco Financiero Plurianual Coincidiendo con la reuni\u00f3n extraordinaria de ministros\" \/>\n<meta name=\"robots\" content=\"index, follow, max-snippet:-1, max-image-preview:large, max-video-preview:-1\" \/>\n<link rel=\"canonical\" href=\"https:\/\/www.asajacyl.com\/salamanca\/asaja-salamanca-informa\/notas-de-prensa\/asaja-exige-al-gobierno-una-posicion-firme-contra-mercosur\" \/>\n<meta property=\"og:locale\" content=\"es_ES\" \/>\n<meta property=\"og:type\" content=\"article\" \/>\n<meta property=\"og:title\" content=\"ASAJA exige al gobierno una posici\u00f3n firme contra MERCOSUR - ASAJA Salamanca\" \/>\n<meta property=\"og:description\" content=\"La OPA pide garant\u00edas reales para la agricultura europea ante el nuevo Marco Financiero Plurianual Coincidiendo con la reuni\u00f3n extraordinaria de ministros\" \/>\n<meta property=\"og:url\" content=\"https:\/\/www.asajacyl.com\/salamanca\/asaja-salamanca-informa\/notas-de-prensa\/asaja-exige-al-gobierno-una-posicion-firme-contra-mercosur\" \/>\n<meta property=\"og:site_name\" content=\"ASAJA Salamanca\" \/>\n<meta property=\"article:published_time\" content=\"2026-01-07T13:27:40+00:00\" \/>\n<meta property=\"article:modified_time\" content=\"2026-01-07T13:27:42+00:00\" \/>\n<meta property=\"og:image\" content=\"https:\/\/www.asajacyl.com\/salamanca\/wp-content\/uploads\/sites\/7\/2025\/12\/601809278_1278830627618902_1254794346289982208_n.jpg\" \/>\n\t<meta property=\"og:image:width\" content=\"1600\" \/>\n\t<meta property=\"og:image:height\" content=\"900\" \/>\n\t<meta property=\"og:image:type\" content=\"image\/jpeg\" \/>\n<meta name=\"author\" content=\"Sonia\" \/>\n<meta name=\"twitter:card\" content=\"summary_large_image\" \/>\n<meta name=\"twitter:label1\" content=\"Escrito por\" \/>\n\t<meta name=\"twitter:data1\" content=\"Sonia\" \/>\n\t<meta name=\"twitter:label2\" content=\"Tiempo de lectura\" \/>\n\t<meta name=\"twitter:data2\" content=\"3 minutos\" \/>\n<script type=\"application\/ld+json\" class=\"yoast-schema-graph\">{\"@context\":\"https:\/\/schema.org\",\"@graph\":[{\"@type\":\"WebPage\",\"@id\":\"https:\/\/www.asajacyl.com\/salamanca\/asaja-salamanca-informa\/notas-de-prensa\/asaja-exige-al-gobierno-una-posicion-firme-contra-mercosur\",\"url\":\"https:\/\/www.asajacyl.com\/salamanca\/asaja-salamanca-informa\/notas-de-prensa\/asaja-exige-al-gobierno-una-posicion-firme-contra-mercosur\",\"name\":\"ASAJA exige al gobierno una posici\u00f3n firme contra MERCOSUR - ASAJA Salamanca\",\"isPartOf\":{\"@id\":\"https:\/\/www.asajacyl.com\/salamanca\/#website\"},\"primaryImageOfPage\":{\"@id\":\"https:\/\/www.asajacyl.com\/salamanca\/asaja-salamanca-informa\/notas-de-prensa\/asaja-exige-al-gobierno-una-posicion-firme-contra-mercosur#primaryimage\"},\"image\":{\"@id\":\"https:\/\/www.asajacyl.com\/salamanca\/asaja-salamanca-informa\/notas-de-prensa\/asaja-exige-al-gobierno-una-posicion-firme-contra-mercosur#primaryimage\"},\"thumbnailUrl\":\"https:\/\/www.asajacyl.com\/salamanca\/wp-content\/uploads\/sites\/7\/2025\/12\/601809278_1278830627618902_1254794346289982208_n.jpg\",\"datePublished\":\"2026-01-07T13:27:40+00:00\",\"dateModified\":\"2026-01-07T13:27:42+00:00\",\"author\":{\"@id\":\"https:\/\/www.asajacyl.com\/salamanca\/#\/schema\/person\/2bfc7da09988e1087e6291fafe99b67f\"},\"description\":\"La OPA pide garant\u00edas reales para la agricultura europea ante el nuevo Marco Financiero Plurianual Coincidiendo con la reuni\u00f3n extraordinaria de ministros\",\"breadcrumb\":{\"@id\":\"https:\/\/www.asajacyl.com\/salamanca\/asaja-salamanca-informa\/notas-de-prensa\/asaja-exige-al-gobierno-una-posicion-firme-contra-mercosur#breadcrumb\"},\"inLanguage\":\"es\",\"potentialAction\":[{\"@type\":\"ReadAction\",\"target\":[\"https:\/\/www.asajacyl.com\/salamanca\/asaja-salamanca-informa\/notas-de-prensa\/asaja-exige-al-gobierno-una-posicion-firme-contra-mercosur\"]}]},{\"@type\":\"ImageObject\",\"inLanguage\":\"es\",\"@id\":\"https:\/\/www.asajacyl.com\/salamanca\/asaja-salamanca-informa\/notas-de-prensa\/asaja-exige-al-gobierno-una-posicion-firme-contra-mercosur#primaryimage\",\"url\":\"https:\/\/www.asajacyl.com\/salamanca\/wp-content\/uploads\/sites\/7\/2025\/12\/601809278_1278830627618902_1254794346289982208_n.jpg\",\"contentUrl\":\"https:\/\/www.asajacyl.com\/salamanca\/wp-content\/uploads\/sites\/7\/2025\/12\/601809278_1278830627618902_1254794346289982208_n.jpg\",\"width\":1600,\"height\":900},{\"@type\":\"BreadcrumbList\",\"@id\":\"https:\/\/www.asajacyl.com\/salamanca\/asaja-salamanca-informa\/notas-de-prensa\/asaja-exige-al-gobierno-una-posicion-firme-contra-mercosur#breadcrumb\",\"itemListElement\":[{\"@type\":\"ListItem\",\"position\":1,\"name\":\"Portada\",\"item\":\"https:\/\/www.asajacyl.com\/salamanca\/\"},{\"@type\":\"ListItem\",\"position\":2,\"name\":\"ASAJA exige al gobierno una posici\u00f3n firme contra MERCOSUR\"}]},{\"@type\":\"WebSite\",\"@id\":\"https:\/\/www.asajacyl.com\/salamanca\/#website\",\"url\":\"https:\/\/www.asajacyl.com\/salamanca\/\",\"name\":\"ASAJA Salamanca\",\"description\":\"Otro sitio m\u00e1s de Provincias ASAJA Castilla y Le\u00f3n\",\"potentialAction\":[{\"@type\":\"SearchAction\",\"target\":{\"@type\":\"EntryPoint\",\"urlTemplate\":\"https:\/\/www.asajacyl.com\/salamanca\/?s={search_term_string}\"},\"query-input\":{\"@type\":\"PropertyValueSpecification\",\"valueRequired\":true,\"valueName\":\"search_term_string\"}}],\"inLanguage\":\"es\"},{\"@type\":\"Person\",\"@id\":\"https:\/\/www.asajacyl.com\/salamanca\/#\/schema\/person\/2bfc7da09988e1087e6291fafe99b67f\",\"name\":\"Sonia\",\"image\":{\"@type\":\"ImageObject\",\"inLanguage\":\"es\",\"@id\":\"https:\/\/www.asajacyl.com\/salamanca\/#\/schema\/person\/image\/\",\"url\":\"https:\/\/secure.gravatar.com\/avatar\/6b0d6eb461a1e3687cc023d59022ef0d?s=96&d=mm&r=g\",\"contentUrl\":\"https:\/\/secure.gravatar.com\/avatar\/6b0d6eb461a1e3687cc023d59022ef0d?s=96&d=mm&r=g\",\"caption\":\"Sonia\"},\"url\":\"https:\/\/www.asajacyl.com\/salamanca\/author\/juanluisde\"}]}<\/script>\n<!-- \/ Yoast SEO plugin. -->","yoast_head_json":{"title":"ASAJA exige al gobierno una posici\u00f3n firme contra MERCOSUR - ASAJA Salamanca","description":"La OPA pide garant\u00edas reales para la agricultura europea ante el nuevo Marco Financiero Plurianual Coincidiendo con la reuni\u00f3n extraordinaria de ministros","robots":{"index":"index","follow":"follow","max-snippet":"max-snippet:-1","max-image-preview":"max-image-preview:large","max-video-preview":"max-video-preview:-1"},"canonical":"https:\/\/www.asajacyl.com\/salamanca\/asaja-salamanca-informa\/notas-de-prensa\/asaja-exige-al-gobierno-una-posicion-firme-contra-mercosur","og_locale":"es_ES","og_type":"article","og_title":"ASAJA exige al gobierno una posici\u00f3n firme contra MERCOSUR - ASAJA Salamanca","og_description":"La OPA pide garant\u00edas reales para la agricultura europea ante el nuevo Marco Financiero Plurianual Coincidiendo con la reuni\u00f3n extraordinaria de ministros","og_url":"https:\/\/www.asajacyl.com\/salamanca\/asaja-salamanca-informa\/notas-de-prensa\/asaja-exige-al-gobierno-una-posicion-firme-contra-mercosur","og_site_name":"ASAJA Salamanca","article_published_time":"2026-01-07T13:27:40+00:00","article_modified_time":"2026-01-07T13:27:42+00:00","og_image":[{"width":1600,"height":900,"url":"https:\/\/www.asajacyl.com\/salamanca\/wp-content\/uploads\/sites\/7\/2025\/12\/601809278_1278830627618902_1254794346289982208_n.jpg","type":"image\/jpeg"}],"author":"Sonia","twitter_card":"summary_large_image","twitter_misc":{"Escrito por":"Sonia","Tiempo de lectura":"3 minutos"},"schema":{"@context":"https:\/\/schema.org","@graph":[{"@type":"WebPage","@id":"https:\/\/www.asajacyl.com\/salamanca\/asaja-salamanca-informa\/notas-de-prensa\/asaja-exige-al-gobierno-una-posicion-firme-contra-mercosur","url":"https:\/\/www.asajacyl.com\/salamanca\/asaja-salamanca-informa\/notas-de-prensa\/asaja-exige-al-gobierno-una-posicion-firme-contra-mercosur","name":"ASAJA exige al gobierno una posici\u00f3n firme contra MERCOSUR - ASAJA Salamanca","isPartOf":{"@id":"https:\/\/www.asajacyl.com\/salamanca\/#website"},"primaryImageOfPage":{"@id":"https:\/\/www.asajacyl.com\/salamanca\/asaja-salamanca-informa\/notas-de-prensa\/asaja-exige-al-gobierno-una-posicion-firme-contra-mercosur#primaryimage"},"image":{"@id":"https:\/\/www.asajacyl.com\/salamanca\/asaja-salamanca-informa\/notas-de-prensa\/asaja-exige-al-gobierno-una-posicion-firme-contra-mercosur#primaryimage"},"thumbnailUrl":"https:\/\/www.asajacyl.com\/salamanca\/wp-content\/uploads\/sites\/7\/2025\/12\/601809278_1278830627618902_1254794346289982208_n.jpg","datePublished":"2026-01-07T13:27:40+00:00","dateModified":"2026-01-07T13:27:42+00:00","author":{"@id":"https:\/\/www.asajacyl.com\/salamanca\/#\/schema\/person\/2bfc7da09988e1087e6291fafe99b67f"},"description":"La OPA pide garant\u00edas reales para la agricultura europea ante el nuevo Marco Financiero Plurianual Coincidiendo con la reuni\u00f3n extraordinaria de ministros","breadcrumb":{"@id":"https:\/\/www.asajacyl.com\/salamanca\/asaja-salamanca-informa\/notas-de-prensa\/asaja-exige-al-gobierno-una-posicion-firme-contra-mercosur#breadcrumb"},"inLanguage":"es","potentialAction":[{"@type":"ReadAction","target":["https:\/\/www.asajacyl.com\/salamanca\/asaja-salamanca-informa\/notas-de-prensa\/asaja-exige-al-gobierno-una-posicion-firme-contra-mercosur"]}]},{"@type":"ImageObject","inLanguage":"es","@id":"https:\/\/www.asajacyl.com\/salamanca\/asaja-salamanca-informa\/notas-de-prensa\/asaja-exige-al-gobierno-una-posicion-firme-contra-mercosur#primaryimage","url":"https:\/\/www.asajacyl.com\/salamanca\/wp-content\/uploads\/sites\/7\/2025\/12\/601809278_1278830627618902_1254794346289982208_n.jpg","contentUrl":"https:\/\/www.asajacyl.com\/salamanca\/wp-content\/uploads\/sites\/7\/2025\/12\/601809278_1278830627618902_1254794346289982208_n.jpg","width":1600,"height":900},{"@type":"BreadcrumbList","@id":"https:\/\/www.asajacyl.com\/salamanca\/asaja-salamanca-informa\/notas-de-prensa\/asaja-exige-al-gobierno-una-posicion-firme-contra-mercosur#breadcrumb","itemListElement":[{"@type":"ListItem","position":1,"name":"Portada","item":"https:\/\/www.asajacyl.com\/salamanca\/"},{"@type":"ListItem","position":2,"name":"ASAJA exige al gobierno una posici\u00f3n firme contra MERCOSUR"}]},{"@type":"WebSite","@id":"https:\/\/www.asajacyl.com\/salamanca\/#website","url":"https:\/\/www.asajacyl.com\/salamanca\/","name":"ASAJA Salamanca","description":"Otro sitio m\u00e1s de Provincias ASAJA Castilla y Le\u00f3n","potentialAction":[{"@type":"SearchAction","target":{"@type":"EntryPoint","urlTemplate":"https:\/\/www.asajacyl.com\/salamanca\/?s={search_term_string}"},"query-input":{"@type":"PropertyValueSpecification","valueRequired":true,"valueName":"search_term_string"}}],"inLanguage":"es"},{"@type":"Person","@id":"https:\/\/www.asajacyl.com\/salamanca\/#\/schema\/person\/2bfc7da09988e1087e6291fafe99b67f","name":"Sonia","image":{"@type":"ImageObject","inLanguage":"es","@id":"https:\/\/www.asajacyl.com\/salamanca\/#\/schema\/person\/image\/","url":"https:\/\/secure.gravatar.com\/avatar\/6b0d6eb461a1e3687cc023d59022ef0d?s=96&d=mm&r=g","contentUrl":"https:\/\/secure.gravatar.com\/avatar\/6b0d6eb461a1e3687cc023d59022ef0d?s=96&d=mm&r=g","caption":"Sonia"},"url":"https:\/\/www.asajacyl.com\/salamanca\/author\/juanluisde"}]}},"_links":{"self":[{"href":"https:\/\/www.asajacyl.com\/salamanca\/wp-json\/wp\/v2\/posts\/20076"}],"collection":[{"href":"https:\/\/www.asajacyl.com\/salamanca\/wp-json\/wp\/v2\/posts"}],"about":[{"href":"https:\/\/www.asajacyl.com\/salamanca\/wp-json\/wp\/v2\/types\/post"}],"author":[{"embeddable":true,"href":"https:\/\/www.asajacyl.com\/salamanca\/wp-json\/wp\/v2\/users\/10"}],"replies":[{"embeddable":true,"href":"https:\/\/www.asajacyl.com\/salamanca\/wp-json\/wp\/v2\/comments?post=20076"}],"version-history":[{"count":1,"href":"https:\/\/www.asajacyl.com\/salamanca\/wp-json\/wp\/v2\/posts\/20076\/revisions"}],"predecessor-version":[{"id":20077,"href":"https:\/\/www.asajacyl.com\/salamanca\/wp-json\/wp\/v2\/posts\/20076\/revisions\/20077"}],"wp:featuredmedia":[{"embeddable":true,"href":"https:\/\/www.asajacyl.com\/salamanca\/wp-json\/wp\/v2\/media\/20024"}],"wp:attachment":[{"href":"https:\/\/www.asajacyl.com\/salamanca\/wp-json\/wp\/v2\/media?parent=20076"}],"wp:term":[{"taxonomy":"category","embeddable":true,"href":"https:\/\/www.asajacyl.com\/salamanca\/wp-json\/wp\/v2\/categories?post=20076"},{"taxonomy":"post_tag","embeddable":true,"href":"https:\/\/www.asajacyl.com\/salamanca\/wp-json\/wp\/v2\/tags?post=20076"}],"curies":[{"name":"wp","href":"https:\/\/api.w.org\/{rel}","templated":true}]}}