{"id":20091,"date":"2026-01-12T13:00:47","date_gmt":"2026-01-12T12:00:47","guid":{"rendered":"https:\/\/www.asajacyl.com\/salamanca\/?p=20091"},"modified":"2026-01-12T13:03:21","modified_gmt":"2026-01-12T12:03:21","slug":"vuelta-al-punto-de-partida","status":"publish","type":"post","link":"https:\/\/www.asajacyl.com\/salamanca\/asaja-salamanca-informa\/la-opinion-del-presidente\/vuelta-al-punto-de-partida","title":{"rendered":"Vuelta al punto de partida"},"content":{"rendered":"\n<p>Seguimos en el mismo punto en el que empezamos, como si el tiempo se hubiese detenido.<\/p>\n\n\n\n<p>Tenemos que hacer memoria para recordar cu\u00e1ndo fue la primera vez que el sector mostr\u00f3 su absoluto descontento con la gesti\u00f3n que Europa est\u00e1 haciendo del sector primario y, por qu\u00e9 no decirlo, de la mayor\u00eda de los sectores productivos.<\/p>\n\n\n\n<p>Veo en el sector primario la misma evoluci\u00f3n que ocurri\u00f3 con las cuencas mineras a principios de siglo: zonas rurales llenas de vida, pueblos de Le\u00f3n, Palencia, Teruel, Huelva o Asturias repletos de gente trabajadora, con escuelas, comercios o bares llenos de usuarios que viv\u00edan de los entornos mineros y que, junto con la agricultura, sosten\u00edan la vida rural.<\/p>\n\n\n\n<p>Pues bien, los acuerdos de la Uni\u00f3n Europea desarrollaron un calendario iniciado en la d\u00e9cada de 2010 que culmin\u00f3 ese desmantelamiento el 31 de diciembre de 2018. Pero no solo ocurri\u00f3 con la miner\u00eda. Tambi\u00e9n lo hemos visto con otros sectores: el naval, la metalurgia y siderurgia o el textil.<\/p>\n\n\n\n<p>En el sector primario estamos viviendo exactamente el mismo proceso. Con las mismas excusas nos echan del territorio: sostenibilidad, respeto al medio ambiente, exigencias administrativas, burocracia y, sobre todo, importaciones de terceros pa\u00edses en los que sus legisladores permiten producir a muy bajo coste, sin las exigencias que a nosotros se nos imponen.<\/p>\n\n\n\n<p>En el momento en que escribo estas l\u00edneas, los agricultores y ganaderos europeos protestamos por la inminente firma del acuerdo de la UE con Mercosur, y lo llevamos haciendo desde hace m\u00e1s de 20 a\u00f1os. Puede que el acuerdo tenga aspectos positivos para Juan Luis Delgado Egido determinados sectores, pero para otros supone una nueva piedra en el camino hacia el desmantelamiento del sector primario.<\/p>\n\n\n\n<p>Poco a poco vemos c\u00f3mo se nos acaban las opciones. Recordaremos lo que fue la producci\u00f3n de remolacha y las industrias paralelas: hoy ya no queda ni la remolacha ni la industria. Pero tambi\u00e9n se arrancan naranjos y determinados tipos de ganader\u00eda acabar\u00e1n relegados a los documentales de La 2, como el ovino o el caprino.<\/p>\n\n\n\n<p>\u00bfY qu\u00e9 decir del cereal? Si ya \u00e9ramos deficitarios en estas producciones, como no se apliquen pol\u00edticas serias y sensatas, veremos el mismo cierre de explotaciones que ha ocurrido con la remolacha. Recordemos que Castilla y Le\u00f3n tiene cerca de dos millones de hect\u00e1reas dedicadas al cultivo de cereal, con sus respectivos agricultores. Dos millones de hect\u00e1reas m\u00e1s de Espa\u00f1a despoblada.<\/p>\n\n\n\n<p>Pero lo peor de todo es la forma en la que lo hacen nuestros legisladores europeos y, por supuesto, los nacionales, que son quienes realmente mandan en Europa. Son los jefes de Estado quienes permiten estas pol\u00edticas. Nos tratan como tontos. Dicen que les preocupa la despoblaci\u00f3n rural, pero que miren qui\u00e9n qued\u00f3 en las cuencas mineras. Dicen que fomentan el relevo generacional en la agricultura, pero que vengan a mi pueblo y vean que el m\u00e1s joven ronda los 50 a\u00f1os. O que les cuenten a nuestros hijos esas fantas\u00edas sobre lo importantes<br>que son los agricultores para esta sociedad, mientras ven a sus padres pataleando frente a las imposiciones, presiones fiscales, laborales y legislativas que esta panda de pol\u00edticos mentirosos y falsos nos impone.<\/p>\n\n\n\n<p>Supongo que los pol\u00edticos europeos sabr\u00e1n hacia d\u00f3nde va Europa. Por eso entiendo que ser\u00e1n conscientes de que tendremos que hacer la compra con m\u00e1s tiempo, porque los productos de cercan\u00eda tienen los a\u00f1os contados.<\/p>\n","protected":false},"excerpt":{"rendered":"<p>Seguimos en el mismo punto en el que empezamos, como si el tiempo se hubiese detenido. Tenemos que hacer memoria para recordar cu\u00e1ndo fue la primera vez que el sector mostr\u00f3 su absoluto descontento con la gesti\u00f3n que Europa est\u00e1 haciendo del sector primario y, por qu\u00e9 no decirlo, de la mayor\u00eda de los sectores [&hellip;]<\/p>\n","protected":false},"author":10,"featured_media":20092,"comment_status":"open","ping_status":"open","sticky":false,"template":"","format":"standard","meta":{"footnotes":""},"categories":[543],"tags":[],"yoast_head":"<!-- This site is optimized with the Yoast SEO plugin v24.5 - https:\/\/yoast.com\/wordpress\/plugins\/seo\/ -->\n<title>Vuelta al punto de partida - ASAJA Salamanca<\/title>\n<meta name=\"description\" content=\"Seguimos en el mismo punto en el que empezamos, como si el tiempo se hubiese detenido. Tenemos que hacer memoria para recordar cu\u00e1ndo fue la primera vez\" \/>\n<meta name=\"robots\" content=\"index, follow, max-snippet:-1, max-image-preview:large, max-video-preview:-1\" \/>\n<link rel=\"canonical\" href=\"https:\/\/www.asajacyl.com\/salamanca\/asaja-salamanca-informa\/la-opinion-del-presidente\/vuelta-al-punto-de-partida\" \/>\n<meta property=\"og:locale\" content=\"es_ES\" \/>\n<meta property=\"og:type\" content=\"article\" \/>\n<meta property=\"og:title\" content=\"Vuelta al punto de partida - ASAJA Salamanca\" \/>\n<meta property=\"og:description\" content=\"Seguimos en el mismo punto en el que empezamos, como si el tiempo se hubiese detenido. Tenemos que hacer memoria para recordar cu\u00e1ndo fue la primera vez\" \/>\n<meta property=\"og:url\" content=\"https:\/\/www.asajacyl.com\/salamanca\/asaja-salamanca-informa\/la-opinion-del-presidente\/vuelta-al-punto-de-partida\" \/>\n<meta property=\"og:site_name\" content=\"ASAJA Salamanca\" \/>\n<meta property=\"article:published_time\" content=\"2026-01-12T12:00:47+00:00\" \/>\n<meta property=\"article:modified_time\" content=\"2026-01-12T12:03:21+00:00\" \/>\n<meta property=\"og:image\" content=\"https:\/\/www.asajacyl.com\/salamanca\/wp-content\/uploads\/sites\/7\/2026\/01\/MERCOSUR.jpg\" \/>\n\t<meta property=\"og:image:width\" content=\"800\" \/>\n\t<meta property=\"og:image:height\" content=\"450\" \/>\n\t<meta property=\"og:image:type\" content=\"image\/jpeg\" \/>\n<meta name=\"author\" content=\"Sonia\" \/>\n<meta name=\"twitter:card\" content=\"summary_large_image\" \/>\n<meta name=\"twitter:label1\" content=\"Escrito por\" \/>\n\t<meta name=\"twitter:data1\" content=\"Sonia\" \/>\n\t<meta name=\"twitter:label2\" content=\"Tiempo de lectura\" \/>\n\t<meta name=\"twitter:data2\" content=\"3 minutos\" \/>\n<script type=\"application\/ld+json\" class=\"yoast-schema-graph\">{\"@context\":\"https:\/\/schema.org\",\"@graph\":[{\"@type\":\"WebPage\",\"@id\":\"https:\/\/www.asajacyl.com\/salamanca\/asaja-salamanca-informa\/la-opinion-del-presidente\/vuelta-al-punto-de-partida\",\"url\":\"https:\/\/www.asajacyl.com\/salamanca\/asaja-salamanca-informa\/la-opinion-del-presidente\/vuelta-al-punto-de-partida\",\"name\":\"Vuelta al punto de partida - ASAJA Salamanca\",\"isPartOf\":{\"@id\":\"https:\/\/www.asajacyl.com\/salamanca\/#website\"},\"primaryImageOfPage\":{\"@id\":\"https:\/\/www.asajacyl.com\/salamanca\/asaja-salamanca-informa\/la-opinion-del-presidente\/vuelta-al-punto-de-partida#primaryimage\"},\"image\":{\"@id\":\"https:\/\/www.asajacyl.com\/salamanca\/asaja-salamanca-informa\/la-opinion-del-presidente\/vuelta-al-punto-de-partida#primaryimage\"},\"thumbnailUrl\":\"https:\/\/www.asajacyl.com\/salamanca\/wp-content\/uploads\/sites\/7\/2026\/01\/MERCOSUR.jpg\",\"datePublished\":\"2026-01-12T12:00:47+00:00\",\"dateModified\":\"2026-01-12T12:03:21+00:00\",\"author\":{\"@id\":\"https:\/\/www.asajacyl.com\/salamanca\/#\/schema\/person\/2bfc7da09988e1087e6291fafe99b67f\"},\"description\":\"Seguimos en el mismo punto en el que empezamos, como si el tiempo se hubiese detenido. Tenemos que hacer memoria para recordar cu\u00e1ndo fue la primera vez\",\"breadcrumb\":{\"@id\":\"https:\/\/www.asajacyl.com\/salamanca\/asaja-salamanca-informa\/la-opinion-del-presidente\/vuelta-al-punto-de-partida#breadcrumb\"},\"inLanguage\":\"es\",\"potentialAction\":[{\"@type\":\"ReadAction\",\"target\":[\"https:\/\/www.asajacyl.com\/salamanca\/asaja-salamanca-informa\/la-opinion-del-presidente\/vuelta-al-punto-de-partida\"]}]},{\"@type\":\"ImageObject\",\"inLanguage\":\"es\",\"@id\":\"https:\/\/www.asajacyl.com\/salamanca\/asaja-salamanca-informa\/la-opinion-del-presidente\/vuelta-al-punto-de-partida#primaryimage\",\"url\":\"https:\/\/www.asajacyl.com\/salamanca\/wp-content\/uploads\/sites\/7\/2026\/01\/MERCOSUR.jpg\",\"contentUrl\":\"https:\/\/www.asajacyl.com\/salamanca\/wp-content\/uploads\/sites\/7\/2026\/01\/MERCOSUR.jpg\",\"width\":800,\"height\":450},{\"@type\":\"BreadcrumbList\",\"@id\":\"https:\/\/www.asajacyl.com\/salamanca\/asaja-salamanca-informa\/la-opinion-del-presidente\/vuelta-al-punto-de-partida#breadcrumb\",\"itemListElement\":[{\"@type\":\"ListItem\",\"position\":1,\"name\":\"Portada\",\"item\":\"https:\/\/www.asajacyl.com\/salamanca\/\"},{\"@type\":\"ListItem\",\"position\":2,\"name\":\"Vuelta al punto de partida\"}]},{\"@type\":\"WebSite\",\"@id\":\"https:\/\/www.asajacyl.com\/salamanca\/#website\",\"url\":\"https:\/\/www.asajacyl.com\/salamanca\/\",\"name\":\"ASAJA Salamanca\",\"description\":\"Otro sitio m\u00e1s de Provincias ASAJA Castilla y Le\u00f3n\",\"potentialAction\":[{\"@type\":\"SearchAction\",\"target\":{\"@type\":\"EntryPoint\",\"urlTemplate\":\"https:\/\/www.asajacyl.com\/salamanca\/?s={search_term_string}\"},\"query-input\":{\"@type\":\"PropertyValueSpecification\",\"valueRequired\":true,\"valueName\":\"search_term_string\"}}],\"inLanguage\":\"es\"},{\"@type\":\"Person\",\"@id\":\"https:\/\/www.asajacyl.com\/salamanca\/#\/schema\/person\/2bfc7da09988e1087e6291fafe99b67f\",\"name\":\"Sonia\",\"image\":{\"@type\":\"ImageObject\",\"inLanguage\":\"es\",\"@id\":\"https:\/\/www.asajacyl.com\/salamanca\/#\/schema\/person\/image\/\",\"url\":\"https:\/\/secure.gravatar.com\/avatar\/6b0d6eb461a1e3687cc023d59022ef0d?s=96&d=mm&r=g\",\"contentUrl\":\"https:\/\/secure.gravatar.com\/avatar\/6b0d6eb461a1e3687cc023d59022ef0d?s=96&d=mm&r=g\",\"caption\":\"Sonia\"},\"url\":\"https:\/\/www.asajacyl.com\/salamanca\/author\/juanluisde\"}]}<\/script>\n<!-- \/ Yoast SEO plugin. -->","yoast_head_json":{"title":"Vuelta al punto de partida - ASAJA Salamanca","description":"Seguimos en el mismo punto en el que empezamos, como si el tiempo se hubiese detenido. Tenemos que hacer memoria para recordar cu\u00e1ndo fue la primera vez","robots":{"index":"index","follow":"follow","max-snippet":"max-snippet:-1","max-image-preview":"max-image-preview:large","max-video-preview":"max-video-preview:-1"},"canonical":"https:\/\/www.asajacyl.com\/salamanca\/asaja-salamanca-informa\/la-opinion-del-presidente\/vuelta-al-punto-de-partida","og_locale":"es_ES","og_type":"article","og_title":"Vuelta al punto de partida - ASAJA Salamanca","og_description":"Seguimos en el mismo punto en el que empezamos, como si el tiempo se hubiese detenido. Tenemos que hacer memoria para recordar cu\u00e1ndo fue la primera vez","og_url":"https:\/\/www.asajacyl.com\/salamanca\/asaja-salamanca-informa\/la-opinion-del-presidente\/vuelta-al-punto-de-partida","og_site_name":"ASAJA Salamanca","article_published_time":"2026-01-12T12:00:47+00:00","article_modified_time":"2026-01-12T12:03:21+00:00","og_image":[{"width":800,"height":450,"url":"https:\/\/www.asajacyl.com\/salamanca\/wp-content\/uploads\/sites\/7\/2026\/01\/MERCOSUR.jpg","type":"image\/jpeg"}],"author":"Sonia","twitter_card":"summary_large_image","twitter_misc":{"Escrito por":"Sonia","Tiempo de lectura":"3 minutos"},"schema":{"@context":"https:\/\/schema.org","@graph":[{"@type":"WebPage","@id":"https:\/\/www.asajacyl.com\/salamanca\/asaja-salamanca-informa\/la-opinion-del-presidente\/vuelta-al-punto-de-partida","url":"https:\/\/www.asajacyl.com\/salamanca\/asaja-salamanca-informa\/la-opinion-del-presidente\/vuelta-al-punto-de-partida","name":"Vuelta al punto de partida - ASAJA Salamanca","isPartOf":{"@id":"https:\/\/www.asajacyl.com\/salamanca\/#website"},"primaryImageOfPage":{"@id":"https:\/\/www.asajacyl.com\/salamanca\/asaja-salamanca-informa\/la-opinion-del-presidente\/vuelta-al-punto-de-partida#primaryimage"},"image":{"@id":"https:\/\/www.asajacyl.com\/salamanca\/asaja-salamanca-informa\/la-opinion-del-presidente\/vuelta-al-punto-de-partida#primaryimage"},"thumbnailUrl":"https:\/\/www.asajacyl.com\/salamanca\/wp-content\/uploads\/sites\/7\/2026\/01\/MERCOSUR.jpg","datePublished":"2026-01-12T12:00:47+00:00","dateModified":"2026-01-12T12:03:21+00:00","author":{"@id":"https:\/\/www.asajacyl.com\/salamanca\/#\/schema\/person\/2bfc7da09988e1087e6291fafe99b67f"},"description":"Seguimos en el mismo punto en el que empezamos, como si el tiempo se hubiese detenido. Tenemos que hacer memoria para recordar cu\u00e1ndo fue la primera vez","breadcrumb":{"@id":"https:\/\/www.asajacyl.com\/salamanca\/asaja-salamanca-informa\/la-opinion-del-presidente\/vuelta-al-punto-de-partida#breadcrumb"},"inLanguage":"es","potentialAction":[{"@type":"ReadAction","target":["https:\/\/www.asajacyl.com\/salamanca\/asaja-salamanca-informa\/la-opinion-del-presidente\/vuelta-al-punto-de-partida"]}]},{"@type":"ImageObject","inLanguage":"es","@id":"https:\/\/www.asajacyl.com\/salamanca\/asaja-salamanca-informa\/la-opinion-del-presidente\/vuelta-al-punto-de-partida#primaryimage","url":"https:\/\/www.asajacyl.com\/salamanca\/wp-content\/uploads\/sites\/7\/2026\/01\/MERCOSUR.jpg","contentUrl":"https:\/\/www.asajacyl.com\/salamanca\/wp-content\/uploads\/sites\/7\/2026\/01\/MERCOSUR.jpg","width":800,"height":450},{"@type":"BreadcrumbList","@id":"https:\/\/www.asajacyl.com\/salamanca\/asaja-salamanca-informa\/la-opinion-del-presidente\/vuelta-al-punto-de-partida#breadcrumb","itemListElement":[{"@type":"ListItem","position":1,"name":"Portada","item":"https:\/\/www.asajacyl.com\/salamanca\/"},{"@type":"ListItem","position":2,"name":"Vuelta al punto de partida"}]},{"@type":"WebSite","@id":"https:\/\/www.asajacyl.com\/salamanca\/#website","url":"https:\/\/www.asajacyl.com\/salamanca\/","name":"ASAJA Salamanca","description":"Otro sitio m\u00e1s de Provincias ASAJA Castilla y Le\u00f3n","potentialAction":[{"@type":"SearchAction","target":{"@type":"EntryPoint","urlTemplate":"https:\/\/www.asajacyl.com\/salamanca\/?s={search_term_string}"},"query-input":{"@type":"PropertyValueSpecification","valueRequired":true,"valueName":"search_term_string"}}],"inLanguage":"es"},{"@type":"Person","@id":"https:\/\/www.asajacyl.com\/salamanca\/#\/schema\/person\/2bfc7da09988e1087e6291fafe99b67f","name":"Sonia","image":{"@type":"ImageObject","inLanguage":"es","@id":"https:\/\/www.asajacyl.com\/salamanca\/#\/schema\/person\/image\/","url":"https:\/\/secure.gravatar.com\/avatar\/6b0d6eb461a1e3687cc023d59022ef0d?s=96&d=mm&r=g","contentUrl":"https:\/\/secure.gravatar.com\/avatar\/6b0d6eb461a1e3687cc023d59022ef0d?s=96&d=mm&r=g","caption":"Sonia"},"url":"https:\/\/www.asajacyl.com\/salamanca\/author\/juanluisde"}]}},"_links":{"self":[{"href":"https:\/\/www.asajacyl.com\/salamanca\/wp-json\/wp\/v2\/posts\/20091"}],"collection":[{"href":"https:\/\/www.asajacyl.com\/salamanca\/wp-json\/wp\/v2\/posts"}],"about":[{"href":"https:\/\/www.asajacyl.com\/salamanca\/wp-json\/wp\/v2\/types\/post"}],"author":[{"embeddable":true,"href":"https:\/\/www.asajacyl.com\/salamanca\/wp-json\/wp\/v2\/users\/10"}],"replies":[{"embeddable":true,"href":"https:\/\/www.asajacyl.com\/salamanca\/wp-json\/wp\/v2\/comments?post=20091"}],"version-history":[{"count":2,"href":"https:\/\/www.asajacyl.com\/salamanca\/wp-json\/wp\/v2\/posts\/20091\/revisions"}],"predecessor-version":[{"id":20094,"href":"https:\/\/www.asajacyl.com\/salamanca\/wp-json\/wp\/v2\/posts\/20091\/revisions\/20094"}],"wp:featuredmedia":[{"embeddable":true,"href":"https:\/\/www.asajacyl.com\/salamanca\/wp-json\/wp\/v2\/media\/20092"}],"wp:attachment":[{"href":"https:\/\/www.asajacyl.com\/salamanca\/wp-json\/wp\/v2\/media?parent=20091"}],"wp:term":[{"taxonomy":"category","embeddable":true,"href":"https:\/\/www.asajacyl.com\/salamanca\/wp-json\/wp\/v2\/categories?post=20091"},{"taxonomy":"post_tag","embeddable":true,"href":"https:\/\/www.asajacyl.com\/salamanca\/wp-json\/wp\/v2\/tags?post=20091"}],"curies":[{"name":"wp","href":"https:\/\/api.w.org\/{rel}","templated":true}]}}