{"id":20122,"date":"2026-01-21T15:10:52","date_gmt":"2026-01-21T14:10:52","guid":{"rendered":"https:\/\/www.asajacyl.com\/salamanca\/?p=20122"},"modified":"2026-02-24T13:49:54","modified_gmt":"2026-02-24T12:49:54","slug":"asaja-celebra-el-aval-del-parlamento-europeo-para-someter-el-acuerdo-ue-mercosur-a-control-juridico","status":"publish","type":"post","link":"https:\/\/www.asajacyl.com\/salamanca\/asaja-salamanca-informa\/noticias\/asaja-celebra-el-aval-del-parlamento-europeo-para-someter-el-acuerdo-ue-mercosur-a-control-juridico","title":{"rendered":"ASAJA celebra el aval del Parlamento europeo para someter el acuerdo UE-Mercosur a control jur\u00eddico"},"content":{"rendered":"\n<p>ASAJA valora como un paso fundamental el aval del Parlamento Europeo para someter el acuerdo UE-Mercosur a control jur\u00eddico y destaca que esta decisi\u00f3n es tambi\u00e9n fruto del papel activo que la organizaci\u00f3n ha desempe\u00f1ado desde la Vicepresidencia del COPA, impulsando las movilizaciones celebradas en Bruselas y Estrasburgo. ASAJA subraya que solo a trav\u00e9s de organizaciones agrarias fuertes, organizadas y con presencia en los centros de decisi\u00f3n europeos es posible defender los intereses del campo y alcanzar logros como este, y agradece el compromiso de los agricultores y ganaderos que han salido a la calle para exigir un acuerdo justo y equilibrado para el sector agroalimentario.<\/p>\n\n\n\n<p><br><strong><em>Madrid 21 de enero de 2026.-<\/em><\/strong>\u00a0Desde\u00a0<strong>ASAJA<\/strong>\u00a0se valora como\u00a0<strong>un paso fundamental<\/strong>\u00a0la aprobaci\u00f3n, esta ma\u00f1ana en Estrasburgo, en el Pleno del\u00a0<strong>Parlamento Europeo<\/strong>, de la solicitud para\u00a0<strong>someter a control jur\u00eddico<\/strong>, mediante un dictamen del Tribunal de Justicia de la Uni\u00f3n Europea, el acuerdo UE-Mercosur. Esta decisi\u00f3n -tras una re\u00f1ida votaci\u00f3n, con 334 votos a favor y 324 en contra, solo diez votos de diferencia- permite avanzar en el an\u00e1lisis de un acuerdo que el sector agrario y ganadero viene denunciando desde hace tiempo por su\u00a0<strong>grave impacto econ\u00f3mico, productivo y territorial<\/strong>, as\u00ed como por las\u00a0<strong>dudas jur\u00eddicas y pol\u00edticas de fondo<\/strong>\u00a0que plantea. El presidente nacional de ASAJA,\u00a0<strong>Pedro Barato<\/strong>, subraya que la aprobaci\u00f3n de esta solicitud \u201crefleja que existen dudas jur\u00eddicas y pol\u00edticas reales sobre el acuerdo UE-Mercosur\u201d y conf\u00eda en que este dictamen \u201csirva para frenar la ratificaci\u00f3n de un acuerdo claramente desequilibrado y perjudicial para los agricultores y ganaderos europeos\u201d.<\/p>\n\n\n\n<p>ASAJA espera que este paso contribuya a&nbsp;<strong>detener un proceso de ratificaci\u00f3n que pone en riesgo la viabilidad de miles de explotaciones<\/strong>&nbsp;y hace un llamamiento al&nbsp;<strong>Gobierno de Espa\u00f1a<\/strong>&nbsp;para que defienda de forma clara al sector agrario y ganadero, garantizando el&nbsp;<strong>principio de reciprocidad<\/strong>&nbsp;y unas&nbsp;<strong>condiciones de competencia justas<\/strong>.<\/p>\n\n\n\n<p>ASAJA insiste en que lo relevante de la votaci\u00f3n es que&nbsp;<strong>el acuerdo UE-Mercosur ser\u00e1 sometido a un examen jur\u00eddico<\/strong>, algo imprescindible ante un texto que genera&nbsp;<strong>inseguridad, desequilibrios y una clara competencia desleal<\/strong>&nbsp;para el campo europeo y, en particular, para el sector agrario y ganadero espa\u00f1ol.<\/p>\n\n\n\n<p>La organizaci\u00f3n considera igualmente&nbsp;<strong>muy relevante el reconocimiento impl\u00edcito al papel desarrollado por ASAJA<\/strong>, que ha impulsado de forma activa, a trav\u00e9s de la Vicepresidencia del&nbsp;<strong>COPA<\/strong>, las movilizaciones celebradas el&nbsp;<strong>18 de diciembre en Bruselas<\/strong>&nbsp;y el&nbsp;<strong>20 de enero en Estrasburgo<\/strong>, coincidiendo con esta votaci\u00f3n. Estas protestas han sido determinantes para situar en la agenda pol\u00edtica europea las preocupaciones reales del campo y para que el acuerdo sea finalmente sometido a control jur\u00eddico. En este sentido, ASAJA subraya la&nbsp;<strong>importancia de que agricultores y ganaderos est\u00e9n organizados y representados a trav\u00e9s de organizaciones profesionales agrarias<\/strong>, ya que solo desde una estructura fuerte, unida y con presencia en los centros de decisi\u00f3n europeos es posible defender los intereses del sector y alcanzar objetivos concretos como el logrado hoy. Igualmente, ASAJA quiere&nbsp;<strong>agradecer expresamente el compromiso, el esfuerzo y la implicaci\u00f3n de todos los agricultores y ganaderos<\/strong>&nbsp;que han participado en las movilizaciones de Bruselas y Estrasburgo, demostrando que la uni\u00f3n del sector y la movilizaci\u00f3n siguen siendo herramientas clave para proteger el futuro del campo europeo.<\/p>\n\n\n\n<p>Fuente:&nbsp;<a href=\"https:\/\/www.asaja.com\/\">ASAJA&nbsp;<\/a><\/p>\n\n\n\n<figure class=\"wp-block-image\"><a href=\"https:\/\/www.asajacyl.com\/wp-content\/uploads\/2026\/01\/bruselas-protesta-18-diciembre.jpg\"><img decoding=\"async\" src=\"https:\/\/www.asajacyl.com\/wp-content\/uploads\/2026\/01\/bruselas-protesta-18-diciembre.jpg\" alt=\"\" class=\"wp-image-26630\" \/><\/a><\/figure>\n","protected":false},"excerpt":{"rendered":"<p>ASAJA valora como un paso fundamental el aval del Parlamento Europeo para someter el acuerdo UE-Mercosur a control jur\u00eddico y destaca que esta decisi\u00f3n es tambi\u00e9n fruto del papel activo que la organizaci\u00f3n ha desempe\u00f1ado desde la Vicepresidencia del COPA, impulsando las movilizaciones celebradas en Bruselas y Estrasburgo. ASAJA subraya que solo a trav\u00e9s de [&hellip;]<\/p>\n","protected":false},"author":10,"featured_media":20024,"comment_status":"open","ping_status":"open","sticky":false,"template":"","format":"standard","meta":{"footnotes":""},"categories":[510],"tags":[],"yoast_head":"<!-- This site is optimized with the Yoast SEO plugin v24.5 - https:\/\/yoast.com\/wordpress\/plugins\/seo\/ -->\n<title>ASAJA celebra el aval del Parlamento europeo para someter el acuerdo UE-Mercosur a control jur\u00eddico - ASAJA Salamanca<\/title>\n<meta name=\"description\" content=\"ASAJA valora como un paso fundamental el aval del Parlamento Europeo para someter el acuerdo UE-Mercosur a control jur\u00eddico y destaca que esta decisi\u00f3n es\" \/>\n<meta name=\"robots\" content=\"index, follow, max-snippet:-1, max-image-preview:large, max-video-preview:-1\" \/>\n<link rel=\"canonical\" href=\"https:\/\/www.asajacyl.com\/salamanca\/asaja-salamanca-informa\/noticias\/asaja-celebra-el-aval-del-parlamento-europeo-para-someter-el-acuerdo-ue-mercosur-a-control-juridico\" \/>\n<meta property=\"og:locale\" content=\"es_ES\" \/>\n<meta property=\"og:type\" content=\"article\" \/>\n<meta property=\"og:title\" content=\"ASAJA celebra el aval del Parlamento europeo para someter el acuerdo UE-Mercosur a control jur\u00eddico - ASAJA Salamanca\" \/>\n<meta property=\"og:description\" content=\"ASAJA valora como un paso fundamental el aval del Parlamento Europeo para someter el acuerdo UE-Mercosur a control jur\u00eddico y destaca que esta decisi\u00f3n es\" \/>\n<meta property=\"og:url\" content=\"https:\/\/www.asajacyl.com\/salamanca\/asaja-salamanca-informa\/noticias\/asaja-celebra-el-aval-del-parlamento-europeo-para-someter-el-acuerdo-ue-mercosur-a-control-juridico\" \/>\n<meta property=\"og:site_name\" content=\"ASAJA Salamanca\" \/>\n<meta property=\"article:published_time\" content=\"2026-01-21T14:10:52+00:00\" \/>\n<meta property=\"article:modified_time\" content=\"2026-02-24T12:49:54+00:00\" \/>\n<meta property=\"og:image\" content=\"https:\/\/www.asajacyl.com\/salamanca\/wp-content\/uploads\/sites\/7\/2025\/12\/601809278_1278830627618902_1254794346289982208_n.jpg\" \/>\n\t<meta property=\"og:image:width\" content=\"1600\" \/>\n\t<meta property=\"og:image:height\" content=\"900\" \/>\n\t<meta property=\"og:image:type\" content=\"image\/jpeg\" \/>\n<meta name=\"author\" content=\"Sonia\" \/>\n<meta name=\"twitter:card\" content=\"summary_large_image\" \/>\n<meta name=\"twitter:label1\" content=\"Escrito por\" \/>\n\t<meta name=\"twitter:data1\" content=\"Sonia\" \/>\n\t<meta name=\"twitter:label2\" content=\"Tiempo de lectura\" \/>\n\t<meta name=\"twitter:data2\" content=\"3 minutos\" \/>\n<script type=\"application\/ld+json\" class=\"yoast-schema-graph\">{\"@context\":\"https:\/\/schema.org\",\"@graph\":[{\"@type\":\"WebPage\",\"@id\":\"https:\/\/www.asajacyl.com\/salamanca\/asaja-salamanca-informa\/noticias\/asaja-celebra-el-aval-del-parlamento-europeo-para-someter-el-acuerdo-ue-mercosur-a-control-juridico\",\"url\":\"https:\/\/www.asajacyl.com\/salamanca\/asaja-salamanca-informa\/noticias\/asaja-celebra-el-aval-del-parlamento-europeo-para-someter-el-acuerdo-ue-mercosur-a-control-juridico\",\"name\":\"ASAJA celebra el aval del Parlamento europeo para someter el acuerdo UE-Mercosur a control jur\u00eddico - ASAJA Salamanca\",\"isPartOf\":{\"@id\":\"https:\/\/www.asajacyl.com\/salamanca\/#website\"},\"primaryImageOfPage\":{\"@id\":\"https:\/\/www.asajacyl.com\/salamanca\/asaja-salamanca-informa\/noticias\/asaja-celebra-el-aval-del-parlamento-europeo-para-someter-el-acuerdo-ue-mercosur-a-control-juridico#primaryimage\"},\"image\":{\"@id\":\"https:\/\/www.asajacyl.com\/salamanca\/asaja-salamanca-informa\/noticias\/asaja-celebra-el-aval-del-parlamento-europeo-para-someter-el-acuerdo-ue-mercosur-a-control-juridico#primaryimage\"},\"thumbnailUrl\":\"https:\/\/www.asajacyl.com\/salamanca\/wp-content\/uploads\/sites\/7\/2025\/12\/601809278_1278830627618902_1254794346289982208_n.jpg\",\"datePublished\":\"2026-01-21T14:10:52+00:00\",\"dateModified\":\"2026-02-24T12:49:54+00:00\",\"author\":{\"@id\":\"https:\/\/www.asajacyl.com\/salamanca\/#\/schema\/person\/2bfc7da09988e1087e6291fafe99b67f\"},\"description\":\"ASAJA valora como un paso fundamental el aval del Parlamento Europeo para someter el acuerdo UE-Mercosur a control jur\u00eddico y destaca que esta decisi\u00f3n es\",\"breadcrumb\":{\"@id\":\"https:\/\/www.asajacyl.com\/salamanca\/asaja-salamanca-informa\/noticias\/asaja-celebra-el-aval-del-parlamento-europeo-para-someter-el-acuerdo-ue-mercosur-a-control-juridico#breadcrumb\"},\"inLanguage\":\"es\",\"potentialAction\":[{\"@type\":\"ReadAction\",\"target\":[\"https:\/\/www.asajacyl.com\/salamanca\/asaja-salamanca-informa\/noticias\/asaja-celebra-el-aval-del-parlamento-europeo-para-someter-el-acuerdo-ue-mercosur-a-control-juridico\"]}]},{\"@type\":\"ImageObject\",\"inLanguage\":\"es\",\"@id\":\"https:\/\/www.asajacyl.com\/salamanca\/asaja-salamanca-informa\/noticias\/asaja-celebra-el-aval-del-parlamento-europeo-para-someter-el-acuerdo-ue-mercosur-a-control-juridico#primaryimage\",\"url\":\"https:\/\/www.asajacyl.com\/salamanca\/wp-content\/uploads\/sites\/7\/2025\/12\/601809278_1278830627618902_1254794346289982208_n.jpg\",\"contentUrl\":\"https:\/\/www.asajacyl.com\/salamanca\/wp-content\/uploads\/sites\/7\/2025\/12\/601809278_1278830627618902_1254794346289982208_n.jpg\",\"width\":1600,\"height\":900},{\"@type\":\"BreadcrumbList\",\"@id\":\"https:\/\/www.asajacyl.com\/salamanca\/asaja-salamanca-informa\/noticias\/asaja-celebra-el-aval-del-parlamento-europeo-para-someter-el-acuerdo-ue-mercosur-a-control-juridico#breadcrumb\",\"itemListElement\":[{\"@type\":\"ListItem\",\"position\":1,\"name\":\"Portada\",\"item\":\"https:\/\/www.asajacyl.com\/salamanca\/\"},{\"@type\":\"ListItem\",\"position\":2,\"name\":\"ASAJA celebra el aval del Parlamento europeo para someter el acuerdo UE-Mercosur a control jur\u00eddico\"}]},{\"@type\":\"WebSite\",\"@id\":\"https:\/\/www.asajacyl.com\/salamanca\/#website\",\"url\":\"https:\/\/www.asajacyl.com\/salamanca\/\",\"name\":\"ASAJA Salamanca\",\"description\":\"Otro sitio m\u00e1s de Provincias ASAJA Castilla y Le\u00f3n\",\"potentialAction\":[{\"@type\":\"SearchAction\",\"target\":{\"@type\":\"EntryPoint\",\"urlTemplate\":\"https:\/\/www.asajacyl.com\/salamanca\/?s={search_term_string}\"},\"query-input\":{\"@type\":\"PropertyValueSpecification\",\"valueRequired\":true,\"valueName\":\"search_term_string\"}}],\"inLanguage\":\"es\"},{\"@type\":\"Person\",\"@id\":\"https:\/\/www.asajacyl.com\/salamanca\/#\/schema\/person\/2bfc7da09988e1087e6291fafe99b67f\",\"name\":\"Sonia\",\"image\":{\"@type\":\"ImageObject\",\"inLanguage\":\"es\",\"@id\":\"https:\/\/www.asajacyl.com\/salamanca\/#\/schema\/person\/image\/\",\"url\":\"https:\/\/secure.gravatar.com\/avatar\/6b0d6eb461a1e3687cc023d59022ef0d?s=96&d=mm&r=g\",\"contentUrl\":\"https:\/\/secure.gravatar.com\/avatar\/6b0d6eb461a1e3687cc023d59022ef0d?s=96&d=mm&r=g\",\"caption\":\"Sonia\"},\"url\":\"https:\/\/www.asajacyl.com\/salamanca\/author\/juanluisde\"}]}<\/script>\n<!-- \/ Yoast SEO plugin. -->","yoast_head_json":{"title":"ASAJA celebra el aval del Parlamento europeo para someter el acuerdo UE-Mercosur a control jur\u00eddico - ASAJA Salamanca","description":"ASAJA valora como un paso fundamental el aval del Parlamento Europeo para someter el acuerdo UE-Mercosur a control jur\u00eddico y destaca que esta decisi\u00f3n es","robots":{"index":"index","follow":"follow","max-snippet":"max-snippet:-1","max-image-preview":"max-image-preview:large","max-video-preview":"max-video-preview:-1"},"canonical":"https:\/\/www.asajacyl.com\/salamanca\/asaja-salamanca-informa\/noticias\/asaja-celebra-el-aval-del-parlamento-europeo-para-someter-el-acuerdo-ue-mercosur-a-control-juridico","og_locale":"es_ES","og_type":"article","og_title":"ASAJA celebra el aval del Parlamento europeo para someter el acuerdo UE-Mercosur a control jur\u00eddico - ASAJA Salamanca","og_description":"ASAJA valora como un paso fundamental el aval del Parlamento Europeo para someter el acuerdo UE-Mercosur a control jur\u00eddico y destaca que esta decisi\u00f3n es","og_url":"https:\/\/www.asajacyl.com\/salamanca\/asaja-salamanca-informa\/noticias\/asaja-celebra-el-aval-del-parlamento-europeo-para-someter-el-acuerdo-ue-mercosur-a-control-juridico","og_site_name":"ASAJA Salamanca","article_published_time":"2026-01-21T14:10:52+00:00","article_modified_time":"2026-02-24T12:49:54+00:00","og_image":[{"width":1600,"height":900,"url":"https:\/\/www.asajacyl.com\/salamanca\/wp-content\/uploads\/sites\/7\/2025\/12\/601809278_1278830627618902_1254794346289982208_n.jpg","type":"image\/jpeg"}],"author":"Sonia","twitter_card":"summary_large_image","twitter_misc":{"Escrito por":"Sonia","Tiempo de lectura":"3 minutos"},"schema":{"@context":"https:\/\/schema.org","@graph":[{"@type":"WebPage","@id":"https:\/\/www.asajacyl.com\/salamanca\/asaja-salamanca-informa\/noticias\/asaja-celebra-el-aval-del-parlamento-europeo-para-someter-el-acuerdo-ue-mercosur-a-control-juridico","url":"https:\/\/www.asajacyl.com\/salamanca\/asaja-salamanca-informa\/noticias\/asaja-celebra-el-aval-del-parlamento-europeo-para-someter-el-acuerdo-ue-mercosur-a-control-juridico","name":"ASAJA celebra el aval del Parlamento europeo para someter el acuerdo UE-Mercosur a control jur\u00eddico - ASAJA Salamanca","isPartOf":{"@id":"https:\/\/www.asajacyl.com\/salamanca\/#website"},"primaryImageOfPage":{"@id":"https:\/\/www.asajacyl.com\/salamanca\/asaja-salamanca-informa\/noticias\/asaja-celebra-el-aval-del-parlamento-europeo-para-someter-el-acuerdo-ue-mercosur-a-control-juridico#primaryimage"},"image":{"@id":"https:\/\/www.asajacyl.com\/salamanca\/asaja-salamanca-informa\/noticias\/asaja-celebra-el-aval-del-parlamento-europeo-para-someter-el-acuerdo-ue-mercosur-a-control-juridico#primaryimage"},"thumbnailUrl":"https:\/\/www.asajacyl.com\/salamanca\/wp-content\/uploads\/sites\/7\/2025\/12\/601809278_1278830627618902_1254794346289982208_n.jpg","datePublished":"2026-01-21T14:10:52+00:00","dateModified":"2026-02-24T12:49:54+00:00","author":{"@id":"https:\/\/www.asajacyl.com\/salamanca\/#\/schema\/person\/2bfc7da09988e1087e6291fafe99b67f"},"description":"ASAJA valora como un paso fundamental el aval del Parlamento Europeo para someter el acuerdo UE-Mercosur a control jur\u00eddico y destaca que esta decisi\u00f3n es","breadcrumb":{"@id":"https:\/\/www.asajacyl.com\/salamanca\/asaja-salamanca-informa\/noticias\/asaja-celebra-el-aval-del-parlamento-europeo-para-someter-el-acuerdo-ue-mercosur-a-control-juridico#breadcrumb"},"inLanguage":"es","potentialAction":[{"@type":"ReadAction","target":["https:\/\/www.asajacyl.com\/salamanca\/asaja-salamanca-informa\/noticias\/asaja-celebra-el-aval-del-parlamento-europeo-para-someter-el-acuerdo-ue-mercosur-a-control-juridico"]}]},{"@type":"ImageObject","inLanguage":"es","@id":"https:\/\/www.asajacyl.com\/salamanca\/asaja-salamanca-informa\/noticias\/asaja-celebra-el-aval-del-parlamento-europeo-para-someter-el-acuerdo-ue-mercosur-a-control-juridico#primaryimage","url":"https:\/\/www.asajacyl.com\/salamanca\/wp-content\/uploads\/sites\/7\/2025\/12\/601809278_1278830627618902_1254794346289982208_n.jpg","contentUrl":"https:\/\/www.asajacyl.com\/salamanca\/wp-content\/uploads\/sites\/7\/2025\/12\/601809278_1278830627618902_1254794346289982208_n.jpg","width":1600,"height":900},{"@type":"BreadcrumbList","@id":"https:\/\/www.asajacyl.com\/salamanca\/asaja-salamanca-informa\/noticias\/asaja-celebra-el-aval-del-parlamento-europeo-para-someter-el-acuerdo-ue-mercosur-a-control-juridico#breadcrumb","itemListElement":[{"@type":"ListItem","position":1,"name":"Portada","item":"https:\/\/www.asajacyl.com\/salamanca\/"},{"@type":"ListItem","position":2,"name":"ASAJA celebra el aval del Parlamento europeo para someter el acuerdo UE-Mercosur a control jur\u00eddico"}]},{"@type":"WebSite","@id":"https:\/\/www.asajacyl.com\/salamanca\/#website","url":"https:\/\/www.asajacyl.com\/salamanca\/","name":"ASAJA Salamanca","description":"Otro sitio m\u00e1s de Provincias ASAJA Castilla y Le\u00f3n","potentialAction":[{"@type":"SearchAction","target":{"@type":"EntryPoint","urlTemplate":"https:\/\/www.asajacyl.com\/salamanca\/?s={search_term_string}"},"query-input":{"@type":"PropertyValueSpecification","valueRequired":true,"valueName":"search_term_string"}}],"inLanguage":"es"},{"@type":"Person","@id":"https:\/\/www.asajacyl.com\/salamanca\/#\/schema\/person\/2bfc7da09988e1087e6291fafe99b67f","name":"Sonia","image":{"@type":"ImageObject","inLanguage":"es","@id":"https:\/\/www.asajacyl.com\/salamanca\/#\/schema\/person\/image\/","url":"https:\/\/secure.gravatar.com\/avatar\/6b0d6eb461a1e3687cc023d59022ef0d?s=96&d=mm&r=g","contentUrl":"https:\/\/secure.gravatar.com\/avatar\/6b0d6eb461a1e3687cc023d59022ef0d?s=96&d=mm&r=g","caption":"Sonia"},"url":"https:\/\/www.asajacyl.com\/salamanca\/author\/juanluisde"}]}},"_links":{"self":[{"href":"https:\/\/www.asajacyl.com\/salamanca\/wp-json\/wp\/v2\/posts\/20122"}],"collection":[{"href":"https:\/\/www.asajacyl.com\/salamanca\/wp-json\/wp\/v2\/posts"}],"about":[{"href":"https:\/\/www.asajacyl.com\/salamanca\/wp-json\/wp\/v2\/types\/post"}],"author":[{"embeddable":true,"href":"https:\/\/www.asajacyl.com\/salamanca\/wp-json\/wp\/v2\/users\/10"}],"replies":[{"embeddable":true,"href":"https:\/\/www.asajacyl.com\/salamanca\/wp-json\/wp\/v2\/comments?post=20122"}],"version-history":[{"count":1,"href":"https:\/\/www.asajacyl.com\/salamanca\/wp-json\/wp\/v2\/posts\/20122\/revisions"}],"predecessor-version":[{"id":20123,"href":"https:\/\/www.asajacyl.com\/salamanca\/wp-json\/wp\/v2\/posts\/20122\/revisions\/20123"}],"wp:featuredmedia":[{"embeddable":true,"href":"https:\/\/www.asajacyl.com\/salamanca\/wp-json\/wp\/v2\/media\/20024"}],"wp:attachment":[{"href":"https:\/\/www.asajacyl.com\/salamanca\/wp-json\/wp\/v2\/media?parent=20122"}],"wp:term":[{"taxonomy":"category","embeddable":true,"href":"https:\/\/www.asajacyl.com\/salamanca\/wp-json\/wp\/v2\/categories?post=20122"},{"taxonomy":"post_tag","embeddable":true,"href":"https:\/\/www.asajacyl.com\/salamanca\/wp-json\/wp\/v2\/tags?post=20122"}],"curies":[{"name":"wp","href":"https:\/\/api.w.org\/{rel}","templated":true}]}}