{"id":20130,"date":"2026-01-28T11:50:06","date_gmt":"2026-01-28T10:50:06","guid":{"rendered":"https:\/\/www.asajacyl.com\/salamanca\/?p=20130"},"modified":"2026-01-28T16:06:44","modified_gmt":"2026-01-28T15:06:44","slug":"castilla-y-leon-actualiza-las-medidas-preventivas-frente-a-la-dermatosis-nodular-contagiosa-en-bovino","status":"publish","type":"post","link":"https:\/\/www.asajacyl.com\/salamanca\/asaja-salamanca-informa\/noticias\/castilla-y-leon-actualiza-las-medidas-preventivas-frente-a-la-dermatosis-nodular-contagiosa-en-bovino","title":{"rendered":"Castilla y Le\u00f3n adapta medidas cautelares frente a la Dermatosis Nodular Contagiosa en bovino"},"content":{"rendered":"\n<p>La Consejer\u00eda de Agricultura, Ganader\u00eda y Desarrollo Rural ha publicado una nueva resoluci\u00f3n por la que <strong>se adaptan y prorrogan las medidas cautelares frente a la Dermatosis Nodular Contagiosa (DNC)<\/strong> en Castilla y Le\u00f3n, una enfermedad v\u00edrica de declaraci\u00f3n obligatoria que afectar\u00eda gravemente a la caba\u00f1a bovina y a los movimientos comerciales.<\/p>\n\n\n\n<p>Seg\u00fan se recoge en el <em><a href=\"\/Descargas\/BOCYL-D-28012026-18-18%20(2).pdf\">Bolet\u00edn Oficial de Castilla y Le\u00f3n<\/a><\/em>, estas medidas se adoptan tras la evoluci\u00f3n epidemiol\u00f3gica registrada en Espa\u00f1a, donde <strong>los 18 focos detectados se concentran en una misma comarca de la provincia de Gerona<\/strong>, en las proximidades de la frontera con Francia. La Junta recuerda que la DNC est\u00e1 incluida en la lista A de enfermedades de la Organizaci\u00f3n Mundial de Sanidad Animal y que su aparici\u00f3n supondr\u00eda un fuerte impacto sanitario y econ\u00f3mico.<\/p>\n\n\n\n<p>La resoluci\u00f3n permite la celebraci\u00f3n de <strong>ferias, concursos, cert\u00e1menes, subastas, romer\u00edas y mercados<\/strong>, as\u00ed como cualquier evento o concentraci\u00f3n de bovino en el territorio auton\u00f3mico, aunque establece como requisito obligatorio la <strong>desinsectaci\u00f3n de instalaciones, animales y veh\u00edculos<\/strong>, tanto a la entrada como a la salida.<\/p>\n\n\n\n<p>Adem\u00e1s, se refuerza el control en las explotaciones que reciban bovinos destinados a vida procedentes de zonas consideradas de riesgo, que quedar\u00e1n bajo <strong>vigilancia veterinaria oficial<\/strong>, junto con la desinsectaci\u00f3n de todos los animales presentes en la explotaci\u00f3n.<\/p>\n\n\n\n<p>Se establece la obligaci\u00f3n de realizar la <strong>desinsectaci\u00f3n de todos los veh\u00edculos de transporte de ganado<\/strong> que realicen movimientos de entrada de bovinos. Deber\u00e1n desinsectarse los veh\u00edculos de transporte de animales de las diferentes especies, con car\u00e1cter previo a la salida de la explotaci\u00f3n ganadera con destino a vida.<\/p>\n\n\n\n<p>Las medidas entrar\u00e1n en vigor el <strong>1 de febrero de 2026<\/strong> y se mantendr\u00e1n hasta el <strong>31 de marzo de 2026<\/strong>, siempre que la situaci\u00f3n epidemiol\u00f3gica se mantenga estable. Los Servicios Veterinarios Oficiales realizar\u00e1n actuaciones de control y la Consejer\u00eda advierte de que <strong>el incumplimiento podr\u00e1 ser sancionado<\/strong> conforme a la normativa vigente.<\/p>\n","protected":false},"excerpt":{"rendered":"<p>La Consejer\u00eda de Agricultura, Ganader\u00eda y Desarrollo Rural ha publicado una nueva resoluci\u00f3n por la que se adaptan y prorrogan las medidas cautelares frente a la Dermatosis Nodular Contagiosa (DNC) en Castilla y Le\u00f3n, una enfermedad v\u00edrica de declaraci\u00f3n obligatoria que afectar\u00eda gravemente a la caba\u00f1a bovina y a los movimientos comerciales. Seg\u00fan se recoge [&hellip;]<\/p>\n","protected":false},"author":10,"featured_media":19817,"comment_status":"open","ping_status":"open","sticky":false,"template":"","format":"standard","meta":{"footnotes":""},"categories":[510],"tags":[],"yoast_head":"<!-- This site is optimized with the Yoast SEO plugin v24.5 - https:\/\/yoast.com\/wordpress\/plugins\/seo\/ -->\n<title>Castilla y Le\u00f3n adapta medidas cautelares frente a la Dermatosis Nodular Contagiosa en bovino - ASAJA Salamanca<\/title>\n<meta name=\"description\" content=\"La Consejer\u00eda de Agricultura, Ganader\u00eda y Desarrollo Rural ha publicado una nueva resoluci\u00f3n por la que se adaptan y prorrogan las medidas cautelares\" \/>\n<meta name=\"robots\" content=\"index, follow, max-snippet:-1, max-image-preview:large, max-video-preview:-1\" \/>\n<link rel=\"canonical\" href=\"https:\/\/www.asajacyl.com\/salamanca\/asaja-salamanca-informa\/noticias\/castilla-y-leon-actualiza-las-medidas-preventivas-frente-a-la-dermatosis-nodular-contagiosa-en-bovino\" \/>\n<meta property=\"og:locale\" content=\"es_ES\" \/>\n<meta property=\"og:type\" content=\"article\" \/>\n<meta property=\"og:title\" content=\"Castilla y Le\u00f3n adapta medidas cautelares frente a la Dermatosis Nodular Contagiosa en bovino - ASAJA Salamanca\" \/>\n<meta property=\"og:description\" content=\"La Consejer\u00eda de Agricultura, Ganader\u00eda y Desarrollo Rural ha publicado una nueva resoluci\u00f3n por la que se adaptan y prorrogan las medidas cautelares\" \/>\n<meta property=\"og:url\" content=\"https:\/\/www.asajacyl.com\/salamanca\/asaja-salamanca-informa\/noticias\/castilla-y-leon-actualiza-las-medidas-preventivas-frente-a-la-dermatosis-nodular-contagiosa-en-bovino\" \/>\n<meta property=\"og:site_name\" content=\"ASAJA Salamanca\" \/>\n<meta property=\"article:published_time\" content=\"2026-01-28T10:50:06+00:00\" \/>\n<meta property=\"article:modified_time\" content=\"2026-01-28T15:06:44+00:00\" \/>\n<meta property=\"og:image\" content=\"https:\/\/www.asajacyl.com\/salamanca\/wp-content\/uploads\/sites\/7\/2025\/10\/enferma3.jpg\" \/>\n\t<meta property=\"og:image:width\" content=\"1280\" \/>\n\t<meta property=\"og:image:height\" content=\"720\" \/>\n\t<meta property=\"og:image:type\" content=\"image\/jpeg\" \/>\n<meta name=\"author\" content=\"Sonia\" \/>\n<meta name=\"twitter:card\" content=\"summary_large_image\" \/>\n<meta name=\"twitter:label1\" content=\"Escrito por\" \/>\n\t<meta name=\"twitter:data1\" content=\"Sonia\" \/>\n\t<meta name=\"twitter:label2\" content=\"Tiempo de lectura\" \/>\n\t<meta name=\"twitter:data2\" content=\"2 minutos\" \/>\n<script type=\"application\/ld+json\" class=\"yoast-schema-graph\">{\"@context\":\"https:\/\/schema.org\",\"@graph\":[{\"@type\":\"WebPage\",\"@id\":\"https:\/\/www.asajacyl.com\/salamanca\/asaja-salamanca-informa\/noticias\/castilla-y-leon-actualiza-las-medidas-preventivas-frente-a-la-dermatosis-nodular-contagiosa-en-bovino\",\"url\":\"https:\/\/www.asajacyl.com\/salamanca\/asaja-salamanca-informa\/noticias\/castilla-y-leon-actualiza-las-medidas-preventivas-frente-a-la-dermatosis-nodular-contagiosa-en-bovino\",\"name\":\"Castilla y Le\u00f3n adapta medidas cautelares frente a la Dermatosis Nodular Contagiosa en bovino - ASAJA Salamanca\",\"isPartOf\":{\"@id\":\"https:\/\/www.asajacyl.com\/salamanca\/#website\"},\"primaryImageOfPage\":{\"@id\":\"https:\/\/www.asajacyl.com\/salamanca\/asaja-salamanca-informa\/noticias\/castilla-y-leon-actualiza-las-medidas-preventivas-frente-a-la-dermatosis-nodular-contagiosa-en-bovino#primaryimage\"},\"image\":{\"@id\":\"https:\/\/www.asajacyl.com\/salamanca\/asaja-salamanca-informa\/noticias\/castilla-y-leon-actualiza-las-medidas-preventivas-frente-a-la-dermatosis-nodular-contagiosa-en-bovino#primaryimage\"},\"thumbnailUrl\":\"https:\/\/www.asajacyl.com\/salamanca\/wp-content\/uploads\/sites\/7\/2025\/10\/enferma3.jpg\",\"datePublished\":\"2026-01-28T10:50:06+00:00\",\"dateModified\":\"2026-01-28T15:06:44+00:00\",\"author\":{\"@id\":\"https:\/\/www.asajacyl.com\/salamanca\/#\/schema\/person\/2bfc7da09988e1087e6291fafe99b67f\"},\"description\":\"La Consejer\u00eda de Agricultura, Ganader\u00eda y Desarrollo Rural ha publicado una nueva resoluci\u00f3n por la que se adaptan y prorrogan las medidas cautelares\",\"breadcrumb\":{\"@id\":\"https:\/\/www.asajacyl.com\/salamanca\/asaja-salamanca-informa\/noticias\/castilla-y-leon-actualiza-las-medidas-preventivas-frente-a-la-dermatosis-nodular-contagiosa-en-bovino#breadcrumb\"},\"inLanguage\":\"es\",\"potentialAction\":[{\"@type\":\"ReadAction\",\"target\":[\"https:\/\/www.asajacyl.com\/salamanca\/asaja-salamanca-informa\/noticias\/castilla-y-leon-actualiza-las-medidas-preventivas-frente-a-la-dermatosis-nodular-contagiosa-en-bovino\"]}]},{\"@type\":\"ImageObject\",\"inLanguage\":\"es\",\"@id\":\"https:\/\/www.asajacyl.com\/salamanca\/asaja-salamanca-informa\/noticias\/castilla-y-leon-actualiza-las-medidas-preventivas-frente-a-la-dermatosis-nodular-contagiosa-en-bovino#primaryimage\",\"url\":\"https:\/\/www.asajacyl.com\/salamanca\/wp-content\/uploads\/sites\/7\/2025\/10\/enferma3.jpg\",\"contentUrl\":\"https:\/\/www.asajacyl.com\/salamanca\/wp-content\/uploads\/sites\/7\/2025\/10\/enferma3.jpg\",\"width\":1280,\"height\":720},{\"@type\":\"BreadcrumbList\",\"@id\":\"https:\/\/www.asajacyl.com\/salamanca\/asaja-salamanca-informa\/noticias\/castilla-y-leon-actualiza-las-medidas-preventivas-frente-a-la-dermatosis-nodular-contagiosa-en-bovino#breadcrumb\",\"itemListElement\":[{\"@type\":\"ListItem\",\"position\":1,\"name\":\"Portada\",\"item\":\"https:\/\/www.asajacyl.com\/salamanca\/\"},{\"@type\":\"ListItem\",\"position\":2,\"name\":\"Castilla y Le\u00f3n adapta medidas cautelares frente a la Dermatosis Nodular Contagiosa en bovino\"}]},{\"@type\":\"WebSite\",\"@id\":\"https:\/\/www.asajacyl.com\/salamanca\/#website\",\"url\":\"https:\/\/www.asajacyl.com\/salamanca\/\",\"name\":\"ASAJA Salamanca\",\"description\":\"Otro sitio m\u00e1s de Provincias ASAJA Castilla y Le\u00f3n\",\"potentialAction\":[{\"@type\":\"SearchAction\",\"target\":{\"@type\":\"EntryPoint\",\"urlTemplate\":\"https:\/\/www.asajacyl.com\/salamanca\/?s={search_term_string}\"},\"query-input\":{\"@type\":\"PropertyValueSpecification\",\"valueRequired\":true,\"valueName\":\"search_term_string\"}}],\"inLanguage\":\"es\"},{\"@type\":\"Person\",\"@id\":\"https:\/\/www.asajacyl.com\/salamanca\/#\/schema\/person\/2bfc7da09988e1087e6291fafe99b67f\",\"name\":\"Sonia\",\"image\":{\"@type\":\"ImageObject\",\"inLanguage\":\"es\",\"@id\":\"https:\/\/www.asajacyl.com\/salamanca\/#\/schema\/person\/image\/\",\"url\":\"https:\/\/secure.gravatar.com\/avatar\/6b0d6eb461a1e3687cc023d59022ef0d?s=96&d=mm&r=g\",\"contentUrl\":\"https:\/\/secure.gravatar.com\/avatar\/6b0d6eb461a1e3687cc023d59022ef0d?s=96&d=mm&r=g\",\"caption\":\"Sonia\"},\"url\":\"https:\/\/www.asajacyl.com\/salamanca\/author\/juanluisde\"}]}<\/script>\n<!-- \/ Yoast SEO plugin. -->","yoast_head_json":{"title":"Castilla y Le\u00f3n adapta medidas cautelares frente a la Dermatosis Nodular Contagiosa en bovino - ASAJA Salamanca","description":"La Consejer\u00eda de Agricultura, Ganader\u00eda y Desarrollo Rural ha publicado una nueva resoluci\u00f3n por la que se adaptan y prorrogan las medidas cautelares","robots":{"index":"index","follow":"follow","max-snippet":"max-snippet:-1","max-image-preview":"max-image-preview:large","max-video-preview":"max-video-preview:-1"},"canonical":"https:\/\/www.asajacyl.com\/salamanca\/asaja-salamanca-informa\/noticias\/castilla-y-leon-actualiza-las-medidas-preventivas-frente-a-la-dermatosis-nodular-contagiosa-en-bovino","og_locale":"es_ES","og_type":"article","og_title":"Castilla y Le\u00f3n adapta medidas cautelares frente a la Dermatosis Nodular Contagiosa en bovino - ASAJA Salamanca","og_description":"La Consejer\u00eda de Agricultura, Ganader\u00eda y Desarrollo Rural ha publicado una nueva resoluci\u00f3n por la que se adaptan y prorrogan las medidas cautelares","og_url":"https:\/\/www.asajacyl.com\/salamanca\/asaja-salamanca-informa\/noticias\/castilla-y-leon-actualiza-las-medidas-preventivas-frente-a-la-dermatosis-nodular-contagiosa-en-bovino","og_site_name":"ASAJA Salamanca","article_published_time":"2026-01-28T10:50:06+00:00","article_modified_time":"2026-01-28T15:06:44+00:00","og_image":[{"width":1280,"height":720,"url":"https:\/\/www.asajacyl.com\/salamanca\/wp-content\/uploads\/sites\/7\/2025\/10\/enferma3.jpg","type":"image\/jpeg"}],"author":"Sonia","twitter_card":"summary_large_image","twitter_misc":{"Escrito por":"Sonia","Tiempo de lectura":"2 minutos"},"schema":{"@context":"https:\/\/schema.org","@graph":[{"@type":"WebPage","@id":"https:\/\/www.asajacyl.com\/salamanca\/asaja-salamanca-informa\/noticias\/castilla-y-leon-actualiza-las-medidas-preventivas-frente-a-la-dermatosis-nodular-contagiosa-en-bovino","url":"https:\/\/www.asajacyl.com\/salamanca\/asaja-salamanca-informa\/noticias\/castilla-y-leon-actualiza-las-medidas-preventivas-frente-a-la-dermatosis-nodular-contagiosa-en-bovino","name":"Castilla y Le\u00f3n adapta medidas cautelares frente a la Dermatosis Nodular Contagiosa en bovino - ASAJA Salamanca","isPartOf":{"@id":"https:\/\/www.asajacyl.com\/salamanca\/#website"},"primaryImageOfPage":{"@id":"https:\/\/www.asajacyl.com\/salamanca\/asaja-salamanca-informa\/noticias\/castilla-y-leon-actualiza-las-medidas-preventivas-frente-a-la-dermatosis-nodular-contagiosa-en-bovino#primaryimage"},"image":{"@id":"https:\/\/www.asajacyl.com\/salamanca\/asaja-salamanca-informa\/noticias\/castilla-y-leon-actualiza-las-medidas-preventivas-frente-a-la-dermatosis-nodular-contagiosa-en-bovino#primaryimage"},"thumbnailUrl":"https:\/\/www.asajacyl.com\/salamanca\/wp-content\/uploads\/sites\/7\/2025\/10\/enferma3.jpg","datePublished":"2026-01-28T10:50:06+00:00","dateModified":"2026-01-28T15:06:44+00:00","author":{"@id":"https:\/\/www.asajacyl.com\/salamanca\/#\/schema\/person\/2bfc7da09988e1087e6291fafe99b67f"},"description":"La Consejer\u00eda de Agricultura, Ganader\u00eda y Desarrollo Rural ha publicado una nueva resoluci\u00f3n por la que se adaptan y prorrogan las medidas cautelares","breadcrumb":{"@id":"https:\/\/www.asajacyl.com\/salamanca\/asaja-salamanca-informa\/noticias\/castilla-y-leon-actualiza-las-medidas-preventivas-frente-a-la-dermatosis-nodular-contagiosa-en-bovino#breadcrumb"},"inLanguage":"es","potentialAction":[{"@type":"ReadAction","target":["https:\/\/www.asajacyl.com\/salamanca\/asaja-salamanca-informa\/noticias\/castilla-y-leon-actualiza-las-medidas-preventivas-frente-a-la-dermatosis-nodular-contagiosa-en-bovino"]}]},{"@type":"ImageObject","inLanguage":"es","@id":"https:\/\/www.asajacyl.com\/salamanca\/asaja-salamanca-informa\/noticias\/castilla-y-leon-actualiza-las-medidas-preventivas-frente-a-la-dermatosis-nodular-contagiosa-en-bovino#primaryimage","url":"https:\/\/www.asajacyl.com\/salamanca\/wp-content\/uploads\/sites\/7\/2025\/10\/enferma3.jpg","contentUrl":"https:\/\/www.asajacyl.com\/salamanca\/wp-content\/uploads\/sites\/7\/2025\/10\/enferma3.jpg","width":1280,"height":720},{"@type":"BreadcrumbList","@id":"https:\/\/www.asajacyl.com\/salamanca\/asaja-salamanca-informa\/noticias\/castilla-y-leon-actualiza-las-medidas-preventivas-frente-a-la-dermatosis-nodular-contagiosa-en-bovino#breadcrumb","itemListElement":[{"@type":"ListItem","position":1,"name":"Portada","item":"https:\/\/www.asajacyl.com\/salamanca\/"},{"@type":"ListItem","position":2,"name":"Castilla y Le\u00f3n adapta medidas cautelares frente a la Dermatosis Nodular Contagiosa en bovino"}]},{"@type":"WebSite","@id":"https:\/\/www.asajacyl.com\/salamanca\/#website","url":"https:\/\/www.asajacyl.com\/salamanca\/","name":"ASAJA Salamanca","description":"Otro sitio m\u00e1s de Provincias ASAJA Castilla y Le\u00f3n","potentialAction":[{"@type":"SearchAction","target":{"@type":"EntryPoint","urlTemplate":"https:\/\/www.asajacyl.com\/salamanca\/?s={search_term_string}"},"query-input":{"@type":"PropertyValueSpecification","valueRequired":true,"valueName":"search_term_string"}}],"inLanguage":"es"},{"@type":"Person","@id":"https:\/\/www.asajacyl.com\/salamanca\/#\/schema\/person\/2bfc7da09988e1087e6291fafe99b67f","name":"Sonia","image":{"@type":"ImageObject","inLanguage":"es","@id":"https:\/\/www.asajacyl.com\/salamanca\/#\/schema\/person\/image\/","url":"https:\/\/secure.gravatar.com\/avatar\/6b0d6eb461a1e3687cc023d59022ef0d?s=96&d=mm&r=g","contentUrl":"https:\/\/secure.gravatar.com\/avatar\/6b0d6eb461a1e3687cc023d59022ef0d?s=96&d=mm&r=g","caption":"Sonia"},"url":"https:\/\/www.asajacyl.com\/salamanca\/author\/juanluisde"}]}},"_links":{"self":[{"href":"https:\/\/www.asajacyl.com\/salamanca\/wp-json\/wp\/v2\/posts\/20130"}],"collection":[{"href":"https:\/\/www.asajacyl.com\/salamanca\/wp-json\/wp\/v2\/posts"}],"about":[{"href":"https:\/\/www.asajacyl.com\/salamanca\/wp-json\/wp\/v2\/types\/post"}],"author":[{"embeddable":true,"href":"https:\/\/www.asajacyl.com\/salamanca\/wp-json\/wp\/v2\/users\/10"}],"replies":[{"embeddable":true,"href":"https:\/\/www.asajacyl.com\/salamanca\/wp-json\/wp\/v2\/comments?post=20130"}],"version-history":[{"count":4,"href":"https:\/\/www.asajacyl.com\/salamanca\/wp-json\/wp\/v2\/posts\/20130\/revisions"}],"predecessor-version":[{"id":20139,"href":"https:\/\/www.asajacyl.com\/salamanca\/wp-json\/wp\/v2\/posts\/20130\/revisions\/20139"}],"wp:featuredmedia":[{"embeddable":true,"href":"https:\/\/www.asajacyl.com\/salamanca\/wp-json\/wp\/v2\/media\/19817"}],"wp:attachment":[{"href":"https:\/\/www.asajacyl.com\/salamanca\/wp-json\/wp\/v2\/media?parent=20130"}],"wp:term":[{"taxonomy":"category","embeddable":true,"href":"https:\/\/www.asajacyl.com\/salamanca\/wp-json\/wp\/v2\/categories?post=20130"},{"taxonomy":"post_tag","embeddable":true,"href":"https:\/\/www.asajacyl.com\/salamanca\/wp-json\/wp\/v2\/tags?post=20130"}],"curies":[{"name":"wp","href":"https:\/\/api.w.org\/{rel}","templated":true}]}}