{"id":20132,"date":"2026-01-28T12:17:06","date_gmt":"2026-01-28T11:17:06","guid":{"rendered":"https:\/\/www.asajacyl.com\/salamanca\/?p=20132"},"modified":"2026-02-19T09:19:24","modified_gmt":"2026-02-19T08:19:24","slug":"el-campo-de-salamanca-saldra-a-la-calle-para-defender-la-salud-de-los-consumidores-y-un-futuro-para-la-agricultura-y-la-ganaderia","status":"publish","type":"post","link":"https:\/\/www.asajacyl.com\/salamanca\/asaja-salamanca-informa\/noticias\/el-campo-de-salamanca-saldra-a-la-calle-para-defender-la-salud-de-los-consumidores-y-un-futuro-para-la-agricultura-y-la-ganaderia","title":{"rendered":"El campo de Salamanca saldr\u00e1 a la calle para defender la salud de los consumidores y un futuro para la agricultura y la ganader\u00eda"},"content":{"rendered":"\n<p><strong>ASAJA, COAG, UPA y UCCL Salamanca convocan una movilizaci\u00f3n conjunta ma\u00f1ana en la capital para denunciar la situaci\u00f3n l\u00edmite que atraviesan agricultores y ganaderos<\/strong><\/p>\n\n\n\n<p>El campo salmantino volver\u00e1 a hacerse o\u00edr. <strong>Ma\u00f1ana<\/strong>, agricultores y ganaderos de la provincia participar\u00e1n en una <strong>tractorada en Salamanca<\/strong>, convocada en <strong>unidad de acci\u00f3n<\/strong> por las organizaciones profesionales agrarias <strong>ASAJA Salamanca, COAG Salamanca, UPA Salamanca y UCCL Salamanca<\/strong>, para reclamar medidas urgentes que garanticen la <strong>rentabilidad de las explotaciones<\/strong>, la <strong>seguridad alimentaria<\/strong> y el <strong>futuro del medio rural<\/strong>.<\/p>\n\n\n\n<p>La protesta responde a la situaci\u00f3n cr\u00edtica del sector, marcada por el <strong>aumento inasumible de los costes de producci\u00f3n<\/strong>, los <strong>precios injustos en origen<\/strong>, el exceso de burocracia y la entrada de productos importados de terceros pa\u00edses que no cumplen las mismas exigencias sanitarias, laborales y medioambientales que se exigen a los productores espa\u00f1oles y europeos.<\/p>\n\n\n\n<h2 class=\"wp-block-heading\">Las organizaciones convocantes alertan de que la crisis del campo no afecta \u00fanicamente a agricultores y ganaderos, sino al conjunto de la sociedad: <strong>sin un sector agrario fuerte no hay alimentos de calidad, no hay soberan\u00eda alimentaria y no hay futuro para los pueblos<\/strong>.<br><br>Rutas, itinerarios y horarios de la movilizaci\u00f3n (29 de enero \u2013 Salamanca)<\/h2>\n\n\n\n<figure class=\"wp-block-image size-large is-resized\"><img loading=\"lazy\" decoding=\"async\" width=\"1024\" height=\"919\" src=\"https:\/\/www.asajacyl.com\/salamanca\/wp-content\/uploads\/sites\/7\/2026\/01\/Recurso-121-1024x919.png\" alt=\"\" class=\"wp-image-20133\" style=\"width:556px;height:auto\" srcset=\"https:\/\/www.asajacyl.com\/salamanca\/wp-content\/uploads\/sites\/7\/2026\/01\/Recurso-121-1024x919.png 1024w, https:\/\/www.asajacyl.com\/salamanca\/wp-content\/uploads\/sites\/7\/2026\/01\/Recurso-121-300x269.png 300w, https:\/\/www.asajacyl.com\/salamanca\/wp-content\/uploads\/sites\/7\/2026\/01\/Recurso-121-768x689.png 768w, https:\/\/www.asajacyl.com\/salamanca\/wp-content\/uploads\/sites\/7\/2026\/01\/Recurso-121-1536x1378.png 1536w, https:\/\/www.asajacyl.com\/salamanca\/wp-content\/uploads\/sites\/7\/2026\/01\/Recurso-121-2048x1838.png 2048w, https:\/\/www.asajacyl.com\/salamanca\/wp-content\/uploads\/sites\/7\/2026\/01\/Recurso-121-468x420.png 468w, https:\/\/www.asajacyl.com\/salamanca\/wp-content\/uploads\/sites\/7\/2026\/01\/Recurso-121-696x624.png 696w, https:\/\/www.asajacyl.com\/salamanca\/wp-content\/uploads\/sites\/7\/2026\/01\/Recurso-121-1068x958.png 1068w, https:\/\/www.asajacyl.com\/salamanca\/wp-content\/uploads\/sites\/7\/2026\/01\/Recurso-121-1920x1723.png 1920w\" sizes=\"(max-width: 1024px) 100vw, 1024px\" \/><\/figure>\n\n\n\n<p>Las organizaciones convocantes han establecido diferentes rutas de acceso a Salamanca desde varios puntos de la provincia, con <strong>lugares de encuentro y horas de salida<\/strong> para facilitar la incorporaci\u00f3n ordenada de los participantes.<\/p>\n\n\n\n<p>\ud83d\udccd Punto de concentraci\u00f3n general en Salamanca:<br>\u2705 Recinto Ferial de La Aldehuela<\/p>\n\n\n\n<h3 class=\"wp-block-heading\">Salidas y rutas hacia Salamanca<\/h3>\n\n\n\n<p><strong>Partida a Salamanca:<\/strong><\/p>\n\n\n\n<ul>\n<li><strong>Pe\u00f1aranda<\/strong>, por <strong>N-501<\/strong><\/li>\n\n\n\n<li><strong>Alba de Tormes<\/strong>, por <strong>CL-510<\/strong><\/li>\n\n\n\n<li><strong>Aldealengua<\/strong>, por <strong>SA-804<\/strong><\/li>\n\n\n\n<li><strong>La Maya<\/strong>, por <strong>N-630<\/strong><\/li>\n\n\n\n<li><strong>Aldeatejada<\/strong>, por <strong>CL-512<\/strong><\/li>\n\n\n\n<li><strong>Aldehuela de la B\u00f3veda<\/strong>, por <strong>N-620<\/strong><\/li>\n\n\n\n<li><strong>Golpejas \u2013 Salamanca<\/strong>, por <strong>CL-517<\/strong><\/li>\n\n\n\n<li><strong>Calzada de Valdunciel<\/strong>, por <strong>N-630<\/strong><\/li>\n\n\n\n<li><strong>Pedrosillo el Ralo<\/strong>, por <strong>N-620<\/strong><\/li>\n<\/ul>\n\n\n\n<h3 class=\"wp-block-heading\">Lugares de encuentro<\/h3>\n\n\n\n<ul>\n<li><strong>Pe\u00f1aranda<\/strong> \u2013 El Oso<\/li>\n\n\n\n<li><strong>Alba de Tormes<\/strong> \u2013 El Ventorro<\/li>\n\n\n\n<li><strong>Aldealengua<\/strong> \u2013 pueblo<\/li>\n\n\n\n<li><strong>La Maya<\/strong> \u2013 cruce carretera<\/li>\n\n\n\n<li><strong>Aldeatejada<\/strong> \u2013 municipio<\/li>\n\n\n\n<li><strong>Aldehuela<\/strong> \u2013 cruce carretera<\/li>\n\n\n\n<li><strong>Golpejas<\/strong> \u2013 municipio<\/li>\n\n\n\n<li><strong>Calzada<\/strong> \u2013 municipio<\/li>\n\n\n\n<li><strong>Pedrosillo<\/strong> \u2013 cruce hasta nacional<\/li>\n<\/ul>\n\n\n\n<h3 class=\"wp-block-heading\">Hora de partida (seg\u00fan origen)<\/h3>\n\n\n\n<ul>\n<li><strong>Pe\u00f1aranda<\/strong>: 9:00 h<\/li>\n\n\n\n<li><strong>Alba de Tormes<\/strong>: 9:30 h<\/li>\n\n\n\n<li><strong>La Maya<\/strong>: 9:30 h<\/li>\n\n\n\n<li><strong>Aldeatejada<\/strong>: 10:00 h<\/li>\n\n\n\n<li><strong>Aldehuela<\/strong>: 9:30 h<\/li>\n\n\n\n<li><strong>Golpejas<\/strong>: 9:30 h<\/li>\n\n\n\n<li><strong>Calzada<\/strong>: 9:30 h<\/li>\n\n\n\n<li><strong>Pedrosillo<\/strong>: 9:30 h<\/li>\n\n\n\n<li><strong>Aldealengua<\/strong>: 9:30 h<\/li>\n<\/ul>\n\n\n\n<h3 class=\"wp-block-heading\">Horario de la jornada en Salamanca<\/h3>\n\n\n\n<ul>\n<li><strong>12:00 h<\/strong> \u2192 Inicio de la marcha desde el <strong>Recinto Ferial de La Aldehuela<\/strong> hacia el centro de la ciudad, siguiendo el recorrido establecido hasta <strong>Gran V\u00eda \/ Plaza de la Constituci\u00f3n<\/strong>.<\/li>\n\n\n\n<li><strong>13:00 h<\/strong> \u2192 <strong>Concentraci\u00f3n en Plaza de la Constituci\u00f3n<\/strong> y lectura del manifiesto.<\/li>\n\n\n\n<li><strong>14:00 h<\/strong> \u2192 <strong>Caldereta de carne<\/strong>.<\/li>\n<\/ul>\n\n\n\n<p>\ud83d\udccc Desde las organizaciones se recomienda:<br><strong>\u201cPreferiblemente, acudid con tractor.\u201d<\/strong><br>Quienes por distancia o imposibilidad no puedan hacerlo, podr\u00e1n asistir con <strong>camiones u otros veh\u00edculos ganaderos<\/strong>.<\/p>\n","protected":false},"excerpt":{"rendered":"<p>ASAJA, COAG, UPA y UCCL Salamanca convocan una movilizaci\u00f3n conjunta ma\u00f1ana en la capital para denunciar la situaci\u00f3n l\u00edmite que atraviesan agricultores y ganaderos El campo salmantino volver\u00e1 a hacerse o\u00edr. Ma\u00f1ana, agricultores y ganaderos de la provincia participar\u00e1n en una tractorada en Salamanca, convocada en unidad de acci\u00f3n por las organizaciones profesionales agrarias ASAJA [&hellip;]<\/p>\n","protected":false},"author":10,"featured_media":20134,"comment_status":"open","ping_status":"open","sticky":false,"template":"","format":"standard","meta":{"footnotes":""},"categories":[510],"tags":[],"yoast_head":"<!-- This site is optimized with the Yoast SEO plugin v24.5 - https:\/\/yoast.com\/wordpress\/plugins\/seo\/ -->\n<title>El campo de Salamanca saldr\u00e1 a la calle para defender la salud de los consumidores y un futuro para la agricultura y la ganader\u00eda - ASAJA Salamanca<\/title>\n<meta name=\"description\" content=\"ASAJA, COAG, UPA y UCCL Salamanca convocan una movilizaci\u00f3n conjunta ma\u00f1ana en la capital para denunciar la situaci\u00f3n l\u00edmite que atraviesan agricultores y\" \/>\n<meta name=\"robots\" content=\"index, follow, max-snippet:-1, max-image-preview:large, max-video-preview:-1\" \/>\n<link rel=\"canonical\" href=\"https:\/\/www.asajacyl.com\/salamanca\/asaja-salamanca-informa\/noticias\/el-campo-de-salamanca-saldra-a-la-calle-para-defender-la-salud-de-los-consumidores-y-un-futuro-para-la-agricultura-y-la-ganaderia\" \/>\n<meta property=\"og:locale\" content=\"es_ES\" \/>\n<meta property=\"og:type\" content=\"article\" \/>\n<meta property=\"og:title\" content=\"El campo de Salamanca saldr\u00e1 a la calle para defender la salud de los consumidores y un futuro para la agricultura y la ganader\u00eda - ASAJA Salamanca\" \/>\n<meta property=\"og:description\" content=\"ASAJA, COAG, UPA y UCCL Salamanca convocan una movilizaci\u00f3n conjunta ma\u00f1ana en la capital para denunciar la situaci\u00f3n l\u00edmite que atraviesan agricultores y\" \/>\n<meta property=\"og:url\" content=\"https:\/\/www.asajacyl.com\/salamanca\/asaja-salamanca-informa\/noticias\/el-campo-de-salamanca-saldra-a-la-calle-para-defender-la-salud-de-los-consumidores-y-un-futuro-para-la-agricultura-y-la-ganaderia\" \/>\n<meta property=\"og:site_name\" content=\"ASAJA Salamanca\" \/>\n<meta property=\"article:published_time\" content=\"2026-01-28T11:17:06+00:00\" \/>\n<meta property=\"article:modified_time\" content=\"2026-02-19T08:19:24+00:00\" \/>\n<meta property=\"og:image\" content=\"https:\/\/www.asajacyl.com\/salamanca\/wp-content\/uploads\/sites\/7\/2026\/01\/IMG_0941.jpg\" \/>\n\t<meta property=\"og:image:width\" content=\"1667\" \/>\n\t<meta property=\"og:image:height\" content=\"2500\" \/>\n\t<meta property=\"og:image:type\" content=\"image\/jpeg\" \/>\n<meta name=\"author\" content=\"Sonia\" \/>\n<meta name=\"twitter:card\" content=\"summary_large_image\" \/>\n<meta name=\"twitter:label1\" content=\"Escrito por\" \/>\n\t<meta name=\"twitter:data1\" content=\"Sonia\" \/>\n\t<meta name=\"twitter:label2\" content=\"Tiempo de lectura\" \/>\n\t<meta name=\"twitter:data2\" content=\"3 minutos\" \/>\n<script type=\"application\/ld+json\" class=\"yoast-schema-graph\">{\"@context\":\"https:\/\/schema.org\",\"@graph\":[{\"@type\":\"WebPage\",\"@id\":\"https:\/\/www.asajacyl.com\/salamanca\/asaja-salamanca-informa\/noticias\/el-campo-de-salamanca-saldra-a-la-calle-para-defender-la-salud-de-los-consumidores-y-un-futuro-para-la-agricultura-y-la-ganaderia\",\"url\":\"https:\/\/www.asajacyl.com\/salamanca\/asaja-salamanca-informa\/noticias\/el-campo-de-salamanca-saldra-a-la-calle-para-defender-la-salud-de-los-consumidores-y-un-futuro-para-la-agricultura-y-la-ganaderia\",\"name\":\"El campo de Salamanca saldr\u00e1 a la calle para defender la salud de los consumidores y un futuro para la agricultura y la ganader\u00eda - ASAJA Salamanca\",\"isPartOf\":{\"@id\":\"https:\/\/www.asajacyl.com\/salamanca\/#website\"},\"primaryImageOfPage\":{\"@id\":\"https:\/\/www.asajacyl.com\/salamanca\/asaja-salamanca-informa\/noticias\/el-campo-de-salamanca-saldra-a-la-calle-para-defender-la-salud-de-los-consumidores-y-un-futuro-para-la-agricultura-y-la-ganaderia#primaryimage\"},\"image\":{\"@id\":\"https:\/\/www.asajacyl.com\/salamanca\/asaja-salamanca-informa\/noticias\/el-campo-de-salamanca-saldra-a-la-calle-para-defender-la-salud-de-los-consumidores-y-un-futuro-para-la-agricultura-y-la-ganaderia#primaryimage\"},\"thumbnailUrl\":\"https:\/\/www.asajacyl.com\/salamanca\/wp-content\/uploads\/sites\/7\/2026\/01\/IMG_0941.jpg\",\"datePublished\":\"2026-01-28T11:17:06+00:00\",\"dateModified\":\"2026-02-19T08:19:24+00:00\",\"author\":{\"@id\":\"https:\/\/www.asajacyl.com\/salamanca\/#\/schema\/person\/2bfc7da09988e1087e6291fafe99b67f\"},\"description\":\"ASAJA, COAG, UPA y UCCL Salamanca convocan una movilizaci\u00f3n conjunta ma\u00f1ana en la capital para denunciar la situaci\u00f3n l\u00edmite que atraviesan agricultores y\",\"breadcrumb\":{\"@id\":\"https:\/\/www.asajacyl.com\/salamanca\/asaja-salamanca-informa\/noticias\/el-campo-de-salamanca-saldra-a-la-calle-para-defender-la-salud-de-los-consumidores-y-un-futuro-para-la-agricultura-y-la-ganaderia#breadcrumb\"},\"inLanguage\":\"es\",\"potentialAction\":[{\"@type\":\"ReadAction\",\"target\":[\"https:\/\/www.asajacyl.com\/salamanca\/asaja-salamanca-informa\/noticias\/el-campo-de-salamanca-saldra-a-la-calle-para-defender-la-salud-de-los-consumidores-y-un-futuro-para-la-agricultura-y-la-ganaderia\"]}]},{\"@type\":\"ImageObject\",\"inLanguage\":\"es\",\"@id\":\"https:\/\/www.asajacyl.com\/salamanca\/asaja-salamanca-informa\/noticias\/el-campo-de-salamanca-saldra-a-la-calle-para-defender-la-salud-de-los-consumidores-y-un-futuro-para-la-agricultura-y-la-ganaderia#primaryimage\",\"url\":\"https:\/\/www.asajacyl.com\/salamanca\/wp-content\/uploads\/sites\/7\/2026\/01\/IMG_0941.jpg\",\"contentUrl\":\"https:\/\/www.asajacyl.com\/salamanca\/wp-content\/uploads\/sites\/7\/2026\/01\/IMG_0941.jpg\",\"width\":1667,\"height\":2500},{\"@type\":\"BreadcrumbList\",\"@id\":\"https:\/\/www.asajacyl.com\/salamanca\/asaja-salamanca-informa\/noticias\/el-campo-de-salamanca-saldra-a-la-calle-para-defender-la-salud-de-los-consumidores-y-un-futuro-para-la-agricultura-y-la-ganaderia#breadcrumb\",\"itemListElement\":[{\"@type\":\"ListItem\",\"position\":1,\"name\":\"Portada\",\"item\":\"https:\/\/www.asajacyl.com\/salamanca\/\"},{\"@type\":\"ListItem\",\"position\":2,\"name\":\"El campo de Salamanca saldr\u00e1 a la calle para defender la salud de los consumidores y un futuro para la agricultura y la ganader\u00eda\"}]},{\"@type\":\"WebSite\",\"@id\":\"https:\/\/www.asajacyl.com\/salamanca\/#website\",\"url\":\"https:\/\/www.asajacyl.com\/salamanca\/\",\"name\":\"ASAJA Salamanca\",\"description\":\"Otro sitio m\u00e1s de Provincias ASAJA Castilla y Le\u00f3n\",\"potentialAction\":[{\"@type\":\"SearchAction\",\"target\":{\"@type\":\"EntryPoint\",\"urlTemplate\":\"https:\/\/www.asajacyl.com\/salamanca\/?s={search_term_string}\"},\"query-input\":{\"@type\":\"PropertyValueSpecification\",\"valueRequired\":true,\"valueName\":\"search_term_string\"}}],\"inLanguage\":\"es\"},{\"@type\":\"Person\",\"@id\":\"https:\/\/www.asajacyl.com\/salamanca\/#\/schema\/person\/2bfc7da09988e1087e6291fafe99b67f\",\"name\":\"Sonia\",\"image\":{\"@type\":\"ImageObject\",\"inLanguage\":\"es\",\"@id\":\"https:\/\/www.asajacyl.com\/salamanca\/#\/schema\/person\/image\/\",\"url\":\"https:\/\/secure.gravatar.com\/avatar\/6b0d6eb461a1e3687cc023d59022ef0d?s=96&d=mm&r=g\",\"contentUrl\":\"https:\/\/secure.gravatar.com\/avatar\/6b0d6eb461a1e3687cc023d59022ef0d?s=96&d=mm&r=g\",\"caption\":\"Sonia\"},\"url\":\"https:\/\/www.asajacyl.com\/salamanca\/author\/juanluisde\"}]}<\/script>\n<!-- \/ Yoast SEO plugin. -->","yoast_head_json":{"title":"El campo de Salamanca saldr\u00e1 a la calle para defender la salud de los consumidores y un futuro para la agricultura y la ganader\u00eda - ASAJA Salamanca","description":"ASAJA, COAG, UPA y UCCL Salamanca convocan una movilizaci\u00f3n conjunta ma\u00f1ana en la capital para denunciar la situaci\u00f3n l\u00edmite que atraviesan agricultores y","robots":{"index":"index","follow":"follow","max-snippet":"max-snippet:-1","max-image-preview":"max-image-preview:large","max-video-preview":"max-video-preview:-1"},"canonical":"https:\/\/www.asajacyl.com\/salamanca\/asaja-salamanca-informa\/noticias\/el-campo-de-salamanca-saldra-a-la-calle-para-defender-la-salud-de-los-consumidores-y-un-futuro-para-la-agricultura-y-la-ganaderia","og_locale":"es_ES","og_type":"article","og_title":"El campo de Salamanca saldr\u00e1 a la calle para defender la salud de los consumidores y un futuro para la agricultura y la ganader\u00eda - ASAJA Salamanca","og_description":"ASAJA, COAG, UPA y UCCL Salamanca convocan una movilizaci\u00f3n conjunta ma\u00f1ana en la capital para denunciar la situaci\u00f3n l\u00edmite que atraviesan agricultores y","og_url":"https:\/\/www.asajacyl.com\/salamanca\/asaja-salamanca-informa\/noticias\/el-campo-de-salamanca-saldra-a-la-calle-para-defender-la-salud-de-los-consumidores-y-un-futuro-para-la-agricultura-y-la-ganaderia","og_site_name":"ASAJA Salamanca","article_published_time":"2026-01-28T11:17:06+00:00","article_modified_time":"2026-02-19T08:19:24+00:00","og_image":[{"width":1667,"height":2500,"url":"https:\/\/www.asajacyl.com\/salamanca\/wp-content\/uploads\/sites\/7\/2026\/01\/IMG_0941.jpg","type":"image\/jpeg"}],"author":"Sonia","twitter_card":"summary_large_image","twitter_misc":{"Escrito por":"Sonia","Tiempo de lectura":"3 minutos"},"schema":{"@context":"https:\/\/schema.org","@graph":[{"@type":"WebPage","@id":"https:\/\/www.asajacyl.com\/salamanca\/asaja-salamanca-informa\/noticias\/el-campo-de-salamanca-saldra-a-la-calle-para-defender-la-salud-de-los-consumidores-y-un-futuro-para-la-agricultura-y-la-ganaderia","url":"https:\/\/www.asajacyl.com\/salamanca\/asaja-salamanca-informa\/noticias\/el-campo-de-salamanca-saldra-a-la-calle-para-defender-la-salud-de-los-consumidores-y-un-futuro-para-la-agricultura-y-la-ganaderia","name":"El campo de Salamanca saldr\u00e1 a la calle para defender la salud de los consumidores y un futuro para la agricultura y la ganader\u00eda - ASAJA Salamanca","isPartOf":{"@id":"https:\/\/www.asajacyl.com\/salamanca\/#website"},"primaryImageOfPage":{"@id":"https:\/\/www.asajacyl.com\/salamanca\/asaja-salamanca-informa\/noticias\/el-campo-de-salamanca-saldra-a-la-calle-para-defender-la-salud-de-los-consumidores-y-un-futuro-para-la-agricultura-y-la-ganaderia#primaryimage"},"image":{"@id":"https:\/\/www.asajacyl.com\/salamanca\/asaja-salamanca-informa\/noticias\/el-campo-de-salamanca-saldra-a-la-calle-para-defender-la-salud-de-los-consumidores-y-un-futuro-para-la-agricultura-y-la-ganaderia#primaryimage"},"thumbnailUrl":"https:\/\/www.asajacyl.com\/salamanca\/wp-content\/uploads\/sites\/7\/2026\/01\/IMG_0941.jpg","datePublished":"2026-01-28T11:17:06+00:00","dateModified":"2026-02-19T08:19:24+00:00","author":{"@id":"https:\/\/www.asajacyl.com\/salamanca\/#\/schema\/person\/2bfc7da09988e1087e6291fafe99b67f"},"description":"ASAJA, COAG, UPA y UCCL Salamanca convocan una movilizaci\u00f3n conjunta ma\u00f1ana en la capital para denunciar la situaci\u00f3n l\u00edmite que atraviesan agricultores y","breadcrumb":{"@id":"https:\/\/www.asajacyl.com\/salamanca\/asaja-salamanca-informa\/noticias\/el-campo-de-salamanca-saldra-a-la-calle-para-defender-la-salud-de-los-consumidores-y-un-futuro-para-la-agricultura-y-la-ganaderia#breadcrumb"},"inLanguage":"es","potentialAction":[{"@type":"ReadAction","target":["https:\/\/www.asajacyl.com\/salamanca\/asaja-salamanca-informa\/noticias\/el-campo-de-salamanca-saldra-a-la-calle-para-defender-la-salud-de-los-consumidores-y-un-futuro-para-la-agricultura-y-la-ganaderia"]}]},{"@type":"ImageObject","inLanguage":"es","@id":"https:\/\/www.asajacyl.com\/salamanca\/asaja-salamanca-informa\/noticias\/el-campo-de-salamanca-saldra-a-la-calle-para-defender-la-salud-de-los-consumidores-y-un-futuro-para-la-agricultura-y-la-ganaderia#primaryimage","url":"https:\/\/www.asajacyl.com\/salamanca\/wp-content\/uploads\/sites\/7\/2026\/01\/IMG_0941.jpg","contentUrl":"https:\/\/www.asajacyl.com\/salamanca\/wp-content\/uploads\/sites\/7\/2026\/01\/IMG_0941.jpg","width":1667,"height":2500},{"@type":"BreadcrumbList","@id":"https:\/\/www.asajacyl.com\/salamanca\/asaja-salamanca-informa\/noticias\/el-campo-de-salamanca-saldra-a-la-calle-para-defender-la-salud-de-los-consumidores-y-un-futuro-para-la-agricultura-y-la-ganaderia#breadcrumb","itemListElement":[{"@type":"ListItem","position":1,"name":"Portada","item":"https:\/\/www.asajacyl.com\/salamanca\/"},{"@type":"ListItem","position":2,"name":"El campo de Salamanca saldr\u00e1 a la calle para defender la salud de los consumidores y un futuro para la agricultura y la ganader\u00eda"}]},{"@type":"WebSite","@id":"https:\/\/www.asajacyl.com\/salamanca\/#website","url":"https:\/\/www.asajacyl.com\/salamanca\/","name":"ASAJA Salamanca","description":"Otro sitio m\u00e1s de Provincias ASAJA Castilla y Le\u00f3n","potentialAction":[{"@type":"SearchAction","target":{"@type":"EntryPoint","urlTemplate":"https:\/\/www.asajacyl.com\/salamanca\/?s={search_term_string}"},"query-input":{"@type":"PropertyValueSpecification","valueRequired":true,"valueName":"search_term_string"}}],"inLanguage":"es"},{"@type":"Person","@id":"https:\/\/www.asajacyl.com\/salamanca\/#\/schema\/person\/2bfc7da09988e1087e6291fafe99b67f","name":"Sonia","image":{"@type":"ImageObject","inLanguage":"es","@id":"https:\/\/www.asajacyl.com\/salamanca\/#\/schema\/person\/image\/","url":"https:\/\/secure.gravatar.com\/avatar\/6b0d6eb461a1e3687cc023d59022ef0d?s=96&d=mm&r=g","contentUrl":"https:\/\/secure.gravatar.com\/avatar\/6b0d6eb461a1e3687cc023d59022ef0d?s=96&d=mm&r=g","caption":"Sonia"},"url":"https:\/\/www.asajacyl.com\/salamanca\/author\/juanluisde"}]}},"_links":{"self":[{"href":"https:\/\/www.asajacyl.com\/salamanca\/wp-json\/wp\/v2\/posts\/20132"}],"collection":[{"href":"https:\/\/www.asajacyl.com\/salamanca\/wp-json\/wp\/v2\/posts"}],"about":[{"href":"https:\/\/www.asajacyl.com\/salamanca\/wp-json\/wp\/v2\/types\/post"}],"author":[{"embeddable":true,"href":"https:\/\/www.asajacyl.com\/salamanca\/wp-json\/wp\/v2\/users\/10"}],"replies":[{"embeddable":true,"href":"https:\/\/www.asajacyl.com\/salamanca\/wp-json\/wp\/v2\/comments?post=20132"}],"version-history":[{"count":1,"href":"https:\/\/www.asajacyl.com\/salamanca\/wp-json\/wp\/v2\/posts\/20132\/revisions"}],"predecessor-version":[{"id":20135,"href":"https:\/\/www.asajacyl.com\/salamanca\/wp-json\/wp\/v2\/posts\/20132\/revisions\/20135"}],"wp:featuredmedia":[{"embeddable":true,"href":"https:\/\/www.asajacyl.com\/salamanca\/wp-json\/wp\/v2\/media\/20134"}],"wp:attachment":[{"href":"https:\/\/www.asajacyl.com\/salamanca\/wp-json\/wp\/v2\/media?parent=20132"}],"wp:term":[{"taxonomy":"category","embeddable":true,"href":"https:\/\/www.asajacyl.com\/salamanca\/wp-json\/wp\/v2\/categories?post=20132"},{"taxonomy":"post_tag","embeddable":true,"href":"https:\/\/www.asajacyl.com\/salamanca\/wp-json\/wp\/v2\/tags?post=20132"}],"curies":[{"name":"wp","href":"https:\/\/api.w.org\/{rel}","templated":true}]}}