{"id":20144,"date":"2026-02-17T08:55:21","date_gmt":"2026-02-17T07:55:21","guid":{"rendered":"https:\/\/www.asajacyl.com\/salamanca\/?p=20144"},"modified":"2026-04-14T08:37:00","modified_gmt":"2026-04-14T06:37:00","slug":"abierto-el-plazo-para-la-presentacion-de-solicitudes-unicas-de-la-pac-2026-en-castilla-y-leon","status":"publish","type":"post","link":"https:\/\/www.asajacyl.com\/salamanca\/asaja-salamanca-informa\/noticias\/abierto-el-plazo-para-la-presentacion-de-solicitudes-unicas-de-la-pac-2026-en-castilla-y-leon","title":{"rendered":"Abierto el plazo para la presentaci\u00f3n de solicitudes \u00fanicas de la PAC 2026 en Castilla y Le\u00f3n"},"content":{"rendered":"\n<h2 class=\"wp-block-heading\">Desde ayer 1 de febrero y hasta el 30 de abril est\u00e1 abierto el plazo para la presentaci\u00f3n de las solicitudes \u00fanicas de la Pol\u00edtica Agraria Comunitaria para el ejercicio 2026 en Castilla y Le\u00f3n. Las estimaciones de la Consejer\u00eda de Agricultura apuntan que ser\u00e1n cerca de 60.000 los expedientes que se registrar\u00e1n en esta campa\u00f1a, la cuarta campa\u00f1a tras la entrada en vigor del Plan Estrat\u00e9gico de la PAC 2023-2027. El\u00a0per\u00edodo de presentaci\u00f3n\u00a0de las solicitudes\u00a0se extender\u00e1 hasta el 30 de abril\u00a0y, adem\u00e1s\u00a0de la ayuda b\u00e1sica a la renta, incluye\u00a0los pagos complementarios redistributivos a las primeras hect\u00e1reas de la explotaci\u00f3n\u00a0y el pago complementario a los j\u00f3venes agricultores.\u00a0\u00a0\u00a0<\/h2>\n\n\n\n<p>Como siempre, el equipo de ASAJA se reforzar\u00e1 para asesorar y acompa\u00f1ar a los agricultores y ganaderos en este importante tr\u00e1mite, para que su solicitud se complete en tiempo y forma, de la manera m\u00e1s beneficiosa para cada explotaci\u00f3n. ASAJA es con diferencia la entidad que tramita m\u00e1s solicitudes de PAC de profesionales de la agricultura y ganader\u00eda de Castilla y Le\u00f3n, dato que se confirma a\u00f1o a a\u00f1o. Por ello,&nbsp;<strong>aconsejamos a todos los interesados que reserven su cita con nuestras organizaciones provinciales, con el objetivo de poder atender a todos con el tiempo y dedicaci\u00f3n precisos.<\/strong><\/p>\n\n\n\n<h3 class=\"wp-block-heading\">Principales novedades<\/h3>\n\n\n\n<p>Las principales novedades&nbsp;derivan tanto del \u00faltimo&nbsp;reglamento&nbsp;de simplificaci\u00f3n como de la \u00faltima modificaci\u00f3n del PEPAC 2023-2027.&nbsp;En el primer caso afectan&nbsp;a las&nbsp;<strong>normas de condicionalidad<\/strong>&nbsp;y&nbsp;en el segundo, a los&nbsp;<strong>ecorreg\u00edmenes<\/strong>.&nbsp;&nbsp;<\/p>\n\n\n\n<p>Adem\u00e1s, pr\u00f3ximamente se convocar\u00e1 una&nbsp;<strong>nueva incorporaci\u00f3n a los contratos plurianuales de ayudas agroambientales<\/strong>. El compromiso se formalizar\u00e1 por&nbsp;<strong>tres a\u00f1os en lugar de los cinco<\/strong>&nbsp;habituales, al objeto de maximizar el presupuesto PEPAC 2023-2027 sin comprometer el pr\u00f3ximo periodo 2028-2034.&nbsp;<\/p>\n\n\n\n<p>Esta nueva convocatoria comprender\u00e1 las intervenciones de agricultura ecol\u00f3gica, razas aut\u00f3ctonas en peligro de extinci\u00f3n, apicultura para la mejora de la biodiversidad, cultivos agroindustriales sostenibles y aprovechamiento forrajero mediante pastoreo con ganado ovino y caprino.&nbsp;<\/p>\n\n\n\n<p>Con el objetivo de la simplificaci\u00f3n administrativa y evitar tr\u00e1mites administrativos suplementarios,&nbsp;<strong>la solicitud de incorporaci\u00f3n se realizar\u00e1 en la propia solicitud \u00fanica de la PAC<\/strong>.&nbsp;De esta forma, los titulares que cumplan las condiciones marcar\u00e1n la ayuda correspondiente y la propia aplicaci\u00f3n inform\u00e1tica discriminar\u00e1 aquellos que ya tienen un contrato en vigor de aquellos otros que lo solicitan por primera vez.&nbsp;<\/p>\n\n\n\n<h3 class=\"wp-block-heading\">Monitorizaci\u00f3n de los controles PAC&nbsp;<\/h3>\n\n\n\n<p>Durante 2026, Castilla y Le\u00f3n seguir\u00e1 realizando los controles de las ayudas por superficies mediante la fotointerpretaci\u00f3n autom\u00e1tica de im\u00e1genes de sat\u00e9lite. La Consejer\u00eda destaca que estos controles por monitorizaci\u00f3n, as\u00ed como su informaci\u00f3n, podr\u00e1n utilizarse como herramienta de mejora para la gesti\u00f3n de la explotaci\u00f3n, ya que generan datos \u00fatiles para una agricultura inteligente, lo que repercute en la cantidad y la calidad de los productos agrarios y en la rentabilidad de la explotaci\u00f3n.&nbsp;<\/p>\n\n\n\n<p>Asimismo,&nbsp;el&nbsp;<strong>cuaderno digital de explotaci\u00f3n,&nbsp;de&nbsp;car\u00e1cter voluntario<\/strong>,&nbsp;est\u00e1 a disposici\u00f3n&nbsp;de los agricultores y ganaderos&nbsp;para&nbsp;recoger informaci\u00f3n sobre las operaciones tradicionales agr\u00edcolas&nbsp;(fertilizaci\u00f3n, tratamientos fitosanitarios y uso del agua, principalmente).&nbsp;&nbsp;<\/p>\n\n\n\n<p>Para&nbsp;obtener m\u00e1s informaci\u00f3n acerca de la aplicaci\u00f3n de la campa\u00f1a PAC 2026, la Junta de Castilla y Le\u00f3n dispone de un portal web&nbsp;(&nbsp;<a href=\"https:\/\/pac.jcyl.es\/web\/es\/politica-agraria-comun.html\">https:\/\/pac.jcyl.es\/web\/es\/politica-agraria-comun.html<\/a>&nbsp;) en el que se incluyen las aplicaciones inform\u00e1ticas, normativa y un espacio para consultar la informaci\u00f3n de cada explotaci\u00f3n.&nbsp;<\/p>\n","protected":false},"excerpt":{"rendered":"<p>Desde ayer 1 de febrero y hasta el 30 de abril est\u00e1 abierto el plazo para la presentaci\u00f3n de las solicitudes \u00fanicas de la Pol\u00edtica Agraria Comunitaria para el ejercicio 2026 en Castilla y Le\u00f3n. Las estimaciones de la Consejer\u00eda de Agricultura apuntan que ser\u00e1n cerca de 60.000 los expedientes que se registrar\u00e1n en esta [&hellip;]<\/p>\n","protected":false},"author":10,"featured_media":20145,"comment_status":"open","ping_status":"open","sticky":false,"template":"","format":"standard","meta":{"footnotes":""},"categories":[510],"tags":[],"yoast_head":"<!-- This site is optimized with the Yoast SEO plugin v24.5 - https:\/\/yoast.com\/wordpress\/plugins\/seo\/ -->\n<title>Abierto el plazo para la presentaci\u00f3n de solicitudes \u00fanicas de la PAC 2026 en Castilla y Le\u00f3n - ASAJA Salamanca<\/title>\n<meta name=\"description\" content=\"Desde ayer 1 de febrero y hasta el 30 de abril est\u00e1 abierto el plazo para la presentaci\u00f3n de las solicitudes \u00fanicas de la Pol\u00edtica Agraria Comunitaria\" \/>\n<meta name=\"robots\" content=\"index, follow, max-snippet:-1, max-image-preview:large, max-video-preview:-1\" \/>\n<link rel=\"canonical\" href=\"https:\/\/www.asajacyl.com\/salamanca\/asaja-salamanca-informa\/noticias\/abierto-el-plazo-para-la-presentacion-de-solicitudes-unicas-de-la-pac-2026-en-castilla-y-leon\" \/>\n<meta property=\"og:locale\" content=\"es_ES\" \/>\n<meta property=\"og:type\" content=\"article\" \/>\n<meta property=\"og:title\" content=\"Abierto el plazo para la presentaci\u00f3n de solicitudes \u00fanicas de la PAC 2026 en Castilla y Le\u00f3n - ASAJA Salamanca\" \/>\n<meta property=\"og:description\" content=\"Desde ayer 1 de febrero y hasta el 30 de abril est\u00e1 abierto el plazo para la presentaci\u00f3n de las solicitudes \u00fanicas de la Pol\u00edtica Agraria Comunitaria\" \/>\n<meta property=\"og:url\" content=\"https:\/\/www.asajacyl.com\/salamanca\/asaja-salamanca-informa\/noticias\/abierto-el-plazo-para-la-presentacion-de-solicitudes-unicas-de-la-pac-2026-en-castilla-y-leon\" \/>\n<meta property=\"og:site_name\" content=\"ASAJA Salamanca\" \/>\n<meta property=\"article:published_time\" content=\"2026-02-17T07:55:21+00:00\" \/>\n<meta property=\"article:modified_time\" content=\"2026-04-14T06:37:00+00:00\" \/>\n<meta property=\"og:image\" content=\"https:\/\/www.asajacyl.com\/salamanca\/wp-content\/uploads\/sites\/7\/2026\/02\/anuncio-PAC-2026-162x150-1.jpg\" \/>\n\t<meta property=\"og:image:width\" content=\"162\" \/>\n\t<meta property=\"og:image:height\" content=\"150\" \/>\n\t<meta property=\"og:image:type\" content=\"image\/jpeg\" \/>\n<meta name=\"author\" content=\"Sonia\" \/>\n<meta name=\"twitter:card\" content=\"summary_large_image\" \/>\n<meta name=\"twitter:label1\" content=\"Escrito por\" \/>\n\t<meta name=\"twitter:data1\" content=\"Sonia\" \/>\n\t<meta name=\"twitter:label2\" content=\"Tiempo de lectura\" \/>\n\t<meta name=\"twitter:data2\" content=\"3 minutos\" \/>\n<script type=\"application\/ld+json\" class=\"yoast-schema-graph\">{\"@context\":\"https:\/\/schema.org\",\"@graph\":[{\"@type\":\"WebPage\",\"@id\":\"https:\/\/www.asajacyl.com\/salamanca\/asaja-salamanca-informa\/noticias\/abierto-el-plazo-para-la-presentacion-de-solicitudes-unicas-de-la-pac-2026-en-castilla-y-leon\",\"url\":\"https:\/\/www.asajacyl.com\/salamanca\/asaja-salamanca-informa\/noticias\/abierto-el-plazo-para-la-presentacion-de-solicitudes-unicas-de-la-pac-2026-en-castilla-y-leon\",\"name\":\"Abierto el plazo para la presentaci\u00f3n de solicitudes \u00fanicas de la PAC 2026 en Castilla y Le\u00f3n - ASAJA Salamanca\",\"isPartOf\":{\"@id\":\"https:\/\/www.asajacyl.com\/salamanca\/#website\"},\"primaryImageOfPage\":{\"@id\":\"https:\/\/www.asajacyl.com\/salamanca\/asaja-salamanca-informa\/noticias\/abierto-el-plazo-para-la-presentacion-de-solicitudes-unicas-de-la-pac-2026-en-castilla-y-leon#primaryimage\"},\"image\":{\"@id\":\"https:\/\/www.asajacyl.com\/salamanca\/asaja-salamanca-informa\/noticias\/abierto-el-plazo-para-la-presentacion-de-solicitudes-unicas-de-la-pac-2026-en-castilla-y-leon#primaryimage\"},\"thumbnailUrl\":\"https:\/\/www.asajacyl.com\/salamanca\/wp-content\/uploads\/sites\/7\/2026\/02\/anuncio-PAC-2026-162x150-1.jpg\",\"datePublished\":\"2026-02-17T07:55:21+00:00\",\"dateModified\":\"2026-04-14T06:37:00+00:00\",\"author\":{\"@id\":\"https:\/\/www.asajacyl.com\/salamanca\/#\/schema\/person\/2bfc7da09988e1087e6291fafe99b67f\"},\"description\":\"Desde ayer 1 de febrero y hasta el 30 de abril est\u00e1 abierto el plazo para la presentaci\u00f3n de las solicitudes \u00fanicas de la Pol\u00edtica Agraria Comunitaria\",\"breadcrumb\":{\"@id\":\"https:\/\/www.asajacyl.com\/salamanca\/asaja-salamanca-informa\/noticias\/abierto-el-plazo-para-la-presentacion-de-solicitudes-unicas-de-la-pac-2026-en-castilla-y-leon#breadcrumb\"},\"inLanguage\":\"es\",\"potentialAction\":[{\"@type\":\"ReadAction\",\"target\":[\"https:\/\/www.asajacyl.com\/salamanca\/asaja-salamanca-informa\/noticias\/abierto-el-plazo-para-la-presentacion-de-solicitudes-unicas-de-la-pac-2026-en-castilla-y-leon\"]}]},{\"@type\":\"ImageObject\",\"inLanguage\":\"es\",\"@id\":\"https:\/\/www.asajacyl.com\/salamanca\/asaja-salamanca-informa\/noticias\/abierto-el-plazo-para-la-presentacion-de-solicitudes-unicas-de-la-pac-2026-en-castilla-y-leon#primaryimage\",\"url\":\"https:\/\/www.asajacyl.com\/salamanca\/wp-content\/uploads\/sites\/7\/2026\/02\/anuncio-PAC-2026-162x150-1.jpg\",\"contentUrl\":\"https:\/\/www.asajacyl.com\/salamanca\/wp-content\/uploads\/sites\/7\/2026\/02\/anuncio-PAC-2026-162x150-1.jpg\",\"width\":162,\"height\":150},{\"@type\":\"BreadcrumbList\",\"@id\":\"https:\/\/www.asajacyl.com\/salamanca\/asaja-salamanca-informa\/noticias\/abierto-el-plazo-para-la-presentacion-de-solicitudes-unicas-de-la-pac-2026-en-castilla-y-leon#breadcrumb\",\"itemListElement\":[{\"@type\":\"ListItem\",\"position\":1,\"name\":\"Portada\",\"item\":\"https:\/\/www.asajacyl.com\/salamanca\/\"},{\"@type\":\"ListItem\",\"position\":2,\"name\":\"Abierto el plazo para la presentaci\u00f3n de solicitudes \u00fanicas de la PAC 2026 en Castilla y Le\u00f3n\"}]},{\"@type\":\"WebSite\",\"@id\":\"https:\/\/www.asajacyl.com\/salamanca\/#website\",\"url\":\"https:\/\/www.asajacyl.com\/salamanca\/\",\"name\":\"ASAJA Salamanca\",\"description\":\"Otro sitio m\u00e1s de Provincias ASAJA Castilla y Le\u00f3n\",\"potentialAction\":[{\"@type\":\"SearchAction\",\"target\":{\"@type\":\"EntryPoint\",\"urlTemplate\":\"https:\/\/www.asajacyl.com\/salamanca\/?s={search_term_string}\"},\"query-input\":{\"@type\":\"PropertyValueSpecification\",\"valueRequired\":true,\"valueName\":\"search_term_string\"}}],\"inLanguage\":\"es\"},{\"@type\":\"Person\",\"@id\":\"https:\/\/www.asajacyl.com\/salamanca\/#\/schema\/person\/2bfc7da09988e1087e6291fafe99b67f\",\"name\":\"Sonia\",\"image\":{\"@type\":\"ImageObject\",\"inLanguage\":\"es\",\"@id\":\"https:\/\/www.asajacyl.com\/salamanca\/#\/schema\/person\/image\/\",\"url\":\"https:\/\/secure.gravatar.com\/avatar\/6b0d6eb461a1e3687cc023d59022ef0d?s=96&d=mm&r=g\",\"contentUrl\":\"https:\/\/secure.gravatar.com\/avatar\/6b0d6eb461a1e3687cc023d59022ef0d?s=96&d=mm&r=g\",\"caption\":\"Sonia\"},\"url\":\"https:\/\/www.asajacyl.com\/salamanca\/author\/juanluisde\"}]}<\/script>\n<!-- \/ Yoast SEO plugin. -->","yoast_head_json":{"title":"Abierto el plazo para la presentaci\u00f3n de solicitudes \u00fanicas de la PAC 2026 en Castilla y Le\u00f3n - ASAJA Salamanca","description":"Desde ayer 1 de febrero y hasta el 30 de abril est\u00e1 abierto el plazo para la presentaci\u00f3n de las solicitudes \u00fanicas de la Pol\u00edtica Agraria Comunitaria","robots":{"index":"index","follow":"follow","max-snippet":"max-snippet:-1","max-image-preview":"max-image-preview:large","max-video-preview":"max-video-preview:-1"},"canonical":"https:\/\/www.asajacyl.com\/salamanca\/asaja-salamanca-informa\/noticias\/abierto-el-plazo-para-la-presentacion-de-solicitudes-unicas-de-la-pac-2026-en-castilla-y-leon","og_locale":"es_ES","og_type":"article","og_title":"Abierto el plazo para la presentaci\u00f3n de solicitudes \u00fanicas de la PAC 2026 en Castilla y Le\u00f3n - ASAJA Salamanca","og_description":"Desde ayer 1 de febrero y hasta el 30 de abril est\u00e1 abierto el plazo para la presentaci\u00f3n de las solicitudes \u00fanicas de la Pol\u00edtica Agraria Comunitaria","og_url":"https:\/\/www.asajacyl.com\/salamanca\/asaja-salamanca-informa\/noticias\/abierto-el-plazo-para-la-presentacion-de-solicitudes-unicas-de-la-pac-2026-en-castilla-y-leon","og_site_name":"ASAJA Salamanca","article_published_time":"2026-02-17T07:55:21+00:00","article_modified_time":"2026-04-14T06:37:00+00:00","og_image":[{"width":162,"height":150,"url":"https:\/\/www.asajacyl.com\/salamanca\/wp-content\/uploads\/sites\/7\/2026\/02\/anuncio-PAC-2026-162x150-1.jpg","type":"image\/jpeg"}],"author":"Sonia","twitter_card":"summary_large_image","twitter_misc":{"Escrito por":"Sonia","Tiempo de lectura":"3 minutos"},"schema":{"@context":"https:\/\/schema.org","@graph":[{"@type":"WebPage","@id":"https:\/\/www.asajacyl.com\/salamanca\/asaja-salamanca-informa\/noticias\/abierto-el-plazo-para-la-presentacion-de-solicitudes-unicas-de-la-pac-2026-en-castilla-y-leon","url":"https:\/\/www.asajacyl.com\/salamanca\/asaja-salamanca-informa\/noticias\/abierto-el-plazo-para-la-presentacion-de-solicitudes-unicas-de-la-pac-2026-en-castilla-y-leon","name":"Abierto el plazo para la presentaci\u00f3n de solicitudes \u00fanicas de la PAC 2026 en Castilla y Le\u00f3n - ASAJA Salamanca","isPartOf":{"@id":"https:\/\/www.asajacyl.com\/salamanca\/#website"},"primaryImageOfPage":{"@id":"https:\/\/www.asajacyl.com\/salamanca\/asaja-salamanca-informa\/noticias\/abierto-el-plazo-para-la-presentacion-de-solicitudes-unicas-de-la-pac-2026-en-castilla-y-leon#primaryimage"},"image":{"@id":"https:\/\/www.asajacyl.com\/salamanca\/asaja-salamanca-informa\/noticias\/abierto-el-plazo-para-la-presentacion-de-solicitudes-unicas-de-la-pac-2026-en-castilla-y-leon#primaryimage"},"thumbnailUrl":"https:\/\/www.asajacyl.com\/salamanca\/wp-content\/uploads\/sites\/7\/2026\/02\/anuncio-PAC-2026-162x150-1.jpg","datePublished":"2026-02-17T07:55:21+00:00","dateModified":"2026-04-14T06:37:00+00:00","author":{"@id":"https:\/\/www.asajacyl.com\/salamanca\/#\/schema\/person\/2bfc7da09988e1087e6291fafe99b67f"},"description":"Desde ayer 1 de febrero y hasta el 30 de abril est\u00e1 abierto el plazo para la presentaci\u00f3n de las solicitudes \u00fanicas de la Pol\u00edtica Agraria Comunitaria","breadcrumb":{"@id":"https:\/\/www.asajacyl.com\/salamanca\/asaja-salamanca-informa\/noticias\/abierto-el-plazo-para-la-presentacion-de-solicitudes-unicas-de-la-pac-2026-en-castilla-y-leon#breadcrumb"},"inLanguage":"es","potentialAction":[{"@type":"ReadAction","target":["https:\/\/www.asajacyl.com\/salamanca\/asaja-salamanca-informa\/noticias\/abierto-el-plazo-para-la-presentacion-de-solicitudes-unicas-de-la-pac-2026-en-castilla-y-leon"]}]},{"@type":"ImageObject","inLanguage":"es","@id":"https:\/\/www.asajacyl.com\/salamanca\/asaja-salamanca-informa\/noticias\/abierto-el-plazo-para-la-presentacion-de-solicitudes-unicas-de-la-pac-2026-en-castilla-y-leon#primaryimage","url":"https:\/\/www.asajacyl.com\/salamanca\/wp-content\/uploads\/sites\/7\/2026\/02\/anuncio-PAC-2026-162x150-1.jpg","contentUrl":"https:\/\/www.asajacyl.com\/salamanca\/wp-content\/uploads\/sites\/7\/2026\/02\/anuncio-PAC-2026-162x150-1.jpg","width":162,"height":150},{"@type":"BreadcrumbList","@id":"https:\/\/www.asajacyl.com\/salamanca\/asaja-salamanca-informa\/noticias\/abierto-el-plazo-para-la-presentacion-de-solicitudes-unicas-de-la-pac-2026-en-castilla-y-leon#breadcrumb","itemListElement":[{"@type":"ListItem","position":1,"name":"Portada","item":"https:\/\/www.asajacyl.com\/salamanca\/"},{"@type":"ListItem","position":2,"name":"Abierto el plazo para la presentaci\u00f3n de solicitudes \u00fanicas de la PAC 2026 en Castilla y Le\u00f3n"}]},{"@type":"WebSite","@id":"https:\/\/www.asajacyl.com\/salamanca\/#website","url":"https:\/\/www.asajacyl.com\/salamanca\/","name":"ASAJA Salamanca","description":"Otro sitio m\u00e1s de Provincias ASAJA Castilla y Le\u00f3n","potentialAction":[{"@type":"SearchAction","target":{"@type":"EntryPoint","urlTemplate":"https:\/\/www.asajacyl.com\/salamanca\/?s={search_term_string}"},"query-input":{"@type":"PropertyValueSpecification","valueRequired":true,"valueName":"search_term_string"}}],"inLanguage":"es"},{"@type":"Person","@id":"https:\/\/www.asajacyl.com\/salamanca\/#\/schema\/person\/2bfc7da09988e1087e6291fafe99b67f","name":"Sonia","image":{"@type":"ImageObject","inLanguage":"es","@id":"https:\/\/www.asajacyl.com\/salamanca\/#\/schema\/person\/image\/","url":"https:\/\/secure.gravatar.com\/avatar\/6b0d6eb461a1e3687cc023d59022ef0d?s=96&d=mm&r=g","contentUrl":"https:\/\/secure.gravatar.com\/avatar\/6b0d6eb461a1e3687cc023d59022ef0d?s=96&d=mm&r=g","caption":"Sonia"},"url":"https:\/\/www.asajacyl.com\/salamanca\/author\/juanluisde"}]}},"_links":{"self":[{"href":"https:\/\/www.asajacyl.com\/salamanca\/wp-json\/wp\/v2\/posts\/20144"}],"collection":[{"href":"https:\/\/www.asajacyl.com\/salamanca\/wp-json\/wp\/v2\/posts"}],"about":[{"href":"https:\/\/www.asajacyl.com\/salamanca\/wp-json\/wp\/v2\/types\/post"}],"author":[{"embeddable":true,"href":"https:\/\/www.asajacyl.com\/salamanca\/wp-json\/wp\/v2\/users\/10"}],"replies":[{"embeddable":true,"href":"https:\/\/www.asajacyl.com\/salamanca\/wp-json\/wp\/v2\/comments?post=20144"}],"version-history":[{"count":1,"href":"https:\/\/www.asajacyl.com\/salamanca\/wp-json\/wp\/v2\/posts\/20144\/revisions"}],"predecessor-version":[{"id":20146,"href":"https:\/\/www.asajacyl.com\/salamanca\/wp-json\/wp\/v2\/posts\/20144\/revisions\/20146"}],"wp:featuredmedia":[{"embeddable":true,"href":"https:\/\/www.asajacyl.com\/salamanca\/wp-json\/wp\/v2\/media\/20145"}],"wp:attachment":[{"href":"https:\/\/www.asajacyl.com\/salamanca\/wp-json\/wp\/v2\/media?parent=20144"}],"wp:term":[{"taxonomy":"category","embeddable":true,"href":"https:\/\/www.asajacyl.com\/salamanca\/wp-json\/wp\/v2\/categories?post=20144"},{"taxonomy":"post_tag","embeddable":true,"href":"https:\/\/www.asajacyl.com\/salamanca\/wp-json\/wp\/v2\/tags?post=20144"}],"curies":[{"name":"wp","href":"https:\/\/api.w.org\/{rel}","templated":true}]}}