{"id":20173,"date":"2026-02-17T10:10:57","date_gmt":"2026-02-17T09:10:57","guid":{"rendered":"https:\/\/www.asajacyl.com\/salamanca\/?p=20173"},"modified":"2026-02-23T09:32:23","modified_gmt":"2026-02-23T08:32:23","slug":"exito-rotundo-de-la-semana-de-movilizaciones-agrarias-en-salamanca-contra-el-acuerdo-con-mercosur-y-en-defensa-del-sector-primariosalamanca","status":"publish","type":"post","link":"https:\/\/www.asajacyl.com\/salamanca\/asaja-salamanca-informa\/notas-de-prensa\/exito-rotundo-de-la-semana-de-movilizaciones-agrarias-en-salamanca-contra-el-acuerdo-con-mercosur-y-en-defensa-del-sector-primariosalamanca","title":{"rendered":"\u00c9xito rotundo de la semana de movilizaciones agrarias en Salamanca contra el acuerdo con Mercosur y en defensa del sector primario en Salamanca,"},"content":{"rendered":"\n<p>Salamanca, 2 de febrero de 2026| ASAJA Salamanca en unidad de acci\u00f3n con UPA, COAG y UCCL, hace una valoraci\u00f3n muy positiva de la semana de movilizaciones celebrada en la capital salmantina entre los d\u00edas 26 y 30 de enero. Miles de ciudadanos han podido comprobar de primera mano qu\u00e9 est\u00e1 en juego para el medio rural si sale adelante el acuerdo comercial de la Uni\u00f3n Europea con Mercosur y si la reforma de la PAC se orienta, tal y como est\u00e1 planteada actualmente, hacia un recorte presupuestario y un cambio de enfoque que debilita la actividad agraria.<\/p>\n\n\n\n<p>Durante cuatro jornadas, el campo salmantino sali\u00f3 a la calle para recordar que sin agricultores y ganaderos no hay alimentos ni vida en nuestros pueblos y para advertir del grave da\u00f1o que supondr\u00e1 para las explotaciones familiares la entrada masiva de productos de terceros pa\u00edses producidos con normativas mucho menos exigentes que las que se imponen en la Uni\u00f3n Europea.<br>Los sectores m\u00e1s amenazados: miel, cereales, leguminosas, patata, remolacha y carne de vacuno<br>Las protestas se han organizado por sectores, poniendo el foco en aquellos que se ver\u00e1n especialmente golpeados por la competencia desleal que implicar\u00eda Mercosur:<\/p>\n\n\n\n<ul>\n<li>Sector ap\u00edcola: se denunci\u00f3 que la entrada de miel de baja calidad, muchas veces mezclada y mal etiquetada, hunde los precios e impide la viabilidad de las explotaciones locales, que cumplen exigentes requisitos sanitarios y medioambientales.<\/li>\n\n\n\n<li>Cereales y leguminosas: se record\u00f3 que el trigo, la cebada, el ma\u00edz o los garbanzos producidos en Salamanca no pueden competir con importaciones que llegan sin las mismas restricciones en fitosanitarios, trazabilidad o condiciones laborales.<\/li>\n\n\n\n<li>Sector de la patata y a remolacha: se puso el foco en estos cultivos emblem\u00e1ticos en la provincia y que sufren una fuerte presi\u00f3n por el incremento de costes y los bajos precios en origen.<\/li>\n\n\n\n<li>Carne de ternera: se subray\u00f3 que uno de los productos m\u00e1s expuestos por Mercosur ser\u00e1 la carne de vacuno, al competir con producciones que no tienen por qu\u00e9 cumplir los mismos est\u00e1ndares europeos en materia de trazabilidad, sanidad y bienestar animal.<\/li>\n<\/ul>\n\n\n\n<p>\u201cLo que est\u00e1 en juego es qu\u00e9 queremos comer ma\u00f1ana: un producto de calidad, sano y seguro, o alimentos que no cumplen ni de lejos las exigencias que nos imponen a nosotros\u201d, resumieron los responsables de las organizaciones convocantes durante la lectura del manifiesto.<br>Reforma de la PAC 2028\u20132033: una segunda amenaza que debilita al campo europeo<br>ASAJA Salamanca advierte de que, a la presi\u00f3n de Mercosur, se suma la preocupaci\u00f3n por la reforma de la PAC planteada para el periodo 2028\u20132033, que, de confirmarse en los t\u00e9rminos actuales, supondr\u00eda:<\/p>\n\n\n\n<ul>\n<li>Una reducci\u00f3n del presupuesto en torno al 20%, recortando el respaldo directo a los productores en un momento de costes altos y de competencia internacional creciente.<\/li>\n\n\n\n<li>Un cambio de filosof\u00eda que diluye el concepto de una Pol\u00edtica Agraria Com\u00fan europea, trasladando el enfoque hacia planteamientos m\u00e1s \u201cde pa\u00eds\u201d, con mayor fragmentaci\u00f3n y desigualdad territorial.<\/li>\n\n\n\n<li>Una orientaci\u00f3n de fondos hacia prioridades alejadas de la agricultura y la ganader\u00eda, sin garantizar por s\u00ed mismas la viabilidad de las explotaciones.<br>Juan Luis Delgado, presidente de ASAJA Salamanca, recuerda que una PAC fuerte y verdaderamente com\u00fan es una herramienta estrat\u00e9gica para asegurar la soberan\u00eda alimentaria de la Uni\u00f3n Europea, la seguridad y calidad de los alimentos, el mantenimiento del empleo en el medio rural y la competitividad del sector frente a importaciones de terceros pa\u00edses:<br>Por ello, ASAJA reclama que la reforma 2028\u20132033 no debilite el proyecto europeo agrario, no convierta la PAC en una suma de pol\u00edticas nacionales y mantenga una financiaci\u00f3n suficiente y un dise\u00f1o centrado en la actividad agraria como pilar de la UE.<\/li>\n<\/ul>\n\n\n\n<p><strong>Producto local regalado a la ciudadan\u00eda para explicar el problema<br><\/strong>A lo largo de la semana, agricultores y ganaderos han regalado a los salmantinos miel, legumbres, patatas y carne de ternera de primera calidad, procedentes de cooperativas y productores de la provincia.<br>El objetivo ha sido concienciar de que, si se permite la entrada masiva de alimentos de terceros pa\u00edses sin los mismos controles, \u201cno solo se cierran explotaciones y se vac\u00edan los pueblos; tambi\u00e9n se pone en riesgo la calidad de la comida que llega a nuestras mesas\u201d.<\/p>\n\n\n\n<p>La semana tuvo su punto \u00e1lgido en una multitudinaria tractorada y concentraci\u00f3n de agricultores y ganaderos, con participaci\u00f3n de tractores y veh\u00edculos del campo. El acto final incluy\u00f3 una convivencia y un reparto divulgativo de raciones elaboradas con producto local.<\/p>\n\n\n\n<p><strong>Agradecimientos<\/strong><br>ASAJA Salamanca quiere dejar constancia de su agradecimiento expreso:<\/p>\n\n\n\n<ol>\n<li>A todos los agricultores y ganaderos que han participado en las distintas movilizaciones sectoriales, dejando sus explotaciones para defender no solo su futuro, sino el de toda la sociedad.<\/li>\n\n\n\n<li>A las cooperativas, empresas agroalimentarias y negocios vinculados al sector primario que han donado producto, han cerrado sus puertas el d\u00eda de la movilizaci\u00f3n y han participado con sus propios veh\u00edculos, demostrando un compromiso ejemplar con el campo salmantino.<\/li>\n\n\n\n<li>A las Fuerzas y Cuerpos de Seguridad del Estado, Polic\u00eda Local y resto de servicios p\u00fablicos, por su profesionalidad, garantizando en todo momento que las protestas se desarrollaran con seguridad, orden y sin incidentes.<\/li>\n\n\n\n<li>A la ciudadan\u00eda de Salamanca, que ha comprendido el sentido de las movilizaciones, ha mostrado su apoyo y ha sabido disculpar las molestias derivadas de los cortes de tr\u00e1fico y las concentraciones.<br><strong>Llamamiento final<\/strong><br>ASAJA Salamanca recuerda que estas movilizaciones no son un punto final, sino un aviso claro a las instituciones europeas, al Gobierno de Espa\u00f1a y a la Junta de Castilla y Le\u00f3n:<\/li>\n<\/ol>\n\n\n\n<ul>\n<li>No a Mercosur en los t\u00e9rminos actuales si no existe reciprocidad real (\u201cmismas reglas para todos\u201d) en producci\u00f3n, sanidad, bienestar animal, trazabilidad y uso de fitosanitarios.<\/li>\n\n\n\n<li>Una PAC 2028\u20132033 fuerte, com\u00fan y suficientemente financiada, centrada en agricultura y la ganader\u00eda, que garantice la soberan\u00eda alimentaria de la Uni\u00f3n Europea.<br><br><em>No aceptaremos acuerdos comerciales y reformas que conviertan a nuestros agricultores y ganaderos en una especie en extinci\u00f3n, mientras se llenan los supermercados de productos importados sin las mismas obligaciones.<\/em><br><br><\/li>\n<\/ul>\n","protected":false},"excerpt":{"rendered":"<p>Salamanca, 2 de febrero de 2026| ASAJA Salamanca en unidad de acci\u00f3n con UPA, COAG y UCCL, hace una valoraci\u00f3n muy positiva de la semana de movilizaciones celebrada en la capital salmantina entre los d\u00edas 26 y 30 de enero. Miles de ciudadanos han podido comprobar de primera mano qu\u00e9 est\u00e1 en juego para el [&hellip;]<\/p>\n","protected":false},"author":10,"featured_media":20176,"comment_status":"open","ping_status":"open","sticky":false,"template":"","format":"standard","meta":{"footnotes":""},"categories":[28],"tags":[],"yoast_head":"<!-- This site is optimized with the Yoast SEO plugin v24.5 - https:\/\/yoast.com\/wordpress\/plugins\/seo\/ -->\n<title>\u00c9xito rotundo de la semana de movilizaciones agrarias en Salamanca contra el acuerdo con Mercosur y en defensa del sector primario en Salamanca, - ASAJA Salamanca<\/title>\n<meta name=\"description\" content=\"Salamanca, 2 de febrero de 2026| ASAJA Salamanca en unidad de acci\u00f3n con UPA, COAG y UCCL, hace una valoraci\u00f3n muy positiva de la semana de movilizaciones\" \/>\n<meta name=\"robots\" content=\"index, follow, max-snippet:-1, max-image-preview:large, max-video-preview:-1\" \/>\n<link rel=\"canonical\" href=\"https:\/\/www.asajacyl.com\/salamanca\/asaja-salamanca-informa\/notas-de-prensa\/exito-rotundo-de-la-semana-de-movilizaciones-agrarias-en-salamanca-contra-el-acuerdo-con-mercosur-y-en-defensa-del-sector-primariosalamanca\" \/>\n<meta property=\"og:locale\" content=\"es_ES\" \/>\n<meta property=\"og:type\" content=\"article\" \/>\n<meta property=\"og:title\" content=\"\u00c9xito rotundo de la semana de movilizaciones agrarias en Salamanca contra el acuerdo con Mercosur y en defensa del sector primario en Salamanca, - ASAJA Salamanca\" \/>\n<meta property=\"og:description\" content=\"Salamanca, 2 de febrero de 2026| ASAJA Salamanca en unidad de acci\u00f3n con UPA, COAG y UCCL, hace una valoraci\u00f3n muy positiva de la semana de movilizaciones\" \/>\n<meta property=\"og:url\" content=\"https:\/\/www.asajacyl.com\/salamanca\/asaja-salamanca-informa\/notas-de-prensa\/exito-rotundo-de-la-semana-de-movilizaciones-agrarias-en-salamanca-contra-el-acuerdo-con-mercosur-y-en-defensa-del-sector-primariosalamanca\" \/>\n<meta property=\"og:site_name\" content=\"ASAJA Salamanca\" \/>\n<meta property=\"article:published_time\" content=\"2026-02-17T09:10:57+00:00\" \/>\n<meta property=\"article:modified_time\" content=\"2026-02-23T08:32:23+00:00\" \/>\n<meta property=\"og:image\" content=\"https:\/\/www.asajacyl.com\/salamanca\/wp-content\/uploads\/sites\/7\/2026\/02\/TRACTORES_260202135429-1.jpg\" \/>\n\t<meta property=\"og:image:width\" content=\"1190\" \/>\n\t<meta property=\"og:image:height\" content=\"734\" \/>\n\t<meta property=\"og:image:type\" content=\"image\/jpeg\" \/>\n<meta name=\"author\" content=\"Sonia\" \/>\n<meta name=\"twitter:card\" content=\"summary_large_image\" \/>\n<meta name=\"twitter:label1\" content=\"Escrito por\" \/>\n\t<meta name=\"twitter:data1\" content=\"Sonia\" \/>\n\t<meta name=\"twitter:label2\" content=\"Tiempo de lectura\" \/>\n\t<meta name=\"twitter:data2\" content=\"5 minutos\" \/>\n<script type=\"application\/ld+json\" class=\"yoast-schema-graph\">{\"@context\":\"https:\/\/schema.org\",\"@graph\":[{\"@type\":\"WebPage\",\"@id\":\"https:\/\/www.asajacyl.com\/salamanca\/asaja-salamanca-informa\/notas-de-prensa\/exito-rotundo-de-la-semana-de-movilizaciones-agrarias-en-salamanca-contra-el-acuerdo-con-mercosur-y-en-defensa-del-sector-primariosalamanca\",\"url\":\"https:\/\/www.asajacyl.com\/salamanca\/asaja-salamanca-informa\/notas-de-prensa\/exito-rotundo-de-la-semana-de-movilizaciones-agrarias-en-salamanca-contra-el-acuerdo-con-mercosur-y-en-defensa-del-sector-primariosalamanca\",\"name\":\"\u00c9xito rotundo de la semana de movilizaciones agrarias en Salamanca contra el acuerdo con Mercosur y en defensa del sector primario en Salamanca, - ASAJA Salamanca\",\"isPartOf\":{\"@id\":\"https:\/\/www.asajacyl.com\/salamanca\/#website\"},\"primaryImageOfPage\":{\"@id\":\"https:\/\/www.asajacyl.com\/salamanca\/asaja-salamanca-informa\/notas-de-prensa\/exito-rotundo-de-la-semana-de-movilizaciones-agrarias-en-salamanca-contra-el-acuerdo-con-mercosur-y-en-defensa-del-sector-primariosalamanca#primaryimage\"},\"image\":{\"@id\":\"https:\/\/www.asajacyl.com\/salamanca\/asaja-salamanca-informa\/notas-de-prensa\/exito-rotundo-de-la-semana-de-movilizaciones-agrarias-en-salamanca-contra-el-acuerdo-con-mercosur-y-en-defensa-del-sector-primariosalamanca#primaryimage\"},\"thumbnailUrl\":\"https:\/\/www.asajacyl.com\/salamanca\/wp-content\/uploads\/sites\/7\/2026\/02\/TRACTORES_260202135429-1.jpg\",\"datePublished\":\"2026-02-17T09:10:57+00:00\",\"dateModified\":\"2026-02-23T08:32:23+00:00\",\"author\":{\"@id\":\"https:\/\/www.asajacyl.com\/salamanca\/#\/schema\/person\/2bfc7da09988e1087e6291fafe99b67f\"},\"description\":\"Salamanca, 2 de febrero de 2026| ASAJA Salamanca en unidad de acci\u00f3n con UPA, COAG y UCCL, hace una valoraci\u00f3n muy positiva de la semana de movilizaciones\",\"breadcrumb\":{\"@id\":\"https:\/\/www.asajacyl.com\/salamanca\/asaja-salamanca-informa\/notas-de-prensa\/exito-rotundo-de-la-semana-de-movilizaciones-agrarias-en-salamanca-contra-el-acuerdo-con-mercosur-y-en-defensa-del-sector-primariosalamanca#breadcrumb\"},\"inLanguage\":\"es\",\"potentialAction\":[{\"@type\":\"ReadAction\",\"target\":[\"https:\/\/www.asajacyl.com\/salamanca\/asaja-salamanca-informa\/notas-de-prensa\/exito-rotundo-de-la-semana-de-movilizaciones-agrarias-en-salamanca-contra-el-acuerdo-con-mercosur-y-en-defensa-del-sector-primariosalamanca\"]}]},{\"@type\":\"ImageObject\",\"inLanguage\":\"es\",\"@id\":\"https:\/\/www.asajacyl.com\/salamanca\/asaja-salamanca-informa\/notas-de-prensa\/exito-rotundo-de-la-semana-de-movilizaciones-agrarias-en-salamanca-contra-el-acuerdo-con-mercosur-y-en-defensa-del-sector-primariosalamanca#primaryimage\",\"url\":\"https:\/\/www.asajacyl.com\/salamanca\/wp-content\/uploads\/sites\/7\/2026\/02\/TRACTORES_260202135429-1.jpg\",\"contentUrl\":\"https:\/\/www.asajacyl.com\/salamanca\/wp-content\/uploads\/sites\/7\/2026\/02\/TRACTORES_260202135429-1.jpg\",\"width\":1190,\"height\":734},{\"@type\":\"BreadcrumbList\",\"@id\":\"https:\/\/www.asajacyl.com\/salamanca\/asaja-salamanca-informa\/notas-de-prensa\/exito-rotundo-de-la-semana-de-movilizaciones-agrarias-en-salamanca-contra-el-acuerdo-con-mercosur-y-en-defensa-del-sector-primariosalamanca#breadcrumb\",\"itemListElement\":[{\"@type\":\"ListItem\",\"position\":1,\"name\":\"Portada\",\"item\":\"https:\/\/www.asajacyl.com\/salamanca\/\"},{\"@type\":\"ListItem\",\"position\":2,\"name\":\"\u00c9xito rotundo de la semana de movilizaciones agrarias en Salamanca contra el acuerdo con Mercosur y en defensa del sector primario en Salamanca,\"}]},{\"@type\":\"WebSite\",\"@id\":\"https:\/\/www.asajacyl.com\/salamanca\/#website\",\"url\":\"https:\/\/www.asajacyl.com\/salamanca\/\",\"name\":\"ASAJA Salamanca\",\"description\":\"Otro sitio m\u00e1s de Provincias ASAJA Castilla y Le\u00f3n\",\"potentialAction\":[{\"@type\":\"SearchAction\",\"target\":{\"@type\":\"EntryPoint\",\"urlTemplate\":\"https:\/\/www.asajacyl.com\/salamanca\/?s={search_term_string}\"},\"query-input\":{\"@type\":\"PropertyValueSpecification\",\"valueRequired\":true,\"valueName\":\"search_term_string\"}}],\"inLanguage\":\"es\"},{\"@type\":\"Person\",\"@id\":\"https:\/\/www.asajacyl.com\/salamanca\/#\/schema\/person\/2bfc7da09988e1087e6291fafe99b67f\",\"name\":\"Sonia\",\"image\":{\"@type\":\"ImageObject\",\"inLanguage\":\"es\",\"@id\":\"https:\/\/www.asajacyl.com\/salamanca\/#\/schema\/person\/image\/\",\"url\":\"https:\/\/secure.gravatar.com\/avatar\/6b0d6eb461a1e3687cc023d59022ef0d?s=96&d=mm&r=g\",\"contentUrl\":\"https:\/\/secure.gravatar.com\/avatar\/6b0d6eb461a1e3687cc023d59022ef0d?s=96&d=mm&r=g\",\"caption\":\"Sonia\"},\"url\":\"https:\/\/www.asajacyl.com\/salamanca\/author\/juanluisde\"}]}<\/script>\n<!-- \/ Yoast SEO plugin. -->","yoast_head_json":{"title":"\u00c9xito rotundo de la semana de movilizaciones agrarias en Salamanca contra el acuerdo con Mercosur y en defensa del sector primario en Salamanca, - ASAJA Salamanca","description":"Salamanca, 2 de febrero de 2026| ASAJA Salamanca en unidad de acci\u00f3n con UPA, COAG y UCCL, hace una valoraci\u00f3n muy positiva de la semana de movilizaciones","robots":{"index":"index","follow":"follow","max-snippet":"max-snippet:-1","max-image-preview":"max-image-preview:large","max-video-preview":"max-video-preview:-1"},"canonical":"https:\/\/www.asajacyl.com\/salamanca\/asaja-salamanca-informa\/notas-de-prensa\/exito-rotundo-de-la-semana-de-movilizaciones-agrarias-en-salamanca-contra-el-acuerdo-con-mercosur-y-en-defensa-del-sector-primariosalamanca","og_locale":"es_ES","og_type":"article","og_title":"\u00c9xito rotundo de la semana de movilizaciones agrarias en Salamanca contra el acuerdo con Mercosur y en defensa del sector primario en Salamanca, - ASAJA Salamanca","og_description":"Salamanca, 2 de febrero de 2026| ASAJA Salamanca en unidad de acci\u00f3n con UPA, COAG y UCCL, hace una valoraci\u00f3n muy positiva de la semana de movilizaciones","og_url":"https:\/\/www.asajacyl.com\/salamanca\/asaja-salamanca-informa\/notas-de-prensa\/exito-rotundo-de-la-semana-de-movilizaciones-agrarias-en-salamanca-contra-el-acuerdo-con-mercosur-y-en-defensa-del-sector-primariosalamanca","og_site_name":"ASAJA Salamanca","article_published_time":"2026-02-17T09:10:57+00:00","article_modified_time":"2026-02-23T08:32:23+00:00","og_image":[{"width":1190,"height":734,"url":"https:\/\/www.asajacyl.com\/salamanca\/wp-content\/uploads\/sites\/7\/2026\/02\/TRACTORES_260202135429-1.jpg","type":"image\/jpeg"}],"author":"Sonia","twitter_card":"summary_large_image","twitter_misc":{"Escrito por":"Sonia","Tiempo de lectura":"5 minutos"},"schema":{"@context":"https:\/\/schema.org","@graph":[{"@type":"WebPage","@id":"https:\/\/www.asajacyl.com\/salamanca\/asaja-salamanca-informa\/notas-de-prensa\/exito-rotundo-de-la-semana-de-movilizaciones-agrarias-en-salamanca-contra-el-acuerdo-con-mercosur-y-en-defensa-del-sector-primariosalamanca","url":"https:\/\/www.asajacyl.com\/salamanca\/asaja-salamanca-informa\/notas-de-prensa\/exito-rotundo-de-la-semana-de-movilizaciones-agrarias-en-salamanca-contra-el-acuerdo-con-mercosur-y-en-defensa-del-sector-primariosalamanca","name":"\u00c9xito rotundo de la semana de movilizaciones agrarias en Salamanca contra el acuerdo con Mercosur y en defensa del sector primario en Salamanca, - ASAJA Salamanca","isPartOf":{"@id":"https:\/\/www.asajacyl.com\/salamanca\/#website"},"primaryImageOfPage":{"@id":"https:\/\/www.asajacyl.com\/salamanca\/asaja-salamanca-informa\/notas-de-prensa\/exito-rotundo-de-la-semana-de-movilizaciones-agrarias-en-salamanca-contra-el-acuerdo-con-mercosur-y-en-defensa-del-sector-primariosalamanca#primaryimage"},"image":{"@id":"https:\/\/www.asajacyl.com\/salamanca\/asaja-salamanca-informa\/notas-de-prensa\/exito-rotundo-de-la-semana-de-movilizaciones-agrarias-en-salamanca-contra-el-acuerdo-con-mercosur-y-en-defensa-del-sector-primariosalamanca#primaryimage"},"thumbnailUrl":"https:\/\/www.asajacyl.com\/salamanca\/wp-content\/uploads\/sites\/7\/2026\/02\/TRACTORES_260202135429-1.jpg","datePublished":"2026-02-17T09:10:57+00:00","dateModified":"2026-02-23T08:32:23+00:00","author":{"@id":"https:\/\/www.asajacyl.com\/salamanca\/#\/schema\/person\/2bfc7da09988e1087e6291fafe99b67f"},"description":"Salamanca, 2 de febrero de 2026| ASAJA Salamanca en unidad de acci\u00f3n con UPA, COAG y UCCL, hace una valoraci\u00f3n muy positiva de la semana de movilizaciones","breadcrumb":{"@id":"https:\/\/www.asajacyl.com\/salamanca\/asaja-salamanca-informa\/notas-de-prensa\/exito-rotundo-de-la-semana-de-movilizaciones-agrarias-en-salamanca-contra-el-acuerdo-con-mercosur-y-en-defensa-del-sector-primariosalamanca#breadcrumb"},"inLanguage":"es","potentialAction":[{"@type":"ReadAction","target":["https:\/\/www.asajacyl.com\/salamanca\/asaja-salamanca-informa\/notas-de-prensa\/exito-rotundo-de-la-semana-de-movilizaciones-agrarias-en-salamanca-contra-el-acuerdo-con-mercosur-y-en-defensa-del-sector-primariosalamanca"]}]},{"@type":"ImageObject","inLanguage":"es","@id":"https:\/\/www.asajacyl.com\/salamanca\/asaja-salamanca-informa\/notas-de-prensa\/exito-rotundo-de-la-semana-de-movilizaciones-agrarias-en-salamanca-contra-el-acuerdo-con-mercosur-y-en-defensa-del-sector-primariosalamanca#primaryimage","url":"https:\/\/www.asajacyl.com\/salamanca\/wp-content\/uploads\/sites\/7\/2026\/02\/TRACTORES_260202135429-1.jpg","contentUrl":"https:\/\/www.asajacyl.com\/salamanca\/wp-content\/uploads\/sites\/7\/2026\/02\/TRACTORES_260202135429-1.jpg","width":1190,"height":734},{"@type":"BreadcrumbList","@id":"https:\/\/www.asajacyl.com\/salamanca\/asaja-salamanca-informa\/notas-de-prensa\/exito-rotundo-de-la-semana-de-movilizaciones-agrarias-en-salamanca-contra-el-acuerdo-con-mercosur-y-en-defensa-del-sector-primariosalamanca#breadcrumb","itemListElement":[{"@type":"ListItem","position":1,"name":"Portada","item":"https:\/\/www.asajacyl.com\/salamanca\/"},{"@type":"ListItem","position":2,"name":"\u00c9xito rotundo de la semana de movilizaciones agrarias en Salamanca contra el acuerdo con Mercosur y en defensa del sector primario en Salamanca,"}]},{"@type":"WebSite","@id":"https:\/\/www.asajacyl.com\/salamanca\/#website","url":"https:\/\/www.asajacyl.com\/salamanca\/","name":"ASAJA Salamanca","description":"Otro sitio m\u00e1s de Provincias ASAJA Castilla y Le\u00f3n","potentialAction":[{"@type":"SearchAction","target":{"@type":"EntryPoint","urlTemplate":"https:\/\/www.asajacyl.com\/salamanca\/?s={search_term_string}"},"query-input":{"@type":"PropertyValueSpecification","valueRequired":true,"valueName":"search_term_string"}}],"inLanguage":"es"},{"@type":"Person","@id":"https:\/\/www.asajacyl.com\/salamanca\/#\/schema\/person\/2bfc7da09988e1087e6291fafe99b67f","name":"Sonia","image":{"@type":"ImageObject","inLanguage":"es","@id":"https:\/\/www.asajacyl.com\/salamanca\/#\/schema\/person\/image\/","url":"https:\/\/secure.gravatar.com\/avatar\/6b0d6eb461a1e3687cc023d59022ef0d?s=96&d=mm&r=g","contentUrl":"https:\/\/secure.gravatar.com\/avatar\/6b0d6eb461a1e3687cc023d59022ef0d?s=96&d=mm&r=g","caption":"Sonia"},"url":"https:\/\/www.asajacyl.com\/salamanca\/author\/juanluisde"}]}},"_links":{"self":[{"href":"https:\/\/www.asajacyl.com\/salamanca\/wp-json\/wp\/v2\/posts\/20173"}],"collection":[{"href":"https:\/\/www.asajacyl.com\/salamanca\/wp-json\/wp\/v2\/posts"}],"about":[{"href":"https:\/\/www.asajacyl.com\/salamanca\/wp-json\/wp\/v2\/types\/post"}],"author":[{"embeddable":true,"href":"https:\/\/www.asajacyl.com\/salamanca\/wp-json\/wp\/v2\/users\/10"}],"replies":[{"embeddable":true,"href":"https:\/\/www.asajacyl.com\/salamanca\/wp-json\/wp\/v2\/comments?post=20173"}],"version-history":[{"count":2,"href":"https:\/\/www.asajacyl.com\/salamanca\/wp-json\/wp\/v2\/posts\/20173\/revisions"}],"predecessor-version":[{"id":20204,"href":"https:\/\/www.asajacyl.com\/salamanca\/wp-json\/wp\/v2\/posts\/20173\/revisions\/20204"}],"wp:featuredmedia":[{"embeddable":true,"href":"https:\/\/www.asajacyl.com\/salamanca\/wp-json\/wp\/v2\/media\/20176"}],"wp:attachment":[{"href":"https:\/\/www.asajacyl.com\/salamanca\/wp-json\/wp\/v2\/media?parent=20173"}],"wp:term":[{"taxonomy":"category","embeddable":true,"href":"https:\/\/www.asajacyl.com\/salamanca\/wp-json\/wp\/v2\/categories?post=20173"},{"taxonomy":"post_tag","embeddable":true,"href":"https:\/\/www.asajacyl.com\/salamanca\/wp-json\/wp\/v2\/tags?post=20173"}],"curies":[{"name":"wp","href":"https:\/\/api.w.org\/{rel}","templated":true}]}}